{"id":23503,"date":"2019-09-10T09:54:16","date_gmt":"2019-09-10T07:54:16","guid":{"rendered":"https:\/\/www.garciafaura.com\/garcia-faura-aprovecha-el-impulso-de-la-construccion-de-vivienda-publica\/"},"modified":"2019-09-10T09:56:23","modified_gmt":"2019-09-10T07:56:23","slug":"garcia-faura-aprovecha-el-impulso-de-la-construccion-de-vivienda-publica","status":"publish","type":"post","link":"https:\/\/www.garciafaura.com\/fr\/garcia-faura-aprovecha-el-impulso-de-la-construccion-de-vivienda-publica\/","title":{"rendered":"GARCIA FAURA profite de la dynamique de la construction de logements sociaux"},"content":{"rendered":"<p style=\"text-align: justify;\">La construction de logements prot\u00e9g\u00e9s commence \u00e0 se r\u00e9veiller. Les conseils municipaux, les consortiums municipaux et le gouvernement de la Catalogne dirigent la construction de ces types d&rsquo;h\u00e9bergement, selon l&rsquo;agence de logement de la Catalogne. Ainsi, en 2018, 667 logements sociaux ont \u00e9t\u00e9 construits, tous dans la d\u00e9marcation de Barcelone.<\/p>\n<p style=\"text-align: justify;\">Le chiffre, bien que loin des 10 000 logements construits en 2008 avant l\u2019impact de la crise \u00e9conomique, commence \u00e0 peser sur l\u2019activit\u00e9 de <strong>GARCIA FAURA<\/strong>. En fait, la soci\u00e9t\u00e9 participe \u00e0 certaines promotions publiques, notamment dans la ville de Barcelone.<\/p>\n<p style=\"text-align: justify;\">En effet, dans la capitale catalane, la construction de logements sociaux atteint des chiffres sans pr\u00e9c\u00e9dent. Actuellement, la mairie de Barcelone a lanc\u00e9 66 projets qui ajouteront un total de 4 547 m\u00e9nages. L\u2019objectif est de faire passer le parc de logements sociaux de Barcelone \u00e0 13 000 en 2022.<\/p>\n<p style=\"text-align: justify;\">Dans les projets auxquels <strong>GARCIA FAURA<\/strong> participe, les promotions en cours \u00e0 Sant Andreu et dans les rues Comte Borrell et Sancho de \u00c1vila et la maison virtuelle de Fort Pienc, ainsi que les maisons promues par le Institut M\u00e9tropolitain de Promotion Immobili\u00e8re et de Gestion Patrimoniale (IMPSOL) \u00e0 Sant Boi de Llobregat.<\/p>\n","protected":false},"excerpt":{"rendered":"<p>La construction de logements prot\u00e9g\u00e9s commence \u00e0 se r\u00e9veiller. Les conseils municipaux, les consortiums municipaux et le gouvernement de la Catalogne dirigent la construction de ces types d&rsquo;h\u00e9bergement, selon l&rsquo;agence de logement de la Catalogne. Ainsi, en 2018, 667 logements&hellip;<\/p>\n","protected":false},"author":3,"featured_media":23305,"comment_status":"closed","ping_status":"open","sticky":false,"template":"","format":"gallery","meta":{"footnotes":""},"categories":[2],"tags":[],"post_series":[],"class_list":["post-23503","post","type-post","status-publish","format-gallery","has-post-thumbnail","hentry","category-actualite","post_format-post-format-gallery","entry","has-media"],"yoast_head":"<!-- This site is optimized with the Yoast SEO plugin v26.7 - https:\/\/yoast.com\/wordpress\/plugins\/seo\/ -->\n<title>GARCIA FAURA profite de la dynamique de la construction de logements sociaux - GARCIA FAURA<\/title>\n<meta name=\"description\" content=\"Arquitectura en Alumini, Inox, Ferro i Vidre\" \/>\n<meta name=\"robots\" content=\"index, follow, max-snippet:-1, max-image-preview:large, max-video-preview:-1\" \/>\n<link rel=\"canonical\" href=\"https:\/\/www.garciafaura.com\/fr\/garcia-faura-aprovecha-el-impulso-de-la-construccion-de-vivienda-publica\/\" \/>\n<meta property=\"og:locale\" content=\"fr_FR\" \/>\n<meta property=\"og:type\" content=\"article\" \/>\n<meta property=\"og:title\" content=\"GARCIA FAURA profite de la dynamique de la construction de logements sociaux - GARCIA FAURA\" \/>\n<meta property=\"og:description\" content=\"Arquitectura en Alumini, Inox, Ferro i Vidre\" \/>\n<meta property=\"og:url\" content=\"https:\/\/www.garciafaura.com\/fr\/garcia-faura-aprovecha-el-impulso-de-la-construccion-de-vivienda-publica\/\" \/>\n<meta property=\"og:site_name\" content=\"GARCIA FAURA\" \/>\n<meta property=\"article:published_time\" content=\"2019-09-10T07:54:16+00:00\" \/>\n<meta property=\"article:modified_time\" content=\"2019-09-10T07:56:23+00:00\" \/>\n<meta property=\"og:image\" content=\"https:\/\/www.garciafaura.com\/wp-content\/uploads\/2019\/04\/Promocio-Sancho-Avila-02.jpg\" \/>\n\t<meta property=\"og:image:width\" content=\"1200\" \/>\n\t<meta property=\"og:image:height\" content=\"628\" \/>\n\t<meta property=\"og:image:type\" content=\"image\/jpeg\" \/>\n<meta name=\"author\" content=\"David Achell\" \/>\n<meta name=\"twitter:card\" content=\"summary_large_image\" \/>\n<meta name=\"twitter:label1\" content=\"\u00c9crit par\" \/>\n\t<meta name=\"twitter:data1\" content=\"David Achell\" \/>\n\t<meta name=\"twitter:label2\" content=\"Dur\u00e9e de lecture estim\u00e9e\" \/>\n\t<meta name=\"twitter:data2\" content=\"1 minute\" \/>\n<script type=\"application\/ld+json\" class=\"yoast-schema-graph\">{\"@context\":\"https:\/\/schema.org\",\"@graph\":[{\"@type\":\"Article\",\"@id\":\"https:\/\/www.garciafaura.com\/fr\/garcia-faura-aprovecha-el-impulso-de-la-construccion-de-vivienda-publica\/#article\",\"isPartOf\":{\"@id\":\"https:\/\/www.garciafaura.com\/fr\/garcia-faura-aprovecha-el-impulso-de-la-construccion-de-vivienda-publica\/\"},\"author\":{\"name\":\"David Achell\",\"@id\":\"https:\/\/www.garciafaura.com\/fr\/#\/schema\/person\/b4b75e69b33fac3446071909bec106b0\"},\"headline\":\"GARCIA FAURA profite de la dynamique de la construction de logements sociaux\",\"datePublished\":\"2019-09-10T07:54:16+00:00\",\"dateModified\":\"2019-09-10T07:56:23+00:00\",\"mainEntityOfPage\":{\"@id\":\"https:\/\/www.garciafaura.com\/fr\/garcia-faura-aprovecha-el-impulso-de-la-construccion-de-vivienda-publica\/\"},\"wordCount\":205,\"publisher\":{\"@id\":\"https:\/\/www.garciafaura.com\/fr\/#organization\"},\"image\":{\"@id\":\"https:\/\/www.garciafaura.com\/fr\/garcia-faura-aprovecha-el-impulso-de-la-construccion-de-vivienda-publica\/#primaryimage\"},\"thumbnailUrl\":\"https:\/\/www.garciafaura.com\/wp-content\/uploads\/2019\/04\/Promocio-Sancho-Avila-02.jpg\",\"articleSection\":[\"Actualit\u00e9\"],\"inLanguage\":\"fr-FR\"},{\"@type\":\"WebPage\",\"@id\":\"https:\/\/www.garciafaura.com\/fr\/garcia-faura-aprovecha-el-impulso-de-la-construccion-de-vivienda-publica\/\",\"url\":\"https:\/\/www.garciafaura.com\/fr\/garcia-faura-aprovecha-el-impulso-de-la-construccion-de-vivienda-publica\/\",\"name\":\"GARCIA FAURA profite de la dynamique de la construction de logements sociaux - GARCIA FAURA\",\"isPartOf\":{\"@id\":\"https:\/\/www.garciafaura.com\/fr\/#website\"},\"primaryImageOfPage\":{\"@id\":\"https:\/\/www.garciafaura.com\/fr\/garcia-faura-aprovecha-el-impulso-de-la-construccion-de-vivienda-publica\/#primaryimage\"},\"image\":{\"@id\":\"https:\/\/www.garciafaura.com\/fr\/garcia-faura-aprovecha-el-impulso-de-la-construccion-de-vivienda-publica\/#primaryimage\"},\"thumbnailUrl\":\"https:\/\/www.garciafaura.com\/wp-content\/uploads\/2019\/04\/Promocio-Sancho-Avila-02.jpg\",\"datePublished\":\"2019-09-10T07:54:16+00:00\",\"dateModified\":\"2019-09-10T07:56:23+00:00\",\"description\":\"Arquitectura en Alumini, Inox, Ferro i Vidre\",\"breadcrumb\":{\"@id\":\"https:\/\/www.garciafaura.com\/fr\/garcia-faura-aprovecha-el-impulso-de-la-construccion-de-vivienda-publica\/#breadcrumb\"},\"inLanguage\":\"fr-FR\",\"potentialAction\":[{\"@type\":\"ReadAction\",\"target\":[\"https:\/\/www.garciafaura.com\/fr\/garcia-faura-aprovecha-el-impulso-de-la-construccion-de-vivienda-publica\/\"]}]},{\"@type\":\"ImageObject\",\"inLanguage\":\"fr-FR\",\"@id\":\"https:\/\/www.garciafaura.com\/fr\/garcia-faura-aprovecha-el-impulso-de-la-construccion-de-vivienda-publica\/#primaryimage\",\"url\":\"https:\/\/www.garciafaura.com\/wp-content\/uploads\/2019\/04\/Promocio-Sancho-Avila-02.jpg\",\"contentUrl\":\"https:\/\/www.garciafaura.com\/wp-content\/uploads\/2019\/04\/Promocio-Sancho-Avila-02.jpg\",\"width\":1200,\"height\":628,\"caption\":\"Travaux pour promotion de logement social \u00e0 Barcelone\"},{\"@type\":\"BreadcrumbList\",\"@id\":\"https:\/\/www.garciafaura.com\/fr\/garcia-faura-aprovecha-el-impulso-de-la-construccion-de-vivienda-publica\/#breadcrumb\",\"itemListElement\":[{\"@type\":\"ListItem\",\"position\":1,\"name\":\"Inici\",\"item\":\"https:\/\/www.garciafaura.com\/fr\/\"},{\"@type\":\"ListItem\",\"position\":2,\"name\":\"GARCIA FAURA profite de la dynamique de la construction de logements sociaux\"}]},{\"@type\":\"WebSite\",\"@id\":\"https:\/\/www.garciafaura.com\/fr\/#website\",\"url\":\"https:\/\/www.garciafaura.com\/fr\/\",\"name\":\"GARCIA FAURA\",\"description\":\"Arquitectura en Alumini, Inox, Ferro i Vidre\",\"publisher\":{\"@id\":\"https:\/\/www.garciafaura.com\/fr\/#organization\"},\"potentialAction\":[{\"@type\":\"SearchAction\",\"target\":{\"@type\":\"EntryPoint\",\"urlTemplate\":\"https:\/\/www.garciafaura.com\/fr\/?s={search_term_string}\"},\"query-input\":{\"@type\":\"PropertyValueSpecification\",\"valueRequired\":true,\"valueName\":\"search_term_string\"}}],\"inLanguage\":\"fr-FR\"},{\"@type\":\"Organization\",\"@id\":\"https:\/\/www.garciafaura.com\/fr\/#organization\",\"name\":\"GARCIA FAURA\",\"url\":\"https:\/\/www.garciafaura.com\/fr\/\",\"logo\":{\"@type\":\"ImageObject\",\"inLanguage\":\"fr-FR\",\"@id\":\"https:\/\/www.garciafaura.com\/fr\/#\/schema\/logo\/image\/\",\"url\":\"https:\/\/www.garciafaura.com\/wp-content\/uploads\/2018\/09\/Garcia-Faura.png\",\"contentUrl\":\"https:\/\/www.garciafaura.com\/wp-content\/uploads\/2018\/09\/Garcia-Faura.png\",\"width\":512,\"height\":512,\"caption\":\"GARCIA FAURA\"},\"image\":{\"@id\":\"https:\/\/www.garciafaura.com\/fr\/#\/schema\/logo\/image\/\"},\"sameAs\":[\"https:\/\/www.youtube.com\/user\/GARCIAFAURA\"]},{\"@type\":\"Person\",\"@id\":\"https:\/\/www.garciafaura.com\/fr\/#\/schema\/person\/b4b75e69b33fac3446071909bec106b0\",\"name\":\"David Achell\",\"image\":{\"@type\":\"ImageObject\",\"inLanguage\":\"fr-FR\",\"@id\":\"https:\/\/www.garciafaura.com\/fr\/#\/schema\/person\/image\/\",\"url\":\"https:\/\/secure.gravatar.com\/avatar\/03900210afc1f61bce737bcb4a79c02e2c997f171e3eca839b5a4cbe03846c90?s=96&d=blank&r=g\",\"contentUrl\":\"https:\/\/secure.gravatar.com\/avatar\/03900210afc1f61bce737bcb4a79c02e2c997f171e3eca839b5a4cbe03846c90?s=96&d=blank&r=g\",\"caption\":\"David Achell\"}}]}<\/script>\n<!-- \/ Yoast SEO plugin. -->","yoast_head_json":{"title":"GARCIA FAURA profite de la dynamique de la construction de logements sociaux - GARCIA FAURA","description":"Arquitectura en Alumini, Inox, Ferro i Vidre","robots":{"index":"index","follow":"follow","max-snippet":"max-snippet:-1","max-image-preview":"max-image-preview:large","max-video-preview":"max-video-preview:-1"},"canonical":"https:\/\/www.garciafaura.com\/fr\/garcia-faura-aprovecha-el-impulso-de-la-construccion-de-vivienda-publica\/","og_locale":"fr_FR","og_type":"article","og_title":"GARCIA FAURA profite de la dynamique de la construction de logements sociaux - GARCIA FAURA","og_description":"Arquitectura en Alumini, Inox, Ferro i Vidre","og_url":"https:\/\/www.garciafaura.com\/fr\/garcia-faura-aprovecha-el-impulso-de-la-construccion-de-vivienda-publica\/","og_site_name":"GARCIA FAURA","article_published_time":"2019-09-10T07:54:16+00:00","article_modified_time":"2019-09-10T07:56:23+00:00","og_image":[{"width":1200,"height":628,"url":"https:\/\/www.garciafaura.com\/wp-content\/uploads\/2019\/04\/Promocio-Sancho-Avila-02.jpg","type":"image\/jpeg"}],"author":"David Achell","twitter_card":"summary_large_image","twitter_misc":{"\u00c9crit par":"David Achell","Dur\u00e9e de lecture estim\u00e9e":"1 minute"},"schema":{"@context":"https:\/\/schema.org","@graph":[{"@type":"Article","@id":"https:\/\/www.garciafaura.com\/fr\/garcia-faura-aprovecha-el-impulso-de-la-construccion-de-vivienda-publica\/#article","isPartOf":{"@id":"https:\/\/www.garciafaura.com\/fr\/garcia-faura-aprovecha-el-impulso-de-la-construccion-de-vivienda-publica\/"},"author":{"name":"David Achell","@id":"https:\/\/www.garciafaura.com\/fr\/#\/schema\/person\/b4b75e69b33fac3446071909bec106b0"},"headline":"GARCIA FAURA profite de la dynamique de la construction de logements sociaux","datePublished":"2019-09-10T07:54:16+00:00","dateModified":"2019-09-10T07:56:23+00:00","mainEntityOfPage":{"@id":"https:\/\/www.garciafaura.com\/fr\/garcia-faura-aprovecha-el-impulso-de-la-construccion-de-vivienda-publica\/"},"wordCount":205,"publisher":{"@id":"https:\/\/www.garciafaura.com\/fr\/#organization"},"image":{"@id":"https:\/\/www.garciafaura.com\/fr\/garcia-faura-aprovecha-el-impulso-de-la-construccion-de-vivienda-publica\/#primaryimage"},"thumbnailUrl":"https:\/\/www.garciafaura.com\/wp-content\/uploads\/2019\/04\/Promocio-Sancho-Avila-02.jpg","articleSection":["Actualit\u00e9"],"inLanguage":"fr-FR"},{"@type":"WebPage","@id":"https:\/\/www.garciafaura.com\/fr\/garcia-faura-aprovecha-el-impulso-de-la-construccion-de-vivienda-publica\/","url":"https:\/\/www.garciafaura.com\/fr\/garcia-faura-aprovecha-el-impulso-de-la-construccion-de-vivienda-publica\/","name":"GARCIA FAURA profite de la dynamique de la construction de logements sociaux - GARCIA FAURA","isPartOf":{"@id":"https:\/\/www.garciafaura.com\/fr\/#website"},"primaryImageOfPage":{"@id":"https:\/\/www.garciafaura.com\/fr\/garcia-faura-aprovecha-el-impulso-de-la-construccion-de-vivienda-publica\/#primaryimage"},"image":{"@id":"https:\/\/www.garciafaura.com\/fr\/garcia-faura-aprovecha-el-impulso-de-la-construccion-de-vivienda-publica\/#primaryimage"},"thumbnailUrl":"https:\/\/www.garciafaura.com\/wp-content\/uploads\/2019\/04\/Promocio-Sancho-Avila-02.jpg","datePublished":"2019-09-10T07:54:16+00:00","dateModified":"2019-09-10T07:56:23+00:00","description":"Arquitectura en Alumini, Inox, Ferro i Vidre","breadcrumb":{"@id":"https:\/\/www.garciafaura.com\/fr\/garcia-faura-aprovecha-el-impulso-de-la-construccion-de-vivienda-publica\/#breadcrumb"},"inLanguage":"fr-FR","potentialAction":[{"@type":"ReadAction","target":["https:\/\/www.garciafaura.com\/fr\/garcia-faura-aprovecha-el-impulso-de-la-construccion-de-vivienda-publica\/"]}]},{"@type":"ImageObject","inLanguage":"fr-FR","@id":"https:\/\/www.garciafaura.com\/fr\/garcia-faura-aprovecha-el-impulso-de-la-construccion-de-vivienda-publica\/#primaryimage","url":"https:\/\/www.garciafaura.com\/wp-content\/uploads\/2019\/04\/Promocio-Sancho-Avila-02.jpg","contentUrl":"https:\/\/www.garciafaura.com\/wp-content\/uploads\/2019\/04\/Promocio-Sancho-Avila-02.jpg","width":1200,"height":628,"caption":"Travaux pour promotion de logement social \u00e0 Barcelone"},{"@type":"BreadcrumbList","@id":"https:\/\/www.garciafaura.com\/fr\/garcia-faura-aprovecha-el-impulso-de-la-construccion-de-vivienda-publica\/#breadcrumb","itemListElement":[{"@type":"ListItem","position":1,"name":"Inici","item":"https:\/\/www.garciafaura.com\/fr\/"},{"@type":"ListItem","position":2,"name":"GARCIA FAURA profite de la dynamique de la construction de logements sociaux"}]},{"@type":"WebSite","@id":"https:\/\/www.garciafaura.com\/fr\/#website","url":"https:\/\/www.garciafaura.com\/fr\/","name":"GARCIA FAURA","description":"Arquitectura en Alumini, Inox, Ferro i Vidre","publisher":{"@id":"https:\/\/www.garciafaura.com\/fr\/#organization"},"potentialAction":[{"@type":"SearchAction","target":{"@type":"EntryPoint","urlTemplate":"https:\/\/www.garciafaura.com\/fr\/?s={search_term_string}"},"query-input":{"@type":"PropertyValueSpecification","valueRequired":true,"valueName":"search_term_string"}}],"inLanguage":"fr-FR"},{"@type":"Organization","@id":"https:\/\/www.garciafaura.com\/fr\/#organization","name":"GARCIA FAURA","url":"https:\/\/www.garciafaura.com\/fr\/","logo":{"@type":"ImageObject","inLanguage":"fr-FR","@id":"https:\/\/www.garciafaura.com\/fr\/#\/schema\/logo\/image\/","url":"https:\/\/www.garciafaura.com\/wp-content\/uploads\/2018\/09\/Garcia-Faura.png","contentUrl":"https:\/\/www.garciafaura.com\/wp-content\/uploads\/2018\/09\/Garcia-Faura.png","width":512,"height":512,"caption":"GARCIA FAURA"},"image":{"@id":"https:\/\/www.garciafaura.com\/fr\/#\/schema\/logo\/image\/"},"sameAs":["https:\/\/www.youtube.com\/user\/GARCIAFAURA"]},{"@type":"Person","@id":"https:\/\/www.garciafaura.com\/fr\/#\/schema\/person\/b4b75e69b33fac3446071909bec106b0","name":"David Achell","image":{"@type":"ImageObject","inLanguage":"fr-FR","@id":"https:\/\/www.garciafaura.com\/fr\/#\/schema\/person\/image\/","url":"https:\/\/secure.gravatar.com\/avatar\/03900210afc1f61bce737bcb4a79c02e2c997f171e3eca839b5a4cbe03846c90?s=96&d=blank&r=g","contentUrl":"https:\/\/secure.gravatar.com\/avatar\/03900210afc1f61bce737bcb4a79c02e2c997f171e3eca839b5a4cbe03846c90?s=96&d=blank&r=g","caption":"David Achell"}}]}},"_links":{"self":[{"href":"https:\/\/www.garciafaura.com\/fr\/wp-json\/wp\/v2\/posts\/23503","targetHints":{"allow":["GET"]}}],"collection":[{"href":"https:\/\/www.garciafaura.com\/fr\/wp-json\/wp\/v2\/posts"}],"about":[{"href":"https:\/\/www.garciafaura.com\/fr\/wp-json\/wp\/v2\/types\/post"}],"author":[{"embeddable":true,"href":"https:\/\/www.garciafaura.com\/fr\/wp-json\/wp\/v2\/users\/3"}],"replies":[{"embeddable":true,"href":"https:\/\/www.garciafaura.com\/fr\/wp-json\/wp\/v2\/comments?post=23503"}],"version-history":[{"count":2,"href":"https:\/\/www.garciafaura.com\/fr\/wp-json\/wp\/v2\/posts\/23503\/revisions"}],"predecessor-version":[{"id":23505,"href":"https:\/\/www.garciafaura.com\/fr\/wp-json\/wp\/v2\/posts\/23503\/revisions\/23505"}],"wp:featuredmedia":[{"embeddable":true,"href":"https:\/\/www.garciafaura.com\/fr\/wp-json\/wp\/v2\/media\/23305"}],"wp:attachment":[{"href":"https:\/\/www.garciafaura.com\/fr\/wp-json\/wp\/v2\/media?parent=23503"}],"wp:term":[{"taxonomy":"category","embeddable":true,"href":"https:\/\/www.garciafaura.com\/fr\/wp-json\/wp\/v2\/categories?post=23503"},{"taxonomy":"post_tag","embeddable":true,"href":"https:\/\/www.garciafaura.com\/fr\/wp-json\/wp\/v2\/tags?post=23503"},{"taxonomy":"post_series","embeddable":true,"href":"https:\/\/www.garciafaura.com\/fr\/wp-json\/wp\/v2\/post_series?post=23503"}],"curies":[{"name":"wp","href":"https:\/\/api.w.org\/{rel}","templated":true}]}}