{"id":22665,"date":"2019-07-23T12:00:50","date_gmt":"2019-07-23T10:00:50","guid":{"rendered":"https:\/\/www.garciafaura.com\/garcia-faura-presente-le-compte-de-resultat-2018\/"},"modified":"2019-07-23T12:25:51","modified_gmt":"2019-07-23T10:25:51","slug":"garcia-faura-presente-le-compte-de-resultat-2018","status":"publish","type":"post","link":"https:\/\/www.garciafaura.com\/fr\/garcia-faura-presente-le-compte-de-resultat-2018\/","title":{"rendered":"GARCIA FAURA pr\u00e9sente le compte de r\u00e9sultat 2018"},"content":{"rendered":"<p style=\"text-align: justify;\">La soci\u00e9t\u00e9, une r\u00e9f\u00e9rence dans le d\u00e9veloppement, la fabrication et l&rsquo;installation de fa\u00e7ades et de fermetures en aluminium, a cl\u00f4tur\u00e9 l&rsquo;ann\u00e9e derni\u00e8re avec un <strong>chiffre d&rsquo;affaires de pr\u00e8s de 30 millions d&rsquo;euros<\/strong>, le chiffre le plus \u00e9lev\u00e9 de son histoire. Au cours de l&rsquo;ann\u00e9e, plus de 400 projets ont \u00e9t\u00e9 ex\u00e9cut\u00e9s. Plus de 250 000 m\u00e8tres carr\u00e9s de murs rideaux, 11 000 modules de fa\u00e7ade et plus de 25 000 fen\u00eatres ont \u00e9t\u00e9 fabriqu\u00e9s et install\u00e9s, en utilisant plus de 500 tonnes d&rsquo;aluminium.<\/p>\n<p style=\"text-align: justify;\">Le march\u00e9 principal de <strong>GARCIA FAURA<\/strong> est encore l&rsquo;espagnol, malgr\u00e9 que le pourcentage du chiffre d\u2019affaires g\u00e9n\u00e9r\u00e9 sur les march\u00e9s \u00e9trangers sur lesquels l\u2019entreprise est pr\u00e9sente augmente, comme en France, en Colombie ou au Luxembourg. En ce sens, les pr\u00e9visions pour 2019 sont que les activit\u00e9s \u00e0 l&rsquo;\u00e9tranger repr\u00e9sentent le 40% du total.<\/p>\n<p style=\"text-align: justify;\">Conform\u00e9ment \u00e0 sa vocation de parier sur l&rsquo;innovation et le d\u00e9veloppement constant, <strong>GARCIA FAURA<\/strong> poursuit son plan d&rsquo;investissement visant la modernisation des installations, des \u00e9quipements et de la technologie. Seulement en 2018, plus de 550 000 euros ont \u00e9t\u00e9 affect\u00e9s \u00e0 l&rsquo;acquisition de nouvelles machines sp\u00e9cialis\u00e9es et cette ann\u00e9e, un nouveau plan de num\u00e9risation est mis en \u0153uvre, visant sp\u00e9cifiquement le d\u00e9veloppement de logiciels et l&rsquo;automatisation des processus.<\/p>\n<h4>Confiance en l&rsquo;avenir<\/h4>\n<p style=\"text-align: justify;\"><strong>GARCIA FAURA<\/strong> compte actuellement avec 210 employ\u00e9s au si\u00e8ge, auxquels il faut ajouter cinquante plus d&rsquo;autres de toutes ses d\u00e9l\u00e9gations. La plus r\u00e9cente a eu lieu \u00e0 Madrid, au premier semestre de 2019, afin de g\u00e9rer les projets du centre et de l&rsquo;Espagne.<\/p>\n<p style=\"text-align: justify;\">Les pr\u00e9visions pour cette ann\u00e9e indiquent un chiffre d&rsquo;affaires de 40 millions d&rsquo;euros et la r\u00e9alisation de pr\u00e8s de 500 projets sur l&rsquo;ensemble des march\u00e9s. Pour que cela soit possible, on continue de miser sur un personnel technique hautement qualifi\u00e9, avec le bureau d\u2019ing\u00e9nierie le plus complet du secteur r\u00e9pondant aux besoins du secteur de l\u2019architecture et de la construction.<\/p>\n","protected":false},"excerpt":{"rendered":"<p>La soci\u00e9t\u00e9, une r\u00e9f\u00e9rence dans le d\u00e9veloppement, la fabrication et l&rsquo;installation de fa\u00e7ades et de fermetures en aluminium, a cl\u00f4tur\u00e9 l&rsquo;ann\u00e9e derni\u00e8re avec un chiffre d&rsquo;affaires de pr\u00e8s de 30 millions d&rsquo;euros, le chiffre le plus \u00e9lev\u00e9 de son histoire.&hellip;<\/p>\n","protected":false},"author":3,"featured_media":22645,"comment_status":"closed","ping_status":"open","sticky":false,"template":"","format":"gallery","meta":{"footnotes":""},"categories":[2],"tags":[],"post_series":[],"class_list":["post-22665","post","type-post","status-publish","format-gallery","has-post-thumbnail","hentry","category-actualite","post_format-post-format-gallery","entry","has-media"],"yoast_head":"<!-- This site is optimized with the Yoast SEO plugin v26.7 - https:\/\/yoast.com\/wordpress\/plugins\/seo\/ -->\n<title>GARCIA FAURA pr\u00e9sente le compte de r\u00e9sultat 2018 - GARCIA FAURA<\/title>\n<meta name=\"description\" content=\"Arquitectura en Alumini, Inox, Ferro i Vidre\" \/>\n<meta name=\"robots\" content=\"index, follow, max-snippet:-1, max-image-preview:large, max-video-preview:-1\" \/>\n<link rel=\"canonical\" href=\"https:\/\/www.garciafaura.com\/fr\/garcia-faura-presente-le-compte-de-resultat-2018\/\" \/>\n<meta property=\"og:locale\" content=\"fr_FR\" \/>\n<meta property=\"og:type\" content=\"article\" \/>\n<meta property=\"og:title\" content=\"GARCIA FAURA pr\u00e9sente le compte de r\u00e9sultat 2018 - GARCIA FAURA\" \/>\n<meta property=\"og:description\" content=\"Arquitectura en Alumini, Inox, Ferro i Vidre\" \/>\n<meta property=\"og:url\" content=\"https:\/\/www.garciafaura.com\/fr\/garcia-faura-presente-le-compte-de-resultat-2018\/\" \/>\n<meta property=\"og:site_name\" content=\"GARCIA FAURA\" \/>\n<meta property=\"article:published_time\" content=\"2019-07-23T10:00:50+00:00\" \/>\n<meta property=\"article:modified_time\" content=\"2019-07-23T10:25:51+00:00\" \/>\n<meta property=\"og:image\" content=\"https:\/\/www.garciafaura.com\/wp-content\/uploads\/2019\/07\/GF-01-005-1024x622.jpg\" \/>\n\t<meta property=\"og:image:width\" content=\"1024\" \/>\n\t<meta property=\"og:image:height\" content=\"622\" \/>\n\t<meta property=\"og:image:type\" content=\"image\/jpeg\" \/>\n<meta name=\"author\" content=\"David Achell\" \/>\n<meta name=\"twitter:card\" content=\"summary_large_image\" \/>\n<meta name=\"twitter:label1\" content=\"\u00c9crit par\" \/>\n\t<meta name=\"twitter:data1\" content=\"David Achell\" \/>\n\t<meta name=\"twitter:label2\" content=\"Dur\u00e9e de lecture estim\u00e9e\" \/>\n\t<meta name=\"twitter:data2\" content=\"2 minutes\" \/>\n<script type=\"application\/ld+json\" class=\"yoast-schema-graph\">{\"@context\":\"https:\/\/schema.org\",\"@graph\":[{\"@type\":\"Article\",\"@id\":\"https:\/\/www.garciafaura.com\/fr\/garcia-faura-presente-le-compte-de-resultat-2018\/#article\",\"isPartOf\":{\"@id\":\"https:\/\/www.garciafaura.com\/fr\/garcia-faura-presente-le-compte-de-resultat-2018\/\"},\"author\":{\"name\":\"David Achell\",\"@id\":\"https:\/\/www.garciafaura.com\/fr\/#\/schema\/person\/b4b75e69b33fac3446071909bec106b0\"},\"headline\":\"GARCIA FAURA pr\u00e9sente le compte de r\u00e9sultat 2018\",\"datePublished\":\"2019-07-23T10:00:50+00:00\",\"dateModified\":\"2019-07-23T10:25:51+00:00\",\"mainEntityOfPage\":{\"@id\":\"https:\/\/www.garciafaura.com\/fr\/garcia-faura-presente-le-compte-de-resultat-2018\/\"},\"wordCount\":366,\"publisher\":{\"@id\":\"https:\/\/www.garciafaura.com\/fr\/#organization\"},\"image\":{\"@id\":\"https:\/\/www.garciafaura.com\/fr\/garcia-faura-presente-le-compte-de-resultat-2018\/#primaryimage\"},\"thumbnailUrl\":\"https:\/\/www.garciafaura.com\/wp-content\/uploads\/2019\/07\/GF-01-005.jpg\",\"articleSection\":[\"Actualit\u00e9\"],\"inLanguage\":\"fr-FR\"},{\"@type\":\"WebPage\",\"@id\":\"https:\/\/www.garciafaura.com\/fr\/garcia-faura-presente-le-compte-de-resultat-2018\/\",\"url\":\"https:\/\/www.garciafaura.com\/fr\/garcia-faura-presente-le-compte-de-resultat-2018\/\",\"name\":\"GARCIA FAURA pr\u00e9sente le compte de r\u00e9sultat 2018 - GARCIA FAURA\",\"isPartOf\":{\"@id\":\"https:\/\/www.garciafaura.com\/fr\/#website\"},\"primaryImageOfPage\":{\"@id\":\"https:\/\/www.garciafaura.com\/fr\/garcia-faura-presente-le-compte-de-resultat-2018\/#primaryimage\"},\"image\":{\"@id\":\"https:\/\/www.garciafaura.com\/fr\/garcia-faura-presente-le-compte-de-resultat-2018\/#primaryimage\"},\"thumbnailUrl\":\"https:\/\/www.garciafaura.com\/wp-content\/uploads\/2019\/07\/GF-01-005.jpg\",\"datePublished\":\"2019-07-23T10:00:50+00:00\",\"dateModified\":\"2019-07-23T10:25:51+00:00\",\"description\":\"Arquitectura en Alumini, Inox, Ferro i Vidre\",\"breadcrumb\":{\"@id\":\"https:\/\/www.garciafaura.com\/fr\/garcia-faura-presente-le-compte-de-resultat-2018\/#breadcrumb\"},\"inLanguage\":\"fr-FR\",\"potentialAction\":[{\"@type\":\"ReadAction\",\"target\":[\"https:\/\/www.garciafaura.com\/fr\/garcia-faura-presente-le-compte-de-resultat-2018\/\"]}]},{\"@type\":\"ImageObject\",\"inLanguage\":\"fr-FR\",\"@id\":\"https:\/\/www.garciafaura.com\/fr\/garcia-faura-presente-le-compte-de-resultat-2018\/#primaryimage\",\"url\":\"https:\/\/www.garciafaura.com\/wp-content\/uploads\/2019\/07\/GF-01-005.jpg\",\"contentUrl\":\"https:\/\/www.garciafaura.com\/wp-content\/uploads\/2019\/07\/GF-01-005.jpg\",\"width\":3872,\"height\":2352},{\"@type\":\"BreadcrumbList\",\"@id\":\"https:\/\/www.garciafaura.com\/fr\/garcia-faura-presente-le-compte-de-resultat-2018\/#breadcrumb\",\"itemListElement\":[{\"@type\":\"ListItem\",\"position\":1,\"name\":\"Inici\",\"item\":\"https:\/\/www.garciafaura.com\/fr\/\"},{\"@type\":\"ListItem\",\"position\":2,\"name\":\"GARCIA FAURA pr\u00e9sente le compte de r\u00e9sultat 2018\"}]},{\"@type\":\"WebSite\",\"@id\":\"https:\/\/www.garciafaura.com\/fr\/#website\",\"url\":\"https:\/\/www.garciafaura.com\/fr\/\",\"name\":\"GARCIA FAURA\",\"description\":\"Arquitectura en Alumini, Inox, Ferro i Vidre\",\"publisher\":{\"@id\":\"https:\/\/www.garciafaura.com\/fr\/#organization\"},\"potentialAction\":[{\"@type\":\"SearchAction\",\"target\":{\"@type\":\"EntryPoint\",\"urlTemplate\":\"https:\/\/www.garciafaura.com\/fr\/?s={search_term_string}\"},\"query-input\":{\"@type\":\"PropertyValueSpecification\",\"valueRequired\":true,\"valueName\":\"search_term_string\"}}],\"inLanguage\":\"fr-FR\"},{\"@type\":\"Organization\",\"@id\":\"https:\/\/www.garciafaura.com\/fr\/#organization\",\"name\":\"GARCIA FAURA\",\"url\":\"https:\/\/www.garciafaura.com\/fr\/\",\"logo\":{\"@type\":\"ImageObject\",\"inLanguage\":\"fr-FR\",\"@id\":\"https:\/\/www.garciafaura.com\/fr\/#\/schema\/logo\/image\/\",\"url\":\"https:\/\/www.garciafaura.com\/wp-content\/uploads\/2018\/09\/Garcia-Faura.png\",\"contentUrl\":\"https:\/\/www.garciafaura.com\/wp-content\/uploads\/2018\/09\/Garcia-Faura.png\",\"width\":512,\"height\":512,\"caption\":\"GARCIA FAURA\"},\"image\":{\"@id\":\"https:\/\/www.garciafaura.com\/fr\/#\/schema\/logo\/image\/\"},\"sameAs\":[\"https:\/\/www.youtube.com\/user\/GARCIAFAURA\"]},{\"@type\":\"Person\",\"@id\":\"https:\/\/www.garciafaura.com\/fr\/#\/schema\/person\/b4b75e69b33fac3446071909bec106b0\",\"name\":\"David Achell\",\"image\":{\"@type\":\"ImageObject\",\"inLanguage\":\"fr-FR\",\"@id\":\"https:\/\/www.garciafaura.com\/fr\/#\/schema\/person\/image\/\",\"url\":\"https:\/\/secure.gravatar.com\/avatar\/03900210afc1f61bce737bcb4a79c02e2c997f171e3eca839b5a4cbe03846c90?s=96&d=blank&r=g\",\"contentUrl\":\"https:\/\/secure.gravatar.com\/avatar\/03900210afc1f61bce737bcb4a79c02e2c997f171e3eca839b5a4cbe03846c90?s=96&d=blank&r=g\",\"caption\":\"David Achell\"}}]}<\/script>\n<!-- \/ Yoast SEO plugin. -->","yoast_head_json":{"title":"GARCIA FAURA pr\u00e9sente le compte de r\u00e9sultat 2018 - GARCIA FAURA","description":"Arquitectura en Alumini, Inox, Ferro i Vidre","robots":{"index":"index","follow":"follow","max-snippet":"max-snippet:-1","max-image-preview":"max-image-preview:large","max-video-preview":"max-video-preview:-1"},"canonical":"https:\/\/www.garciafaura.com\/fr\/garcia-faura-presente-le-compte-de-resultat-2018\/","og_locale":"fr_FR","og_type":"article","og_title":"GARCIA FAURA pr\u00e9sente le compte de r\u00e9sultat 2018 - GARCIA FAURA","og_description":"Arquitectura en Alumini, Inox, Ferro i Vidre","og_url":"https:\/\/www.garciafaura.com\/fr\/garcia-faura-presente-le-compte-de-resultat-2018\/","og_site_name":"GARCIA FAURA","article_published_time":"2019-07-23T10:00:50+00:00","article_modified_time":"2019-07-23T10:25:51+00:00","og_image":[{"width":1024,"height":622,"url":"https:\/\/www.garciafaura.com\/wp-content\/uploads\/2019\/07\/GF-01-005-1024x622.jpg","type":"image\/jpeg"}],"author":"David Achell","twitter_card":"summary_large_image","twitter_misc":{"\u00c9crit par":"David Achell","Dur\u00e9e de lecture estim\u00e9e":"2 minutes"},"schema":{"@context":"https:\/\/schema.org","@graph":[{"@type":"Article","@id":"https:\/\/www.garciafaura.com\/fr\/garcia-faura-presente-le-compte-de-resultat-2018\/#article","isPartOf":{"@id":"https:\/\/www.garciafaura.com\/fr\/garcia-faura-presente-le-compte-de-resultat-2018\/"},"author":{"name":"David Achell","@id":"https:\/\/www.garciafaura.com\/fr\/#\/schema\/person\/b4b75e69b33fac3446071909bec106b0"},"headline":"GARCIA FAURA pr\u00e9sente le compte de r\u00e9sultat 2018","datePublished":"2019-07-23T10:00:50+00:00","dateModified":"2019-07-23T10:25:51+00:00","mainEntityOfPage":{"@id":"https:\/\/www.garciafaura.com\/fr\/garcia-faura-presente-le-compte-de-resultat-2018\/"},"wordCount":366,"publisher":{"@id":"https:\/\/www.garciafaura.com\/fr\/#organization"},"image":{"@id":"https:\/\/www.garciafaura.com\/fr\/garcia-faura-presente-le-compte-de-resultat-2018\/#primaryimage"},"thumbnailUrl":"https:\/\/www.garciafaura.com\/wp-content\/uploads\/2019\/07\/GF-01-005.jpg","articleSection":["Actualit\u00e9"],"inLanguage":"fr-FR"},{"@type":"WebPage","@id":"https:\/\/www.garciafaura.com\/fr\/garcia-faura-presente-le-compte-de-resultat-2018\/","url":"https:\/\/www.garciafaura.com\/fr\/garcia-faura-presente-le-compte-de-resultat-2018\/","name":"GARCIA FAURA pr\u00e9sente le compte de r\u00e9sultat 2018 - GARCIA FAURA","isPartOf":{"@id":"https:\/\/www.garciafaura.com\/fr\/#website"},"primaryImageOfPage":{"@id":"https:\/\/www.garciafaura.com\/fr\/garcia-faura-presente-le-compte-de-resultat-2018\/#primaryimage"},"image":{"@id":"https:\/\/www.garciafaura.com\/fr\/garcia-faura-presente-le-compte-de-resultat-2018\/#primaryimage"},"thumbnailUrl":"https:\/\/www.garciafaura.com\/wp-content\/uploads\/2019\/07\/GF-01-005.jpg","datePublished":"2019-07-23T10:00:50+00:00","dateModified":"2019-07-23T10:25:51+00:00","description":"Arquitectura en Alumini, Inox, Ferro i Vidre","breadcrumb":{"@id":"https:\/\/www.garciafaura.com\/fr\/garcia-faura-presente-le-compte-de-resultat-2018\/#breadcrumb"},"inLanguage":"fr-FR","potentialAction":[{"@type":"ReadAction","target":["https:\/\/www.garciafaura.com\/fr\/garcia-faura-presente-le-compte-de-resultat-2018\/"]}]},{"@type":"ImageObject","inLanguage":"fr-FR","@id":"https:\/\/www.garciafaura.com\/fr\/garcia-faura-presente-le-compte-de-resultat-2018\/#primaryimage","url":"https:\/\/www.garciafaura.com\/wp-content\/uploads\/2019\/07\/GF-01-005.jpg","contentUrl":"https:\/\/www.garciafaura.com\/wp-content\/uploads\/2019\/07\/GF-01-005.jpg","width":3872,"height":2352},{"@type":"BreadcrumbList","@id":"https:\/\/www.garciafaura.com\/fr\/garcia-faura-presente-le-compte-de-resultat-2018\/#breadcrumb","itemListElement":[{"@type":"ListItem","position":1,"name":"Inici","item":"https:\/\/www.garciafaura.com\/fr\/"},{"@type":"ListItem","position":2,"name":"GARCIA FAURA pr\u00e9sente le compte de r\u00e9sultat 2018"}]},{"@type":"WebSite","@id":"https:\/\/www.garciafaura.com\/fr\/#website","url":"https:\/\/www.garciafaura.com\/fr\/","name":"GARCIA FAURA","description":"Arquitectura en Alumini, Inox, Ferro i Vidre","publisher":{"@id":"https:\/\/www.garciafaura.com\/fr\/#organization"},"potentialAction":[{"@type":"SearchAction","target":{"@type":"EntryPoint","urlTemplate":"https:\/\/www.garciafaura.com\/fr\/?s={search_term_string}"},"query-input":{"@type":"PropertyValueSpecification","valueRequired":true,"valueName":"search_term_string"}}],"inLanguage":"fr-FR"},{"@type":"Organization","@id":"https:\/\/www.garciafaura.com\/fr\/#organization","name":"GARCIA FAURA","url":"https:\/\/www.garciafaura.com\/fr\/","logo":{"@type":"ImageObject","inLanguage":"fr-FR","@id":"https:\/\/www.garciafaura.com\/fr\/#\/schema\/logo\/image\/","url":"https:\/\/www.garciafaura.com\/wp-content\/uploads\/2018\/09\/Garcia-Faura.png","contentUrl":"https:\/\/www.garciafaura.com\/wp-content\/uploads\/2018\/09\/Garcia-Faura.png","width":512,"height":512,"caption":"GARCIA FAURA"},"image":{"@id":"https:\/\/www.garciafaura.com\/fr\/#\/schema\/logo\/image\/"},"sameAs":["https:\/\/www.youtube.com\/user\/GARCIAFAURA"]},{"@type":"Person","@id":"https:\/\/www.garciafaura.com\/fr\/#\/schema\/person\/b4b75e69b33fac3446071909bec106b0","name":"David Achell","image":{"@type":"ImageObject","inLanguage":"fr-FR","@id":"https:\/\/www.garciafaura.com\/fr\/#\/schema\/person\/image\/","url":"https:\/\/secure.gravatar.com\/avatar\/03900210afc1f61bce737bcb4a79c02e2c997f171e3eca839b5a4cbe03846c90?s=96&d=blank&r=g","contentUrl":"https:\/\/secure.gravatar.com\/avatar\/03900210afc1f61bce737bcb4a79c02e2c997f171e3eca839b5a4cbe03846c90?s=96&d=blank&r=g","caption":"David Achell"}}]}},"_links":{"self":[{"href":"https:\/\/www.garciafaura.com\/fr\/wp-json\/wp\/v2\/posts\/22665","targetHints":{"allow":["GET"]}}],"collection":[{"href":"https:\/\/www.garciafaura.com\/fr\/wp-json\/wp\/v2\/posts"}],"about":[{"href":"https:\/\/www.garciafaura.com\/fr\/wp-json\/wp\/v2\/types\/post"}],"author":[{"embeddable":true,"href":"https:\/\/www.garciafaura.com\/fr\/wp-json\/wp\/v2\/users\/3"}],"replies":[{"embeddable":true,"href":"https:\/\/www.garciafaura.com\/fr\/wp-json\/wp\/v2\/comments?post=22665"}],"version-history":[{"count":2,"href":"https:\/\/www.garciafaura.com\/fr\/wp-json\/wp\/v2\/posts\/22665\/revisions"}],"predecessor-version":[{"id":22667,"href":"https:\/\/www.garciafaura.com\/fr\/wp-json\/wp\/v2\/posts\/22665\/revisions\/22667"}],"wp:featuredmedia":[{"embeddable":true,"href":"https:\/\/www.garciafaura.com\/fr\/wp-json\/wp\/v2\/media\/22645"}],"wp:attachment":[{"href":"https:\/\/www.garciafaura.com\/fr\/wp-json\/wp\/v2\/media?parent=22665"}],"wp:term":[{"taxonomy":"category","embeddable":true,"href":"https:\/\/www.garciafaura.com\/fr\/wp-json\/wp\/v2\/categories?post=22665"},{"taxonomy":"post_tag","embeddable":true,"href":"https:\/\/www.garciafaura.com\/fr\/wp-json\/wp\/v2\/tags?post=22665"},{"taxonomy":"post_series","embeddable":true,"href":"https:\/\/www.garciafaura.com\/fr\/wp-json\/wp\/v2\/post_series?post=22665"}],"curies":[{"name":"wp","href":"https:\/\/api.w.org\/{rel}","templated":true}]}}