{"id":22479,"date":"2019-06-18T14:20:43","date_gmt":"2019-06-18T14:20:43","guid":{"rendered":"https:\/\/www.garciafaura.com\/garcia-faura-avec-le-master-de-facades-legeres-de-la-upc\/"},"modified":"2019-07-19T11:22:22","modified_gmt":"2019-07-19T11:22:22","slug":"garcia-faura-avec-le-master-de-facades-legeres-de-la-upc","status":"publish","type":"post","link":"https:\/\/www.garciafaura.com\/fr\/garcia-faura-avec-le-master-de-facades-legeres-de-la-upc\/","title":{"rendered":"GARCIA FAURA, avec le Master de Fa\u00e7ades L\u00e9g\u00e8res de la UPC"},"content":{"rendered":"<p style=\"text-align: justify;\"><strong>GARCIA FAURA<\/strong> a r\u00e9cemment particip\u00e9 au s\u00e9minaire intitul\u00e9 <strong><em>La formation dans le secteur de l\u2019environnement architectonique<\/em><\/strong> celebr\u00e9e au <a href=\"https:\/\/www.trespa.com\/es\/design_center\/trespa-design-centre-barcelona\" target=\"_blank\" rel=\"noopener\"><strong>Trespa Design Centre<\/strong><\/a> de Barcelone. La journ\u00e9e a permis de pr\u00e9senter le <a href=\"https:\/\/www.masterfachadasligeras.es\/mfl-a-barcelona\/\" target=\"_blank\" rel=\"noopener\"><strong>Master de Fa\u00e7ades L\u00e9g\u00e8res<\/strong><\/a> qui, apr\u00e8s deux \u00e9ditions \u00e0 Madrid, se tiendront cette ann\u00e9e \u00e0 la UPC de la capitale catalane.<\/p>\n<p style=\"text-align: justify;\">Le responsable de <strong>GARCIA FAURA<\/strong>, l&rsquo;ing\u00e9nieur sp\u00e9cialiste des fa\u00e7ades <strong>Javier Paredes<\/strong>, a particip\u00e9 \u00e0 une table ronde o\u00f9 il a partag\u00e9 la vedette avec, entre autres, des acteurs prestigieux du secteur tels que <strong>Xavi Ferr\u00e9s<\/strong>, de <strong>Ferr\u00e9s Arquitectos y Consultores<\/strong>, ou <strong>Jes\u00fas Rom\u00e1n<\/strong>, du cabinet d&rsquo;architectes <a href=\"http:\/\/www.rafaeldelahoz.com\/\" target=\"_blank\" rel=\"noopener\"><strong>Rafael de La Hoz<\/strong><\/a>.<\/p>\n<p style=\"text-align: justify;\">La session a permis de pr\u00e9senter la troisi\u00e8me \u00e9dition du<strong>Master de Fa\u00e7ades L\u00e9g\u00e8res<\/strong> qui, apr\u00e8s deux ans \u00e0 Madrid, sera d\u00e9velopp\u00e9e \u00e0 l\u2019<strong>\u00c9cole Technique d\u2019Architecture de l\u2019Universit\u00e9 Polytechnique de la Catalogne<\/strong> (UPC).<\/p>\n<p style=\"text-align: justify;\">Le Master cherche \u00e0 former des ing\u00e9nieurs dans la sp\u00e9cialisation de l&rsquo;\u00e9tude, de l&rsquo;analyse et du d\u00e9veloppement de fa\u00e7ades lumineuses. Un besoin du secteur, qui n\u00e9cessite de plus en plus de techniciens sp\u00e9cialis\u00e9s qui apportent connaissances et valeur \u00e0 une solution constructive.<\/p>\n","protected":false},"excerpt":{"rendered":"<p>GARCIA FAURA a r\u00e9cemment particip\u00e9 au s\u00e9minaire intitul\u00e9 La formation dans le secteur de l\u2019environnement architectonique celebr\u00e9e au Trespa Design Centre de Barcelone. La journ\u00e9e a permis de pr\u00e9senter le Master de Fa\u00e7ades L\u00e9g\u00e8res qui, apr\u00e8s deux \u00e9ditions \u00e0 Madrid,&hellip;<\/p>\n","protected":false},"author":3,"featured_media":22470,"comment_status":"closed","ping_status":"open","sticky":false,"template":"","format":"gallery","meta":{"footnotes":""},"categories":[2],"tags":[],"post_series":[],"class_list":["post-22479","post","type-post","status-publish","format-gallery","has-post-thumbnail","hentry","category-actualite","post_format-post-format-gallery","entry","has-media"],"yoast_head":"<!-- This site is optimized with the Yoast SEO plugin v26.7 - https:\/\/yoast.com\/wordpress\/plugins\/seo\/ -->\n<title>GARCIA FAURA, avec le Master de Fa\u00e7ades L\u00e9g\u00e8res de la UPC - GARCIA FAURA<\/title>\n<meta name=\"description\" content=\"Arquitectura en Alumini, Inox, Ferro i Vidre\" \/>\n<meta name=\"robots\" content=\"index, follow, max-snippet:-1, max-image-preview:large, max-video-preview:-1\" \/>\n<link rel=\"canonical\" href=\"https:\/\/www.garciafaura.com\/fr\/garcia-faura-avec-le-master-de-facades-legeres-de-la-upc\/\" \/>\n<meta property=\"og:locale\" content=\"fr_FR\" \/>\n<meta property=\"og:type\" content=\"article\" \/>\n<meta property=\"og:title\" content=\"GARCIA FAURA, avec le Master de Fa\u00e7ades L\u00e9g\u00e8res de la UPC - GARCIA FAURA\" \/>\n<meta property=\"og:description\" content=\"Arquitectura en Alumini, Inox, Ferro i Vidre\" \/>\n<meta property=\"og:url\" content=\"https:\/\/www.garciafaura.com\/fr\/garcia-faura-avec-le-master-de-facades-legeres-de-la-upc\/\" \/>\n<meta property=\"og:site_name\" content=\"GARCIA FAURA\" \/>\n<meta property=\"article:published_time\" content=\"2019-06-18T14:20:43+00:00\" \/>\n<meta property=\"article:modified_time\" content=\"2019-07-19T11:22:22+00:00\" \/>\n<meta property=\"og:image\" content=\"https:\/\/www.garciafaura.com\/wp-content\/uploads\/2019\/06\/MasterFachadas02-1024x768.jpg\" \/>\n\t<meta property=\"og:image:width\" content=\"1024\" \/>\n\t<meta property=\"og:image:height\" content=\"768\" \/>\n\t<meta property=\"og:image:type\" content=\"image\/jpeg\" \/>\n<meta name=\"author\" content=\"David Achell\" \/>\n<meta name=\"twitter:card\" content=\"summary_large_image\" \/>\n<meta name=\"twitter:label1\" content=\"\u00c9crit par\" \/>\n\t<meta name=\"twitter:data1\" content=\"David Achell\" \/>\n\t<meta name=\"twitter:label2\" content=\"Dur\u00e9e de lecture estim\u00e9e\" \/>\n\t<meta name=\"twitter:data2\" content=\"1 minute\" \/>\n<script type=\"application\/ld+json\" class=\"yoast-schema-graph\">{\"@context\":\"https:\/\/schema.org\",\"@graph\":[{\"@type\":\"Article\",\"@id\":\"https:\/\/www.garciafaura.com\/fr\/garcia-faura-avec-le-master-de-facades-legeres-de-la-upc\/#article\",\"isPartOf\":{\"@id\":\"https:\/\/www.garciafaura.com\/fr\/garcia-faura-avec-le-master-de-facades-legeres-de-la-upc\/\"},\"author\":{\"name\":\"David Achell\",\"@id\":\"https:\/\/www.garciafaura.com\/fr\/#\/schema\/person\/b4b75e69b33fac3446071909bec106b0\"},\"headline\":\"GARCIA FAURA, avec le Master de Fa\u00e7ades L\u00e9g\u00e8res de la UPC\",\"datePublished\":\"2019-06-18T14:20:43+00:00\",\"dateModified\":\"2019-07-19T11:22:22+00:00\",\"mainEntityOfPage\":{\"@id\":\"https:\/\/www.garciafaura.com\/fr\/garcia-faura-avec-le-master-de-facades-legeres-de-la-upc\/\"},\"wordCount\":222,\"publisher\":{\"@id\":\"https:\/\/www.garciafaura.com\/fr\/#organization\"},\"image\":{\"@id\":\"https:\/\/www.garciafaura.com\/fr\/garcia-faura-avec-le-master-de-facades-legeres-de-la-upc\/#primaryimage\"},\"thumbnailUrl\":\"https:\/\/www.garciafaura.com\/wp-content\/uploads\/2019\/06\/MasterFachadas02.jpg\",\"articleSection\":[\"Actualit\u00e9\"],\"inLanguage\":\"fr-FR\"},{\"@type\":\"WebPage\",\"@id\":\"https:\/\/www.garciafaura.com\/fr\/garcia-faura-avec-le-master-de-facades-legeres-de-la-upc\/\",\"url\":\"https:\/\/www.garciafaura.com\/fr\/garcia-faura-avec-le-master-de-facades-legeres-de-la-upc\/\",\"name\":\"GARCIA FAURA, avec le Master de Fa\u00e7ades L\u00e9g\u00e8res de la UPC - GARCIA FAURA\",\"isPartOf\":{\"@id\":\"https:\/\/www.garciafaura.com\/fr\/#website\"},\"primaryImageOfPage\":{\"@id\":\"https:\/\/www.garciafaura.com\/fr\/garcia-faura-avec-le-master-de-facades-legeres-de-la-upc\/#primaryimage\"},\"image\":{\"@id\":\"https:\/\/www.garciafaura.com\/fr\/garcia-faura-avec-le-master-de-facades-legeres-de-la-upc\/#primaryimage\"},\"thumbnailUrl\":\"https:\/\/www.garciafaura.com\/wp-content\/uploads\/2019\/06\/MasterFachadas02.jpg\",\"datePublished\":\"2019-06-18T14:20:43+00:00\",\"dateModified\":\"2019-07-19T11:22:22+00:00\",\"description\":\"Arquitectura en Alumini, Inox, Ferro i Vidre\",\"breadcrumb\":{\"@id\":\"https:\/\/www.garciafaura.com\/fr\/garcia-faura-avec-le-master-de-facades-legeres-de-la-upc\/#breadcrumb\"},\"inLanguage\":\"fr-FR\",\"potentialAction\":[{\"@type\":\"ReadAction\",\"target\":[\"https:\/\/www.garciafaura.com\/fr\/garcia-faura-avec-le-master-de-facades-legeres-de-la-upc\/\"]}]},{\"@type\":\"ImageObject\",\"inLanguage\":\"fr-FR\",\"@id\":\"https:\/\/www.garciafaura.com\/fr\/garcia-faura-avec-le-master-de-facades-legeres-de-la-upc\/#primaryimage\",\"url\":\"https:\/\/www.garciafaura.com\/wp-content\/uploads\/2019\/06\/MasterFachadas02.jpg\",\"contentUrl\":\"https:\/\/www.garciafaura.com\/wp-content\/uploads\/2019\/06\/MasterFachadas02.jpg\",\"width\":4032,\"height\":3024},{\"@type\":\"BreadcrumbList\",\"@id\":\"https:\/\/www.garciafaura.com\/fr\/garcia-faura-avec-le-master-de-facades-legeres-de-la-upc\/#breadcrumb\",\"itemListElement\":[{\"@type\":\"ListItem\",\"position\":1,\"name\":\"Inici\",\"item\":\"https:\/\/www.garciafaura.com\/fr\/\"},{\"@type\":\"ListItem\",\"position\":2,\"name\":\"GARCIA FAURA, avec le Master de Fa\u00e7ades L\u00e9g\u00e8res de la UPC\"}]},{\"@type\":\"WebSite\",\"@id\":\"https:\/\/www.garciafaura.com\/fr\/#website\",\"url\":\"https:\/\/www.garciafaura.com\/fr\/\",\"name\":\"GARCIA FAURA\",\"description\":\"Arquitectura en Alumini, Inox, Ferro i Vidre\",\"publisher\":{\"@id\":\"https:\/\/www.garciafaura.com\/fr\/#organization\"},\"potentialAction\":[{\"@type\":\"SearchAction\",\"target\":{\"@type\":\"EntryPoint\",\"urlTemplate\":\"https:\/\/www.garciafaura.com\/fr\/?s={search_term_string}\"},\"query-input\":{\"@type\":\"PropertyValueSpecification\",\"valueRequired\":true,\"valueName\":\"search_term_string\"}}],\"inLanguage\":\"fr-FR\"},{\"@type\":\"Organization\",\"@id\":\"https:\/\/www.garciafaura.com\/fr\/#organization\",\"name\":\"GARCIA FAURA\",\"url\":\"https:\/\/www.garciafaura.com\/fr\/\",\"logo\":{\"@type\":\"ImageObject\",\"inLanguage\":\"fr-FR\",\"@id\":\"https:\/\/www.garciafaura.com\/fr\/#\/schema\/logo\/image\/\",\"url\":\"https:\/\/www.garciafaura.com\/wp-content\/uploads\/2018\/09\/Garcia-Faura.png\",\"contentUrl\":\"https:\/\/www.garciafaura.com\/wp-content\/uploads\/2018\/09\/Garcia-Faura.png\",\"width\":512,\"height\":512,\"caption\":\"GARCIA FAURA\"},\"image\":{\"@id\":\"https:\/\/www.garciafaura.com\/fr\/#\/schema\/logo\/image\/\"},\"sameAs\":[\"https:\/\/www.youtube.com\/user\/GARCIAFAURA\"]},{\"@type\":\"Person\",\"@id\":\"https:\/\/www.garciafaura.com\/fr\/#\/schema\/person\/b4b75e69b33fac3446071909bec106b0\",\"name\":\"David Achell\",\"image\":{\"@type\":\"ImageObject\",\"inLanguage\":\"fr-FR\",\"@id\":\"https:\/\/www.garciafaura.com\/fr\/#\/schema\/person\/image\/\",\"url\":\"https:\/\/secure.gravatar.com\/avatar\/03900210afc1f61bce737bcb4a79c02e2c997f171e3eca839b5a4cbe03846c90?s=96&d=blank&r=g\",\"contentUrl\":\"https:\/\/secure.gravatar.com\/avatar\/03900210afc1f61bce737bcb4a79c02e2c997f171e3eca839b5a4cbe03846c90?s=96&d=blank&r=g\",\"caption\":\"David Achell\"}}]}<\/script>\n<!-- \/ Yoast SEO plugin. -->","yoast_head_json":{"title":"GARCIA FAURA, avec le Master de Fa\u00e7ades L\u00e9g\u00e8res de la UPC - GARCIA FAURA","description":"Arquitectura en Alumini, Inox, Ferro i Vidre","robots":{"index":"index","follow":"follow","max-snippet":"max-snippet:-1","max-image-preview":"max-image-preview:large","max-video-preview":"max-video-preview:-1"},"canonical":"https:\/\/www.garciafaura.com\/fr\/garcia-faura-avec-le-master-de-facades-legeres-de-la-upc\/","og_locale":"fr_FR","og_type":"article","og_title":"GARCIA FAURA, avec le Master de Fa\u00e7ades L\u00e9g\u00e8res de la UPC - GARCIA FAURA","og_description":"Arquitectura en Alumini, Inox, Ferro i Vidre","og_url":"https:\/\/www.garciafaura.com\/fr\/garcia-faura-avec-le-master-de-facades-legeres-de-la-upc\/","og_site_name":"GARCIA FAURA","article_published_time":"2019-06-18T14:20:43+00:00","article_modified_time":"2019-07-19T11:22:22+00:00","og_image":[{"width":1024,"height":768,"url":"https:\/\/www.garciafaura.com\/wp-content\/uploads\/2019\/06\/MasterFachadas02-1024x768.jpg","type":"image\/jpeg"}],"author":"David Achell","twitter_card":"summary_large_image","twitter_misc":{"\u00c9crit par":"David Achell","Dur\u00e9e de lecture estim\u00e9e":"1 minute"},"schema":{"@context":"https:\/\/schema.org","@graph":[{"@type":"Article","@id":"https:\/\/www.garciafaura.com\/fr\/garcia-faura-avec-le-master-de-facades-legeres-de-la-upc\/#article","isPartOf":{"@id":"https:\/\/www.garciafaura.com\/fr\/garcia-faura-avec-le-master-de-facades-legeres-de-la-upc\/"},"author":{"name":"David Achell","@id":"https:\/\/www.garciafaura.com\/fr\/#\/schema\/person\/b4b75e69b33fac3446071909bec106b0"},"headline":"GARCIA FAURA, avec le Master de Fa\u00e7ades L\u00e9g\u00e8res de la UPC","datePublished":"2019-06-18T14:20:43+00:00","dateModified":"2019-07-19T11:22:22+00:00","mainEntityOfPage":{"@id":"https:\/\/www.garciafaura.com\/fr\/garcia-faura-avec-le-master-de-facades-legeres-de-la-upc\/"},"wordCount":222,"publisher":{"@id":"https:\/\/www.garciafaura.com\/fr\/#organization"},"image":{"@id":"https:\/\/www.garciafaura.com\/fr\/garcia-faura-avec-le-master-de-facades-legeres-de-la-upc\/#primaryimage"},"thumbnailUrl":"https:\/\/www.garciafaura.com\/wp-content\/uploads\/2019\/06\/MasterFachadas02.jpg","articleSection":["Actualit\u00e9"],"inLanguage":"fr-FR"},{"@type":"WebPage","@id":"https:\/\/www.garciafaura.com\/fr\/garcia-faura-avec-le-master-de-facades-legeres-de-la-upc\/","url":"https:\/\/www.garciafaura.com\/fr\/garcia-faura-avec-le-master-de-facades-legeres-de-la-upc\/","name":"GARCIA FAURA, avec le Master de Fa\u00e7ades L\u00e9g\u00e8res de la UPC - GARCIA FAURA","isPartOf":{"@id":"https:\/\/www.garciafaura.com\/fr\/#website"},"primaryImageOfPage":{"@id":"https:\/\/www.garciafaura.com\/fr\/garcia-faura-avec-le-master-de-facades-legeres-de-la-upc\/#primaryimage"},"image":{"@id":"https:\/\/www.garciafaura.com\/fr\/garcia-faura-avec-le-master-de-facades-legeres-de-la-upc\/#primaryimage"},"thumbnailUrl":"https:\/\/www.garciafaura.com\/wp-content\/uploads\/2019\/06\/MasterFachadas02.jpg","datePublished":"2019-06-18T14:20:43+00:00","dateModified":"2019-07-19T11:22:22+00:00","description":"Arquitectura en Alumini, Inox, Ferro i Vidre","breadcrumb":{"@id":"https:\/\/www.garciafaura.com\/fr\/garcia-faura-avec-le-master-de-facades-legeres-de-la-upc\/#breadcrumb"},"inLanguage":"fr-FR","potentialAction":[{"@type":"ReadAction","target":["https:\/\/www.garciafaura.com\/fr\/garcia-faura-avec-le-master-de-facades-legeres-de-la-upc\/"]}]},{"@type":"ImageObject","inLanguage":"fr-FR","@id":"https:\/\/www.garciafaura.com\/fr\/garcia-faura-avec-le-master-de-facades-legeres-de-la-upc\/#primaryimage","url":"https:\/\/www.garciafaura.com\/wp-content\/uploads\/2019\/06\/MasterFachadas02.jpg","contentUrl":"https:\/\/www.garciafaura.com\/wp-content\/uploads\/2019\/06\/MasterFachadas02.jpg","width":4032,"height":3024},{"@type":"BreadcrumbList","@id":"https:\/\/www.garciafaura.com\/fr\/garcia-faura-avec-le-master-de-facades-legeres-de-la-upc\/#breadcrumb","itemListElement":[{"@type":"ListItem","position":1,"name":"Inici","item":"https:\/\/www.garciafaura.com\/fr\/"},{"@type":"ListItem","position":2,"name":"GARCIA FAURA, avec le Master de Fa\u00e7ades L\u00e9g\u00e8res de la UPC"}]},{"@type":"WebSite","@id":"https:\/\/www.garciafaura.com\/fr\/#website","url":"https:\/\/www.garciafaura.com\/fr\/","name":"GARCIA FAURA","description":"Arquitectura en Alumini, Inox, Ferro i Vidre","publisher":{"@id":"https:\/\/www.garciafaura.com\/fr\/#organization"},"potentialAction":[{"@type":"SearchAction","target":{"@type":"EntryPoint","urlTemplate":"https:\/\/www.garciafaura.com\/fr\/?s={search_term_string}"},"query-input":{"@type":"PropertyValueSpecification","valueRequired":true,"valueName":"search_term_string"}}],"inLanguage":"fr-FR"},{"@type":"Organization","@id":"https:\/\/www.garciafaura.com\/fr\/#organization","name":"GARCIA FAURA","url":"https:\/\/www.garciafaura.com\/fr\/","logo":{"@type":"ImageObject","inLanguage":"fr-FR","@id":"https:\/\/www.garciafaura.com\/fr\/#\/schema\/logo\/image\/","url":"https:\/\/www.garciafaura.com\/wp-content\/uploads\/2018\/09\/Garcia-Faura.png","contentUrl":"https:\/\/www.garciafaura.com\/wp-content\/uploads\/2018\/09\/Garcia-Faura.png","width":512,"height":512,"caption":"GARCIA FAURA"},"image":{"@id":"https:\/\/www.garciafaura.com\/fr\/#\/schema\/logo\/image\/"},"sameAs":["https:\/\/www.youtube.com\/user\/GARCIAFAURA"]},{"@type":"Person","@id":"https:\/\/www.garciafaura.com\/fr\/#\/schema\/person\/b4b75e69b33fac3446071909bec106b0","name":"David Achell","image":{"@type":"ImageObject","inLanguage":"fr-FR","@id":"https:\/\/www.garciafaura.com\/fr\/#\/schema\/person\/image\/","url":"https:\/\/secure.gravatar.com\/avatar\/03900210afc1f61bce737bcb4a79c02e2c997f171e3eca839b5a4cbe03846c90?s=96&d=blank&r=g","contentUrl":"https:\/\/secure.gravatar.com\/avatar\/03900210afc1f61bce737bcb4a79c02e2c997f171e3eca839b5a4cbe03846c90?s=96&d=blank&r=g","caption":"David Achell"}}]}},"_links":{"self":[{"href":"https:\/\/www.garciafaura.com\/fr\/wp-json\/wp\/v2\/posts\/22479","targetHints":{"allow":["GET"]}}],"collection":[{"href":"https:\/\/www.garciafaura.com\/fr\/wp-json\/wp\/v2\/posts"}],"about":[{"href":"https:\/\/www.garciafaura.com\/fr\/wp-json\/wp\/v2\/types\/post"}],"author":[{"embeddable":true,"href":"https:\/\/www.garciafaura.com\/fr\/wp-json\/wp\/v2\/users\/3"}],"replies":[{"embeddable":true,"href":"https:\/\/www.garciafaura.com\/fr\/wp-json\/wp\/v2\/comments?post=22479"}],"version-history":[{"count":1,"href":"https:\/\/www.garciafaura.com\/fr\/wp-json\/wp\/v2\/posts\/22479\/revisions"}],"predecessor-version":[{"id":22480,"href":"https:\/\/www.garciafaura.com\/fr\/wp-json\/wp\/v2\/posts\/22479\/revisions\/22480"}],"wp:featuredmedia":[{"embeddable":true,"href":"https:\/\/www.garciafaura.com\/fr\/wp-json\/wp\/v2\/media\/22470"}],"wp:attachment":[{"href":"https:\/\/www.garciafaura.com\/fr\/wp-json\/wp\/v2\/media?parent=22479"}],"wp:term":[{"taxonomy":"category","embeddable":true,"href":"https:\/\/www.garciafaura.com\/fr\/wp-json\/wp\/v2\/categories?post=22479"},{"taxonomy":"post_tag","embeddable":true,"href":"https:\/\/www.garciafaura.com\/fr\/wp-json\/wp\/v2\/tags?post=22479"},{"taxonomy":"post_series","embeddable":true,"href":"https:\/\/www.garciafaura.com\/fr\/wp-json\/wp\/v2\/post_series?post=22479"}],"curies":[{"name":"wp","href":"https:\/\/api.w.org\/{rel}","templated":true}]}}