{"id":21666,"date":"2019-06-03T15:00:34","date_gmt":"2019-06-03T15:00:34","guid":{"rendered":"https:\/\/www.garciafaura.com\/garcia-faura-participe-a-la-construction-de-la-cite-des-sciences-humaines-a-paris\/"},"modified":"2019-07-19T11:22:28","modified_gmt":"2019-07-19T11:22:28","slug":"garcia-faura-participe-a-la-construction-de-la-cite-des-sciences-humaines-a-paris","status":"publish","type":"post","link":"https:\/\/www.garciafaura.com\/fr\/garcia-faura-participe-a-la-construction-de-la-cite-des-sciences-humaines-a-paris\/","title":{"rendered":"GARCIA FAURA participe \u00e0 la construction de la Cit\u00e9 des sciences humaines \u00e0 Paris"},"content":{"rendered":"<p style=\"text-align: justify;\">Derni\u00e8re partie des \u0153uvres de <strong>GARCIA FAURA<\/strong> au <a href=\"https:\/\/www.campus-condorcet.fr\/Accueil\" target=\"_blank\" rel=\"noopener\"><strong>Campus Condorcet<\/strong><\/a>, au nord de Paris (France). \u00c9galement connue sous le nom de <strong>Cit\u00e9 des sciences humaines<\/strong>, elle deviendra le plus grand campus europ\u00e9en dans le domaine de la recherche en sciences humaines et sociales.<\/p>\n<p style=\"text-align: justify;\">Dans l&rsquo;un des b\u00e2timents du campus, <strong>GARCIA FAURA<\/strong> a install\u00e9 plusieurs <strong>fermetures<\/strong> de rez-de-chauss\u00e9e sur deux niveaux, enti\u00e8rement r\u00e9alis\u00e9es avec un <strong>mur rideau<\/strong> en acier et en aluminium d&rsquo;environ 1 500 m\u00e8tres carr\u00e9s.<\/p>\n<p style=\"text-align: justify;\">Les fen\u00eatres en aluminium des \u00e9tages sup\u00e9rieurs, constitu\u00e9es de ch\u00e2ssis ouvrants en aluminium praticables en France, ont \u00e9galement \u00e9t\u00e9 r\u00e9alis\u00e9es avec des profils \u00e0 ailettes dissimul\u00e9es et \u00e0 rupture de pont thermique totalisant environ 2 780 m\u00e8tres carr\u00e9s.<\/p>\n<p style=\"text-align: justify;\">Enfin, des plaques profil\u00e9es en aluminium extrud\u00e9 ont \u00e9t\u00e9 install\u00e9es, cr\u00e9ant des fermetures permettant une ventilation d\u2019environ 400 m\u00e8tres carr\u00e9s. La r\u00e9vision finale et la mise en service de tous les \u00e9l\u00e9ments install\u00e9s sont en cours. Un d\u00e9fi r\u00e9ussi.<\/p>\n","protected":false},"excerpt":{"rendered":"<p>Derni\u00e8re partie des \u0153uvres de GARCIA FAURA au Campus Condorcet, au nord de Paris (France). \u00c9galement connue sous le nom de Cit\u00e9 des sciences humaines, elle deviendra le plus grand campus europ\u00e9en dans le domaine de la recherche en sciences&hellip;<\/p>\n","protected":false},"author":3,"featured_media":19982,"comment_status":"open","ping_status":"open","sticky":false,"template":"","format":"gallery","meta":{"footnotes":""},"categories":[2],"tags":[],"post_series":[],"class_list":["post-21666","post","type-post","status-publish","format-gallery","has-post-thumbnail","hentry","category-actualite","post_format-post-format-gallery","entry","has-media"],"yoast_head":"<!-- This site is optimized with the Yoast SEO plugin v26.7 - https:\/\/yoast.com\/wordpress\/plugins\/seo\/ -->\n<title>GARCIA FAURA participe \u00e0 la construction de la Cit\u00e9 des sciences humaines \u00e0 Paris - GARCIA FAURA<\/title>\n<meta name=\"description\" content=\"Arquitectura en Alumini, Inox, Ferro i Vidre\" \/>\n<meta name=\"robots\" content=\"index, follow, max-snippet:-1, max-image-preview:large, max-video-preview:-1\" \/>\n<link rel=\"canonical\" href=\"https:\/\/www.garciafaura.com\/fr\/garcia-faura-participe-a-la-construction-de-la-cite-des-sciences-humaines-a-paris\/\" \/>\n<meta property=\"og:locale\" content=\"fr_FR\" \/>\n<meta property=\"og:type\" content=\"article\" \/>\n<meta property=\"og:title\" content=\"GARCIA FAURA participe \u00e0 la construction de la Cit\u00e9 des sciences humaines \u00e0 Paris - GARCIA FAURA\" \/>\n<meta property=\"og:description\" content=\"Arquitectura en Alumini, Inox, Ferro i Vidre\" \/>\n<meta property=\"og:url\" content=\"https:\/\/www.garciafaura.com\/fr\/garcia-faura-participe-a-la-construction-de-la-cite-des-sciences-humaines-a-paris\/\" \/>\n<meta property=\"og:site_name\" content=\"GARCIA FAURA\" \/>\n<meta property=\"article:published_time\" content=\"2019-06-03T15:00:34+00:00\" \/>\n<meta property=\"article:modified_time\" content=\"2019-07-19T11:22:28+00:00\" \/>\n<meta property=\"og:image\" content=\"https:\/\/www.garciafaura.com\/wp-content\/uploads\/2019\/05\/Campus-Condorcet-02-1024x768.jpg\" \/>\n\t<meta property=\"og:image:width\" content=\"1024\" \/>\n\t<meta property=\"og:image:height\" content=\"768\" \/>\n\t<meta property=\"og:image:type\" content=\"image\/jpeg\" \/>\n<meta name=\"author\" content=\"David Achell\" \/>\n<meta name=\"twitter:card\" content=\"summary_large_image\" \/>\n<meta name=\"twitter:label1\" content=\"\u00c9crit par\" \/>\n\t<meta name=\"twitter:data1\" content=\"David Achell\" \/>\n\t<meta name=\"twitter:label2\" content=\"Dur\u00e9e de lecture estim\u00e9e\" \/>\n\t<meta name=\"twitter:data2\" content=\"1 minute\" \/>\n<script type=\"application\/ld+json\" class=\"yoast-schema-graph\">{\"@context\":\"https:\/\/schema.org\",\"@graph\":[{\"@type\":\"Article\",\"@id\":\"https:\/\/www.garciafaura.com\/fr\/garcia-faura-participe-a-la-construction-de-la-cite-des-sciences-humaines-a-paris\/#article\",\"isPartOf\":{\"@id\":\"https:\/\/www.garciafaura.com\/fr\/garcia-faura-participe-a-la-construction-de-la-cite-des-sciences-humaines-a-paris\/\"},\"author\":{\"name\":\"David Achell\",\"@id\":\"https:\/\/www.garciafaura.com\/fr\/#\/schema\/person\/b4b75e69b33fac3446071909bec106b0\"},\"headline\":\"GARCIA FAURA participe \u00e0 la construction de la Cit\u00e9 des sciences humaines \u00e0 Paris\",\"datePublished\":\"2019-06-03T15:00:34+00:00\",\"dateModified\":\"2019-07-19T11:22:28+00:00\",\"mainEntityOfPage\":{\"@id\":\"https:\/\/www.garciafaura.com\/fr\/garcia-faura-participe-a-la-construction-de-la-cite-des-sciences-humaines-a-paris\/\"},\"wordCount\":189,\"commentCount\":0,\"publisher\":{\"@id\":\"https:\/\/www.garciafaura.com\/fr\/#organization\"},\"image\":{\"@id\":\"https:\/\/www.garciafaura.com\/fr\/garcia-faura-participe-a-la-construction-de-la-cite-des-sciences-humaines-a-paris\/#primaryimage\"},\"thumbnailUrl\":\"https:\/\/www.garciafaura.com\/wp-content\/uploads\/2019\/05\/Campus-Condorcet-02.jpg\",\"articleSection\":[\"Actualit\u00e9\"],\"inLanguage\":\"fr-FR\",\"potentialAction\":[{\"@type\":\"CommentAction\",\"name\":\"Comment\",\"target\":[\"https:\/\/www.garciafaura.com\/fr\/garcia-faura-participe-a-la-construction-de-la-cite-des-sciences-humaines-a-paris\/#respond\"]}]},{\"@type\":\"WebPage\",\"@id\":\"https:\/\/www.garciafaura.com\/fr\/garcia-faura-participe-a-la-construction-de-la-cite-des-sciences-humaines-a-paris\/\",\"url\":\"https:\/\/www.garciafaura.com\/fr\/garcia-faura-participe-a-la-construction-de-la-cite-des-sciences-humaines-a-paris\/\",\"name\":\"GARCIA FAURA participe \u00e0 la construction de la Cit\u00e9 des sciences humaines \u00e0 Paris - GARCIA FAURA\",\"isPartOf\":{\"@id\":\"https:\/\/www.garciafaura.com\/fr\/#website\"},\"primaryImageOfPage\":{\"@id\":\"https:\/\/www.garciafaura.com\/fr\/garcia-faura-participe-a-la-construction-de-la-cite-des-sciences-humaines-a-paris\/#primaryimage\"},\"image\":{\"@id\":\"https:\/\/www.garciafaura.com\/fr\/garcia-faura-participe-a-la-construction-de-la-cite-des-sciences-humaines-a-paris\/#primaryimage\"},\"thumbnailUrl\":\"https:\/\/www.garciafaura.com\/wp-content\/uploads\/2019\/05\/Campus-Condorcet-02.jpg\",\"datePublished\":\"2019-06-03T15:00:34+00:00\",\"dateModified\":\"2019-07-19T11:22:28+00:00\",\"description\":\"Arquitectura en Alumini, Inox, Ferro i Vidre\",\"breadcrumb\":{\"@id\":\"https:\/\/www.garciafaura.com\/fr\/garcia-faura-participe-a-la-construction-de-la-cite-des-sciences-humaines-a-paris\/#breadcrumb\"},\"inLanguage\":\"fr-FR\",\"potentialAction\":[{\"@type\":\"ReadAction\",\"target\":[\"https:\/\/www.garciafaura.com\/fr\/garcia-faura-participe-a-la-construction-de-la-cite-des-sciences-humaines-a-paris\/\"]}]},{\"@type\":\"ImageObject\",\"inLanguage\":\"fr-FR\",\"@id\":\"https:\/\/www.garciafaura.com\/fr\/garcia-faura-participe-a-la-construction-de-la-cite-des-sciences-humaines-a-paris\/#primaryimage\",\"url\":\"https:\/\/www.garciafaura.com\/wp-content\/uploads\/2019\/05\/Campus-Condorcet-02.jpg\",\"contentUrl\":\"https:\/\/www.garciafaura.com\/wp-content\/uploads\/2019\/05\/Campus-Condorcet-02.jpg\",\"width\":4160,\"height\":3120},{\"@type\":\"BreadcrumbList\",\"@id\":\"https:\/\/www.garciafaura.com\/fr\/garcia-faura-participe-a-la-construction-de-la-cite-des-sciences-humaines-a-paris\/#breadcrumb\",\"itemListElement\":[{\"@type\":\"ListItem\",\"position\":1,\"name\":\"Inici\",\"item\":\"https:\/\/www.garciafaura.com\/fr\/\"},{\"@type\":\"ListItem\",\"position\":2,\"name\":\"GARCIA FAURA participe \u00e0 la construction de la Cit\u00e9 des sciences humaines \u00e0 Paris\"}]},{\"@type\":\"WebSite\",\"@id\":\"https:\/\/www.garciafaura.com\/fr\/#website\",\"url\":\"https:\/\/www.garciafaura.com\/fr\/\",\"name\":\"GARCIA FAURA\",\"description\":\"Arquitectura en Alumini, Inox, Ferro i Vidre\",\"publisher\":{\"@id\":\"https:\/\/www.garciafaura.com\/fr\/#organization\"},\"potentialAction\":[{\"@type\":\"SearchAction\",\"target\":{\"@type\":\"EntryPoint\",\"urlTemplate\":\"https:\/\/www.garciafaura.com\/fr\/?s={search_term_string}\"},\"query-input\":{\"@type\":\"PropertyValueSpecification\",\"valueRequired\":true,\"valueName\":\"search_term_string\"}}],\"inLanguage\":\"fr-FR\"},{\"@type\":\"Organization\",\"@id\":\"https:\/\/www.garciafaura.com\/fr\/#organization\",\"name\":\"GARCIA FAURA\",\"url\":\"https:\/\/www.garciafaura.com\/fr\/\",\"logo\":{\"@type\":\"ImageObject\",\"inLanguage\":\"fr-FR\",\"@id\":\"https:\/\/www.garciafaura.com\/fr\/#\/schema\/logo\/image\/\",\"url\":\"https:\/\/www.garciafaura.com\/wp-content\/uploads\/2018\/09\/Garcia-Faura.png\",\"contentUrl\":\"https:\/\/www.garciafaura.com\/wp-content\/uploads\/2018\/09\/Garcia-Faura.png\",\"width\":512,\"height\":512,\"caption\":\"GARCIA FAURA\"},\"image\":{\"@id\":\"https:\/\/www.garciafaura.com\/fr\/#\/schema\/logo\/image\/\"},\"sameAs\":[\"https:\/\/www.youtube.com\/user\/GARCIAFAURA\"]},{\"@type\":\"Person\",\"@id\":\"https:\/\/www.garciafaura.com\/fr\/#\/schema\/person\/b4b75e69b33fac3446071909bec106b0\",\"name\":\"David Achell\",\"image\":{\"@type\":\"ImageObject\",\"inLanguage\":\"fr-FR\",\"@id\":\"https:\/\/www.garciafaura.com\/fr\/#\/schema\/person\/image\/\",\"url\":\"https:\/\/secure.gravatar.com\/avatar\/03900210afc1f61bce737bcb4a79c02e2c997f171e3eca839b5a4cbe03846c90?s=96&d=blank&r=g\",\"contentUrl\":\"https:\/\/secure.gravatar.com\/avatar\/03900210afc1f61bce737bcb4a79c02e2c997f171e3eca839b5a4cbe03846c90?s=96&d=blank&r=g\",\"caption\":\"David Achell\"}}]}<\/script>\n<!-- \/ Yoast SEO plugin. -->","yoast_head_json":{"title":"GARCIA FAURA participe \u00e0 la construction de la Cit\u00e9 des sciences humaines \u00e0 Paris - GARCIA FAURA","description":"Arquitectura en Alumini, Inox, Ferro i Vidre","robots":{"index":"index","follow":"follow","max-snippet":"max-snippet:-1","max-image-preview":"max-image-preview:large","max-video-preview":"max-video-preview:-1"},"canonical":"https:\/\/www.garciafaura.com\/fr\/garcia-faura-participe-a-la-construction-de-la-cite-des-sciences-humaines-a-paris\/","og_locale":"fr_FR","og_type":"article","og_title":"GARCIA FAURA participe \u00e0 la construction de la Cit\u00e9 des sciences humaines \u00e0 Paris - GARCIA FAURA","og_description":"Arquitectura en Alumini, Inox, Ferro i Vidre","og_url":"https:\/\/www.garciafaura.com\/fr\/garcia-faura-participe-a-la-construction-de-la-cite-des-sciences-humaines-a-paris\/","og_site_name":"GARCIA FAURA","article_published_time":"2019-06-03T15:00:34+00:00","article_modified_time":"2019-07-19T11:22:28+00:00","og_image":[{"width":1024,"height":768,"url":"https:\/\/www.garciafaura.com\/wp-content\/uploads\/2019\/05\/Campus-Condorcet-02-1024x768.jpg","type":"image\/jpeg"}],"author":"David Achell","twitter_card":"summary_large_image","twitter_misc":{"\u00c9crit par":"David Achell","Dur\u00e9e de lecture estim\u00e9e":"1 minute"},"schema":{"@context":"https:\/\/schema.org","@graph":[{"@type":"Article","@id":"https:\/\/www.garciafaura.com\/fr\/garcia-faura-participe-a-la-construction-de-la-cite-des-sciences-humaines-a-paris\/#article","isPartOf":{"@id":"https:\/\/www.garciafaura.com\/fr\/garcia-faura-participe-a-la-construction-de-la-cite-des-sciences-humaines-a-paris\/"},"author":{"name":"David Achell","@id":"https:\/\/www.garciafaura.com\/fr\/#\/schema\/person\/b4b75e69b33fac3446071909bec106b0"},"headline":"GARCIA FAURA participe \u00e0 la construction de la Cit\u00e9 des sciences humaines \u00e0 Paris","datePublished":"2019-06-03T15:00:34+00:00","dateModified":"2019-07-19T11:22:28+00:00","mainEntityOfPage":{"@id":"https:\/\/www.garciafaura.com\/fr\/garcia-faura-participe-a-la-construction-de-la-cite-des-sciences-humaines-a-paris\/"},"wordCount":189,"commentCount":0,"publisher":{"@id":"https:\/\/www.garciafaura.com\/fr\/#organization"},"image":{"@id":"https:\/\/www.garciafaura.com\/fr\/garcia-faura-participe-a-la-construction-de-la-cite-des-sciences-humaines-a-paris\/#primaryimage"},"thumbnailUrl":"https:\/\/www.garciafaura.com\/wp-content\/uploads\/2019\/05\/Campus-Condorcet-02.jpg","articleSection":["Actualit\u00e9"],"inLanguage":"fr-FR","potentialAction":[{"@type":"CommentAction","name":"Comment","target":["https:\/\/www.garciafaura.com\/fr\/garcia-faura-participe-a-la-construction-de-la-cite-des-sciences-humaines-a-paris\/#respond"]}]},{"@type":"WebPage","@id":"https:\/\/www.garciafaura.com\/fr\/garcia-faura-participe-a-la-construction-de-la-cite-des-sciences-humaines-a-paris\/","url":"https:\/\/www.garciafaura.com\/fr\/garcia-faura-participe-a-la-construction-de-la-cite-des-sciences-humaines-a-paris\/","name":"GARCIA FAURA participe \u00e0 la construction de la Cit\u00e9 des sciences humaines \u00e0 Paris - GARCIA FAURA","isPartOf":{"@id":"https:\/\/www.garciafaura.com\/fr\/#website"},"primaryImageOfPage":{"@id":"https:\/\/www.garciafaura.com\/fr\/garcia-faura-participe-a-la-construction-de-la-cite-des-sciences-humaines-a-paris\/#primaryimage"},"image":{"@id":"https:\/\/www.garciafaura.com\/fr\/garcia-faura-participe-a-la-construction-de-la-cite-des-sciences-humaines-a-paris\/#primaryimage"},"thumbnailUrl":"https:\/\/www.garciafaura.com\/wp-content\/uploads\/2019\/05\/Campus-Condorcet-02.jpg","datePublished":"2019-06-03T15:00:34+00:00","dateModified":"2019-07-19T11:22:28+00:00","description":"Arquitectura en Alumini, Inox, Ferro i Vidre","breadcrumb":{"@id":"https:\/\/www.garciafaura.com\/fr\/garcia-faura-participe-a-la-construction-de-la-cite-des-sciences-humaines-a-paris\/#breadcrumb"},"inLanguage":"fr-FR","potentialAction":[{"@type":"ReadAction","target":["https:\/\/www.garciafaura.com\/fr\/garcia-faura-participe-a-la-construction-de-la-cite-des-sciences-humaines-a-paris\/"]}]},{"@type":"ImageObject","inLanguage":"fr-FR","@id":"https:\/\/www.garciafaura.com\/fr\/garcia-faura-participe-a-la-construction-de-la-cite-des-sciences-humaines-a-paris\/#primaryimage","url":"https:\/\/www.garciafaura.com\/wp-content\/uploads\/2019\/05\/Campus-Condorcet-02.jpg","contentUrl":"https:\/\/www.garciafaura.com\/wp-content\/uploads\/2019\/05\/Campus-Condorcet-02.jpg","width":4160,"height":3120},{"@type":"BreadcrumbList","@id":"https:\/\/www.garciafaura.com\/fr\/garcia-faura-participe-a-la-construction-de-la-cite-des-sciences-humaines-a-paris\/#breadcrumb","itemListElement":[{"@type":"ListItem","position":1,"name":"Inici","item":"https:\/\/www.garciafaura.com\/fr\/"},{"@type":"ListItem","position":2,"name":"GARCIA FAURA participe \u00e0 la construction de la Cit\u00e9 des sciences humaines \u00e0 Paris"}]},{"@type":"WebSite","@id":"https:\/\/www.garciafaura.com\/fr\/#website","url":"https:\/\/www.garciafaura.com\/fr\/","name":"GARCIA FAURA","description":"Arquitectura en Alumini, Inox, Ferro i Vidre","publisher":{"@id":"https:\/\/www.garciafaura.com\/fr\/#organization"},"potentialAction":[{"@type":"SearchAction","target":{"@type":"EntryPoint","urlTemplate":"https:\/\/www.garciafaura.com\/fr\/?s={search_term_string}"},"query-input":{"@type":"PropertyValueSpecification","valueRequired":true,"valueName":"search_term_string"}}],"inLanguage":"fr-FR"},{"@type":"Organization","@id":"https:\/\/www.garciafaura.com\/fr\/#organization","name":"GARCIA FAURA","url":"https:\/\/www.garciafaura.com\/fr\/","logo":{"@type":"ImageObject","inLanguage":"fr-FR","@id":"https:\/\/www.garciafaura.com\/fr\/#\/schema\/logo\/image\/","url":"https:\/\/www.garciafaura.com\/wp-content\/uploads\/2018\/09\/Garcia-Faura.png","contentUrl":"https:\/\/www.garciafaura.com\/wp-content\/uploads\/2018\/09\/Garcia-Faura.png","width":512,"height":512,"caption":"GARCIA FAURA"},"image":{"@id":"https:\/\/www.garciafaura.com\/fr\/#\/schema\/logo\/image\/"},"sameAs":["https:\/\/www.youtube.com\/user\/GARCIAFAURA"]},{"@type":"Person","@id":"https:\/\/www.garciafaura.com\/fr\/#\/schema\/person\/b4b75e69b33fac3446071909bec106b0","name":"David Achell","image":{"@type":"ImageObject","inLanguage":"fr-FR","@id":"https:\/\/www.garciafaura.com\/fr\/#\/schema\/person\/image\/","url":"https:\/\/secure.gravatar.com\/avatar\/03900210afc1f61bce737bcb4a79c02e2c997f171e3eca839b5a4cbe03846c90?s=96&d=blank&r=g","contentUrl":"https:\/\/secure.gravatar.com\/avatar\/03900210afc1f61bce737bcb4a79c02e2c997f171e3eca839b5a4cbe03846c90?s=96&d=blank&r=g","caption":"David Achell"}}]}},"_links":{"self":[{"href":"https:\/\/www.garciafaura.com\/fr\/wp-json\/wp\/v2\/posts\/21666","targetHints":{"allow":["GET"]}}],"collection":[{"href":"https:\/\/www.garciafaura.com\/fr\/wp-json\/wp\/v2\/posts"}],"about":[{"href":"https:\/\/www.garciafaura.com\/fr\/wp-json\/wp\/v2\/types\/post"}],"author":[{"embeddable":true,"href":"https:\/\/www.garciafaura.com\/fr\/wp-json\/wp\/v2\/users\/3"}],"replies":[{"embeddable":true,"href":"https:\/\/www.garciafaura.com\/fr\/wp-json\/wp\/v2\/comments?post=21666"}],"version-history":[{"count":1,"href":"https:\/\/www.garciafaura.com\/fr\/wp-json\/wp\/v2\/posts\/21666\/revisions"}],"predecessor-version":[{"id":21667,"href":"https:\/\/www.garciafaura.com\/fr\/wp-json\/wp\/v2\/posts\/21666\/revisions\/21667"}],"wp:featuredmedia":[{"embeddable":true,"href":"https:\/\/www.garciafaura.com\/fr\/wp-json\/wp\/v2\/media\/19982"}],"wp:attachment":[{"href":"https:\/\/www.garciafaura.com\/fr\/wp-json\/wp\/v2\/media?parent=21666"}],"wp:term":[{"taxonomy":"category","embeddable":true,"href":"https:\/\/www.garciafaura.com\/fr\/wp-json\/wp\/v2\/categories?post=21666"},{"taxonomy":"post_tag","embeddable":true,"href":"https:\/\/www.garciafaura.com\/fr\/wp-json\/wp\/v2\/tags?post=21666"},{"taxonomy":"post_series","embeddable":true,"href":"https:\/\/www.garciafaura.com\/fr\/wp-json\/wp\/v2\/post_series?post=21666"}],"curies":[{"name":"wp","href":"https:\/\/api.w.org\/{rel}","templated":true}]}}