{"id":21660,"date":"2019-06-03T14:25:35","date_gmt":"2019-06-03T14:25:35","guid":{"rendered":"https:\/\/www.garciafaura.com\/fermetures-avec-rupture-de-pont-thermique-pour-le-logement-social-a-barcelone\/"},"modified":"2019-07-19T11:22:35","modified_gmt":"2019-07-19T11:22:35","slug":"fermetures-avec-rupture-de-pont-thermique-pour-le-logement-social-a-barcelone","status":"publish","type":"post","link":"https:\/\/www.garciafaura.com\/fr\/fermetures-avec-rupture-de-pont-thermique-pour-le-logement-social-a-barcelone\/","title":{"rendered":"Fermetures avec rupture de pont thermique pour le logement social \u00e0 Barcelone"},"content":{"rendered":"<p style=\"text-align: justify;\"><strong>GARCIA FAURA<\/strong> travaille \u00e0 l&rsquo;installation de 1 245 m\u00e8tres carr\u00e9s de <strong>fermetures en aluminium avec rupture du pont thermique<\/strong> dans un immeuble locatif social situ\u00e9 au 159 de la rue Comte Borrell \u00e0 Barcelone, plus pr\u00e9cis\u00e9ment dans le quartier de la Nova Esquerra de l&rsquo;Eixample, dans un lot connu sous le nom d&rsquo;<strong>espace Germanetes<\/strong>.<\/p>\n<p style=\"text-align: justify;\">Il s\u2019agit d\u2019un terrain de 630 m\u00e8tres carr\u00e9s o\u00f9 est construit un b\u00e2timent de 5 800 m\u00e8tres carr\u00e9s, qui comprendra 35 chambres sur deux \u00e9tages, bien que les surfaces varient entre 54 et 69 m\u00e8tres carr\u00e9s.<\/p>\n<p style=\"text-align: justify;\">Outre le <strong>logement social<\/strong>, le b\u00e2timent abritera une <strong>cr\u00e8che<\/strong> de 850 m\u00e8tres carr\u00e9s au rez-de-chauss\u00e9e. La cave pourra \u00e9galement accueillir un <strong>parking<\/strong> de 22 places et de 18 places pour les motos.<\/p>\n<p style=\"text-align: justify;\">Les travaux sont promus par le conseil municipal de Barcelone par le biais de l&rsquo;Institut municipal pour le logement et la r\u00e9habilitation et sont financ\u00e9s par des cr\u00e9dits de la <strong>Banque europ\u00e9enne d&rsquo;investissement (BEI) et de la Banque du Conseil de l&rsquo;Europe (BEC)<\/strong>.<\/p>\n<p style=\"text-align: justify;\">Dans la conception du b\u00e2timent, les facteurs environnementaux ont \u00e9t\u00e9 pris en compte en tant que bonne orientation ou incorporation de la ventilation transversale. La cote \u00e9nerg\u00e9tique de tout le b\u00e2timent est A.<\/p>\n","protected":false},"excerpt":{"rendered":"<p>GARCIA FAURA travaille \u00e0 l&rsquo;installation de 1 245 m\u00e8tres carr\u00e9s de fermetures en aluminium avec rupture du pont thermique dans un immeuble locatif social situ\u00e9 au 159 de la rue Comte Borrell \u00e0 Barcelone, plus pr\u00e9cis\u00e9ment dans le quartier de&hellip;<\/p>\n","protected":false},"author":3,"featured_media":19878,"comment_status":"open","ping_status":"open","sticky":false,"template":"","format":"standard","meta":{"footnotes":""},"categories":[2],"tags":[],"post_series":[],"class_list":["post-21660","post","type-post","status-publish","format-standard","has-post-thumbnail","hentry","category-actualite","entry","has-media"],"yoast_head":"<!-- This site is optimized with the Yoast SEO plugin v26.7 - https:\/\/yoast.com\/wordpress\/plugins\/seo\/ -->\n<title>Fermetures avec rupture de pont thermique pour le logement social \u00e0 Barcelone - GARCIA FAURA<\/title>\n<meta name=\"description\" content=\"Arquitectura en Alumini, Inox, Ferro i Vidre\" \/>\n<meta name=\"robots\" content=\"index, follow, max-snippet:-1, max-image-preview:large, max-video-preview:-1\" \/>\n<link rel=\"canonical\" href=\"https:\/\/www.garciafaura.com\/fr\/fermetures-avec-rupture-de-pont-thermique-pour-le-logement-social-a-barcelone\/\" \/>\n<meta property=\"og:locale\" content=\"fr_FR\" \/>\n<meta property=\"og:type\" content=\"article\" \/>\n<meta property=\"og:title\" content=\"Fermetures avec rupture de pont thermique pour le logement social \u00e0 Barcelone - GARCIA FAURA\" \/>\n<meta property=\"og:description\" content=\"Arquitectura en Alumini, Inox, Ferro i Vidre\" \/>\n<meta property=\"og:url\" content=\"https:\/\/www.garciafaura.com\/fr\/fermetures-avec-rupture-de-pont-thermique-pour-le-logement-social-a-barcelone\/\" \/>\n<meta property=\"og:site_name\" content=\"GARCIA FAURA\" \/>\n<meta property=\"article:published_time\" content=\"2019-06-03T14:25:35+00:00\" \/>\n<meta property=\"article:modified_time\" content=\"2019-07-19T11:22:35+00:00\" \/>\n<meta property=\"og:image\" content=\"https:\/\/www.garciafaura.com\/wp-content\/uploads\/2019\/05\/HabitatgeDotacionalEscolaBressol.jpg\" \/>\n\t<meta property=\"og:image:width\" content=\"1200\" \/>\n\t<meta property=\"og:image:height\" content=\"628\" \/>\n\t<meta property=\"og:image:type\" content=\"image\/jpeg\" \/>\n<meta name=\"author\" content=\"David Achell\" \/>\n<meta name=\"twitter:card\" content=\"summary_large_image\" \/>\n<meta name=\"twitter:label1\" content=\"\u00c9crit par\" \/>\n\t<meta name=\"twitter:data1\" content=\"David Achell\" \/>\n\t<meta name=\"twitter:label2\" content=\"Dur\u00e9e de lecture estim\u00e9e\" \/>\n\t<meta name=\"twitter:data2\" content=\"1 minute\" \/>\n<script type=\"application\/ld+json\" class=\"yoast-schema-graph\">{\"@context\":\"https:\/\/schema.org\",\"@graph\":[{\"@type\":\"Article\",\"@id\":\"https:\/\/www.garciafaura.com\/fr\/fermetures-avec-rupture-de-pont-thermique-pour-le-logement-social-a-barcelone\/#article\",\"isPartOf\":{\"@id\":\"https:\/\/www.garciafaura.com\/fr\/fermetures-avec-rupture-de-pont-thermique-pour-le-logement-social-a-barcelone\/\"},\"author\":{\"name\":\"David Achell\",\"@id\":\"https:\/\/www.garciafaura.com\/fr\/#\/schema\/person\/b4b75e69b33fac3446071909bec106b0\"},\"headline\":\"Fermetures avec rupture de pont thermique pour le logement social \u00e0 Barcelone\",\"datePublished\":\"2019-06-03T14:25:35+00:00\",\"dateModified\":\"2019-07-19T11:22:35+00:00\",\"mainEntityOfPage\":{\"@id\":\"https:\/\/www.garciafaura.com\/fr\/fermetures-avec-rupture-de-pont-thermique-pour-le-logement-social-a-barcelone\/\"},\"wordCount\":226,\"commentCount\":0,\"publisher\":{\"@id\":\"https:\/\/www.garciafaura.com\/fr\/#organization\"},\"image\":{\"@id\":\"https:\/\/www.garciafaura.com\/fr\/fermetures-avec-rupture-de-pont-thermique-pour-le-logement-social-a-barcelone\/#primaryimage\"},\"thumbnailUrl\":\"https:\/\/www.garciafaura.com\/wp-content\/uploads\/2019\/05\/HabitatgeDotacionalEscolaBressol.jpg\",\"articleSection\":[\"Actualit\u00e9\"],\"inLanguage\":\"fr-FR\",\"potentialAction\":[{\"@type\":\"CommentAction\",\"name\":\"Comment\",\"target\":[\"https:\/\/www.garciafaura.com\/fr\/fermetures-avec-rupture-de-pont-thermique-pour-le-logement-social-a-barcelone\/#respond\"]}]},{\"@type\":\"WebPage\",\"@id\":\"https:\/\/www.garciafaura.com\/fr\/fermetures-avec-rupture-de-pont-thermique-pour-le-logement-social-a-barcelone\/\",\"url\":\"https:\/\/www.garciafaura.com\/fr\/fermetures-avec-rupture-de-pont-thermique-pour-le-logement-social-a-barcelone\/\",\"name\":\"Fermetures avec rupture de pont thermique pour le logement social \u00e0 Barcelone - GARCIA FAURA\",\"isPartOf\":{\"@id\":\"https:\/\/www.garciafaura.com\/fr\/#website\"},\"primaryImageOfPage\":{\"@id\":\"https:\/\/www.garciafaura.com\/fr\/fermetures-avec-rupture-de-pont-thermique-pour-le-logement-social-a-barcelone\/#primaryimage\"},\"image\":{\"@id\":\"https:\/\/www.garciafaura.com\/fr\/fermetures-avec-rupture-de-pont-thermique-pour-le-logement-social-a-barcelone\/#primaryimage\"},\"thumbnailUrl\":\"https:\/\/www.garciafaura.com\/wp-content\/uploads\/2019\/05\/HabitatgeDotacionalEscolaBressol.jpg\",\"datePublished\":\"2019-06-03T14:25:35+00:00\",\"dateModified\":\"2019-07-19T11:22:35+00:00\",\"description\":\"Arquitectura en Alumini, Inox, Ferro i Vidre\",\"breadcrumb\":{\"@id\":\"https:\/\/www.garciafaura.com\/fr\/fermetures-avec-rupture-de-pont-thermique-pour-le-logement-social-a-barcelone\/#breadcrumb\"},\"inLanguage\":\"fr-FR\",\"potentialAction\":[{\"@type\":\"ReadAction\",\"target\":[\"https:\/\/www.garciafaura.com\/fr\/fermetures-avec-rupture-de-pont-thermique-pour-le-logement-social-a-barcelone\/\"]}]},{\"@type\":\"ImageObject\",\"inLanguage\":\"fr-FR\",\"@id\":\"https:\/\/www.garciafaura.com\/fr\/fermetures-avec-rupture-de-pont-thermique-pour-le-logement-social-a-barcelone\/#primaryimage\",\"url\":\"https:\/\/www.garciafaura.com\/wp-content\/uploads\/2019\/05\/HabitatgeDotacionalEscolaBressol.jpg\",\"contentUrl\":\"https:\/\/www.garciafaura.com\/wp-content\/uploads\/2019\/05\/HabitatgeDotacionalEscolaBressol.jpg\",\"width\":1200,\"height\":628,\"caption\":\"Habitatge social Comte Borrell\"},{\"@type\":\"BreadcrumbList\",\"@id\":\"https:\/\/www.garciafaura.com\/fr\/fermetures-avec-rupture-de-pont-thermique-pour-le-logement-social-a-barcelone\/#breadcrumb\",\"itemListElement\":[{\"@type\":\"ListItem\",\"position\":1,\"name\":\"Inici\",\"item\":\"https:\/\/www.garciafaura.com\/fr\/\"},{\"@type\":\"ListItem\",\"position\":2,\"name\":\"Fermetures avec rupture de pont thermique pour le logement social \u00e0 Barcelone\"}]},{\"@type\":\"WebSite\",\"@id\":\"https:\/\/www.garciafaura.com\/fr\/#website\",\"url\":\"https:\/\/www.garciafaura.com\/fr\/\",\"name\":\"GARCIA FAURA\",\"description\":\"Arquitectura en Alumini, Inox, Ferro i Vidre\",\"publisher\":{\"@id\":\"https:\/\/www.garciafaura.com\/fr\/#organization\"},\"potentialAction\":[{\"@type\":\"SearchAction\",\"target\":{\"@type\":\"EntryPoint\",\"urlTemplate\":\"https:\/\/www.garciafaura.com\/fr\/?s={search_term_string}\"},\"query-input\":{\"@type\":\"PropertyValueSpecification\",\"valueRequired\":true,\"valueName\":\"search_term_string\"}}],\"inLanguage\":\"fr-FR\"},{\"@type\":\"Organization\",\"@id\":\"https:\/\/www.garciafaura.com\/fr\/#organization\",\"name\":\"GARCIA FAURA\",\"url\":\"https:\/\/www.garciafaura.com\/fr\/\",\"logo\":{\"@type\":\"ImageObject\",\"inLanguage\":\"fr-FR\",\"@id\":\"https:\/\/www.garciafaura.com\/fr\/#\/schema\/logo\/image\/\",\"url\":\"https:\/\/www.garciafaura.com\/wp-content\/uploads\/2018\/09\/Garcia-Faura.png\",\"contentUrl\":\"https:\/\/www.garciafaura.com\/wp-content\/uploads\/2018\/09\/Garcia-Faura.png\",\"width\":512,\"height\":512,\"caption\":\"GARCIA FAURA\"},\"image\":{\"@id\":\"https:\/\/www.garciafaura.com\/fr\/#\/schema\/logo\/image\/\"},\"sameAs\":[\"https:\/\/www.youtube.com\/user\/GARCIAFAURA\"]},{\"@type\":\"Person\",\"@id\":\"https:\/\/www.garciafaura.com\/fr\/#\/schema\/person\/b4b75e69b33fac3446071909bec106b0\",\"name\":\"David Achell\",\"image\":{\"@type\":\"ImageObject\",\"inLanguage\":\"fr-FR\",\"@id\":\"https:\/\/www.garciafaura.com\/fr\/#\/schema\/person\/image\/\",\"url\":\"https:\/\/secure.gravatar.com\/avatar\/03900210afc1f61bce737bcb4a79c02e2c997f171e3eca839b5a4cbe03846c90?s=96&d=blank&r=g\",\"contentUrl\":\"https:\/\/secure.gravatar.com\/avatar\/03900210afc1f61bce737bcb4a79c02e2c997f171e3eca839b5a4cbe03846c90?s=96&d=blank&r=g\",\"caption\":\"David Achell\"}}]}<\/script>\n<!-- \/ Yoast SEO plugin. -->","yoast_head_json":{"title":"Fermetures avec rupture de pont thermique pour le logement social \u00e0 Barcelone - GARCIA FAURA","description":"Arquitectura en Alumini, Inox, Ferro i Vidre","robots":{"index":"index","follow":"follow","max-snippet":"max-snippet:-1","max-image-preview":"max-image-preview:large","max-video-preview":"max-video-preview:-1"},"canonical":"https:\/\/www.garciafaura.com\/fr\/fermetures-avec-rupture-de-pont-thermique-pour-le-logement-social-a-barcelone\/","og_locale":"fr_FR","og_type":"article","og_title":"Fermetures avec rupture de pont thermique pour le logement social \u00e0 Barcelone - GARCIA FAURA","og_description":"Arquitectura en Alumini, Inox, Ferro i Vidre","og_url":"https:\/\/www.garciafaura.com\/fr\/fermetures-avec-rupture-de-pont-thermique-pour-le-logement-social-a-barcelone\/","og_site_name":"GARCIA FAURA","article_published_time":"2019-06-03T14:25:35+00:00","article_modified_time":"2019-07-19T11:22:35+00:00","og_image":[{"width":1200,"height":628,"url":"https:\/\/www.garciafaura.com\/wp-content\/uploads\/2019\/05\/HabitatgeDotacionalEscolaBressol.jpg","type":"image\/jpeg"}],"author":"David Achell","twitter_card":"summary_large_image","twitter_misc":{"\u00c9crit par":"David Achell","Dur\u00e9e de lecture estim\u00e9e":"1 minute"},"schema":{"@context":"https:\/\/schema.org","@graph":[{"@type":"Article","@id":"https:\/\/www.garciafaura.com\/fr\/fermetures-avec-rupture-de-pont-thermique-pour-le-logement-social-a-barcelone\/#article","isPartOf":{"@id":"https:\/\/www.garciafaura.com\/fr\/fermetures-avec-rupture-de-pont-thermique-pour-le-logement-social-a-barcelone\/"},"author":{"name":"David Achell","@id":"https:\/\/www.garciafaura.com\/fr\/#\/schema\/person\/b4b75e69b33fac3446071909bec106b0"},"headline":"Fermetures avec rupture de pont thermique pour le logement social \u00e0 Barcelone","datePublished":"2019-06-03T14:25:35+00:00","dateModified":"2019-07-19T11:22:35+00:00","mainEntityOfPage":{"@id":"https:\/\/www.garciafaura.com\/fr\/fermetures-avec-rupture-de-pont-thermique-pour-le-logement-social-a-barcelone\/"},"wordCount":226,"commentCount":0,"publisher":{"@id":"https:\/\/www.garciafaura.com\/fr\/#organization"},"image":{"@id":"https:\/\/www.garciafaura.com\/fr\/fermetures-avec-rupture-de-pont-thermique-pour-le-logement-social-a-barcelone\/#primaryimage"},"thumbnailUrl":"https:\/\/www.garciafaura.com\/wp-content\/uploads\/2019\/05\/HabitatgeDotacionalEscolaBressol.jpg","articleSection":["Actualit\u00e9"],"inLanguage":"fr-FR","potentialAction":[{"@type":"CommentAction","name":"Comment","target":["https:\/\/www.garciafaura.com\/fr\/fermetures-avec-rupture-de-pont-thermique-pour-le-logement-social-a-barcelone\/#respond"]}]},{"@type":"WebPage","@id":"https:\/\/www.garciafaura.com\/fr\/fermetures-avec-rupture-de-pont-thermique-pour-le-logement-social-a-barcelone\/","url":"https:\/\/www.garciafaura.com\/fr\/fermetures-avec-rupture-de-pont-thermique-pour-le-logement-social-a-barcelone\/","name":"Fermetures avec rupture de pont thermique pour le logement social \u00e0 Barcelone - GARCIA FAURA","isPartOf":{"@id":"https:\/\/www.garciafaura.com\/fr\/#website"},"primaryImageOfPage":{"@id":"https:\/\/www.garciafaura.com\/fr\/fermetures-avec-rupture-de-pont-thermique-pour-le-logement-social-a-barcelone\/#primaryimage"},"image":{"@id":"https:\/\/www.garciafaura.com\/fr\/fermetures-avec-rupture-de-pont-thermique-pour-le-logement-social-a-barcelone\/#primaryimage"},"thumbnailUrl":"https:\/\/www.garciafaura.com\/wp-content\/uploads\/2019\/05\/HabitatgeDotacionalEscolaBressol.jpg","datePublished":"2019-06-03T14:25:35+00:00","dateModified":"2019-07-19T11:22:35+00:00","description":"Arquitectura en Alumini, Inox, Ferro i Vidre","breadcrumb":{"@id":"https:\/\/www.garciafaura.com\/fr\/fermetures-avec-rupture-de-pont-thermique-pour-le-logement-social-a-barcelone\/#breadcrumb"},"inLanguage":"fr-FR","potentialAction":[{"@type":"ReadAction","target":["https:\/\/www.garciafaura.com\/fr\/fermetures-avec-rupture-de-pont-thermique-pour-le-logement-social-a-barcelone\/"]}]},{"@type":"ImageObject","inLanguage":"fr-FR","@id":"https:\/\/www.garciafaura.com\/fr\/fermetures-avec-rupture-de-pont-thermique-pour-le-logement-social-a-barcelone\/#primaryimage","url":"https:\/\/www.garciafaura.com\/wp-content\/uploads\/2019\/05\/HabitatgeDotacionalEscolaBressol.jpg","contentUrl":"https:\/\/www.garciafaura.com\/wp-content\/uploads\/2019\/05\/HabitatgeDotacionalEscolaBressol.jpg","width":1200,"height":628,"caption":"Habitatge social Comte Borrell"},{"@type":"BreadcrumbList","@id":"https:\/\/www.garciafaura.com\/fr\/fermetures-avec-rupture-de-pont-thermique-pour-le-logement-social-a-barcelone\/#breadcrumb","itemListElement":[{"@type":"ListItem","position":1,"name":"Inici","item":"https:\/\/www.garciafaura.com\/fr\/"},{"@type":"ListItem","position":2,"name":"Fermetures avec rupture de pont thermique pour le logement social \u00e0 Barcelone"}]},{"@type":"WebSite","@id":"https:\/\/www.garciafaura.com\/fr\/#website","url":"https:\/\/www.garciafaura.com\/fr\/","name":"GARCIA FAURA","description":"Arquitectura en Alumini, Inox, Ferro i Vidre","publisher":{"@id":"https:\/\/www.garciafaura.com\/fr\/#organization"},"potentialAction":[{"@type":"SearchAction","target":{"@type":"EntryPoint","urlTemplate":"https:\/\/www.garciafaura.com\/fr\/?s={search_term_string}"},"query-input":{"@type":"PropertyValueSpecification","valueRequired":true,"valueName":"search_term_string"}}],"inLanguage":"fr-FR"},{"@type":"Organization","@id":"https:\/\/www.garciafaura.com\/fr\/#organization","name":"GARCIA FAURA","url":"https:\/\/www.garciafaura.com\/fr\/","logo":{"@type":"ImageObject","inLanguage":"fr-FR","@id":"https:\/\/www.garciafaura.com\/fr\/#\/schema\/logo\/image\/","url":"https:\/\/www.garciafaura.com\/wp-content\/uploads\/2018\/09\/Garcia-Faura.png","contentUrl":"https:\/\/www.garciafaura.com\/wp-content\/uploads\/2018\/09\/Garcia-Faura.png","width":512,"height":512,"caption":"GARCIA FAURA"},"image":{"@id":"https:\/\/www.garciafaura.com\/fr\/#\/schema\/logo\/image\/"},"sameAs":["https:\/\/www.youtube.com\/user\/GARCIAFAURA"]},{"@type":"Person","@id":"https:\/\/www.garciafaura.com\/fr\/#\/schema\/person\/b4b75e69b33fac3446071909bec106b0","name":"David Achell","image":{"@type":"ImageObject","inLanguage":"fr-FR","@id":"https:\/\/www.garciafaura.com\/fr\/#\/schema\/person\/image\/","url":"https:\/\/secure.gravatar.com\/avatar\/03900210afc1f61bce737bcb4a79c02e2c997f171e3eca839b5a4cbe03846c90?s=96&d=blank&r=g","contentUrl":"https:\/\/secure.gravatar.com\/avatar\/03900210afc1f61bce737bcb4a79c02e2c997f171e3eca839b5a4cbe03846c90?s=96&d=blank&r=g","caption":"David Achell"}}]}},"_links":{"self":[{"href":"https:\/\/www.garciafaura.com\/fr\/wp-json\/wp\/v2\/posts\/21660","targetHints":{"allow":["GET"]}}],"collection":[{"href":"https:\/\/www.garciafaura.com\/fr\/wp-json\/wp\/v2\/posts"}],"about":[{"href":"https:\/\/www.garciafaura.com\/fr\/wp-json\/wp\/v2\/types\/post"}],"author":[{"embeddable":true,"href":"https:\/\/www.garciafaura.com\/fr\/wp-json\/wp\/v2\/users\/3"}],"replies":[{"embeddable":true,"href":"https:\/\/www.garciafaura.com\/fr\/wp-json\/wp\/v2\/comments?post=21660"}],"version-history":[{"count":1,"href":"https:\/\/www.garciafaura.com\/fr\/wp-json\/wp\/v2\/posts\/21660\/revisions"}],"predecessor-version":[{"id":21661,"href":"https:\/\/www.garciafaura.com\/fr\/wp-json\/wp\/v2\/posts\/21660\/revisions\/21661"}],"wp:featuredmedia":[{"embeddable":true,"href":"https:\/\/www.garciafaura.com\/fr\/wp-json\/wp\/v2\/media\/19878"}],"wp:attachment":[{"href":"https:\/\/www.garciafaura.com\/fr\/wp-json\/wp\/v2\/media?parent=21660"}],"wp:term":[{"taxonomy":"category","embeddable":true,"href":"https:\/\/www.garciafaura.com\/fr\/wp-json\/wp\/v2\/categories?post=21660"},{"taxonomy":"post_tag","embeddable":true,"href":"https:\/\/www.garciafaura.com\/fr\/wp-json\/wp\/v2\/tags?post=21660"},{"taxonomy":"post_series","embeddable":true,"href":"https:\/\/www.garciafaura.com\/fr\/wp-json\/wp\/v2\/post_series?post=21660"}],"curies":[{"name":"wp","href":"https:\/\/api.w.org\/{rel}","templated":true}]}}