{"id":21648,"date":"2019-06-03T13:51:49","date_gmt":"2019-06-03T13:51:49","guid":{"rendered":"https:\/\/www.garciafaura.com\/garcia-faura-travaux-prealables-a-lexecution-des-projets\/"},"modified":"2019-07-19T11:22:48","modified_gmt":"2019-07-19T11:22:48","slug":"garcia-faura-travaux-prealables-a-lexecution-des-projets","status":"publish","type":"post","link":"https:\/\/www.garciafaura.com\/fr\/garcia-faura-travaux-prealables-a-lexecution-des-projets\/","title":{"rendered":"GARCIA FAURA: travaux pr\u00e9alables \u00e0 l&rsquo;ex\u00e9cution des projets"},"content":{"rendered":"<p style=\"text-align: justify;\">Chez <strong>GARCIA FAURA<\/strong>, nous ne fabriquons et installons pas uniquement certains produits. Nous proposons \u00e9galement \u00e0 nos clients plusieurs <strong>valeurs immat\u00e9rielles telles que la connaissance, l&rsquo;exp\u00e9rience et la capacit\u00e9 technique<\/strong> pour faire face \u00e0 tout projet constructif avec la garantie du monde entier.<\/p>\n<p style=\"text-align: justify;\">En ce sens, les travaux pr\u00e9liminaires effectu\u00e9s par nos \u00e9quipes techniques et op\u00e9rationnelles, <strong> <\/strong>tels que des tests permettant de v\u00e9rifier que les exigences techniques du projet ou les \u00e9tudes et le d\u00e9veloppement technique des projets qu\u2019ils d\u00e9veloppent, sont souvent <strong>d\u00e9terminants<\/strong> pour la qualit\u00e9 du travail final. nos ing\u00e9nieurs et architectes du bureau technique et de production. d\u2019<strong>\u00e9tudier attentivement le comportement de nos produits<\/strong> et d\u2019apporter les modifications n\u00e9cessaires en collaboration avec la direction du projet et l\u2019\u00e9quipe d\u2019architecture du projet.<\/p>\n<p style=\"text-align: justify;\">Il est \u00e9galement n\u00e9cessaire de mettre en \u00e9vidence les <strong>\u00e9chantillons \u00e0 taille r\u00e9elle<\/strong> cr\u00e9\u00e9s par les services de production et d\u2019installation afin d\u2019\u00e9tudier attentivement le comportement de nos produits et d\u2019apporter les modifications n\u00e9cessaires en collaboration avec la direction du projet et l\u2019\u00e9quipe d\u2019architecture du projet.<\/p>\n","protected":false},"excerpt":{"rendered":"<p>Chez GARCIA FAURA, nous ne fabriquons et installons pas uniquement certains produits. Nous proposons \u00e9galement \u00e0 nos clients plusieurs valeurs immat\u00e9rielles telles que la connaissance, l&rsquo;exp\u00e9rience et la capacit\u00e9 technique pour faire face \u00e0 tout projet constructif avec la garantie&hellip;<\/p>\n","protected":false},"author":3,"featured_media":19057,"comment_status":"open","ping_status":"open","sticky":false,"template":"","format":"gallery","meta":{"footnotes":""},"categories":[2],"tags":[],"post_series":[],"class_list":["post-21648","post","type-post","status-publish","format-gallery","has-post-thumbnail","hentry","category-actualite","post_format-post-format-gallery","entry","has-media"],"yoast_head":"<!-- This site is optimized with the Yoast SEO plugin v26.7 - https:\/\/yoast.com\/wordpress\/plugins\/seo\/ -->\n<title>GARCIA FAURA: travaux pr\u00e9alables \u00e0 l&#039;ex\u00e9cution des projets - GARCIA FAURA<\/title>\n<meta name=\"description\" content=\"Arquitectura en Alumini, Inox, Ferro i Vidre\" \/>\n<meta name=\"robots\" content=\"index, follow, max-snippet:-1, max-image-preview:large, max-video-preview:-1\" \/>\n<link rel=\"canonical\" href=\"https:\/\/www.garciafaura.com\/fr\/garcia-faura-travaux-prealables-a-lexecution-des-projets\/\" \/>\n<meta property=\"og:locale\" content=\"fr_FR\" \/>\n<meta property=\"og:type\" content=\"article\" \/>\n<meta property=\"og:title\" content=\"GARCIA FAURA: travaux pr\u00e9alables \u00e0 l&#039;ex\u00e9cution des projets - GARCIA FAURA\" \/>\n<meta property=\"og:description\" content=\"Arquitectura en Alumini, Inox, Ferro i Vidre\" \/>\n<meta property=\"og:url\" content=\"https:\/\/www.garciafaura.com\/fr\/garcia-faura-travaux-prealables-a-lexecution-des-projets\/\" \/>\n<meta property=\"og:site_name\" content=\"GARCIA FAURA\" \/>\n<meta property=\"article:published_time\" content=\"2019-06-03T13:51:49+00:00\" \/>\n<meta property=\"article:modified_time\" content=\"2019-07-19T11:22:48+00:00\" \/>\n<meta property=\"og:image\" content=\"https:\/\/www.garciafaura.com\/wp-content\/uploads\/2019\/04\/Prototip2.jpg\" \/>\n\t<meta property=\"og:image:width\" content=\"1024\" \/>\n\t<meta property=\"og:image:height\" content=\"768\" \/>\n\t<meta property=\"og:image:type\" content=\"image\/jpeg\" \/>\n<meta name=\"author\" content=\"David Achell\" \/>\n<meta name=\"twitter:card\" content=\"summary_large_image\" \/>\n<meta name=\"twitter:label1\" content=\"\u00c9crit par\" \/>\n\t<meta name=\"twitter:data1\" content=\"David Achell\" \/>\n\t<meta name=\"twitter:label2\" content=\"Dur\u00e9e de lecture estim\u00e9e\" \/>\n\t<meta name=\"twitter:data2\" content=\"1 minute\" \/>\n<script type=\"application\/ld+json\" class=\"yoast-schema-graph\">{\"@context\":\"https:\/\/schema.org\",\"@graph\":[{\"@type\":\"Article\",\"@id\":\"https:\/\/www.garciafaura.com\/fr\/garcia-faura-travaux-prealables-a-lexecution-des-projets\/#article\",\"isPartOf\":{\"@id\":\"https:\/\/www.garciafaura.com\/fr\/garcia-faura-travaux-prealables-a-lexecution-des-projets\/\"},\"author\":{\"name\":\"David Achell\",\"@id\":\"https:\/\/www.garciafaura.com\/fr\/#\/schema\/person\/b4b75e69b33fac3446071909bec106b0\"},\"headline\":\"GARCIA FAURA: travaux pr\u00e9alables \u00e0 l&rsquo;ex\u00e9cution des projets\",\"datePublished\":\"2019-06-03T13:51:49+00:00\",\"dateModified\":\"2019-07-19T11:22:48+00:00\",\"mainEntityOfPage\":{\"@id\":\"https:\/\/www.garciafaura.com\/fr\/garcia-faura-travaux-prealables-a-lexecution-des-projets\/\"},\"wordCount\":202,\"commentCount\":0,\"publisher\":{\"@id\":\"https:\/\/www.garciafaura.com\/fr\/#organization\"},\"image\":{\"@id\":\"https:\/\/www.garciafaura.com\/fr\/garcia-faura-travaux-prealables-a-lexecution-des-projets\/#primaryimage\"},\"thumbnailUrl\":\"https:\/\/www.garciafaura.com\/wp-content\/uploads\/2019\/04\/Prototip2.jpg\",\"articleSection\":[\"Actualit\u00e9\"],\"inLanguage\":\"fr-FR\",\"potentialAction\":[{\"@type\":\"CommentAction\",\"name\":\"Comment\",\"target\":[\"https:\/\/www.garciafaura.com\/fr\/garcia-faura-travaux-prealables-a-lexecution-des-projets\/#respond\"]}]},{\"@type\":\"WebPage\",\"@id\":\"https:\/\/www.garciafaura.com\/fr\/garcia-faura-travaux-prealables-a-lexecution-des-projets\/\",\"url\":\"https:\/\/www.garciafaura.com\/fr\/garcia-faura-travaux-prealables-a-lexecution-des-projets\/\",\"name\":\"GARCIA FAURA: travaux pr\u00e9alables \u00e0 l'ex\u00e9cution des projets - GARCIA FAURA\",\"isPartOf\":{\"@id\":\"https:\/\/www.garciafaura.com\/fr\/#website\"},\"primaryImageOfPage\":{\"@id\":\"https:\/\/www.garciafaura.com\/fr\/garcia-faura-travaux-prealables-a-lexecution-des-projets\/#primaryimage\"},\"image\":{\"@id\":\"https:\/\/www.garciafaura.com\/fr\/garcia-faura-travaux-prealables-a-lexecution-des-projets\/#primaryimage\"},\"thumbnailUrl\":\"https:\/\/www.garciafaura.com\/wp-content\/uploads\/2019\/04\/Prototip2.jpg\",\"datePublished\":\"2019-06-03T13:51:49+00:00\",\"dateModified\":\"2019-07-19T11:22:48+00:00\",\"description\":\"Arquitectura en Alumini, Inox, Ferro i Vidre\",\"breadcrumb\":{\"@id\":\"https:\/\/www.garciafaura.com\/fr\/garcia-faura-travaux-prealables-a-lexecution-des-projets\/#breadcrumb\"},\"inLanguage\":\"fr-FR\",\"potentialAction\":[{\"@type\":\"ReadAction\",\"target\":[\"https:\/\/www.garciafaura.com\/fr\/garcia-faura-travaux-prealables-a-lexecution-des-projets\/\"]}]},{\"@type\":\"ImageObject\",\"inLanguage\":\"fr-FR\",\"@id\":\"https:\/\/www.garciafaura.com\/fr\/garcia-faura-travaux-prealables-a-lexecution-des-projets\/#primaryimage\",\"url\":\"https:\/\/www.garciafaura.com\/wp-content\/uploads\/2019\/04\/Prototip2.jpg\",\"contentUrl\":\"https:\/\/www.garciafaura.com\/wp-content\/uploads\/2019\/04\/Prototip2.jpg\",\"width\":1024,\"height\":768},{\"@type\":\"BreadcrumbList\",\"@id\":\"https:\/\/www.garciafaura.com\/fr\/garcia-faura-travaux-prealables-a-lexecution-des-projets\/#breadcrumb\",\"itemListElement\":[{\"@type\":\"ListItem\",\"position\":1,\"name\":\"Inici\",\"item\":\"https:\/\/www.garciafaura.com\/fr\/\"},{\"@type\":\"ListItem\",\"position\":2,\"name\":\"GARCIA FAURA: travaux pr\u00e9alables \u00e0 l&rsquo;ex\u00e9cution des projets\"}]},{\"@type\":\"WebSite\",\"@id\":\"https:\/\/www.garciafaura.com\/fr\/#website\",\"url\":\"https:\/\/www.garciafaura.com\/fr\/\",\"name\":\"GARCIA FAURA\",\"description\":\"Arquitectura en Alumini, Inox, Ferro i Vidre\",\"publisher\":{\"@id\":\"https:\/\/www.garciafaura.com\/fr\/#organization\"},\"potentialAction\":[{\"@type\":\"SearchAction\",\"target\":{\"@type\":\"EntryPoint\",\"urlTemplate\":\"https:\/\/www.garciafaura.com\/fr\/?s={search_term_string}\"},\"query-input\":{\"@type\":\"PropertyValueSpecification\",\"valueRequired\":true,\"valueName\":\"search_term_string\"}}],\"inLanguage\":\"fr-FR\"},{\"@type\":\"Organization\",\"@id\":\"https:\/\/www.garciafaura.com\/fr\/#organization\",\"name\":\"GARCIA FAURA\",\"url\":\"https:\/\/www.garciafaura.com\/fr\/\",\"logo\":{\"@type\":\"ImageObject\",\"inLanguage\":\"fr-FR\",\"@id\":\"https:\/\/www.garciafaura.com\/fr\/#\/schema\/logo\/image\/\",\"url\":\"https:\/\/www.garciafaura.com\/wp-content\/uploads\/2018\/09\/Garcia-Faura.png\",\"contentUrl\":\"https:\/\/www.garciafaura.com\/wp-content\/uploads\/2018\/09\/Garcia-Faura.png\",\"width\":512,\"height\":512,\"caption\":\"GARCIA FAURA\"},\"image\":{\"@id\":\"https:\/\/www.garciafaura.com\/fr\/#\/schema\/logo\/image\/\"},\"sameAs\":[\"https:\/\/www.youtube.com\/user\/GARCIAFAURA\"]},{\"@type\":\"Person\",\"@id\":\"https:\/\/www.garciafaura.com\/fr\/#\/schema\/person\/b4b75e69b33fac3446071909bec106b0\",\"name\":\"David Achell\",\"image\":{\"@type\":\"ImageObject\",\"inLanguage\":\"fr-FR\",\"@id\":\"https:\/\/www.garciafaura.com\/fr\/#\/schema\/person\/image\/\",\"url\":\"https:\/\/secure.gravatar.com\/avatar\/03900210afc1f61bce737bcb4a79c02e2c997f171e3eca839b5a4cbe03846c90?s=96&d=blank&r=g\",\"contentUrl\":\"https:\/\/secure.gravatar.com\/avatar\/03900210afc1f61bce737bcb4a79c02e2c997f171e3eca839b5a4cbe03846c90?s=96&d=blank&r=g\",\"caption\":\"David Achell\"}}]}<\/script>\n<!-- \/ Yoast SEO plugin. -->","yoast_head_json":{"title":"GARCIA FAURA: travaux pr\u00e9alables \u00e0 l'ex\u00e9cution des projets - GARCIA FAURA","description":"Arquitectura en Alumini, Inox, Ferro i Vidre","robots":{"index":"index","follow":"follow","max-snippet":"max-snippet:-1","max-image-preview":"max-image-preview:large","max-video-preview":"max-video-preview:-1"},"canonical":"https:\/\/www.garciafaura.com\/fr\/garcia-faura-travaux-prealables-a-lexecution-des-projets\/","og_locale":"fr_FR","og_type":"article","og_title":"GARCIA FAURA: travaux pr\u00e9alables \u00e0 l'ex\u00e9cution des projets - GARCIA FAURA","og_description":"Arquitectura en Alumini, Inox, Ferro i Vidre","og_url":"https:\/\/www.garciafaura.com\/fr\/garcia-faura-travaux-prealables-a-lexecution-des-projets\/","og_site_name":"GARCIA FAURA","article_published_time":"2019-06-03T13:51:49+00:00","article_modified_time":"2019-07-19T11:22:48+00:00","og_image":[{"width":1024,"height":768,"url":"https:\/\/www.garciafaura.com\/wp-content\/uploads\/2019\/04\/Prototip2.jpg","type":"image\/jpeg"}],"author":"David Achell","twitter_card":"summary_large_image","twitter_misc":{"\u00c9crit par":"David Achell","Dur\u00e9e de lecture estim\u00e9e":"1 minute"},"schema":{"@context":"https:\/\/schema.org","@graph":[{"@type":"Article","@id":"https:\/\/www.garciafaura.com\/fr\/garcia-faura-travaux-prealables-a-lexecution-des-projets\/#article","isPartOf":{"@id":"https:\/\/www.garciafaura.com\/fr\/garcia-faura-travaux-prealables-a-lexecution-des-projets\/"},"author":{"name":"David Achell","@id":"https:\/\/www.garciafaura.com\/fr\/#\/schema\/person\/b4b75e69b33fac3446071909bec106b0"},"headline":"GARCIA FAURA: travaux pr\u00e9alables \u00e0 l&rsquo;ex\u00e9cution des projets","datePublished":"2019-06-03T13:51:49+00:00","dateModified":"2019-07-19T11:22:48+00:00","mainEntityOfPage":{"@id":"https:\/\/www.garciafaura.com\/fr\/garcia-faura-travaux-prealables-a-lexecution-des-projets\/"},"wordCount":202,"commentCount":0,"publisher":{"@id":"https:\/\/www.garciafaura.com\/fr\/#organization"},"image":{"@id":"https:\/\/www.garciafaura.com\/fr\/garcia-faura-travaux-prealables-a-lexecution-des-projets\/#primaryimage"},"thumbnailUrl":"https:\/\/www.garciafaura.com\/wp-content\/uploads\/2019\/04\/Prototip2.jpg","articleSection":["Actualit\u00e9"],"inLanguage":"fr-FR","potentialAction":[{"@type":"CommentAction","name":"Comment","target":["https:\/\/www.garciafaura.com\/fr\/garcia-faura-travaux-prealables-a-lexecution-des-projets\/#respond"]}]},{"@type":"WebPage","@id":"https:\/\/www.garciafaura.com\/fr\/garcia-faura-travaux-prealables-a-lexecution-des-projets\/","url":"https:\/\/www.garciafaura.com\/fr\/garcia-faura-travaux-prealables-a-lexecution-des-projets\/","name":"GARCIA FAURA: travaux pr\u00e9alables \u00e0 l'ex\u00e9cution des projets - GARCIA FAURA","isPartOf":{"@id":"https:\/\/www.garciafaura.com\/fr\/#website"},"primaryImageOfPage":{"@id":"https:\/\/www.garciafaura.com\/fr\/garcia-faura-travaux-prealables-a-lexecution-des-projets\/#primaryimage"},"image":{"@id":"https:\/\/www.garciafaura.com\/fr\/garcia-faura-travaux-prealables-a-lexecution-des-projets\/#primaryimage"},"thumbnailUrl":"https:\/\/www.garciafaura.com\/wp-content\/uploads\/2019\/04\/Prototip2.jpg","datePublished":"2019-06-03T13:51:49+00:00","dateModified":"2019-07-19T11:22:48+00:00","description":"Arquitectura en Alumini, Inox, Ferro i Vidre","breadcrumb":{"@id":"https:\/\/www.garciafaura.com\/fr\/garcia-faura-travaux-prealables-a-lexecution-des-projets\/#breadcrumb"},"inLanguage":"fr-FR","potentialAction":[{"@type":"ReadAction","target":["https:\/\/www.garciafaura.com\/fr\/garcia-faura-travaux-prealables-a-lexecution-des-projets\/"]}]},{"@type":"ImageObject","inLanguage":"fr-FR","@id":"https:\/\/www.garciafaura.com\/fr\/garcia-faura-travaux-prealables-a-lexecution-des-projets\/#primaryimage","url":"https:\/\/www.garciafaura.com\/wp-content\/uploads\/2019\/04\/Prototip2.jpg","contentUrl":"https:\/\/www.garciafaura.com\/wp-content\/uploads\/2019\/04\/Prototip2.jpg","width":1024,"height":768},{"@type":"BreadcrumbList","@id":"https:\/\/www.garciafaura.com\/fr\/garcia-faura-travaux-prealables-a-lexecution-des-projets\/#breadcrumb","itemListElement":[{"@type":"ListItem","position":1,"name":"Inici","item":"https:\/\/www.garciafaura.com\/fr\/"},{"@type":"ListItem","position":2,"name":"GARCIA FAURA: travaux pr\u00e9alables \u00e0 l&rsquo;ex\u00e9cution des projets"}]},{"@type":"WebSite","@id":"https:\/\/www.garciafaura.com\/fr\/#website","url":"https:\/\/www.garciafaura.com\/fr\/","name":"GARCIA FAURA","description":"Arquitectura en Alumini, Inox, Ferro i Vidre","publisher":{"@id":"https:\/\/www.garciafaura.com\/fr\/#organization"},"potentialAction":[{"@type":"SearchAction","target":{"@type":"EntryPoint","urlTemplate":"https:\/\/www.garciafaura.com\/fr\/?s={search_term_string}"},"query-input":{"@type":"PropertyValueSpecification","valueRequired":true,"valueName":"search_term_string"}}],"inLanguage":"fr-FR"},{"@type":"Organization","@id":"https:\/\/www.garciafaura.com\/fr\/#organization","name":"GARCIA FAURA","url":"https:\/\/www.garciafaura.com\/fr\/","logo":{"@type":"ImageObject","inLanguage":"fr-FR","@id":"https:\/\/www.garciafaura.com\/fr\/#\/schema\/logo\/image\/","url":"https:\/\/www.garciafaura.com\/wp-content\/uploads\/2018\/09\/Garcia-Faura.png","contentUrl":"https:\/\/www.garciafaura.com\/wp-content\/uploads\/2018\/09\/Garcia-Faura.png","width":512,"height":512,"caption":"GARCIA FAURA"},"image":{"@id":"https:\/\/www.garciafaura.com\/fr\/#\/schema\/logo\/image\/"},"sameAs":["https:\/\/www.youtube.com\/user\/GARCIAFAURA"]},{"@type":"Person","@id":"https:\/\/www.garciafaura.com\/fr\/#\/schema\/person\/b4b75e69b33fac3446071909bec106b0","name":"David Achell","image":{"@type":"ImageObject","inLanguage":"fr-FR","@id":"https:\/\/www.garciafaura.com\/fr\/#\/schema\/person\/image\/","url":"https:\/\/secure.gravatar.com\/avatar\/03900210afc1f61bce737bcb4a79c02e2c997f171e3eca839b5a4cbe03846c90?s=96&d=blank&r=g","contentUrl":"https:\/\/secure.gravatar.com\/avatar\/03900210afc1f61bce737bcb4a79c02e2c997f171e3eca839b5a4cbe03846c90?s=96&d=blank&r=g","caption":"David Achell"}}]}},"_links":{"self":[{"href":"https:\/\/www.garciafaura.com\/fr\/wp-json\/wp\/v2\/posts\/21648","targetHints":{"allow":["GET"]}}],"collection":[{"href":"https:\/\/www.garciafaura.com\/fr\/wp-json\/wp\/v2\/posts"}],"about":[{"href":"https:\/\/www.garciafaura.com\/fr\/wp-json\/wp\/v2\/types\/post"}],"author":[{"embeddable":true,"href":"https:\/\/www.garciafaura.com\/fr\/wp-json\/wp\/v2\/users\/3"}],"replies":[{"embeddable":true,"href":"https:\/\/www.garciafaura.com\/fr\/wp-json\/wp\/v2\/comments?post=21648"}],"version-history":[{"count":2,"href":"https:\/\/www.garciafaura.com\/fr\/wp-json\/wp\/v2\/posts\/21648\/revisions"}],"predecessor-version":[{"id":22651,"href":"https:\/\/www.garciafaura.com\/fr\/wp-json\/wp\/v2\/posts\/21648\/revisions\/22651"}],"wp:featuredmedia":[{"embeddable":true,"href":"https:\/\/www.garciafaura.com\/fr\/wp-json\/wp\/v2\/media\/19057"}],"wp:attachment":[{"href":"https:\/\/www.garciafaura.com\/fr\/wp-json\/wp\/v2\/media?parent=21648"}],"wp:term":[{"taxonomy":"category","embeddable":true,"href":"https:\/\/www.garciafaura.com\/fr\/wp-json\/wp\/v2\/categories?post=21648"},{"taxonomy":"post_tag","embeddable":true,"href":"https:\/\/www.garciafaura.com\/fr\/wp-json\/wp\/v2\/tags?post=21648"},{"taxonomy":"post_series","embeddable":true,"href":"https:\/\/www.garciafaura.com\/fr\/wp-json\/wp\/v2\/post_series?post=21648"}],"curies":[{"name":"wp","href":"https:\/\/api.w.org\/{rel}","templated":true}]}}