{"id":17205,"date":"2019-02-12T10:30:33","date_gmt":"2019-02-12T10:30:33","guid":{"rendered":"https:\/\/www.garciafaura.com\/fermetures-en-aluminium-de-garcia-faura-au-gran-hotel-torre-catalunya\/"},"modified":"2019-06-03T17:57:10","modified_gmt":"2019-06-03T17:57:10","slug":"fermetures-en-aluminium-de-garcia-faura-au-gran-hotel-torre-catalunya","status":"publish","type":"post","link":"https:\/\/www.garciafaura.com\/fr\/fermetures-en-aluminium-de-garcia-faura-au-gran-hotel-torre-catalunya\/","title":{"rendered":"Fermetures en aluminium de GARCIA FAURA pour le Gran Hotel Torre Catalunya"},"content":{"rendered":"<p style=\"text-align: justify;\"><strong>GARCIA FAURA<\/strong> participera au renouvellement et au r\u00e9am\u00e9nagement du Gran Hotel Torre Catalunya, Barcelone, situ\u00e9 pr\u00e8s de la gare de Sants. Rouvert en 2004, cet \u00e9tablissement dispose d\u00e9j\u00e0 de salles nobles, d\u2019un spa et de suites r\u00e9nov\u00e9es. Les pi\u00e8ces restantes seront remises en \u00e9tat au cours de cette ann\u00e9e.<\/p>\n<p style=\"text-align: justify;\">Le Gran Hotel Torre Catalunya occupe un b\u00e2timent construit dans les ann\u00e9es 70 du si\u00e8cle pass\u00e9 et qui, \u00e0 l\u2019\u00e9poque, abritait des bureaux. Apr\u00e8s la r\u00e9novation (dans laquelle seront investis 30 millions d\u2019euros) l\u2019h\u00f4tel aura un restaurant Nobu au 23\u00e8me \u00e9tage (avec une vue panoramique de 360 degr\u00e9s sur Barcelone), mais son nombre de chambres diminuera, \u00e0 savoir 265 au lieu de 272 actuellement.<\/p>\n<p style=\"text-align: justify;\"><strong>GARCIA FAURA<\/strong> installera 870 m\u00e8tres carr\u00e9s de bo\u00eetiers d\u2019aluminium, notamment <s>dans des<\/s> fen\u00eatres avec profil\u00e9 \u00e0 ouvrant cach\u00e9 qui laissent passer un maximum de lumi\u00e8re naturelle. Le design des fen\u00eatres se caract\u00e9rise par des lignes droites et une ergonomie optimale. L\u2019h\u00f4tel sera \u00e9galement \u00e9quip\u00e9 de portes \u00e0 hautes performance thermique.<\/p>\n<p style=\"text-align: justify;\">D\u2019autres travaux \u00e0 la charge de <strong>GARCIA FAURA<\/strong> dans cet h\u00f4tel consisteront en l\u2019installation de nouvelles balustrades en verre et le remplacement du vitrage du mur-rideau actuel par un autre dot\u00e9 de meilleures performances thermiques et acoustiques.<\/p>\n<p style=\"text-align: justify;\">Le Gran Hotel Torre Catalunya appartient au groupe Selenta, mais est g\u00e9r\u00e9 par Nobu Hospitality. Selenta est actuellement propri\u00e9taire de six h\u00f4tels, trois d\u2019entre eux \u00e0 Barcelone et le reste \u00e0 Marbella, Tenerife et Valence. L\u2019h\u00f4tel dispose de 2 800 chambres et emploie environ 1 400 personnes.<\/p>\n","protected":false},"excerpt":{"rendered":"<p>GARCIA FAURA participera au renouvellement et au r\u00e9am\u00e9nagement du Gran Hotel Torre Catalunya, Barcelone, situ\u00e9 pr\u00e8s de la gare de Sants. Rouvert en 2004, cet \u00e9tablissement dispose d\u00e9j\u00e0 de salles nobles, d\u2019un spa et de suites r\u00e9nov\u00e9es. Les pi\u00e8ces restantes&hellip;<\/p>\n","protected":false},"author":3,"featured_media":17183,"comment_status":"open","ping_status":"open","sticky":false,"template":"","format":"standard","meta":{"footnotes":""},"categories":[2],"tags":[],"post_series":[],"class_list":["post-17205","post","type-post","status-publish","format-standard","has-post-thumbnail","hentry","category-actualite","entry","has-media"],"yoast_head":"<!-- This site is optimized with the Yoast SEO plugin v26.7 - https:\/\/yoast.com\/wordpress\/plugins\/seo\/ -->\n<title>Fermetures en aluminium de GARCIA FAURA pour le Gran Hotel Torre Catalunya - GARCIA FAURA<\/title>\n<meta name=\"description\" content=\"Arquitectura en Alumini, Inox, Ferro i Vidre\" \/>\n<meta name=\"robots\" content=\"index, follow, max-snippet:-1, max-image-preview:large, max-video-preview:-1\" \/>\n<link rel=\"canonical\" href=\"https:\/\/www.garciafaura.com\/fr\/fermetures-en-aluminium-de-garcia-faura-au-gran-hotel-torre-catalunya\/\" \/>\n<meta property=\"og:locale\" content=\"fr_FR\" \/>\n<meta property=\"og:type\" content=\"article\" \/>\n<meta property=\"og:title\" content=\"Fermetures en aluminium de GARCIA FAURA pour le Gran Hotel Torre Catalunya - GARCIA FAURA\" \/>\n<meta property=\"og:description\" content=\"Arquitectura en Alumini, Inox, Ferro i Vidre\" \/>\n<meta property=\"og:url\" content=\"https:\/\/www.garciafaura.com\/fr\/fermetures-en-aluminium-de-garcia-faura-au-gran-hotel-torre-catalunya\/\" \/>\n<meta property=\"og:site_name\" content=\"GARCIA FAURA\" \/>\n<meta property=\"article:published_time\" content=\"2019-02-12T10:30:33+00:00\" \/>\n<meta property=\"article:modified_time\" content=\"2019-06-03T17:57:10+00:00\" \/>\n<meta property=\"og:image\" content=\"https:\/\/www.garciafaura.com\/wp-content\/uploads\/2019\/02\/hoteltorrecatalunya2.jpg\" \/>\n\t<meta property=\"og:image:width\" content=\"800\" \/>\n\t<meta property=\"og:image:height\" content=\"419\" \/>\n\t<meta property=\"og:image:type\" content=\"image\/jpeg\" \/>\n<meta name=\"author\" content=\"David Achell\" \/>\n<meta name=\"twitter:card\" content=\"summary_large_image\" \/>\n<meta name=\"twitter:label1\" content=\"\u00c9crit par\" \/>\n\t<meta name=\"twitter:data1\" content=\"David Achell\" \/>\n\t<meta name=\"twitter:label2\" content=\"Dur\u00e9e de lecture estim\u00e9e\" \/>\n\t<meta name=\"twitter:data2\" content=\"1 minute\" \/>\n<script type=\"application\/ld+json\" class=\"yoast-schema-graph\">{\"@context\":\"https:\/\/schema.org\",\"@graph\":[{\"@type\":\"Article\",\"@id\":\"https:\/\/www.garciafaura.com\/fr\/fermetures-en-aluminium-de-garcia-faura-au-gran-hotel-torre-catalunya\/#article\",\"isPartOf\":{\"@id\":\"https:\/\/www.garciafaura.com\/fr\/fermetures-en-aluminium-de-garcia-faura-au-gran-hotel-torre-catalunya\/\"},\"author\":{\"name\":\"David Achell\",\"@id\":\"https:\/\/www.garciafaura.com\/fr\/#\/schema\/person\/b4b75e69b33fac3446071909bec106b0\"},\"headline\":\"Fermetures en aluminium de GARCIA FAURA pour le Gran Hotel Torre Catalunya\",\"datePublished\":\"2019-02-12T10:30:33+00:00\",\"dateModified\":\"2019-06-03T17:57:10+00:00\",\"mainEntityOfPage\":{\"@id\":\"https:\/\/www.garciafaura.com\/fr\/fermetures-en-aluminium-de-garcia-faura-au-gran-hotel-torre-catalunya\/\"},\"wordCount\":279,\"commentCount\":0,\"publisher\":{\"@id\":\"https:\/\/www.garciafaura.com\/fr\/#organization\"},\"image\":{\"@id\":\"https:\/\/www.garciafaura.com\/fr\/fermetures-en-aluminium-de-garcia-faura-au-gran-hotel-torre-catalunya\/#primaryimage\"},\"thumbnailUrl\":\"https:\/\/www.garciafaura.com\/wp-content\/uploads\/2019\/02\/hoteltorrecatalunya2.jpg\",\"articleSection\":[\"Actualit\u00e9\"],\"inLanguage\":\"fr-FR\",\"potentialAction\":[{\"@type\":\"CommentAction\",\"name\":\"Comment\",\"target\":[\"https:\/\/www.garciafaura.com\/fr\/fermetures-en-aluminium-de-garcia-faura-au-gran-hotel-torre-catalunya\/#respond\"]}]},{\"@type\":\"WebPage\",\"@id\":\"https:\/\/www.garciafaura.com\/fr\/fermetures-en-aluminium-de-garcia-faura-au-gran-hotel-torre-catalunya\/\",\"url\":\"https:\/\/www.garciafaura.com\/fr\/fermetures-en-aluminium-de-garcia-faura-au-gran-hotel-torre-catalunya\/\",\"name\":\"Fermetures en aluminium de GARCIA FAURA pour le Gran Hotel Torre Catalunya - GARCIA FAURA\",\"isPartOf\":{\"@id\":\"https:\/\/www.garciafaura.com\/fr\/#website\"},\"primaryImageOfPage\":{\"@id\":\"https:\/\/www.garciafaura.com\/fr\/fermetures-en-aluminium-de-garcia-faura-au-gran-hotel-torre-catalunya\/#primaryimage\"},\"image\":{\"@id\":\"https:\/\/www.garciafaura.com\/fr\/fermetures-en-aluminium-de-garcia-faura-au-gran-hotel-torre-catalunya\/#primaryimage\"},\"thumbnailUrl\":\"https:\/\/www.garciafaura.com\/wp-content\/uploads\/2019\/02\/hoteltorrecatalunya2.jpg\",\"datePublished\":\"2019-02-12T10:30:33+00:00\",\"dateModified\":\"2019-06-03T17:57:10+00:00\",\"description\":\"Arquitectura en Alumini, Inox, Ferro i Vidre\",\"breadcrumb\":{\"@id\":\"https:\/\/www.garciafaura.com\/fr\/fermetures-en-aluminium-de-garcia-faura-au-gran-hotel-torre-catalunya\/#breadcrumb\"},\"inLanguage\":\"fr-FR\",\"potentialAction\":[{\"@type\":\"ReadAction\",\"target\":[\"https:\/\/www.garciafaura.com\/fr\/fermetures-en-aluminium-de-garcia-faura-au-gran-hotel-torre-catalunya\/\"]}]},{\"@type\":\"ImageObject\",\"inLanguage\":\"fr-FR\",\"@id\":\"https:\/\/www.garciafaura.com\/fr\/fermetures-en-aluminium-de-garcia-faura-au-gran-hotel-torre-catalunya\/#primaryimage\",\"url\":\"https:\/\/www.garciafaura.com\/wp-content\/uploads\/2019\/02\/hoteltorrecatalunya2.jpg\",\"contentUrl\":\"https:\/\/www.garciafaura.com\/wp-content\/uploads\/2019\/02\/hoteltorrecatalunya2.jpg\",\"width\":800,\"height\":419,\"caption\":\"Travaux de r\u00e9habilitation d'un h\u00f4tel du centre de Barcelone\"},{\"@type\":\"BreadcrumbList\",\"@id\":\"https:\/\/www.garciafaura.com\/fr\/fermetures-en-aluminium-de-garcia-faura-au-gran-hotel-torre-catalunya\/#breadcrumb\",\"itemListElement\":[{\"@type\":\"ListItem\",\"position\":1,\"name\":\"Inici\",\"item\":\"https:\/\/www.garciafaura.com\/fr\/\"},{\"@type\":\"ListItem\",\"position\":2,\"name\":\"Fermetures en aluminium de GARCIA FAURA pour le Gran Hotel Torre Catalunya\"}]},{\"@type\":\"WebSite\",\"@id\":\"https:\/\/www.garciafaura.com\/fr\/#website\",\"url\":\"https:\/\/www.garciafaura.com\/fr\/\",\"name\":\"GARCIA FAURA\",\"description\":\"Arquitectura en Alumini, Inox, Ferro i Vidre\",\"publisher\":{\"@id\":\"https:\/\/www.garciafaura.com\/fr\/#organization\"},\"potentialAction\":[{\"@type\":\"SearchAction\",\"target\":{\"@type\":\"EntryPoint\",\"urlTemplate\":\"https:\/\/www.garciafaura.com\/fr\/?s={search_term_string}\"},\"query-input\":{\"@type\":\"PropertyValueSpecification\",\"valueRequired\":true,\"valueName\":\"search_term_string\"}}],\"inLanguage\":\"fr-FR\"},{\"@type\":\"Organization\",\"@id\":\"https:\/\/www.garciafaura.com\/fr\/#organization\",\"name\":\"GARCIA FAURA\",\"url\":\"https:\/\/www.garciafaura.com\/fr\/\",\"logo\":{\"@type\":\"ImageObject\",\"inLanguage\":\"fr-FR\",\"@id\":\"https:\/\/www.garciafaura.com\/fr\/#\/schema\/logo\/image\/\",\"url\":\"https:\/\/www.garciafaura.com\/wp-content\/uploads\/2018\/09\/Garcia-Faura.png\",\"contentUrl\":\"https:\/\/www.garciafaura.com\/wp-content\/uploads\/2018\/09\/Garcia-Faura.png\",\"width\":512,\"height\":512,\"caption\":\"GARCIA FAURA\"},\"image\":{\"@id\":\"https:\/\/www.garciafaura.com\/fr\/#\/schema\/logo\/image\/\"},\"sameAs\":[\"https:\/\/www.youtube.com\/user\/GARCIAFAURA\"]},{\"@type\":\"Person\",\"@id\":\"https:\/\/www.garciafaura.com\/fr\/#\/schema\/person\/b4b75e69b33fac3446071909bec106b0\",\"name\":\"David Achell\",\"image\":{\"@type\":\"ImageObject\",\"inLanguage\":\"fr-FR\",\"@id\":\"https:\/\/www.garciafaura.com\/fr\/#\/schema\/person\/image\/\",\"url\":\"https:\/\/secure.gravatar.com\/avatar\/03900210afc1f61bce737bcb4a79c02e2c997f171e3eca839b5a4cbe03846c90?s=96&d=blank&r=g\",\"contentUrl\":\"https:\/\/secure.gravatar.com\/avatar\/03900210afc1f61bce737bcb4a79c02e2c997f171e3eca839b5a4cbe03846c90?s=96&d=blank&r=g\",\"caption\":\"David Achell\"}}]}<\/script>\n<!-- \/ Yoast SEO plugin. -->","yoast_head_json":{"title":"Fermetures en aluminium de GARCIA FAURA pour le Gran Hotel Torre Catalunya - GARCIA FAURA","description":"Arquitectura en Alumini, Inox, Ferro i Vidre","robots":{"index":"index","follow":"follow","max-snippet":"max-snippet:-1","max-image-preview":"max-image-preview:large","max-video-preview":"max-video-preview:-1"},"canonical":"https:\/\/www.garciafaura.com\/fr\/fermetures-en-aluminium-de-garcia-faura-au-gran-hotel-torre-catalunya\/","og_locale":"fr_FR","og_type":"article","og_title":"Fermetures en aluminium de GARCIA FAURA pour le Gran Hotel Torre Catalunya - GARCIA FAURA","og_description":"Arquitectura en Alumini, Inox, Ferro i Vidre","og_url":"https:\/\/www.garciafaura.com\/fr\/fermetures-en-aluminium-de-garcia-faura-au-gran-hotel-torre-catalunya\/","og_site_name":"GARCIA FAURA","article_published_time":"2019-02-12T10:30:33+00:00","article_modified_time":"2019-06-03T17:57:10+00:00","og_image":[{"width":800,"height":419,"url":"https:\/\/www.garciafaura.com\/wp-content\/uploads\/2019\/02\/hoteltorrecatalunya2.jpg","type":"image\/jpeg"}],"author":"David Achell","twitter_card":"summary_large_image","twitter_misc":{"\u00c9crit par":"David Achell","Dur\u00e9e de lecture estim\u00e9e":"1 minute"},"schema":{"@context":"https:\/\/schema.org","@graph":[{"@type":"Article","@id":"https:\/\/www.garciafaura.com\/fr\/fermetures-en-aluminium-de-garcia-faura-au-gran-hotel-torre-catalunya\/#article","isPartOf":{"@id":"https:\/\/www.garciafaura.com\/fr\/fermetures-en-aluminium-de-garcia-faura-au-gran-hotel-torre-catalunya\/"},"author":{"name":"David Achell","@id":"https:\/\/www.garciafaura.com\/fr\/#\/schema\/person\/b4b75e69b33fac3446071909bec106b0"},"headline":"Fermetures en aluminium de GARCIA FAURA pour le Gran Hotel Torre Catalunya","datePublished":"2019-02-12T10:30:33+00:00","dateModified":"2019-06-03T17:57:10+00:00","mainEntityOfPage":{"@id":"https:\/\/www.garciafaura.com\/fr\/fermetures-en-aluminium-de-garcia-faura-au-gran-hotel-torre-catalunya\/"},"wordCount":279,"commentCount":0,"publisher":{"@id":"https:\/\/www.garciafaura.com\/fr\/#organization"},"image":{"@id":"https:\/\/www.garciafaura.com\/fr\/fermetures-en-aluminium-de-garcia-faura-au-gran-hotel-torre-catalunya\/#primaryimage"},"thumbnailUrl":"https:\/\/www.garciafaura.com\/wp-content\/uploads\/2019\/02\/hoteltorrecatalunya2.jpg","articleSection":["Actualit\u00e9"],"inLanguage":"fr-FR","potentialAction":[{"@type":"CommentAction","name":"Comment","target":["https:\/\/www.garciafaura.com\/fr\/fermetures-en-aluminium-de-garcia-faura-au-gran-hotel-torre-catalunya\/#respond"]}]},{"@type":"WebPage","@id":"https:\/\/www.garciafaura.com\/fr\/fermetures-en-aluminium-de-garcia-faura-au-gran-hotel-torre-catalunya\/","url":"https:\/\/www.garciafaura.com\/fr\/fermetures-en-aluminium-de-garcia-faura-au-gran-hotel-torre-catalunya\/","name":"Fermetures en aluminium de GARCIA FAURA pour le Gran Hotel Torre Catalunya - GARCIA FAURA","isPartOf":{"@id":"https:\/\/www.garciafaura.com\/fr\/#website"},"primaryImageOfPage":{"@id":"https:\/\/www.garciafaura.com\/fr\/fermetures-en-aluminium-de-garcia-faura-au-gran-hotel-torre-catalunya\/#primaryimage"},"image":{"@id":"https:\/\/www.garciafaura.com\/fr\/fermetures-en-aluminium-de-garcia-faura-au-gran-hotel-torre-catalunya\/#primaryimage"},"thumbnailUrl":"https:\/\/www.garciafaura.com\/wp-content\/uploads\/2019\/02\/hoteltorrecatalunya2.jpg","datePublished":"2019-02-12T10:30:33+00:00","dateModified":"2019-06-03T17:57:10+00:00","description":"Arquitectura en Alumini, Inox, Ferro i Vidre","breadcrumb":{"@id":"https:\/\/www.garciafaura.com\/fr\/fermetures-en-aluminium-de-garcia-faura-au-gran-hotel-torre-catalunya\/#breadcrumb"},"inLanguage":"fr-FR","potentialAction":[{"@type":"ReadAction","target":["https:\/\/www.garciafaura.com\/fr\/fermetures-en-aluminium-de-garcia-faura-au-gran-hotel-torre-catalunya\/"]}]},{"@type":"ImageObject","inLanguage":"fr-FR","@id":"https:\/\/www.garciafaura.com\/fr\/fermetures-en-aluminium-de-garcia-faura-au-gran-hotel-torre-catalunya\/#primaryimage","url":"https:\/\/www.garciafaura.com\/wp-content\/uploads\/2019\/02\/hoteltorrecatalunya2.jpg","contentUrl":"https:\/\/www.garciafaura.com\/wp-content\/uploads\/2019\/02\/hoteltorrecatalunya2.jpg","width":800,"height":419,"caption":"Travaux de r\u00e9habilitation d'un h\u00f4tel du centre de Barcelone"},{"@type":"BreadcrumbList","@id":"https:\/\/www.garciafaura.com\/fr\/fermetures-en-aluminium-de-garcia-faura-au-gran-hotel-torre-catalunya\/#breadcrumb","itemListElement":[{"@type":"ListItem","position":1,"name":"Inici","item":"https:\/\/www.garciafaura.com\/fr\/"},{"@type":"ListItem","position":2,"name":"Fermetures en aluminium de GARCIA FAURA pour le Gran Hotel Torre Catalunya"}]},{"@type":"WebSite","@id":"https:\/\/www.garciafaura.com\/fr\/#website","url":"https:\/\/www.garciafaura.com\/fr\/","name":"GARCIA FAURA","description":"Arquitectura en Alumini, Inox, Ferro i Vidre","publisher":{"@id":"https:\/\/www.garciafaura.com\/fr\/#organization"},"potentialAction":[{"@type":"SearchAction","target":{"@type":"EntryPoint","urlTemplate":"https:\/\/www.garciafaura.com\/fr\/?s={search_term_string}"},"query-input":{"@type":"PropertyValueSpecification","valueRequired":true,"valueName":"search_term_string"}}],"inLanguage":"fr-FR"},{"@type":"Organization","@id":"https:\/\/www.garciafaura.com\/fr\/#organization","name":"GARCIA FAURA","url":"https:\/\/www.garciafaura.com\/fr\/","logo":{"@type":"ImageObject","inLanguage":"fr-FR","@id":"https:\/\/www.garciafaura.com\/fr\/#\/schema\/logo\/image\/","url":"https:\/\/www.garciafaura.com\/wp-content\/uploads\/2018\/09\/Garcia-Faura.png","contentUrl":"https:\/\/www.garciafaura.com\/wp-content\/uploads\/2018\/09\/Garcia-Faura.png","width":512,"height":512,"caption":"GARCIA FAURA"},"image":{"@id":"https:\/\/www.garciafaura.com\/fr\/#\/schema\/logo\/image\/"},"sameAs":["https:\/\/www.youtube.com\/user\/GARCIAFAURA"]},{"@type":"Person","@id":"https:\/\/www.garciafaura.com\/fr\/#\/schema\/person\/b4b75e69b33fac3446071909bec106b0","name":"David Achell","image":{"@type":"ImageObject","inLanguage":"fr-FR","@id":"https:\/\/www.garciafaura.com\/fr\/#\/schema\/person\/image\/","url":"https:\/\/secure.gravatar.com\/avatar\/03900210afc1f61bce737bcb4a79c02e2c997f171e3eca839b5a4cbe03846c90?s=96&d=blank&r=g","contentUrl":"https:\/\/secure.gravatar.com\/avatar\/03900210afc1f61bce737bcb4a79c02e2c997f171e3eca839b5a4cbe03846c90?s=96&d=blank&r=g","caption":"David Achell"}}]}},"_links":{"self":[{"href":"https:\/\/www.garciafaura.com\/fr\/wp-json\/wp\/v2\/posts\/17205","targetHints":{"allow":["GET"]}}],"collection":[{"href":"https:\/\/www.garciafaura.com\/fr\/wp-json\/wp\/v2\/posts"}],"about":[{"href":"https:\/\/www.garciafaura.com\/fr\/wp-json\/wp\/v2\/types\/post"}],"author":[{"embeddable":true,"href":"https:\/\/www.garciafaura.com\/fr\/wp-json\/wp\/v2\/users\/3"}],"replies":[{"embeddable":true,"href":"https:\/\/www.garciafaura.com\/fr\/wp-json\/wp\/v2\/comments?post=17205"}],"version-history":[{"count":1,"href":"https:\/\/www.garciafaura.com\/fr\/wp-json\/wp\/v2\/posts\/17205\/revisions"}],"predecessor-version":[{"id":19376,"href":"https:\/\/www.garciafaura.com\/fr\/wp-json\/wp\/v2\/posts\/17205\/revisions\/19376"}],"wp:featuredmedia":[{"embeddable":true,"href":"https:\/\/www.garciafaura.com\/fr\/wp-json\/wp\/v2\/media\/17183"}],"wp:attachment":[{"href":"https:\/\/www.garciafaura.com\/fr\/wp-json\/wp\/v2\/media?parent=17205"}],"wp:term":[{"taxonomy":"category","embeddable":true,"href":"https:\/\/www.garciafaura.com\/fr\/wp-json\/wp\/v2\/categories?post=17205"},{"taxonomy":"post_tag","embeddable":true,"href":"https:\/\/www.garciafaura.com\/fr\/wp-json\/wp\/v2\/tags?post=17205"},{"taxonomy":"post_series","embeddable":true,"href":"https:\/\/www.garciafaura.com\/fr\/wp-json\/wp\/v2\/post_series?post=17205"}],"curies":[{"name":"wp","href":"https:\/\/api.w.org\/{rel}","templated":true}]}}