{"id":17198,"date":"2019-02-12T09:05:55","date_gmt":"2019-02-12T09:05:55","guid":{"rendered":"https:\/\/www.garciafaura.com\/garcia-faura-commence-lannee-avec-de-grands-defis-constructifs\/"},"modified":"2019-06-03T17:57:38","modified_gmt":"2019-06-03T17:57:38","slug":"garcia-faura-commence-lannee-avec-de-grands-defis-constructifs","status":"publish","type":"post","link":"https:\/\/www.garciafaura.com\/fr\/garcia-faura-commence-lannee-avec-de-grands-defis-constructifs\/","title":{"rendered":"GARCIA FAURA d\u00e9marre l\u2019ann\u00e9e avec de grands d\u00e9fis constructifs"},"content":{"rendered":"<p style=\"text-align: justify;\"><strong>Garcia FAURA<\/strong> commence la nouvelle ann\u00e9es avec de grands d\u00e9fis constructifs dans son portefeuille. Certains d\u2019entre eux sont d\u00e9j\u00e0 mis en \u0153uvre dans plusieurs endroits d\u2019Espagne, ainsi qu\u2019en France et au Luxembourg. En outre, l\u2019entreprise s\u2019efforce d\u2019obtenir les nouvelles propositions d\u2019appel d\u2019offres. Un trimestre, en somme, qui s\u2019annonce tr\u00e8s intense pour les \u00e9quipes technique et op\u00e9rationnelle de l&rsquo;entreprise.<\/p>\n<p style=\"text-align: justify;\">Parmi les projets d\u00e9j\u00e0 en cours en Espagne figure la r\u00e9alisation du centre commercial Palmas Altas de S\u00e9ville, le plus grand de l\u2019Andalousie, pour lequel l\u2019entreprise concevra, fabriquera et installera 1 800 m\u00e8tres carr\u00e9s de mur-rideau et 3 500 m\u00e8tres carr\u00e9s de verri\u00e8res de type triangulaire, rectangulaire et trap\u00e9zo\u00efdal.<\/p>\n<p style=\"text-align: justify;\">Un autre grand projet auquel participe <strong>GARCIA FAURA<\/strong> est la r\u00e9novation de l\u2019a\u00e9roport son Sant Joan \u00e0 Palma de Majorque. L\u2019entreprise fabriquera et assemblera 575 m\u00e8tres carr\u00e9s de fermetures en aluminium pour les ex\u00e9cuteurs et un puit de lumi\u00e8re \u00e0 deux versants de 2 500 m\u00e8tres carr\u00e9s avec des profil\u00e9s en aluminium de mur-rideau, plus 21 unit\u00e9s de murs-rideaux courbes avec des profil\u00e9s en aluminium d\u2019une surface de 1 350 m\u00e8tres carr\u00e9s..<\/p>\n<p style=\"text-align: justify;\">Finalement, il y a lieu de signaler le grand projet r\u00e9sidentiel Diagonal Zero, \u00e0 Barcelone, pour lequel <strong>GARCIA FAURA<\/strong> r\u00e9alisera plusieurs travaux de menuiserie en aluminium, fermetures et verres.<\/p>\n<p style=\"text-align: justify;\">\u00c0 l\u2019\u00e9chelle internationale, <strong>GARCIA FAURA<\/strong> poursuivra ses efforts pour consolider le march\u00e9 francophone. C\u2019est ainsi que, par exemple, l\u2019entreprise est impliqu\u00e9e dans la r\u00e9novation d\u2019un immeuble du XIX\u00e8me si\u00e8cle situ\u00e9 sur l\u2019embl\u00e9matique boulevard Haussmann de Paris, pour en faire un immeuble de bureaux moderne et fonctionnel tout en pr\u00e9servant l\u2019esth\u00e9tique de la fa\u00e7ade ext\u00e9rieure.<\/p>\n<p style=\"text-align: justify;\">Dans le nord de la capitale fran\u00e7aise, <strong>GARCIA FAURA<\/strong> participe \u00e0 la construction du campus universitaire Condorcet avec l\u2019installation de fermetures en aluminium et d\u2019un mur-rideau mixte en acier d\u2019une surface de 1 500 m\u00e8tres carr\u00e9s. Et dans la ville de Nanterre, elle r\u00e9alisera des travaux de menuiserie en aluminium et un mur-rideau, entre autres, pour un complexe de bureaux.<\/p>\n<p style=\"text-align: justify;\">Et pour la premi\u00e8re fois, <strong>GARCIA FAURA<\/strong> apportera son expertise \u00e0 la ville de Luxembourg, o\u00f9 l\u2019entreprise participera \u00e0 la construction d\u2019un h\u00f4tel et d\u2019un immeuble de bureaux. Pour ces projets sont pr\u00e9vus des travaux de menuiserie en aluminium \u00e0 haute performance de la plus grande qualit\u00e9.<\/p>\n","protected":false},"excerpt":{"rendered":"<p>Garcia FAURA commence la nouvelle ann\u00e9es avec de grands d\u00e9fis constructifs dans son portefeuille. Certains d\u2019entre eux sont d\u00e9j\u00e0 mis en \u0153uvre dans plusieurs endroits d\u2019Espagne, ainsi qu\u2019en France et au Luxembourg. En outre, l\u2019entreprise s\u2019efforce d\u2019obtenir les nouvelles propositions&hellip;<\/p>\n","protected":false},"author":3,"featured_media":17171,"comment_status":"open","ping_status":"open","sticky":false,"template":"","format":"standard","meta":{"footnotes":""},"categories":[2],"tags":[],"post_series":[],"class_list":["post-17198","post","type-post","status-publish","format-standard","has-post-thumbnail","hentry","category-actualite","entry","has-media"],"yoast_head":"<!-- This site is optimized with the Yoast SEO plugin v26.7 - https:\/\/yoast.com\/wordpress\/plugins\/seo\/ -->\n<title>GARCIA FAURA d\u00e9marre l\u2019ann\u00e9e avec de grands d\u00e9fis constructifs - GARCIA FAURA<\/title>\n<meta name=\"description\" content=\"Arquitectura en Alumini, Inox, Ferro i Vidre\" \/>\n<meta name=\"robots\" content=\"index, follow, max-snippet:-1, max-image-preview:large, max-video-preview:-1\" \/>\n<link rel=\"canonical\" href=\"https:\/\/www.garciafaura.com\/fr\/garcia-faura-commence-lannee-avec-de-grands-defis-constructifs\/\" \/>\n<meta property=\"og:locale\" content=\"fr_FR\" \/>\n<meta property=\"og:type\" content=\"article\" \/>\n<meta property=\"og:title\" content=\"GARCIA FAURA d\u00e9marre l\u2019ann\u00e9e avec de grands d\u00e9fis constructifs - GARCIA FAURA\" \/>\n<meta property=\"og:description\" content=\"Arquitectura en Alumini, Inox, Ferro i Vidre\" \/>\n<meta property=\"og:url\" content=\"https:\/\/www.garciafaura.com\/fr\/garcia-faura-commence-lannee-avec-de-grands-defis-constructifs\/\" \/>\n<meta property=\"og:site_name\" content=\"GARCIA FAURA\" \/>\n<meta property=\"article:published_time\" content=\"2019-02-12T09:05:55+00:00\" \/>\n<meta property=\"article:modified_time\" content=\"2019-06-03T17:57:38+00:00\" \/>\n<meta property=\"og:image\" content=\"https:\/\/www.garciafaura.com\/wp-content\/uploads\/2019\/02\/nanterre_archipel.jpg\" \/>\n\t<meta property=\"og:image:width\" content=\"800\" \/>\n\t<meta property=\"og:image:height\" content=\"450\" \/>\n\t<meta property=\"og:image:type\" content=\"image\/jpeg\" \/>\n<meta name=\"author\" content=\"David Achell\" \/>\n<meta name=\"twitter:card\" content=\"summary_large_image\" \/>\n<meta name=\"twitter:label1\" content=\"\u00c9crit par\" \/>\n\t<meta name=\"twitter:data1\" content=\"David Achell\" \/>\n\t<meta name=\"twitter:label2\" content=\"Dur\u00e9e de lecture estim\u00e9e\" \/>\n\t<meta name=\"twitter:data2\" content=\"2 minutes\" \/>\n<script type=\"application\/ld+json\" class=\"yoast-schema-graph\">{\"@context\":\"https:\/\/schema.org\",\"@graph\":[{\"@type\":\"Article\",\"@id\":\"https:\/\/www.garciafaura.com\/fr\/garcia-faura-commence-lannee-avec-de-grands-defis-constructifs\/#article\",\"isPartOf\":{\"@id\":\"https:\/\/www.garciafaura.com\/fr\/garcia-faura-commence-lannee-avec-de-grands-defis-constructifs\/\"},\"author\":{\"name\":\"David Achell\",\"@id\":\"https:\/\/www.garciafaura.com\/fr\/#\/schema\/person\/b4b75e69b33fac3446071909bec106b0\"},\"headline\":\"GARCIA FAURA d\u00e9marre l\u2019ann\u00e9e avec de grands d\u00e9fis constructifs\",\"datePublished\":\"2019-02-12T09:05:55+00:00\",\"dateModified\":\"2019-06-03T17:57:38+00:00\",\"mainEntityOfPage\":{\"@id\":\"https:\/\/www.garciafaura.com\/fr\/garcia-faura-commence-lannee-avec-de-grands-defis-constructifs\/\"},\"wordCount\":435,\"commentCount\":0,\"publisher\":{\"@id\":\"https:\/\/www.garciafaura.com\/fr\/#organization\"},\"image\":{\"@id\":\"https:\/\/www.garciafaura.com\/fr\/garcia-faura-commence-lannee-avec-de-grands-defis-constructifs\/#primaryimage\"},\"thumbnailUrl\":\"https:\/\/www.garciafaura.com\/wp-content\/uploads\/2019\/02\/nanterre_archipel.jpg\",\"articleSection\":[\"Actualit\u00e9\"],\"inLanguage\":\"fr-FR\",\"potentialAction\":[{\"@type\":\"CommentAction\",\"name\":\"Comment\",\"target\":[\"https:\/\/www.garciafaura.com\/fr\/garcia-faura-commence-lannee-avec-de-grands-defis-constructifs\/#respond\"]}]},{\"@type\":\"WebPage\",\"@id\":\"https:\/\/www.garciafaura.com\/fr\/garcia-faura-commence-lannee-avec-de-grands-defis-constructifs\/\",\"url\":\"https:\/\/www.garciafaura.com\/fr\/garcia-faura-commence-lannee-avec-de-grands-defis-constructifs\/\",\"name\":\"GARCIA FAURA d\u00e9marre l\u2019ann\u00e9e avec de grands d\u00e9fis constructifs - GARCIA FAURA\",\"isPartOf\":{\"@id\":\"https:\/\/www.garciafaura.com\/fr\/#website\"},\"primaryImageOfPage\":{\"@id\":\"https:\/\/www.garciafaura.com\/fr\/garcia-faura-commence-lannee-avec-de-grands-defis-constructifs\/#primaryimage\"},\"image\":{\"@id\":\"https:\/\/www.garciafaura.com\/fr\/garcia-faura-commence-lannee-avec-de-grands-defis-constructifs\/#primaryimage\"},\"thumbnailUrl\":\"https:\/\/www.garciafaura.com\/wp-content\/uploads\/2019\/02\/nanterre_archipel.jpg\",\"datePublished\":\"2019-02-12T09:05:55+00:00\",\"dateModified\":\"2019-06-03T17:57:38+00:00\",\"description\":\"Arquitectura en Alumini, Inox, Ferro i Vidre\",\"breadcrumb\":{\"@id\":\"https:\/\/www.garciafaura.com\/fr\/garcia-faura-commence-lannee-avec-de-grands-defis-constructifs\/#breadcrumb\"},\"inLanguage\":\"fr-FR\",\"potentialAction\":[{\"@type\":\"ReadAction\",\"target\":[\"https:\/\/www.garciafaura.com\/fr\/garcia-faura-commence-lannee-avec-de-grands-defis-constructifs\/\"]}]},{\"@type\":\"ImageObject\",\"inLanguage\":\"fr-FR\",\"@id\":\"https:\/\/www.garciafaura.com\/fr\/garcia-faura-commence-lannee-avec-de-grands-defis-constructifs\/#primaryimage\",\"url\":\"https:\/\/www.garciafaura.com\/wp-content\/uploads\/2019\/02\/nanterre_archipel.jpg\",\"contentUrl\":\"https:\/\/www.garciafaura.com\/wp-content\/uploads\/2019\/02\/nanterre_archipel.jpg\",\"width\":800,\"height\":450,\"caption\":\"Travaux pour nouveau b\u00e2timent \u00e0 Nanterre, France\"},{\"@type\":\"BreadcrumbList\",\"@id\":\"https:\/\/www.garciafaura.com\/fr\/garcia-faura-commence-lannee-avec-de-grands-defis-constructifs\/#breadcrumb\",\"itemListElement\":[{\"@type\":\"ListItem\",\"position\":1,\"name\":\"Inici\",\"item\":\"https:\/\/www.garciafaura.com\/fr\/\"},{\"@type\":\"ListItem\",\"position\":2,\"name\":\"GARCIA FAURA d\u00e9marre l\u2019ann\u00e9e avec de grands d\u00e9fis constructifs\"}]},{\"@type\":\"WebSite\",\"@id\":\"https:\/\/www.garciafaura.com\/fr\/#website\",\"url\":\"https:\/\/www.garciafaura.com\/fr\/\",\"name\":\"GARCIA FAURA\",\"description\":\"Arquitectura en Alumini, Inox, Ferro i Vidre\",\"publisher\":{\"@id\":\"https:\/\/www.garciafaura.com\/fr\/#organization\"},\"potentialAction\":[{\"@type\":\"SearchAction\",\"target\":{\"@type\":\"EntryPoint\",\"urlTemplate\":\"https:\/\/www.garciafaura.com\/fr\/?s={search_term_string}\"},\"query-input\":{\"@type\":\"PropertyValueSpecification\",\"valueRequired\":true,\"valueName\":\"search_term_string\"}}],\"inLanguage\":\"fr-FR\"},{\"@type\":\"Organization\",\"@id\":\"https:\/\/www.garciafaura.com\/fr\/#organization\",\"name\":\"GARCIA FAURA\",\"url\":\"https:\/\/www.garciafaura.com\/fr\/\",\"logo\":{\"@type\":\"ImageObject\",\"inLanguage\":\"fr-FR\",\"@id\":\"https:\/\/www.garciafaura.com\/fr\/#\/schema\/logo\/image\/\",\"url\":\"https:\/\/www.garciafaura.com\/wp-content\/uploads\/2018\/09\/Garcia-Faura.png\",\"contentUrl\":\"https:\/\/www.garciafaura.com\/wp-content\/uploads\/2018\/09\/Garcia-Faura.png\",\"width\":512,\"height\":512,\"caption\":\"GARCIA FAURA\"},\"image\":{\"@id\":\"https:\/\/www.garciafaura.com\/fr\/#\/schema\/logo\/image\/\"},\"sameAs\":[\"https:\/\/www.youtube.com\/user\/GARCIAFAURA\"]},{\"@type\":\"Person\",\"@id\":\"https:\/\/www.garciafaura.com\/fr\/#\/schema\/person\/b4b75e69b33fac3446071909bec106b0\",\"name\":\"David Achell\",\"image\":{\"@type\":\"ImageObject\",\"inLanguage\":\"fr-FR\",\"@id\":\"https:\/\/www.garciafaura.com\/fr\/#\/schema\/person\/image\/\",\"url\":\"https:\/\/secure.gravatar.com\/avatar\/03900210afc1f61bce737bcb4a79c02e2c997f171e3eca839b5a4cbe03846c90?s=96&d=blank&r=g\",\"contentUrl\":\"https:\/\/secure.gravatar.com\/avatar\/03900210afc1f61bce737bcb4a79c02e2c997f171e3eca839b5a4cbe03846c90?s=96&d=blank&r=g\",\"caption\":\"David Achell\"}}]}<\/script>\n<!-- \/ Yoast SEO plugin. -->","yoast_head_json":{"title":"GARCIA FAURA d\u00e9marre l\u2019ann\u00e9e avec de grands d\u00e9fis constructifs - GARCIA FAURA","description":"Arquitectura en Alumini, Inox, Ferro i Vidre","robots":{"index":"index","follow":"follow","max-snippet":"max-snippet:-1","max-image-preview":"max-image-preview:large","max-video-preview":"max-video-preview:-1"},"canonical":"https:\/\/www.garciafaura.com\/fr\/garcia-faura-commence-lannee-avec-de-grands-defis-constructifs\/","og_locale":"fr_FR","og_type":"article","og_title":"GARCIA FAURA d\u00e9marre l\u2019ann\u00e9e avec de grands d\u00e9fis constructifs - GARCIA FAURA","og_description":"Arquitectura en Alumini, Inox, Ferro i Vidre","og_url":"https:\/\/www.garciafaura.com\/fr\/garcia-faura-commence-lannee-avec-de-grands-defis-constructifs\/","og_site_name":"GARCIA FAURA","article_published_time":"2019-02-12T09:05:55+00:00","article_modified_time":"2019-06-03T17:57:38+00:00","og_image":[{"width":800,"height":450,"url":"https:\/\/www.garciafaura.com\/wp-content\/uploads\/2019\/02\/nanterre_archipel.jpg","type":"image\/jpeg"}],"author":"David Achell","twitter_card":"summary_large_image","twitter_misc":{"\u00c9crit par":"David Achell","Dur\u00e9e de lecture estim\u00e9e":"2 minutes"},"schema":{"@context":"https:\/\/schema.org","@graph":[{"@type":"Article","@id":"https:\/\/www.garciafaura.com\/fr\/garcia-faura-commence-lannee-avec-de-grands-defis-constructifs\/#article","isPartOf":{"@id":"https:\/\/www.garciafaura.com\/fr\/garcia-faura-commence-lannee-avec-de-grands-defis-constructifs\/"},"author":{"name":"David Achell","@id":"https:\/\/www.garciafaura.com\/fr\/#\/schema\/person\/b4b75e69b33fac3446071909bec106b0"},"headline":"GARCIA FAURA d\u00e9marre l\u2019ann\u00e9e avec de grands d\u00e9fis constructifs","datePublished":"2019-02-12T09:05:55+00:00","dateModified":"2019-06-03T17:57:38+00:00","mainEntityOfPage":{"@id":"https:\/\/www.garciafaura.com\/fr\/garcia-faura-commence-lannee-avec-de-grands-defis-constructifs\/"},"wordCount":435,"commentCount":0,"publisher":{"@id":"https:\/\/www.garciafaura.com\/fr\/#organization"},"image":{"@id":"https:\/\/www.garciafaura.com\/fr\/garcia-faura-commence-lannee-avec-de-grands-defis-constructifs\/#primaryimage"},"thumbnailUrl":"https:\/\/www.garciafaura.com\/wp-content\/uploads\/2019\/02\/nanterre_archipel.jpg","articleSection":["Actualit\u00e9"],"inLanguage":"fr-FR","potentialAction":[{"@type":"CommentAction","name":"Comment","target":["https:\/\/www.garciafaura.com\/fr\/garcia-faura-commence-lannee-avec-de-grands-defis-constructifs\/#respond"]}]},{"@type":"WebPage","@id":"https:\/\/www.garciafaura.com\/fr\/garcia-faura-commence-lannee-avec-de-grands-defis-constructifs\/","url":"https:\/\/www.garciafaura.com\/fr\/garcia-faura-commence-lannee-avec-de-grands-defis-constructifs\/","name":"GARCIA FAURA d\u00e9marre l\u2019ann\u00e9e avec de grands d\u00e9fis constructifs - GARCIA FAURA","isPartOf":{"@id":"https:\/\/www.garciafaura.com\/fr\/#website"},"primaryImageOfPage":{"@id":"https:\/\/www.garciafaura.com\/fr\/garcia-faura-commence-lannee-avec-de-grands-defis-constructifs\/#primaryimage"},"image":{"@id":"https:\/\/www.garciafaura.com\/fr\/garcia-faura-commence-lannee-avec-de-grands-defis-constructifs\/#primaryimage"},"thumbnailUrl":"https:\/\/www.garciafaura.com\/wp-content\/uploads\/2019\/02\/nanterre_archipel.jpg","datePublished":"2019-02-12T09:05:55+00:00","dateModified":"2019-06-03T17:57:38+00:00","description":"Arquitectura en Alumini, Inox, Ferro i Vidre","breadcrumb":{"@id":"https:\/\/www.garciafaura.com\/fr\/garcia-faura-commence-lannee-avec-de-grands-defis-constructifs\/#breadcrumb"},"inLanguage":"fr-FR","potentialAction":[{"@type":"ReadAction","target":["https:\/\/www.garciafaura.com\/fr\/garcia-faura-commence-lannee-avec-de-grands-defis-constructifs\/"]}]},{"@type":"ImageObject","inLanguage":"fr-FR","@id":"https:\/\/www.garciafaura.com\/fr\/garcia-faura-commence-lannee-avec-de-grands-defis-constructifs\/#primaryimage","url":"https:\/\/www.garciafaura.com\/wp-content\/uploads\/2019\/02\/nanterre_archipel.jpg","contentUrl":"https:\/\/www.garciafaura.com\/wp-content\/uploads\/2019\/02\/nanterre_archipel.jpg","width":800,"height":450,"caption":"Travaux pour nouveau b\u00e2timent \u00e0 Nanterre, France"},{"@type":"BreadcrumbList","@id":"https:\/\/www.garciafaura.com\/fr\/garcia-faura-commence-lannee-avec-de-grands-defis-constructifs\/#breadcrumb","itemListElement":[{"@type":"ListItem","position":1,"name":"Inici","item":"https:\/\/www.garciafaura.com\/fr\/"},{"@type":"ListItem","position":2,"name":"GARCIA FAURA d\u00e9marre l\u2019ann\u00e9e avec de grands d\u00e9fis constructifs"}]},{"@type":"WebSite","@id":"https:\/\/www.garciafaura.com\/fr\/#website","url":"https:\/\/www.garciafaura.com\/fr\/","name":"GARCIA FAURA","description":"Arquitectura en Alumini, Inox, Ferro i Vidre","publisher":{"@id":"https:\/\/www.garciafaura.com\/fr\/#organization"},"potentialAction":[{"@type":"SearchAction","target":{"@type":"EntryPoint","urlTemplate":"https:\/\/www.garciafaura.com\/fr\/?s={search_term_string}"},"query-input":{"@type":"PropertyValueSpecification","valueRequired":true,"valueName":"search_term_string"}}],"inLanguage":"fr-FR"},{"@type":"Organization","@id":"https:\/\/www.garciafaura.com\/fr\/#organization","name":"GARCIA FAURA","url":"https:\/\/www.garciafaura.com\/fr\/","logo":{"@type":"ImageObject","inLanguage":"fr-FR","@id":"https:\/\/www.garciafaura.com\/fr\/#\/schema\/logo\/image\/","url":"https:\/\/www.garciafaura.com\/wp-content\/uploads\/2018\/09\/Garcia-Faura.png","contentUrl":"https:\/\/www.garciafaura.com\/wp-content\/uploads\/2018\/09\/Garcia-Faura.png","width":512,"height":512,"caption":"GARCIA FAURA"},"image":{"@id":"https:\/\/www.garciafaura.com\/fr\/#\/schema\/logo\/image\/"},"sameAs":["https:\/\/www.youtube.com\/user\/GARCIAFAURA"]},{"@type":"Person","@id":"https:\/\/www.garciafaura.com\/fr\/#\/schema\/person\/b4b75e69b33fac3446071909bec106b0","name":"David Achell","image":{"@type":"ImageObject","inLanguage":"fr-FR","@id":"https:\/\/www.garciafaura.com\/fr\/#\/schema\/person\/image\/","url":"https:\/\/secure.gravatar.com\/avatar\/03900210afc1f61bce737bcb4a79c02e2c997f171e3eca839b5a4cbe03846c90?s=96&d=blank&r=g","contentUrl":"https:\/\/secure.gravatar.com\/avatar\/03900210afc1f61bce737bcb4a79c02e2c997f171e3eca839b5a4cbe03846c90?s=96&d=blank&r=g","caption":"David Achell"}}]}},"_links":{"self":[{"href":"https:\/\/www.garciafaura.com\/fr\/wp-json\/wp\/v2\/posts\/17198","targetHints":{"allow":["GET"]}}],"collection":[{"href":"https:\/\/www.garciafaura.com\/fr\/wp-json\/wp\/v2\/posts"}],"about":[{"href":"https:\/\/www.garciafaura.com\/fr\/wp-json\/wp\/v2\/types\/post"}],"author":[{"embeddable":true,"href":"https:\/\/www.garciafaura.com\/fr\/wp-json\/wp\/v2\/users\/3"}],"replies":[{"embeddable":true,"href":"https:\/\/www.garciafaura.com\/fr\/wp-json\/wp\/v2\/comments?post=17198"}],"version-history":[{"count":1,"href":"https:\/\/www.garciafaura.com\/fr\/wp-json\/wp\/v2\/posts\/17198\/revisions"}],"predecessor-version":[{"id":19375,"href":"https:\/\/www.garciafaura.com\/fr\/wp-json\/wp\/v2\/posts\/17198\/revisions\/19375"}],"wp:featuredmedia":[{"embeddable":true,"href":"https:\/\/www.garciafaura.com\/fr\/wp-json\/wp\/v2\/media\/17171"}],"wp:attachment":[{"href":"https:\/\/www.garciafaura.com\/fr\/wp-json\/wp\/v2\/media?parent=17198"}],"wp:term":[{"taxonomy":"category","embeddable":true,"href":"https:\/\/www.garciafaura.com\/fr\/wp-json\/wp\/v2\/categories?post=17198"},{"taxonomy":"post_tag","embeddable":true,"href":"https:\/\/www.garciafaura.com\/fr\/wp-json\/wp\/v2\/tags?post=17198"},{"taxonomy":"post_series","embeddable":true,"href":"https:\/\/www.garciafaura.com\/fr\/wp-json\/wp\/v2\/post_series?post=17198"}],"curies":[{"name":"wp","href":"https:\/\/api.w.org\/{rel}","templated":true}]}}