{"id":17195,"date":"2019-02-11T15:47:53","date_gmt":"2019-02-11T15:47:53","guid":{"rendered":"https:\/\/www.garciafaura.com\/mention-speciale-pour-garcia-faura-prix-pyme-2018-barcelone\/"},"modified":"2019-06-03T17:57:52","modified_gmt":"2019-06-03T17:57:52","slug":"mention-speciale-pour-garcia-faura-prix-pyme-2018-barcelone","status":"publish","type":"post","link":"https:\/\/www.garciafaura.com\/fr\/mention-speciale-pour-garcia-faura-prix-pyme-2018-barcelone\/","title":{"rendered":"Mention sp\u00e9ciale pour GARCIA FAURA \u00e0 l\u2019occasion des prix PYME 2018 Barcelone"},"content":{"rendered":"<p style=\"text-align: justify;\"><strong>Garcia FAURA<\/strong> a re\u00e7u un prix sp\u00e9cial dans le cadre des prix PYME, d\u00e9cern\u00e9s aux meilleures petites et moyennes entreprises de la province de Barcelone de l\u2019ann\u00e9e 2018. Cet accessit reconna\u00eet les efforts de l\u2019entreprise dans le domaine de la promotion de l\u2019emploi.<\/p>\n<p style=\"text-align: justify;\">D\u00e9cern\u00e9s par un jury d\u2019experts, les Prix PYME sont sponsoris\u00e9s par le Banco Santander, la Chambre de Commerce de l\u2019Espagne et le journal La Vanguardia. Ce prix r\u00e9compense les entreprises qui se distinguent par la cr\u00e9ation d\u2019emplois et de richesse dans leur r\u00e9gion. La famille Faura, qui a accept\u00e9 le prix \u00e0 l\u2019occasion du gala qui s\u2019est tenu mardi 18 d\u00e9cembre, a voulu souligner que ces deux pr\u00e9misses ont toujours \u00e9t\u00e9 le moteur de l\u2019entreprise : la volont\u00e9 de cr\u00e9er des postes de travail et de contribuer au d\u00e9veloppement \u00e9conomique de sa ville et du secteur dans lequel elle d\u00e9ploie son activit\u00e9.<\/p>\n<p style=\"text-align: justify;\">Manel Faura et Brugu\u00e9s Faura se sont r\u00e9jouis de la mention sp\u00e9ciale re\u00e7ue lors d\u2019une c\u00e9r\u00e9monie qui a \u00e9galement r\u00e9compens\u00e9 les efforts de trois autres entreprises de la r\u00e9gion.<\/p>\n","protected":false},"excerpt":{"rendered":"<p>Garcia FAURA a re\u00e7u un prix sp\u00e9cial dans le cadre des prix PYME, d\u00e9cern\u00e9s aux meilleures petites et moyennes entreprises de la province de Barcelone de l\u2019ann\u00e9e 2018. Cet accessit reconna\u00eet les efforts de l\u2019entreprise dans le domaine de la&hellip;<\/p>\n","protected":false},"author":3,"featured_media":17161,"comment_status":"open","ping_status":"open","sticky":false,"template":"","format":"standard","meta":{"footnotes":""},"categories":[2],"tags":[],"post_series":[],"class_list":["post-17195","post","type-post","status-publish","format-standard","has-post-thumbnail","hentry","category-actualite","entry","has-media"],"yoast_head":"<!-- This site is optimized with the Yoast SEO plugin v26.7 - https:\/\/yoast.com\/wordpress\/plugins\/seo\/ -->\n<title>Mention sp\u00e9ciale pour GARCIA FAURA \u00e0 l\u2019occasion des prix PYME 2018 Barcelone - GARCIA FAURA<\/title>\n<meta name=\"description\" content=\"Arquitectura en Alumini, Inox, Ferro i Vidre\" \/>\n<meta name=\"robots\" content=\"index, follow, max-snippet:-1, max-image-preview:large, max-video-preview:-1\" \/>\n<link rel=\"canonical\" href=\"https:\/\/www.garciafaura.com\/fr\/mention-speciale-pour-garcia-faura-prix-pyme-2018-barcelone\/\" \/>\n<meta property=\"og:locale\" content=\"fr_FR\" \/>\n<meta property=\"og:type\" content=\"article\" \/>\n<meta property=\"og:title\" content=\"Mention sp\u00e9ciale pour GARCIA FAURA \u00e0 l\u2019occasion des prix PYME 2018 Barcelone - GARCIA FAURA\" \/>\n<meta property=\"og:description\" content=\"Arquitectura en Alumini, Inox, Ferro i Vidre\" \/>\n<meta property=\"og:url\" content=\"https:\/\/www.garciafaura.com\/fr\/mention-speciale-pour-garcia-faura-prix-pyme-2018-barcelone\/\" \/>\n<meta property=\"og:site_name\" content=\"GARCIA FAURA\" \/>\n<meta property=\"article:published_time\" content=\"2019-02-11T15:47:53+00:00\" \/>\n<meta property=\"article:modified_time\" content=\"2019-06-03T17:57:52+00:00\" \/>\n<meta property=\"og:image\" content=\"https:\/\/www.garciafaura.com\/wp-content\/uploads\/2019\/02\/img-20181218-wa0006.jpg\" \/>\n\t<meta property=\"og:image:width\" content=\"800\" \/>\n\t<meta property=\"og:image:height\" content=\"600\" \/>\n\t<meta property=\"og:image:type\" content=\"image\/jpeg\" \/>\n<meta name=\"author\" content=\"David Achell\" \/>\n<meta name=\"twitter:card\" content=\"summary_large_image\" \/>\n<meta name=\"twitter:label1\" content=\"\u00c9crit par\" \/>\n\t<meta name=\"twitter:data1\" content=\"David Achell\" \/>\n\t<meta name=\"twitter:label2\" content=\"Dur\u00e9e de lecture estim\u00e9e\" \/>\n\t<meta name=\"twitter:data2\" content=\"1 minute\" \/>\n<script type=\"application\/ld+json\" class=\"yoast-schema-graph\">{\"@context\":\"https:\/\/schema.org\",\"@graph\":[{\"@type\":\"Article\",\"@id\":\"https:\/\/www.garciafaura.com\/fr\/mention-speciale-pour-garcia-faura-prix-pyme-2018-barcelone\/#article\",\"isPartOf\":{\"@id\":\"https:\/\/www.garciafaura.com\/fr\/mention-speciale-pour-garcia-faura-prix-pyme-2018-barcelone\/\"},\"author\":{\"name\":\"David Achell\",\"@id\":\"https:\/\/www.garciafaura.com\/fr\/#\/schema\/person\/b4b75e69b33fac3446071909bec106b0\"},\"headline\":\"Mention sp\u00e9ciale pour GARCIA FAURA \u00e0 l\u2019occasion des prix PYME 2018 Barcelone\",\"datePublished\":\"2019-02-11T15:47:53+00:00\",\"dateModified\":\"2019-06-03T17:57:52+00:00\",\"mainEntityOfPage\":{\"@id\":\"https:\/\/www.garciafaura.com\/fr\/mention-speciale-pour-garcia-faura-prix-pyme-2018-barcelone\/\"},\"wordCount\":217,\"commentCount\":0,\"publisher\":{\"@id\":\"https:\/\/www.garciafaura.com\/fr\/#organization\"},\"image\":{\"@id\":\"https:\/\/www.garciafaura.com\/fr\/mention-speciale-pour-garcia-faura-prix-pyme-2018-barcelone\/#primaryimage\"},\"thumbnailUrl\":\"https:\/\/www.garciafaura.com\/wp-content\/uploads\/2019\/02\/img-20181218-wa0006.jpg\",\"articleSection\":[\"Actualit\u00e9\"],\"inLanguage\":\"fr-FR\",\"potentialAction\":[{\"@type\":\"CommentAction\",\"name\":\"Comment\",\"target\":[\"https:\/\/www.garciafaura.com\/fr\/mention-speciale-pour-garcia-faura-prix-pyme-2018-barcelone\/#respond\"]}]},{\"@type\":\"WebPage\",\"@id\":\"https:\/\/www.garciafaura.com\/fr\/mention-speciale-pour-garcia-faura-prix-pyme-2018-barcelone\/\",\"url\":\"https:\/\/www.garciafaura.com\/fr\/mention-speciale-pour-garcia-faura-prix-pyme-2018-barcelone\/\",\"name\":\"Mention sp\u00e9ciale pour GARCIA FAURA \u00e0 l\u2019occasion des prix PYME 2018 Barcelone - GARCIA FAURA\",\"isPartOf\":{\"@id\":\"https:\/\/www.garciafaura.com\/fr\/#website\"},\"primaryImageOfPage\":{\"@id\":\"https:\/\/www.garciafaura.com\/fr\/mention-speciale-pour-garcia-faura-prix-pyme-2018-barcelone\/#primaryimage\"},\"image\":{\"@id\":\"https:\/\/www.garciafaura.com\/fr\/mention-speciale-pour-garcia-faura-prix-pyme-2018-barcelone\/#primaryimage\"},\"thumbnailUrl\":\"https:\/\/www.garciafaura.com\/wp-content\/uploads\/2019\/02\/img-20181218-wa0006.jpg\",\"datePublished\":\"2019-02-11T15:47:53+00:00\",\"dateModified\":\"2019-06-03T17:57:52+00:00\",\"description\":\"Arquitectura en Alumini, Inox, Ferro i Vidre\",\"breadcrumb\":{\"@id\":\"https:\/\/www.garciafaura.com\/fr\/mention-speciale-pour-garcia-faura-prix-pyme-2018-barcelone\/#breadcrumb\"},\"inLanguage\":\"fr-FR\",\"potentialAction\":[{\"@type\":\"ReadAction\",\"target\":[\"https:\/\/www.garciafaura.com\/fr\/mention-speciale-pour-garcia-faura-prix-pyme-2018-barcelone\/\"]}]},{\"@type\":\"ImageObject\",\"inLanguage\":\"fr-FR\",\"@id\":\"https:\/\/www.garciafaura.com\/fr\/mention-speciale-pour-garcia-faura-prix-pyme-2018-barcelone\/#primaryimage\",\"url\":\"https:\/\/www.garciafaura.com\/wp-content\/uploads\/2019\/02\/img-20181218-wa0006.jpg\",\"contentUrl\":\"https:\/\/www.garciafaura.com\/wp-content\/uploads\/2019\/02\/img-20181218-wa0006.jpg\",\"width\":800,\"height\":600},{\"@type\":\"BreadcrumbList\",\"@id\":\"https:\/\/www.garciafaura.com\/fr\/mention-speciale-pour-garcia-faura-prix-pyme-2018-barcelone\/#breadcrumb\",\"itemListElement\":[{\"@type\":\"ListItem\",\"position\":1,\"name\":\"Inici\",\"item\":\"https:\/\/www.garciafaura.com\/fr\/\"},{\"@type\":\"ListItem\",\"position\":2,\"name\":\"Mention sp\u00e9ciale pour GARCIA FAURA \u00e0 l\u2019occasion des prix PYME 2018 Barcelone\"}]},{\"@type\":\"WebSite\",\"@id\":\"https:\/\/www.garciafaura.com\/fr\/#website\",\"url\":\"https:\/\/www.garciafaura.com\/fr\/\",\"name\":\"GARCIA FAURA\",\"description\":\"Arquitectura en Alumini, Inox, Ferro i Vidre\",\"publisher\":{\"@id\":\"https:\/\/www.garciafaura.com\/fr\/#organization\"},\"potentialAction\":[{\"@type\":\"SearchAction\",\"target\":{\"@type\":\"EntryPoint\",\"urlTemplate\":\"https:\/\/www.garciafaura.com\/fr\/?s={search_term_string}\"},\"query-input\":{\"@type\":\"PropertyValueSpecification\",\"valueRequired\":true,\"valueName\":\"search_term_string\"}}],\"inLanguage\":\"fr-FR\"},{\"@type\":\"Organization\",\"@id\":\"https:\/\/www.garciafaura.com\/fr\/#organization\",\"name\":\"GARCIA FAURA\",\"url\":\"https:\/\/www.garciafaura.com\/fr\/\",\"logo\":{\"@type\":\"ImageObject\",\"inLanguage\":\"fr-FR\",\"@id\":\"https:\/\/www.garciafaura.com\/fr\/#\/schema\/logo\/image\/\",\"url\":\"https:\/\/www.garciafaura.com\/wp-content\/uploads\/2018\/09\/Garcia-Faura.png\",\"contentUrl\":\"https:\/\/www.garciafaura.com\/wp-content\/uploads\/2018\/09\/Garcia-Faura.png\",\"width\":512,\"height\":512,\"caption\":\"GARCIA FAURA\"},\"image\":{\"@id\":\"https:\/\/www.garciafaura.com\/fr\/#\/schema\/logo\/image\/\"},\"sameAs\":[\"https:\/\/www.youtube.com\/user\/GARCIAFAURA\"]},{\"@type\":\"Person\",\"@id\":\"https:\/\/www.garciafaura.com\/fr\/#\/schema\/person\/b4b75e69b33fac3446071909bec106b0\",\"name\":\"David Achell\",\"image\":{\"@type\":\"ImageObject\",\"inLanguage\":\"fr-FR\",\"@id\":\"https:\/\/www.garciafaura.com\/fr\/#\/schema\/person\/image\/\",\"url\":\"https:\/\/secure.gravatar.com\/avatar\/03900210afc1f61bce737bcb4a79c02e2c997f171e3eca839b5a4cbe03846c90?s=96&d=blank&r=g\",\"contentUrl\":\"https:\/\/secure.gravatar.com\/avatar\/03900210afc1f61bce737bcb4a79c02e2c997f171e3eca839b5a4cbe03846c90?s=96&d=blank&r=g\",\"caption\":\"David Achell\"}}]}<\/script>\n<!-- \/ Yoast SEO plugin. -->","yoast_head_json":{"title":"Mention sp\u00e9ciale pour GARCIA FAURA \u00e0 l\u2019occasion des prix PYME 2018 Barcelone - GARCIA FAURA","description":"Arquitectura en Alumini, Inox, Ferro i Vidre","robots":{"index":"index","follow":"follow","max-snippet":"max-snippet:-1","max-image-preview":"max-image-preview:large","max-video-preview":"max-video-preview:-1"},"canonical":"https:\/\/www.garciafaura.com\/fr\/mention-speciale-pour-garcia-faura-prix-pyme-2018-barcelone\/","og_locale":"fr_FR","og_type":"article","og_title":"Mention sp\u00e9ciale pour GARCIA FAURA \u00e0 l\u2019occasion des prix PYME 2018 Barcelone - GARCIA FAURA","og_description":"Arquitectura en Alumini, Inox, Ferro i Vidre","og_url":"https:\/\/www.garciafaura.com\/fr\/mention-speciale-pour-garcia-faura-prix-pyme-2018-barcelone\/","og_site_name":"GARCIA FAURA","article_published_time":"2019-02-11T15:47:53+00:00","article_modified_time":"2019-06-03T17:57:52+00:00","og_image":[{"width":800,"height":600,"url":"https:\/\/www.garciafaura.com\/wp-content\/uploads\/2019\/02\/img-20181218-wa0006.jpg","type":"image\/jpeg"}],"author":"David Achell","twitter_card":"summary_large_image","twitter_misc":{"\u00c9crit par":"David Achell","Dur\u00e9e de lecture estim\u00e9e":"1 minute"},"schema":{"@context":"https:\/\/schema.org","@graph":[{"@type":"Article","@id":"https:\/\/www.garciafaura.com\/fr\/mention-speciale-pour-garcia-faura-prix-pyme-2018-barcelone\/#article","isPartOf":{"@id":"https:\/\/www.garciafaura.com\/fr\/mention-speciale-pour-garcia-faura-prix-pyme-2018-barcelone\/"},"author":{"name":"David Achell","@id":"https:\/\/www.garciafaura.com\/fr\/#\/schema\/person\/b4b75e69b33fac3446071909bec106b0"},"headline":"Mention sp\u00e9ciale pour GARCIA FAURA \u00e0 l\u2019occasion des prix PYME 2018 Barcelone","datePublished":"2019-02-11T15:47:53+00:00","dateModified":"2019-06-03T17:57:52+00:00","mainEntityOfPage":{"@id":"https:\/\/www.garciafaura.com\/fr\/mention-speciale-pour-garcia-faura-prix-pyme-2018-barcelone\/"},"wordCount":217,"commentCount":0,"publisher":{"@id":"https:\/\/www.garciafaura.com\/fr\/#organization"},"image":{"@id":"https:\/\/www.garciafaura.com\/fr\/mention-speciale-pour-garcia-faura-prix-pyme-2018-barcelone\/#primaryimage"},"thumbnailUrl":"https:\/\/www.garciafaura.com\/wp-content\/uploads\/2019\/02\/img-20181218-wa0006.jpg","articleSection":["Actualit\u00e9"],"inLanguage":"fr-FR","potentialAction":[{"@type":"CommentAction","name":"Comment","target":["https:\/\/www.garciafaura.com\/fr\/mention-speciale-pour-garcia-faura-prix-pyme-2018-barcelone\/#respond"]}]},{"@type":"WebPage","@id":"https:\/\/www.garciafaura.com\/fr\/mention-speciale-pour-garcia-faura-prix-pyme-2018-barcelone\/","url":"https:\/\/www.garciafaura.com\/fr\/mention-speciale-pour-garcia-faura-prix-pyme-2018-barcelone\/","name":"Mention sp\u00e9ciale pour GARCIA FAURA \u00e0 l\u2019occasion des prix PYME 2018 Barcelone - GARCIA FAURA","isPartOf":{"@id":"https:\/\/www.garciafaura.com\/fr\/#website"},"primaryImageOfPage":{"@id":"https:\/\/www.garciafaura.com\/fr\/mention-speciale-pour-garcia-faura-prix-pyme-2018-barcelone\/#primaryimage"},"image":{"@id":"https:\/\/www.garciafaura.com\/fr\/mention-speciale-pour-garcia-faura-prix-pyme-2018-barcelone\/#primaryimage"},"thumbnailUrl":"https:\/\/www.garciafaura.com\/wp-content\/uploads\/2019\/02\/img-20181218-wa0006.jpg","datePublished":"2019-02-11T15:47:53+00:00","dateModified":"2019-06-03T17:57:52+00:00","description":"Arquitectura en Alumini, Inox, Ferro i Vidre","breadcrumb":{"@id":"https:\/\/www.garciafaura.com\/fr\/mention-speciale-pour-garcia-faura-prix-pyme-2018-barcelone\/#breadcrumb"},"inLanguage":"fr-FR","potentialAction":[{"@type":"ReadAction","target":["https:\/\/www.garciafaura.com\/fr\/mention-speciale-pour-garcia-faura-prix-pyme-2018-barcelone\/"]}]},{"@type":"ImageObject","inLanguage":"fr-FR","@id":"https:\/\/www.garciafaura.com\/fr\/mention-speciale-pour-garcia-faura-prix-pyme-2018-barcelone\/#primaryimage","url":"https:\/\/www.garciafaura.com\/wp-content\/uploads\/2019\/02\/img-20181218-wa0006.jpg","contentUrl":"https:\/\/www.garciafaura.com\/wp-content\/uploads\/2019\/02\/img-20181218-wa0006.jpg","width":800,"height":600},{"@type":"BreadcrumbList","@id":"https:\/\/www.garciafaura.com\/fr\/mention-speciale-pour-garcia-faura-prix-pyme-2018-barcelone\/#breadcrumb","itemListElement":[{"@type":"ListItem","position":1,"name":"Inici","item":"https:\/\/www.garciafaura.com\/fr\/"},{"@type":"ListItem","position":2,"name":"Mention sp\u00e9ciale pour GARCIA FAURA \u00e0 l\u2019occasion des prix PYME 2018 Barcelone"}]},{"@type":"WebSite","@id":"https:\/\/www.garciafaura.com\/fr\/#website","url":"https:\/\/www.garciafaura.com\/fr\/","name":"GARCIA FAURA","description":"Arquitectura en Alumini, Inox, Ferro i Vidre","publisher":{"@id":"https:\/\/www.garciafaura.com\/fr\/#organization"},"potentialAction":[{"@type":"SearchAction","target":{"@type":"EntryPoint","urlTemplate":"https:\/\/www.garciafaura.com\/fr\/?s={search_term_string}"},"query-input":{"@type":"PropertyValueSpecification","valueRequired":true,"valueName":"search_term_string"}}],"inLanguage":"fr-FR"},{"@type":"Organization","@id":"https:\/\/www.garciafaura.com\/fr\/#organization","name":"GARCIA FAURA","url":"https:\/\/www.garciafaura.com\/fr\/","logo":{"@type":"ImageObject","inLanguage":"fr-FR","@id":"https:\/\/www.garciafaura.com\/fr\/#\/schema\/logo\/image\/","url":"https:\/\/www.garciafaura.com\/wp-content\/uploads\/2018\/09\/Garcia-Faura.png","contentUrl":"https:\/\/www.garciafaura.com\/wp-content\/uploads\/2018\/09\/Garcia-Faura.png","width":512,"height":512,"caption":"GARCIA FAURA"},"image":{"@id":"https:\/\/www.garciafaura.com\/fr\/#\/schema\/logo\/image\/"},"sameAs":["https:\/\/www.youtube.com\/user\/GARCIAFAURA"]},{"@type":"Person","@id":"https:\/\/www.garciafaura.com\/fr\/#\/schema\/person\/b4b75e69b33fac3446071909bec106b0","name":"David Achell","image":{"@type":"ImageObject","inLanguage":"fr-FR","@id":"https:\/\/www.garciafaura.com\/fr\/#\/schema\/person\/image\/","url":"https:\/\/secure.gravatar.com\/avatar\/03900210afc1f61bce737bcb4a79c02e2c997f171e3eca839b5a4cbe03846c90?s=96&d=blank&r=g","contentUrl":"https:\/\/secure.gravatar.com\/avatar\/03900210afc1f61bce737bcb4a79c02e2c997f171e3eca839b5a4cbe03846c90?s=96&d=blank&r=g","caption":"David Achell"}}]}},"_links":{"self":[{"href":"https:\/\/www.garciafaura.com\/fr\/wp-json\/wp\/v2\/posts\/17195","targetHints":{"allow":["GET"]}}],"collection":[{"href":"https:\/\/www.garciafaura.com\/fr\/wp-json\/wp\/v2\/posts"}],"about":[{"href":"https:\/\/www.garciafaura.com\/fr\/wp-json\/wp\/v2\/types\/post"}],"author":[{"embeddable":true,"href":"https:\/\/www.garciafaura.com\/fr\/wp-json\/wp\/v2\/users\/3"}],"replies":[{"embeddable":true,"href":"https:\/\/www.garciafaura.com\/fr\/wp-json\/wp\/v2\/comments?post=17195"}],"version-history":[{"count":1,"href":"https:\/\/www.garciafaura.com\/fr\/wp-json\/wp\/v2\/posts\/17195\/revisions"}],"predecessor-version":[{"id":19374,"href":"https:\/\/www.garciafaura.com\/fr\/wp-json\/wp\/v2\/posts\/17195\/revisions\/19374"}],"wp:featuredmedia":[{"embeddable":true,"href":"https:\/\/www.garciafaura.com\/fr\/wp-json\/wp\/v2\/media\/17161"}],"wp:attachment":[{"href":"https:\/\/www.garciafaura.com\/fr\/wp-json\/wp\/v2\/media?parent=17195"}],"wp:term":[{"taxonomy":"category","embeddable":true,"href":"https:\/\/www.garciafaura.com\/fr\/wp-json\/wp\/v2\/categories?post=17195"},{"taxonomy":"post_tag","embeddable":true,"href":"https:\/\/www.garciafaura.com\/fr\/wp-json\/wp\/v2\/tags?post=17195"},{"taxonomy":"post_series","embeddable":true,"href":"https:\/\/www.garciafaura.com\/fr\/wp-json\/wp\/v2\/post_series?post=17195"}],"curies":[{"name":"wp","href":"https:\/\/api.w.org\/{rel}","templated":true}]}}