{"id":17191,"date":"2019-02-11T15:40:00","date_gmt":"2019-02-11T15:40:00","guid":{"rendered":"https:\/\/www.garciafaura.com\/le-personnel-de-garcia-faura-revient-dans-le-calendrier-2019\/"},"modified":"2019-06-03T17:58:05","modified_gmt":"2019-06-03T17:58:05","slug":"le-personnel-de-garcia-faura-revient-dans-le-calendrier-2019","status":"publish","type":"post","link":"https:\/\/www.garciafaura.com\/fr\/le-personnel-de-garcia-faura-revient-dans-le-calendrier-2019\/","title":{"rendered":"Le personnel de GARCIA FAURA est de nouveau le protagoniste du calendrier 2019"},"content":{"rendered":"<p style=\"text-align: justify;\">Pour la cinqui\u00e8me fois cons\u00e9cutive, le staff de <strong>Garcia FAURA<\/strong> sera le protagoniste du calendrier de l\u2019entreprise pour la nouvelle ann\u00e9e. Les travailleurs et travailleuses s\u00e9lectionn\u00e9s pour le calendrier sont cens\u00e9s repr\u00e9senter les deux genres, une vari\u00e9t\u00e9 de profils professionnels, plusieurs d\u00e9partements et un m\u00e9lange d\u2019anciennet\u00e9 et de jeunesse.<\/p>\n<p style=\"text-align: justify;\">Le capital humain de <strong>GARCIA FAURA<\/strong> est, sans doute, le premier public de l\u2019entreprise, ce qui en fait les meilleurs ambassadeurs vis-\u00e0-vis de l\u2019ext\u00e9rieur. C\u2019est, pourquoi une fois de plus, ils seront les protagonistes de notre calendrier que nous faisons arriver \u00e0 nos clients \u00e0 travers le monde entier, l\u00e0 o\u00f9 nous avons laiss\u00e9 notre trace (et continuons \u00e0 la laisser).<\/p>\n<p style=\"text-align: justify;\">Personnel de nos diff\u00e9rents domaines de travail de l\u2019entreprise, qui se chargent de montrer fi\u00e8rement quelques-uns de nos traits caract\u00e9ristiques. Une fa\u00e7on de d\u00e9montrer le sentiment d\u2019appartenance \u00e0 un collectif et de faire conna\u00eetre les visages des personnes qui rendent possible le quotidien de <strong>Garcia FAURA<\/strong>.<\/p>\n<p style=\"text-align: justify;\">Voici les 12 visages de cette ann\u00e9e 2019 :<\/p>\n","protected":false},"excerpt":{"rendered":"<p>Pour la cinqui\u00e8me fois cons\u00e9cutive, le staff de Garcia FAURA sera le protagoniste du calendrier de l\u2019entreprise pour la nouvelle ann\u00e9e. Les travailleurs et travailleuses s\u00e9lectionn\u00e9s pour le calendrier sont cens\u00e9s repr\u00e9senter les deux genres, une vari\u00e9t\u00e9 de profils professionnels,&hellip;<\/p>\n","protected":false},"author":3,"featured_media":17155,"comment_status":"open","ping_status":"open","sticky":false,"template":"","format":"standard","meta":{"footnotes":""},"categories":[2],"tags":[],"post_series":[],"class_list":["post-17191","post","type-post","status-publish","format-standard","has-post-thumbnail","hentry","category-actualite","entry","has-media"],"yoast_head":"<!-- This site is optimized with the Yoast SEO plugin v26.7 - https:\/\/yoast.com\/wordpress\/plugins\/seo\/ -->\n<title>Le personnel de GARCIA FAURA est de nouveau le protagoniste du calendrier 2019 - GARCIA FAURA<\/title>\n<meta name=\"description\" content=\"Arquitectura en Alumini, Inox, Ferro i Vidre\" \/>\n<meta name=\"robots\" content=\"index, follow, max-snippet:-1, max-image-preview:large, max-video-preview:-1\" \/>\n<link rel=\"canonical\" href=\"https:\/\/www.garciafaura.com\/fr\/le-personnel-de-garcia-faura-revient-dans-le-calendrier-2019\/\" \/>\n<meta property=\"og:locale\" content=\"fr_FR\" \/>\n<meta property=\"og:type\" content=\"article\" \/>\n<meta property=\"og:title\" content=\"Le personnel de GARCIA FAURA est de nouveau le protagoniste du calendrier 2019 - GARCIA FAURA\" \/>\n<meta property=\"og:description\" content=\"Arquitectura en Alumini, Inox, Ferro i Vidre\" \/>\n<meta property=\"og:url\" content=\"https:\/\/www.garciafaura.com\/fr\/le-personnel-de-garcia-faura-revient-dans-le-calendrier-2019\/\" \/>\n<meta property=\"og:site_name\" content=\"GARCIA FAURA\" \/>\n<meta property=\"article:published_time\" content=\"2019-02-11T15:40:00+00:00\" \/>\n<meta property=\"article:modified_time\" content=\"2019-06-03T17:58:05+00:00\" \/>\n<meta property=\"og:image\" content=\"https:\/\/www.garciafaura.com\/wp-content\/uploads\/2019\/02\/muntatgecalendari.jpg\" \/>\n\t<meta property=\"og:image:width\" content=\"800\" \/>\n\t<meta property=\"og:image:height\" content=\"419\" \/>\n\t<meta property=\"og:image:type\" content=\"image\/jpeg\" \/>\n<meta name=\"author\" content=\"David Achell\" \/>\n<meta name=\"twitter:card\" content=\"summary_large_image\" \/>\n<meta name=\"twitter:label1\" content=\"\u00c9crit par\" \/>\n\t<meta name=\"twitter:data1\" content=\"David Achell\" \/>\n\t<meta name=\"twitter:label2\" content=\"Dur\u00e9e de lecture estim\u00e9e\" \/>\n\t<meta name=\"twitter:data2\" content=\"1 minute\" \/>\n<script type=\"application\/ld+json\" class=\"yoast-schema-graph\">{\"@context\":\"https:\/\/schema.org\",\"@graph\":[{\"@type\":\"Article\",\"@id\":\"https:\/\/www.garciafaura.com\/fr\/le-personnel-de-garcia-faura-revient-dans-le-calendrier-2019\/#article\",\"isPartOf\":{\"@id\":\"https:\/\/www.garciafaura.com\/fr\/le-personnel-de-garcia-faura-revient-dans-le-calendrier-2019\/\"},\"author\":{\"name\":\"David Achell\",\"@id\":\"https:\/\/www.garciafaura.com\/fr\/#\/schema\/person\/b4b75e69b33fac3446071909bec106b0\"},\"headline\":\"Le personnel de GARCIA FAURA est de nouveau le protagoniste du calendrier 2019\",\"datePublished\":\"2019-02-11T15:40:00+00:00\",\"dateModified\":\"2019-06-03T17:58:05+00:00\",\"mainEntityOfPage\":{\"@id\":\"https:\/\/www.garciafaura.com\/fr\/le-personnel-de-garcia-faura-revient-dans-le-calendrier-2019\/\"},\"wordCount\":196,\"commentCount\":0,\"publisher\":{\"@id\":\"https:\/\/www.garciafaura.com\/fr\/#organization\"},\"image\":{\"@id\":\"https:\/\/www.garciafaura.com\/fr\/le-personnel-de-garcia-faura-revient-dans-le-calendrier-2019\/#primaryimage\"},\"thumbnailUrl\":\"https:\/\/www.garciafaura.com\/wp-content\/uploads\/2019\/02\/muntatgecalendari.jpg\",\"articleSection\":[\"Actualit\u00e9\"],\"inLanguage\":\"fr-FR\",\"potentialAction\":[{\"@type\":\"CommentAction\",\"name\":\"Comment\",\"target\":[\"https:\/\/www.garciafaura.com\/fr\/le-personnel-de-garcia-faura-revient-dans-le-calendrier-2019\/#respond\"]}]},{\"@type\":\"WebPage\",\"@id\":\"https:\/\/www.garciafaura.com\/fr\/le-personnel-de-garcia-faura-revient-dans-le-calendrier-2019\/\",\"url\":\"https:\/\/www.garciafaura.com\/fr\/le-personnel-de-garcia-faura-revient-dans-le-calendrier-2019\/\",\"name\":\"Le personnel de GARCIA FAURA est de nouveau le protagoniste du calendrier 2019 - GARCIA FAURA\",\"isPartOf\":{\"@id\":\"https:\/\/www.garciafaura.com\/fr\/#website\"},\"primaryImageOfPage\":{\"@id\":\"https:\/\/www.garciafaura.com\/fr\/le-personnel-de-garcia-faura-revient-dans-le-calendrier-2019\/#primaryimage\"},\"image\":{\"@id\":\"https:\/\/www.garciafaura.com\/fr\/le-personnel-de-garcia-faura-revient-dans-le-calendrier-2019\/#primaryimage\"},\"thumbnailUrl\":\"https:\/\/www.garciafaura.com\/wp-content\/uploads\/2019\/02\/muntatgecalendari.jpg\",\"datePublished\":\"2019-02-11T15:40:00+00:00\",\"dateModified\":\"2019-06-03T17:58:05+00:00\",\"description\":\"Arquitectura en Alumini, Inox, Ferro i Vidre\",\"breadcrumb\":{\"@id\":\"https:\/\/www.garciafaura.com\/fr\/le-personnel-de-garcia-faura-revient-dans-le-calendrier-2019\/#breadcrumb\"},\"inLanguage\":\"fr-FR\",\"potentialAction\":[{\"@type\":\"ReadAction\",\"target\":[\"https:\/\/www.garciafaura.com\/fr\/le-personnel-de-garcia-faura-revient-dans-le-calendrier-2019\/\"]}]},{\"@type\":\"ImageObject\",\"inLanguage\":\"fr-FR\",\"@id\":\"https:\/\/www.garciafaura.com\/fr\/le-personnel-de-garcia-faura-revient-dans-le-calendrier-2019\/#primaryimage\",\"url\":\"https:\/\/www.garciafaura.com\/wp-content\/uploads\/2019\/02\/muntatgecalendari.jpg\",\"contentUrl\":\"https:\/\/www.garciafaura.com\/wp-content\/uploads\/2019\/02\/muntatgecalendari.jpg\",\"width\":800,\"height\":419},{\"@type\":\"BreadcrumbList\",\"@id\":\"https:\/\/www.garciafaura.com\/fr\/le-personnel-de-garcia-faura-revient-dans-le-calendrier-2019\/#breadcrumb\",\"itemListElement\":[{\"@type\":\"ListItem\",\"position\":1,\"name\":\"Inici\",\"item\":\"https:\/\/www.garciafaura.com\/fr\/\"},{\"@type\":\"ListItem\",\"position\":2,\"name\":\"Le personnel de GARCIA FAURA est de nouveau le protagoniste du calendrier 2019\"}]},{\"@type\":\"WebSite\",\"@id\":\"https:\/\/www.garciafaura.com\/fr\/#website\",\"url\":\"https:\/\/www.garciafaura.com\/fr\/\",\"name\":\"GARCIA FAURA\",\"description\":\"Arquitectura en Alumini, Inox, Ferro i Vidre\",\"publisher\":{\"@id\":\"https:\/\/www.garciafaura.com\/fr\/#organization\"},\"potentialAction\":[{\"@type\":\"SearchAction\",\"target\":{\"@type\":\"EntryPoint\",\"urlTemplate\":\"https:\/\/www.garciafaura.com\/fr\/?s={search_term_string}\"},\"query-input\":{\"@type\":\"PropertyValueSpecification\",\"valueRequired\":true,\"valueName\":\"search_term_string\"}}],\"inLanguage\":\"fr-FR\"},{\"@type\":\"Organization\",\"@id\":\"https:\/\/www.garciafaura.com\/fr\/#organization\",\"name\":\"GARCIA FAURA\",\"url\":\"https:\/\/www.garciafaura.com\/fr\/\",\"logo\":{\"@type\":\"ImageObject\",\"inLanguage\":\"fr-FR\",\"@id\":\"https:\/\/www.garciafaura.com\/fr\/#\/schema\/logo\/image\/\",\"url\":\"https:\/\/www.garciafaura.com\/wp-content\/uploads\/2018\/09\/Garcia-Faura.png\",\"contentUrl\":\"https:\/\/www.garciafaura.com\/wp-content\/uploads\/2018\/09\/Garcia-Faura.png\",\"width\":512,\"height\":512,\"caption\":\"GARCIA FAURA\"},\"image\":{\"@id\":\"https:\/\/www.garciafaura.com\/fr\/#\/schema\/logo\/image\/\"},\"sameAs\":[\"https:\/\/www.youtube.com\/user\/GARCIAFAURA\"]},{\"@type\":\"Person\",\"@id\":\"https:\/\/www.garciafaura.com\/fr\/#\/schema\/person\/b4b75e69b33fac3446071909bec106b0\",\"name\":\"David Achell\",\"image\":{\"@type\":\"ImageObject\",\"inLanguage\":\"fr-FR\",\"@id\":\"https:\/\/www.garciafaura.com\/fr\/#\/schema\/person\/image\/\",\"url\":\"https:\/\/secure.gravatar.com\/avatar\/03900210afc1f61bce737bcb4a79c02e2c997f171e3eca839b5a4cbe03846c90?s=96&d=blank&r=g\",\"contentUrl\":\"https:\/\/secure.gravatar.com\/avatar\/03900210afc1f61bce737bcb4a79c02e2c997f171e3eca839b5a4cbe03846c90?s=96&d=blank&r=g\",\"caption\":\"David Achell\"}}]}<\/script>\n<!-- \/ Yoast SEO plugin. -->","yoast_head_json":{"title":"Le personnel de GARCIA FAURA est de nouveau le protagoniste du calendrier 2019 - GARCIA FAURA","description":"Arquitectura en Alumini, Inox, Ferro i Vidre","robots":{"index":"index","follow":"follow","max-snippet":"max-snippet:-1","max-image-preview":"max-image-preview:large","max-video-preview":"max-video-preview:-1"},"canonical":"https:\/\/www.garciafaura.com\/fr\/le-personnel-de-garcia-faura-revient-dans-le-calendrier-2019\/","og_locale":"fr_FR","og_type":"article","og_title":"Le personnel de GARCIA FAURA est de nouveau le protagoniste du calendrier 2019 - GARCIA FAURA","og_description":"Arquitectura en Alumini, Inox, Ferro i Vidre","og_url":"https:\/\/www.garciafaura.com\/fr\/le-personnel-de-garcia-faura-revient-dans-le-calendrier-2019\/","og_site_name":"GARCIA FAURA","article_published_time":"2019-02-11T15:40:00+00:00","article_modified_time":"2019-06-03T17:58:05+00:00","og_image":[{"width":800,"height":419,"url":"https:\/\/www.garciafaura.com\/wp-content\/uploads\/2019\/02\/muntatgecalendari.jpg","type":"image\/jpeg"}],"author":"David Achell","twitter_card":"summary_large_image","twitter_misc":{"\u00c9crit par":"David Achell","Dur\u00e9e de lecture estim\u00e9e":"1 minute"},"schema":{"@context":"https:\/\/schema.org","@graph":[{"@type":"Article","@id":"https:\/\/www.garciafaura.com\/fr\/le-personnel-de-garcia-faura-revient-dans-le-calendrier-2019\/#article","isPartOf":{"@id":"https:\/\/www.garciafaura.com\/fr\/le-personnel-de-garcia-faura-revient-dans-le-calendrier-2019\/"},"author":{"name":"David Achell","@id":"https:\/\/www.garciafaura.com\/fr\/#\/schema\/person\/b4b75e69b33fac3446071909bec106b0"},"headline":"Le personnel de GARCIA FAURA est de nouveau le protagoniste du calendrier 2019","datePublished":"2019-02-11T15:40:00+00:00","dateModified":"2019-06-03T17:58:05+00:00","mainEntityOfPage":{"@id":"https:\/\/www.garciafaura.com\/fr\/le-personnel-de-garcia-faura-revient-dans-le-calendrier-2019\/"},"wordCount":196,"commentCount":0,"publisher":{"@id":"https:\/\/www.garciafaura.com\/fr\/#organization"},"image":{"@id":"https:\/\/www.garciafaura.com\/fr\/le-personnel-de-garcia-faura-revient-dans-le-calendrier-2019\/#primaryimage"},"thumbnailUrl":"https:\/\/www.garciafaura.com\/wp-content\/uploads\/2019\/02\/muntatgecalendari.jpg","articleSection":["Actualit\u00e9"],"inLanguage":"fr-FR","potentialAction":[{"@type":"CommentAction","name":"Comment","target":["https:\/\/www.garciafaura.com\/fr\/le-personnel-de-garcia-faura-revient-dans-le-calendrier-2019\/#respond"]}]},{"@type":"WebPage","@id":"https:\/\/www.garciafaura.com\/fr\/le-personnel-de-garcia-faura-revient-dans-le-calendrier-2019\/","url":"https:\/\/www.garciafaura.com\/fr\/le-personnel-de-garcia-faura-revient-dans-le-calendrier-2019\/","name":"Le personnel de GARCIA FAURA est de nouveau le protagoniste du calendrier 2019 - GARCIA FAURA","isPartOf":{"@id":"https:\/\/www.garciafaura.com\/fr\/#website"},"primaryImageOfPage":{"@id":"https:\/\/www.garciafaura.com\/fr\/le-personnel-de-garcia-faura-revient-dans-le-calendrier-2019\/#primaryimage"},"image":{"@id":"https:\/\/www.garciafaura.com\/fr\/le-personnel-de-garcia-faura-revient-dans-le-calendrier-2019\/#primaryimage"},"thumbnailUrl":"https:\/\/www.garciafaura.com\/wp-content\/uploads\/2019\/02\/muntatgecalendari.jpg","datePublished":"2019-02-11T15:40:00+00:00","dateModified":"2019-06-03T17:58:05+00:00","description":"Arquitectura en Alumini, Inox, Ferro i Vidre","breadcrumb":{"@id":"https:\/\/www.garciafaura.com\/fr\/le-personnel-de-garcia-faura-revient-dans-le-calendrier-2019\/#breadcrumb"},"inLanguage":"fr-FR","potentialAction":[{"@type":"ReadAction","target":["https:\/\/www.garciafaura.com\/fr\/le-personnel-de-garcia-faura-revient-dans-le-calendrier-2019\/"]}]},{"@type":"ImageObject","inLanguage":"fr-FR","@id":"https:\/\/www.garciafaura.com\/fr\/le-personnel-de-garcia-faura-revient-dans-le-calendrier-2019\/#primaryimage","url":"https:\/\/www.garciafaura.com\/wp-content\/uploads\/2019\/02\/muntatgecalendari.jpg","contentUrl":"https:\/\/www.garciafaura.com\/wp-content\/uploads\/2019\/02\/muntatgecalendari.jpg","width":800,"height":419},{"@type":"BreadcrumbList","@id":"https:\/\/www.garciafaura.com\/fr\/le-personnel-de-garcia-faura-revient-dans-le-calendrier-2019\/#breadcrumb","itemListElement":[{"@type":"ListItem","position":1,"name":"Inici","item":"https:\/\/www.garciafaura.com\/fr\/"},{"@type":"ListItem","position":2,"name":"Le personnel de GARCIA FAURA est de nouveau le protagoniste du calendrier 2019"}]},{"@type":"WebSite","@id":"https:\/\/www.garciafaura.com\/fr\/#website","url":"https:\/\/www.garciafaura.com\/fr\/","name":"GARCIA FAURA","description":"Arquitectura en Alumini, Inox, Ferro i Vidre","publisher":{"@id":"https:\/\/www.garciafaura.com\/fr\/#organization"},"potentialAction":[{"@type":"SearchAction","target":{"@type":"EntryPoint","urlTemplate":"https:\/\/www.garciafaura.com\/fr\/?s={search_term_string}"},"query-input":{"@type":"PropertyValueSpecification","valueRequired":true,"valueName":"search_term_string"}}],"inLanguage":"fr-FR"},{"@type":"Organization","@id":"https:\/\/www.garciafaura.com\/fr\/#organization","name":"GARCIA FAURA","url":"https:\/\/www.garciafaura.com\/fr\/","logo":{"@type":"ImageObject","inLanguage":"fr-FR","@id":"https:\/\/www.garciafaura.com\/fr\/#\/schema\/logo\/image\/","url":"https:\/\/www.garciafaura.com\/wp-content\/uploads\/2018\/09\/Garcia-Faura.png","contentUrl":"https:\/\/www.garciafaura.com\/wp-content\/uploads\/2018\/09\/Garcia-Faura.png","width":512,"height":512,"caption":"GARCIA FAURA"},"image":{"@id":"https:\/\/www.garciafaura.com\/fr\/#\/schema\/logo\/image\/"},"sameAs":["https:\/\/www.youtube.com\/user\/GARCIAFAURA"]},{"@type":"Person","@id":"https:\/\/www.garciafaura.com\/fr\/#\/schema\/person\/b4b75e69b33fac3446071909bec106b0","name":"David Achell","image":{"@type":"ImageObject","inLanguage":"fr-FR","@id":"https:\/\/www.garciafaura.com\/fr\/#\/schema\/person\/image\/","url":"https:\/\/secure.gravatar.com\/avatar\/03900210afc1f61bce737bcb4a79c02e2c997f171e3eca839b5a4cbe03846c90?s=96&d=blank&r=g","contentUrl":"https:\/\/secure.gravatar.com\/avatar\/03900210afc1f61bce737bcb4a79c02e2c997f171e3eca839b5a4cbe03846c90?s=96&d=blank&r=g","caption":"David Achell"}}]}},"_links":{"self":[{"href":"https:\/\/www.garciafaura.com\/fr\/wp-json\/wp\/v2\/posts\/17191","targetHints":{"allow":["GET"]}}],"collection":[{"href":"https:\/\/www.garciafaura.com\/fr\/wp-json\/wp\/v2\/posts"}],"about":[{"href":"https:\/\/www.garciafaura.com\/fr\/wp-json\/wp\/v2\/types\/post"}],"author":[{"embeddable":true,"href":"https:\/\/www.garciafaura.com\/fr\/wp-json\/wp\/v2\/users\/3"}],"replies":[{"embeddable":true,"href":"https:\/\/www.garciafaura.com\/fr\/wp-json\/wp\/v2\/comments?post=17191"}],"version-history":[{"count":1,"href":"https:\/\/www.garciafaura.com\/fr\/wp-json\/wp\/v2\/posts\/17191\/revisions"}],"predecessor-version":[{"id":19373,"href":"https:\/\/www.garciafaura.com\/fr\/wp-json\/wp\/v2\/posts\/17191\/revisions\/19373"}],"wp:featuredmedia":[{"embeddable":true,"href":"https:\/\/www.garciafaura.com\/fr\/wp-json\/wp\/v2\/media\/17155"}],"wp:attachment":[{"href":"https:\/\/www.garciafaura.com\/fr\/wp-json\/wp\/v2\/media?parent=17191"}],"wp:term":[{"taxonomy":"category","embeddable":true,"href":"https:\/\/www.garciafaura.com\/fr\/wp-json\/wp\/v2\/categories?post=17191"},{"taxonomy":"post_tag","embeddable":true,"href":"https:\/\/www.garciafaura.com\/fr\/wp-json\/wp\/v2\/tags?post=17191"},{"taxonomy":"post_series","embeddable":true,"href":"https:\/\/www.garciafaura.com\/fr\/wp-json\/wp\/v2\/post_series?post=17191"}],"curies":[{"name":"wp","href":"https:\/\/api.w.org\/{rel}","templated":true}]}}