{"id":17148,"date":"2019-02-08T09:04:18","date_gmt":"2019-02-08T09:04:18","guid":{"rendered":"https:\/\/www.garciafaura.com\/contribution-de-la-facade-a-lefficacite-energetique-dun-batiment\/"},"modified":"2019-06-03T17:58:18","modified_gmt":"2019-06-03T17:58:18","slug":"contribution-de-la-facade-a-lefficacite-energetique-dun-batiment","status":"publish","type":"post","link":"https:\/\/www.garciafaura.com\/fr\/contribution-de-la-facade-a-lefficacite-energetique-dun-batiment\/","title":{"rendered":"La fa\u00e7ade contribue \u00e0 l\u2019efficacit\u00e9 \u00e9nerg\u00e9tique d\u2019un immeuble"},"content":{"rendered":"<p style=\"text-align: justify;\">Le choix et la conception d\u2019une solution technique correcte pour la fa\u00e7ade d\u2019un b\u00e2timent peut am\u00e9liorer sensiblement l\u2019efficacit\u00e9 \u00e9nerg\u00e9tique de ce dernier, qu\u2019il s\u2019agisse de solutions thermiques ou solaires. La combinaison de cette solution de fa\u00e7ade avec d\u2019autres \u00e9l\u00e9ments apportant une valeur ajout\u00e9e et favorisant les \u00e9conomies d\u2019\u00e9nergie peut \u00eatre essentielle lorsqu&rsquo;\u2019il s\u2019agit de d\u00e9terminer le niveau de durabilit\u00e9 d\u2019un b\u00e2timent.<\/p>\n<p style=\"text-align: justify;\">Non seulement les professionnels de l\u2019architecture et de l\u2019ing\u00e9nierie de construction en sont de plus en plus conscients, mais \u00e9galement les promoteurs publics et priv\u00e9s qui cherchent \u00e0 augmenter constamment les cotes d\u2019efficacit\u00e9 \u00e9nerg\u00e9tique de leurs constructions. Ce choix peut \u00e9ventuellement rendre plus cher le projet initial, mais \u00e0 la longue, cela permet de r\u00e9aliser des \u00e9conomies sur les co\u00fbts \u00e9nerg\u00e9tiques ult\u00e9rieurs, tout en am\u00e9liorant les conditions de vie ou de travail des utilisateurs finaux de l\u2019immeuble.<\/p>\n<p style=\"text-align: justify;\">En fonction de la situation g\u00e9ographique de la construction et de son orientation, la fa\u00e7ade d\u2019un immeuble peut recevoir un \u00e9clairement \u00e9nerg\u00e9tique de jusqu\u2019\u00e0 800 W \/ m\u00b2. Par cons\u00e9quent, un choix judicieux de la transmission lumineuse et du facteur solaire du verre est indispensable si l\u2019on veut optimiser le bilan \u00e9nerg\u00e9tique de l\u2019immeuble. En effet, un verre \u00e0 couche s\u00e9lective agit directement sur le rayonnement solaire, ce qui r\u00e9duit dans une large mesure l\u2019apport \u00e9nerg\u00e9tique \u00e0 l\u2019int\u00e9rieur du b\u00e2timent.<\/p>\n<p style=\"text-align: justify;\">Cette propri\u00e9t\u00e9 est essentielle pour atteindre les exigences d\u2019efficience et viabilit\u00e9 qui de nos jours constituent d\u00e9j\u00e0 une \u00e9vidence dans le secteur de la construction. Nous ne devons, en effet, pas perdre de vue qu\u2019en am\u00e9liorant les prestations de protection solaire, nous r\u00e9duisons l\u2019\u00e9nergie n\u00e9cessaire \u00e0 la climatisation artificielle de l\u2019int\u00e9rieur. Ceci permet \u00e9galement de r\u00e9duire les combustibles fossiles et les \u00e9missions de gaz \u00e0 effet de serre dans l&rsquo;atmosph\u00e8re.<\/p>\n<p style=\"text-align: justify;\">Si, de surcro\u00eet, nous combinons ces solutions avec un \u00e9l\u00e9ment ajout\u00e9 de protection solaire ext\u00e9rieure, nous r\u00e9gulons la transmission d\u2019\u00e9nergie solaire vers l\u2019int\u00e9rieur du b\u00e2timent, am\u00e9liorant ainsi le confort de ses utilisateurs. Un fait qui, d\u2019apr\u00e8s les experts, a un effet positif sur la rentabilit\u00e9 du travail et la productivit\u00e9.<\/p>\n<p style=\"text-align: justify;\"><strong>GARCIA FAURA<\/strong> s\u2019est sp\u00e9cialis\u00e9e dans le d\u00e9veloppement de ce type de solutions techniques pour les fa\u00e7ades, gr\u00e2ce \u00e0 son \u00e9quipe d\u2019ing\u00e9nieurs sp\u00e9cialis\u00e9s qui travaillent conjointement avec les ing\u00e9nieurs de la construction et les architectes responsables des projets. En t\u00e9moignent des cas comme celui de l\u2019immeuble de bureaux Diagonal 192 ou la Tour 4 Porta Firal, \u00e0 Barcelone (photos).<\/p>\n","protected":false},"excerpt":{"rendered":"<p>Le choix et la conception d\u2019une solution technique correcte pour la fa\u00e7ade d\u2019un b\u00e2timent peut am\u00e9liorer sensiblement l\u2019efficacit\u00e9 \u00e9nerg\u00e9tique de ce dernier, qu\u2019il s\u2019agisse de solutions thermiques ou solaires. La combinaison de cette solution de fa\u00e7ade avec d\u2019autres \u00e9l\u00e9ments apportant&hellip;<\/p>\n","protected":false},"author":3,"featured_media":17144,"comment_status":"open","ping_status":"open","sticky":false,"template":"","format":"standard","meta":{"footnotes":""},"categories":[2],"tags":[],"post_series":[],"class_list":["post-17148","post","type-post","status-publish","format-standard","has-post-thumbnail","hentry","category-actualite","entry","has-media"],"yoast_head":"<!-- This site is optimized with the Yoast SEO plugin v26.7 - https:\/\/yoast.com\/wordpress\/plugins\/seo\/ -->\n<title>La fa\u00e7ade contribue \u00e0 l\u2019efficacit\u00e9 \u00e9nerg\u00e9tique d\u2019un immeuble - GARCIA FAURA<\/title>\n<meta name=\"description\" content=\"Arquitectura en Alumini, Inox, Ferro i Vidre\" \/>\n<meta name=\"robots\" content=\"index, follow, max-snippet:-1, max-image-preview:large, max-video-preview:-1\" \/>\n<link rel=\"canonical\" href=\"https:\/\/www.garciafaura.com\/fr\/contribution-de-la-facade-a-lefficacite-energetique-dun-batiment\/\" \/>\n<meta property=\"og:locale\" content=\"fr_FR\" \/>\n<meta property=\"og:type\" content=\"article\" \/>\n<meta property=\"og:title\" content=\"La fa\u00e7ade contribue \u00e0 l\u2019efficacit\u00e9 \u00e9nerg\u00e9tique d\u2019un immeuble - GARCIA FAURA\" \/>\n<meta property=\"og:description\" content=\"Arquitectura en Alumini, Inox, Ferro i Vidre\" \/>\n<meta property=\"og:url\" content=\"https:\/\/www.garciafaura.com\/fr\/contribution-de-la-facade-a-lefficacite-energetique-dun-batiment\/\" \/>\n<meta property=\"og:site_name\" content=\"GARCIA FAURA\" \/>\n<meta property=\"article:published_time\" content=\"2019-02-08T09:04:18+00:00\" \/>\n<meta property=\"article:modified_time\" content=\"2019-06-03T17:58:18+00:00\" \/>\n<meta property=\"og:image\" content=\"https:\/\/www.garciafaura.com\/wp-content\/uploads\/2019\/02\/227-01.jpg\" \/>\n\t<meta property=\"og:image:width\" content=\"800\" \/>\n\t<meta property=\"og:image:height\" content=\"534\" \/>\n\t<meta property=\"og:image:type\" content=\"image\/jpeg\" \/>\n<meta name=\"author\" content=\"David Achell\" \/>\n<meta name=\"twitter:card\" content=\"summary_large_image\" \/>\n<meta name=\"twitter:label1\" content=\"\u00c9crit par\" \/>\n\t<meta name=\"twitter:data1\" content=\"David Achell\" \/>\n\t<meta name=\"twitter:label2\" content=\"Dur\u00e9e de lecture estim\u00e9e\" \/>\n\t<meta name=\"twitter:data2\" content=\"2 minutes\" \/>\n<script type=\"application\/ld+json\" class=\"yoast-schema-graph\">{\"@context\":\"https:\/\/schema.org\",\"@graph\":[{\"@type\":\"Article\",\"@id\":\"https:\/\/www.garciafaura.com\/fr\/contribution-de-la-facade-a-lefficacite-energetique-dun-batiment\/#article\",\"isPartOf\":{\"@id\":\"https:\/\/www.garciafaura.com\/fr\/contribution-de-la-facade-a-lefficacite-energetique-dun-batiment\/\"},\"author\":{\"name\":\"David Achell\",\"@id\":\"https:\/\/www.garciafaura.com\/fr\/#\/schema\/person\/b4b75e69b33fac3446071909bec106b0\"},\"headline\":\"La fa\u00e7ade contribue \u00e0 l\u2019efficacit\u00e9 \u00e9nerg\u00e9tique d\u2019un immeuble\",\"datePublished\":\"2019-02-08T09:04:18+00:00\",\"dateModified\":\"2019-06-03T17:58:18+00:00\",\"mainEntityOfPage\":{\"@id\":\"https:\/\/www.garciafaura.com\/fr\/contribution-de-la-facade-a-lefficacite-energetique-dun-batiment\/\"},\"wordCount\":478,\"commentCount\":0,\"publisher\":{\"@id\":\"https:\/\/www.garciafaura.com\/fr\/#organization\"},\"image\":{\"@id\":\"https:\/\/www.garciafaura.com\/fr\/contribution-de-la-facade-a-lefficacite-energetique-dun-batiment\/#primaryimage\"},\"thumbnailUrl\":\"https:\/\/www.garciafaura.com\/wp-content\/uploads\/2019\/02\/227-01.jpg\",\"articleSection\":[\"Actualit\u00e9\"],\"inLanguage\":\"fr-FR\",\"potentialAction\":[{\"@type\":\"CommentAction\",\"name\":\"Comment\",\"target\":[\"https:\/\/www.garciafaura.com\/fr\/contribution-de-la-facade-a-lefficacite-energetique-dun-batiment\/#respond\"]}]},{\"@type\":\"WebPage\",\"@id\":\"https:\/\/www.garciafaura.com\/fr\/contribution-de-la-facade-a-lefficacite-energetique-dun-batiment\/\",\"url\":\"https:\/\/www.garciafaura.com\/fr\/contribution-de-la-facade-a-lefficacite-energetique-dun-batiment\/\",\"name\":\"La fa\u00e7ade contribue \u00e0 l\u2019efficacit\u00e9 \u00e9nerg\u00e9tique d\u2019un immeuble - GARCIA FAURA\",\"isPartOf\":{\"@id\":\"https:\/\/www.garciafaura.com\/fr\/#website\"},\"primaryImageOfPage\":{\"@id\":\"https:\/\/www.garciafaura.com\/fr\/contribution-de-la-facade-a-lefficacite-energetique-dun-batiment\/#primaryimage\"},\"image\":{\"@id\":\"https:\/\/www.garciafaura.com\/fr\/contribution-de-la-facade-a-lefficacite-energetique-dun-batiment\/#primaryimage\"},\"thumbnailUrl\":\"https:\/\/www.garciafaura.com\/wp-content\/uploads\/2019\/02\/227-01.jpg\",\"datePublished\":\"2019-02-08T09:04:18+00:00\",\"dateModified\":\"2019-06-03T17:58:18+00:00\",\"description\":\"Arquitectura en Alumini, Inox, Ferro i Vidre\",\"breadcrumb\":{\"@id\":\"https:\/\/www.garciafaura.com\/fr\/contribution-de-la-facade-a-lefficacite-energetique-dun-batiment\/#breadcrumb\"},\"inLanguage\":\"fr-FR\",\"potentialAction\":[{\"@type\":\"ReadAction\",\"target\":[\"https:\/\/www.garciafaura.com\/fr\/contribution-de-la-facade-a-lefficacite-energetique-dun-batiment\/\"]}]},{\"@type\":\"ImageObject\",\"inLanguage\":\"fr-FR\",\"@id\":\"https:\/\/www.garciafaura.com\/fr\/contribution-de-la-facade-a-lefficacite-energetique-dun-batiment\/#primaryimage\",\"url\":\"https:\/\/www.garciafaura.com\/wp-content\/uploads\/2019\/02\/227-01.jpg\",\"contentUrl\":\"https:\/\/www.garciafaura.com\/wp-content\/uploads\/2019\/02\/227-01.jpg\",\"width\":800,\"height\":534},{\"@type\":\"BreadcrumbList\",\"@id\":\"https:\/\/www.garciafaura.com\/fr\/contribution-de-la-facade-a-lefficacite-energetique-dun-batiment\/#breadcrumb\",\"itemListElement\":[{\"@type\":\"ListItem\",\"position\":1,\"name\":\"Inici\",\"item\":\"https:\/\/www.garciafaura.com\/fr\/\"},{\"@type\":\"ListItem\",\"position\":2,\"name\":\"La fa\u00e7ade contribue \u00e0 l\u2019efficacit\u00e9 \u00e9nerg\u00e9tique d\u2019un immeuble\"}]},{\"@type\":\"WebSite\",\"@id\":\"https:\/\/www.garciafaura.com\/fr\/#website\",\"url\":\"https:\/\/www.garciafaura.com\/fr\/\",\"name\":\"GARCIA FAURA\",\"description\":\"Arquitectura en Alumini, Inox, Ferro i Vidre\",\"publisher\":{\"@id\":\"https:\/\/www.garciafaura.com\/fr\/#organization\"},\"potentialAction\":[{\"@type\":\"SearchAction\",\"target\":{\"@type\":\"EntryPoint\",\"urlTemplate\":\"https:\/\/www.garciafaura.com\/fr\/?s={search_term_string}\"},\"query-input\":{\"@type\":\"PropertyValueSpecification\",\"valueRequired\":true,\"valueName\":\"search_term_string\"}}],\"inLanguage\":\"fr-FR\"},{\"@type\":\"Organization\",\"@id\":\"https:\/\/www.garciafaura.com\/fr\/#organization\",\"name\":\"GARCIA FAURA\",\"url\":\"https:\/\/www.garciafaura.com\/fr\/\",\"logo\":{\"@type\":\"ImageObject\",\"inLanguage\":\"fr-FR\",\"@id\":\"https:\/\/www.garciafaura.com\/fr\/#\/schema\/logo\/image\/\",\"url\":\"https:\/\/www.garciafaura.com\/wp-content\/uploads\/2018\/09\/Garcia-Faura.png\",\"contentUrl\":\"https:\/\/www.garciafaura.com\/wp-content\/uploads\/2018\/09\/Garcia-Faura.png\",\"width\":512,\"height\":512,\"caption\":\"GARCIA FAURA\"},\"image\":{\"@id\":\"https:\/\/www.garciafaura.com\/fr\/#\/schema\/logo\/image\/\"},\"sameAs\":[\"https:\/\/www.youtube.com\/user\/GARCIAFAURA\"]},{\"@type\":\"Person\",\"@id\":\"https:\/\/www.garciafaura.com\/fr\/#\/schema\/person\/b4b75e69b33fac3446071909bec106b0\",\"name\":\"David Achell\",\"image\":{\"@type\":\"ImageObject\",\"inLanguage\":\"fr-FR\",\"@id\":\"https:\/\/www.garciafaura.com\/fr\/#\/schema\/person\/image\/\",\"url\":\"https:\/\/secure.gravatar.com\/avatar\/03900210afc1f61bce737bcb4a79c02e2c997f171e3eca839b5a4cbe03846c90?s=96&d=blank&r=g\",\"contentUrl\":\"https:\/\/secure.gravatar.com\/avatar\/03900210afc1f61bce737bcb4a79c02e2c997f171e3eca839b5a4cbe03846c90?s=96&d=blank&r=g\",\"caption\":\"David Achell\"}}]}<\/script>\n<!-- \/ Yoast SEO plugin. -->","yoast_head_json":{"title":"La fa\u00e7ade contribue \u00e0 l\u2019efficacit\u00e9 \u00e9nerg\u00e9tique d\u2019un immeuble - GARCIA FAURA","description":"Arquitectura en Alumini, Inox, Ferro i Vidre","robots":{"index":"index","follow":"follow","max-snippet":"max-snippet:-1","max-image-preview":"max-image-preview:large","max-video-preview":"max-video-preview:-1"},"canonical":"https:\/\/www.garciafaura.com\/fr\/contribution-de-la-facade-a-lefficacite-energetique-dun-batiment\/","og_locale":"fr_FR","og_type":"article","og_title":"La fa\u00e7ade contribue \u00e0 l\u2019efficacit\u00e9 \u00e9nerg\u00e9tique d\u2019un immeuble - GARCIA FAURA","og_description":"Arquitectura en Alumini, Inox, Ferro i Vidre","og_url":"https:\/\/www.garciafaura.com\/fr\/contribution-de-la-facade-a-lefficacite-energetique-dun-batiment\/","og_site_name":"GARCIA FAURA","article_published_time":"2019-02-08T09:04:18+00:00","article_modified_time":"2019-06-03T17:58:18+00:00","og_image":[{"width":800,"height":534,"url":"https:\/\/www.garciafaura.com\/wp-content\/uploads\/2019\/02\/227-01.jpg","type":"image\/jpeg"}],"author":"David Achell","twitter_card":"summary_large_image","twitter_misc":{"\u00c9crit par":"David Achell","Dur\u00e9e de lecture estim\u00e9e":"2 minutes"},"schema":{"@context":"https:\/\/schema.org","@graph":[{"@type":"Article","@id":"https:\/\/www.garciafaura.com\/fr\/contribution-de-la-facade-a-lefficacite-energetique-dun-batiment\/#article","isPartOf":{"@id":"https:\/\/www.garciafaura.com\/fr\/contribution-de-la-facade-a-lefficacite-energetique-dun-batiment\/"},"author":{"name":"David Achell","@id":"https:\/\/www.garciafaura.com\/fr\/#\/schema\/person\/b4b75e69b33fac3446071909bec106b0"},"headline":"La fa\u00e7ade contribue \u00e0 l\u2019efficacit\u00e9 \u00e9nerg\u00e9tique d\u2019un immeuble","datePublished":"2019-02-08T09:04:18+00:00","dateModified":"2019-06-03T17:58:18+00:00","mainEntityOfPage":{"@id":"https:\/\/www.garciafaura.com\/fr\/contribution-de-la-facade-a-lefficacite-energetique-dun-batiment\/"},"wordCount":478,"commentCount":0,"publisher":{"@id":"https:\/\/www.garciafaura.com\/fr\/#organization"},"image":{"@id":"https:\/\/www.garciafaura.com\/fr\/contribution-de-la-facade-a-lefficacite-energetique-dun-batiment\/#primaryimage"},"thumbnailUrl":"https:\/\/www.garciafaura.com\/wp-content\/uploads\/2019\/02\/227-01.jpg","articleSection":["Actualit\u00e9"],"inLanguage":"fr-FR","potentialAction":[{"@type":"CommentAction","name":"Comment","target":["https:\/\/www.garciafaura.com\/fr\/contribution-de-la-facade-a-lefficacite-energetique-dun-batiment\/#respond"]}]},{"@type":"WebPage","@id":"https:\/\/www.garciafaura.com\/fr\/contribution-de-la-facade-a-lefficacite-energetique-dun-batiment\/","url":"https:\/\/www.garciafaura.com\/fr\/contribution-de-la-facade-a-lefficacite-energetique-dun-batiment\/","name":"La fa\u00e7ade contribue \u00e0 l\u2019efficacit\u00e9 \u00e9nerg\u00e9tique d\u2019un immeuble - GARCIA FAURA","isPartOf":{"@id":"https:\/\/www.garciafaura.com\/fr\/#website"},"primaryImageOfPage":{"@id":"https:\/\/www.garciafaura.com\/fr\/contribution-de-la-facade-a-lefficacite-energetique-dun-batiment\/#primaryimage"},"image":{"@id":"https:\/\/www.garciafaura.com\/fr\/contribution-de-la-facade-a-lefficacite-energetique-dun-batiment\/#primaryimage"},"thumbnailUrl":"https:\/\/www.garciafaura.com\/wp-content\/uploads\/2019\/02\/227-01.jpg","datePublished":"2019-02-08T09:04:18+00:00","dateModified":"2019-06-03T17:58:18+00:00","description":"Arquitectura en Alumini, Inox, Ferro i Vidre","breadcrumb":{"@id":"https:\/\/www.garciafaura.com\/fr\/contribution-de-la-facade-a-lefficacite-energetique-dun-batiment\/#breadcrumb"},"inLanguage":"fr-FR","potentialAction":[{"@type":"ReadAction","target":["https:\/\/www.garciafaura.com\/fr\/contribution-de-la-facade-a-lefficacite-energetique-dun-batiment\/"]}]},{"@type":"ImageObject","inLanguage":"fr-FR","@id":"https:\/\/www.garciafaura.com\/fr\/contribution-de-la-facade-a-lefficacite-energetique-dun-batiment\/#primaryimage","url":"https:\/\/www.garciafaura.com\/wp-content\/uploads\/2019\/02\/227-01.jpg","contentUrl":"https:\/\/www.garciafaura.com\/wp-content\/uploads\/2019\/02\/227-01.jpg","width":800,"height":534},{"@type":"BreadcrumbList","@id":"https:\/\/www.garciafaura.com\/fr\/contribution-de-la-facade-a-lefficacite-energetique-dun-batiment\/#breadcrumb","itemListElement":[{"@type":"ListItem","position":1,"name":"Inici","item":"https:\/\/www.garciafaura.com\/fr\/"},{"@type":"ListItem","position":2,"name":"La fa\u00e7ade contribue \u00e0 l\u2019efficacit\u00e9 \u00e9nerg\u00e9tique d\u2019un immeuble"}]},{"@type":"WebSite","@id":"https:\/\/www.garciafaura.com\/fr\/#website","url":"https:\/\/www.garciafaura.com\/fr\/","name":"GARCIA FAURA","description":"Arquitectura en Alumini, Inox, Ferro i Vidre","publisher":{"@id":"https:\/\/www.garciafaura.com\/fr\/#organization"},"potentialAction":[{"@type":"SearchAction","target":{"@type":"EntryPoint","urlTemplate":"https:\/\/www.garciafaura.com\/fr\/?s={search_term_string}"},"query-input":{"@type":"PropertyValueSpecification","valueRequired":true,"valueName":"search_term_string"}}],"inLanguage":"fr-FR"},{"@type":"Organization","@id":"https:\/\/www.garciafaura.com\/fr\/#organization","name":"GARCIA FAURA","url":"https:\/\/www.garciafaura.com\/fr\/","logo":{"@type":"ImageObject","inLanguage":"fr-FR","@id":"https:\/\/www.garciafaura.com\/fr\/#\/schema\/logo\/image\/","url":"https:\/\/www.garciafaura.com\/wp-content\/uploads\/2018\/09\/Garcia-Faura.png","contentUrl":"https:\/\/www.garciafaura.com\/wp-content\/uploads\/2018\/09\/Garcia-Faura.png","width":512,"height":512,"caption":"GARCIA FAURA"},"image":{"@id":"https:\/\/www.garciafaura.com\/fr\/#\/schema\/logo\/image\/"},"sameAs":["https:\/\/www.youtube.com\/user\/GARCIAFAURA"]},{"@type":"Person","@id":"https:\/\/www.garciafaura.com\/fr\/#\/schema\/person\/b4b75e69b33fac3446071909bec106b0","name":"David Achell","image":{"@type":"ImageObject","inLanguage":"fr-FR","@id":"https:\/\/www.garciafaura.com\/fr\/#\/schema\/person\/image\/","url":"https:\/\/secure.gravatar.com\/avatar\/03900210afc1f61bce737bcb4a79c02e2c997f171e3eca839b5a4cbe03846c90?s=96&d=blank&r=g","contentUrl":"https:\/\/secure.gravatar.com\/avatar\/03900210afc1f61bce737bcb4a79c02e2c997f171e3eca839b5a4cbe03846c90?s=96&d=blank&r=g","caption":"David Achell"}}]}},"_links":{"self":[{"href":"https:\/\/www.garciafaura.com\/fr\/wp-json\/wp\/v2\/posts\/17148","targetHints":{"allow":["GET"]}}],"collection":[{"href":"https:\/\/www.garciafaura.com\/fr\/wp-json\/wp\/v2\/posts"}],"about":[{"href":"https:\/\/www.garciafaura.com\/fr\/wp-json\/wp\/v2\/types\/post"}],"author":[{"embeddable":true,"href":"https:\/\/www.garciafaura.com\/fr\/wp-json\/wp\/v2\/users\/3"}],"replies":[{"embeddable":true,"href":"https:\/\/www.garciafaura.com\/fr\/wp-json\/wp\/v2\/comments?post=17148"}],"version-history":[{"count":1,"href":"https:\/\/www.garciafaura.com\/fr\/wp-json\/wp\/v2\/posts\/17148\/revisions"}],"predecessor-version":[{"id":19372,"href":"https:\/\/www.garciafaura.com\/fr\/wp-json\/wp\/v2\/posts\/17148\/revisions\/19372"}],"wp:featuredmedia":[{"embeddable":true,"href":"https:\/\/www.garciafaura.com\/fr\/wp-json\/wp\/v2\/media\/17144"}],"wp:attachment":[{"href":"https:\/\/www.garciafaura.com\/fr\/wp-json\/wp\/v2\/media?parent=17148"}],"wp:term":[{"taxonomy":"category","embeddable":true,"href":"https:\/\/www.garciafaura.com\/fr\/wp-json\/wp\/v2\/categories?post=17148"},{"taxonomy":"post_tag","embeddable":true,"href":"https:\/\/www.garciafaura.com\/fr\/wp-json\/wp\/v2\/tags?post=17148"},{"taxonomy":"post_series","embeddable":true,"href":"https:\/\/www.garciafaura.com\/fr\/wp-json\/wp\/v2\/post_series?post=17148"}],"curies":[{"name":"wp","href":"https:\/\/api.w.org\/{rel}","templated":true}]}}