{"id":17123,"date":"2019-02-05T10:58:20","date_gmt":"2019-02-05T10:58:20","guid":{"rendered":"https:\/\/www.garciafaura.com\/garcia-faura-contribue-a-la-lutte-contre-le-cancer-chez-lenfant\/"},"modified":"2019-06-03T17:58:42","modified_gmt":"2019-06-03T17:58:42","slug":"garcia-faura-contribue-a-la-lutte-contre-le-cancer-chez-lenfant","status":"publish","type":"post","link":"https:\/\/www.garciafaura.com\/fr\/garcia-faura-contribue-a-la-lutte-contre-le-cancer-chez-lenfant\/","title":{"rendered":"GARCIA FAURA s\u2019engage pour la lutte contre le cancer chez l&rsquo;enfant"},"content":{"rendered":"<p>L\u2019entreprise s\u2019est jointe \u00e0 la campagne des blasons solidaires de la Police Locale de Gav\u00e0 dans le cadre de l\u2019initiative de plusieurs polices locales de Catalogne, dans le but de collecter des fonds destin\u00e9s \u00e0 la lutte contre le cancer chez l\u2019enfant men\u00e9e au quotidien \u00e0 l\u2019H\u00f4pital Sant Joan de D\u00e9u de Barcelone.<\/p>\n<p>Ces blasons solidaires sont orn\u00e9s d\u2019une bordure jaune (couleur symbolisant la lutte contre le cancer de l\u2019enfant) et portent la devise #pelsvalents (#pourlescourageux). L\u2019initiative \u00e9mane de la Police Locale de Caldes de Malavella, puis elle s\u2019est \u00e9tendue \u00e0 d\u2019autres corps locaux, comme ceux de Baix Llobregat, Gav\u00e0, Viladecans, Castelldefels, Begues, Corbera ou Sant Boi, et bien d\u2019autres encore. L\u2019initiative \u00e9mane de la Police Locale de Caldes de Malavella, puis elle s\u2019est \u00e9tendue \u00e0 d\u2019autres corps locaux, comme ceux de Baix Llobregat, Gav\u00e0, Viladecans, Castelldefels, Begues, Corbera ou Sant Boi, et bien d\u2019autres encore.<\/p>\n<p>C\u2019est ainsi que <strong>Garc\u00eda FAURA<\/strong> est devenue un point de vente de ces blasons, tout en faisant conna\u00eetre la campagne entre ses travailleurs, dans le but de contribuer \u00e0 la collecte de fonds pour la campagne. Les quatre euros que co\u00fbte le blason (qui est brod\u00e9 et se fixe facilement aux v\u00eatements \u00e0 l\u2019aide d\u2019un fer \u00e0 repasser) sont destin\u00e9s \u00e0 l&rsquo;H\u00f4pital Sant Joan de D\u00e9u, pour le financement du Pediatric Cancer Center, un centre oncologique pour enfants dont la construction devrait d\u00e9marrer dans le courant de cette ann\u00e9e. Le projet, dont le co\u00fbt est de 30 millions d\u2019euros, sera le plus grand centre d\u2019oncologie p\u00e9diatrique d\u2019Europe.<\/p>\n<p>Il manque encore \u00e0 l\u2019H\u00f4pital Sant Joan de D\u00e9u la moiti\u00e9 de cet argent pour faire r\u00e9alit\u00e9 la construction de ce b\u00e2timent, qui comptera 40 chambres, aura une capacit\u00e9 d\u2019accueil de 400 familles par an et sera compl\u00e9tement adapt\u00e9 aux besoins des petits patients. De ce fait, l\u2019h\u00f4pital en recherche le financement par le biais d\u2019initiatives de charit\u00e9 comme celles des polices locales.<\/p>\n","protected":false},"excerpt":{"rendered":"<p>L\u2019entreprise s\u2019est jointe \u00e0 la campagne des blasons solidaires de la Police Locale de Gav\u00e0 dans le cadre de l\u2019initiative de plusieurs polices locales de Catalogne, dans le but de collecter des fonds destin\u00e9s \u00e0 la lutte contre le cancer&hellip;<\/p>\n","protected":false},"author":3,"featured_media":17118,"comment_status":"open","ping_status":"open","sticky":false,"template":"","format":"standard","meta":{"footnotes":""},"categories":[2],"tags":[],"post_series":[],"class_list":["post-17123","post","type-post","status-publish","format-standard","has-post-thumbnail","hentry","category-actualite","entry","has-media"],"yoast_head":"<!-- This site is optimized with the Yoast SEO plugin v26.7 - https:\/\/yoast.com\/wordpress\/plugins\/seo\/ -->\n<title>GARCIA FAURA s\u2019engage pour la lutte contre le cancer chez l&#039;enfant - GARCIA FAURA<\/title>\n<meta name=\"description\" content=\"Arquitectura en Alumini, Inox, Ferro i Vidre\" \/>\n<meta name=\"robots\" content=\"index, follow, max-snippet:-1, max-image-preview:large, max-video-preview:-1\" \/>\n<link rel=\"canonical\" href=\"https:\/\/www.garciafaura.com\/fr\/garcia-faura-contribue-a-la-lutte-contre-le-cancer-chez-lenfant\/\" \/>\n<meta property=\"og:locale\" content=\"fr_FR\" \/>\n<meta property=\"og:type\" content=\"article\" \/>\n<meta property=\"og:title\" content=\"GARCIA FAURA s\u2019engage pour la lutte contre le cancer chez l&#039;enfant - GARCIA FAURA\" \/>\n<meta property=\"og:description\" content=\"Arquitectura en Alumini, Inox, Ferro i Vidre\" \/>\n<meta property=\"og:url\" content=\"https:\/\/www.garciafaura.com\/fr\/garcia-faura-contribue-a-la-lutte-contre-le-cancer-chez-lenfant\/\" \/>\n<meta property=\"og:site_name\" content=\"GARCIA FAURA\" \/>\n<meta property=\"article:published_time\" content=\"2019-02-05T10:58:20+00:00\" \/>\n<meta property=\"article:modified_time\" content=\"2019-06-03T17:58:42+00:00\" \/>\n<meta property=\"og:image\" content=\"https:\/\/www.garciafaura.com\/wp-content\/uploads\/2019\/02\/20181105_121014.jpg\" \/>\n\t<meta property=\"og:image:width\" content=\"800\" \/>\n\t<meta property=\"og:image:height\" content=\"450\" \/>\n\t<meta property=\"og:image:type\" content=\"image\/jpeg\" \/>\n<meta name=\"author\" content=\"David Achell\" \/>\n<meta name=\"twitter:card\" content=\"summary_large_image\" \/>\n<meta name=\"twitter:label1\" content=\"\u00c9crit par\" \/>\n\t<meta name=\"twitter:data1\" content=\"David Achell\" \/>\n\t<meta name=\"twitter:label2\" content=\"Dur\u00e9e de lecture estim\u00e9e\" \/>\n\t<meta name=\"twitter:data2\" content=\"2 minutes\" \/>\n<script type=\"application\/ld+json\" class=\"yoast-schema-graph\">{\"@context\":\"https:\/\/schema.org\",\"@graph\":[{\"@type\":\"Article\",\"@id\":\"https:\/\/www.garciafaura.com\/fr\/garcia-faura-contribue-a-la-lutte-contre-le-cancer-chez-lenfant\/#article\",\"isPartOf\":{\"@id\":\"https:\/\/www.garciafaura.com\/fr\/garcia-faura-contribue-a-la-lutte-contre-le-cancer-chez-lenfant\/\"},\"author\":{\"name\":\"David Achell\",\"@id\":\"https:\/\/www.garciafaura.com\/fr\/#\/schema\/person\/b4b75e69b33fac3446071909bec106b0\"},\"headline\":\"GARCIA FAURA s\u2019engage pour la lutte contre le cancer chez l&rsquo;enfant\",\"datePublished\":\"2019-02-05T10:58:20+00:00\",\"dateModified\":\"2019-06-03T17:58:42+00:00\",\"mainEntityOfPage\":{\"@id\":\"https:\/\/www.garciafaura.com\/fr\/garcia-faura-contribue-a-la-lutte-contre-le-cancer-chez-lenfant\/\"},\"wordCount\":364,\"commentCount\":0,\"publisher\":{\"@id\":\"https:\/\/www.garciafaura.com\/fr\/#organization\"},\"image\":{\"@id\":\"https:\/\/www.garciafaura.com\/fr\/garcia-faura-contribue-a-la-lutte-contre-le-cancer-chez-lenfant\/#primaryimage\"},\"thumbnailUrl\":\"https:\/\/www.garciafaura.com\/wp-content\/uploads\/2019\/02\/20181105_121014.jpg\",\"articleSection\":[\"Actualit\u00e9\"],\"inLanguage\":\"fr-FR\",\"potentialAction\":[{\"@type\":\"CommentAction\",\"name\":\"Comment\",\"target\":[\"https:\/\/www.garciafaura.com\/fr\/garcia-faura-contribue-a-la-lutte-contre-le-cancer-chez-lenfant\/#respond\"]}]},{\"@type\":\"WebPage\",\"@id\":\"https:\/\/www.garciafaura.com\/fr\/garcia-faura-contribue-a-la-lutte-contre-le-cancer-chez-lenfant\/\",\"url\":\"https:\/\/www.garciafaura.com\/fr\/garcia-faura-contribue-a-la-lutte-contre-le-cancer-chez-lenfant\/\",\"name\":\"GARCIA FAURA s\u2019engage pour la lutte contre le cancer chez l'enfant - GARCIA FAURA\",\"isPartOf\":{\"@id\":\"https:\/\/www.garciafaura.com\/fr\/#website\"},\"primaryImageOfPage\":{\"@id\":\"https:\/\/www.garciafaura.com\/fr\/garcia-faura-contribue-a-la-lutte-contre-le-cancer-chez-lenfant\/#primaryimage\"},\"image\":{\"@id\":\"https:\/\/www.garciafaura.com\/fr\/garcia-faura-contribue-a-la-lutte-contre-le-cancer-chez-lenfant\/#primaryimage\"},\"thumbnailUrl\":\"https:\/\/www.garciafaura.com\/wp-content\/uploads\/2019\/02\/20181105_121014.jpg\",\"datePublished\":\"2019-02-05T10:58:20+00:00\",\"dateModified\":\"2019-06-03T17:58:42+00:00\",\"description\":\"Arquitectura en Alumini, Inox, Ferro i Vidre\",\"breadcrumb\":{\"@id\":\"https:\/\/www.garciafaura.com\/fr\/garcia-faura-contribue-a-la-lutte-contre-le-cancer-chez-lenfant\/#breadcrumb\"},\"inLanguage\":\"fr-FR\",\"potentialAction\":[{\"@type\":\"ReadAction\",\"target\":[\"https:\/\/www.garciafaura.com\/fr\/garcia-faura-contribue-a-la-lutte-contre-le-cancer-chez-lenfant\/\"]}]},{\"@type\":\"ImageObject\",\"inLanguage\":\"fr-FR\",\"@id\":\"https:\/\/www.garciafaura.com\/fr\/garcia-faura-contribue-a-la-lutte-contre-le-cancer-chez-lenfant\/#primaryimage\",\"url\":\"https:\/\/www.garciafaura.com\/wp-content\/uploads\/2019\/02\/20181105_121014.jpg\",\"contentUrl\":\"https:\/\/www.garciafaura.com\/wp-content\/uploads\/2019\/02\/20181105_121014.jpg\",\"width\":800,\"height\":450},{\"@type\":\"BreadcrumbList\",\"@id\":\"https:\/\/www.garciafaura.com\/fr\/garcia-faura-contribue-a-la-lutte-contre-le-cancer-chez-lenfant\/#breadcrumb\",\"itemListElement\":[{\"@type\":\"ListItem\",\"position\":1,\"name\":\"Inici\",\"item\":\"https:\/\/www.garciafaura.com\/fr\/\"},{\"@type\":\"ListItem\",\"position\":2,\"name\":\"GARCIA FAURA s\u2019engage pour la lutte contre le cancer chez l&rsquo;enfant\"}]},{\"@type\":\"WebSite\",\"@id\":\"https:\/\/www.garciafaura.com\/fr\/#website\",\"url\":\"https:\/\/www.garciafaura.com\/fr\/\",\"name\":\"GARCIA FAURA\",\"description\":\"Arquitectura en Alumini, Inox, Ferro i Vidre\",\"publisher\":{\"@id\":\"https:\/\/www.garciafaura.com\/fr\/#organization\"},\"potentialAction\":[{\"@type\":\"SearchAction\",\"target\":{\"@type\":\"EntryPoint\",\"urlTemplate\":\"https:\/\/www.garciafaura.com\/fr\/?s={search_term_string}\"},\"query-input\":{\"@type\":\"PropertyValueSpecification\",\"valueRequired\":true,\"valueName\":\"search_term_string\"}}],\"inLanguage\":\"fr-FR\"},{\"@type\":\"Organization\",\"@id\":\"https:\/\/www.garciafaura.com\/fr\/#organization\",\"name\":\"GARCIA FAURA\",\"url\":\"https:\/\/www.garciafaura.com\/fr\/\",\"logo\":{\"@type\":\"ImageObject\",\"inLanguage\":\"fr-FR\",\"@id\":\"https:\/\/www.garciafaura.com\/fr\/#\/schema\/logo\/image\/\",\"url\":\"https:\/\/www.garciafaura.com\/wp-content\/uploads\/2018\/09\/Garcia-Faura.png\",\"contentUrl\":\"https:\/\/www.garciafaura.com\/wp-content\/uploads\/2018\/09\/Garcia-Faura.png\",\"width\":512,\"height\":512,\"caption\":\"GARCIA FAURA\"},\"image\":{\"@id\":\"https:\/\/www.garciafaura.com\/fr\/#\/schema\/logo\/image\/\"},\"sameAs\":[\"https:\/\/www.youtube.com\/user\/GARCIAFAURA\"]},{\"@type\":\"Person\",\"@id\":\"https:\/\/www.garciafaura.com\/fr\/#\/schema\/person\/b4b75e69b33fac3446071909bec106b0\",\"name\":\"David Achell\",\"image\":{\"@type\":\"ImageObject\",\"inLanguage\":\"fr-FR\",\"@id\":\"https:\/\/www.garciafaura.com\/fr\/#\/schema\/person\/image\/\",\"url\":\"https:\/\/secure.gravatar.com\/avatar\/03900210afc1f61bce737bcb4a79c02e2c997f171e3eca839b5a4cbe03846c90?s=96&d=blank&r=g\",\"contentUrl\":\"https:\/\/secure.gravatar.com\/avatar\/03900210afc1f61bce737bcb4a79c02e2c997f171e3eca839b5a4cbe03846c90?s=96&d=blank&r=g\",\"caption\":\"David Achell\"}}]}<\/script>\n<!-- \/ Yoast SEO plugin. -->","yoast_head_json":{"title":"GARCIA FAURA s\u2019engage pour la lutte contre le cancer chez l'enfant - GARCIA FAURA","description":"Arquitectura en Alumini, Inox, Ferro i Vidre","robots":{"index":"index","follow":"follow","max-snippet":"max-snippet:-1","max-image-preview":"max-image-preview:large","max-video-preview":"max-video-preview:-1"},"canonical":"https:\/\/www.garciafaura.com\/fr\/garcia-faura-contribue-a-la-lutte-contre-le-cancer-chez-lenfant\/","og_locale":"fr_FR","og_type":"article","og_title":"GARCIA FAURA s\u2019engage pour la lutte contre le cancer chez l'enfant - GARCIA FAURA","og_description":"Arquitectura en Alumini, Inox, Ferro i Vidre","og_url":"https:\/\/www.garciafaura.com\/fr\/garcia-faura-contribue-a-la-lutte-contre-le-cancer-chez-lenfant\/","og_site_name":"GARCIA FAURA","article_published_time":"2019-02-05T10:58:20+00:00","article_modified_time":"2019-06-03T17:58:42+00:00","og_image":[{"width":800,"height":450,"url":"https:\/\/www.garciafaura.com\/wp-content\/uploads\/2019\/02\/20181105_121014.jpg","type":"image\/jpeg"}],"author":"David Achell","twitter_card":"summary_large_image","twitter_misc":{"\u00c9crit par":"David Achell","Dur\u00e9e de lecture estim\u00e9e":"2 minutes"},"schema":{"@context":"https:\/\/schema.org","@graph":[{"@type":"Article","@id":"https:\/\/www.garciafaura.com\/fr\/garcia-faura-contribue-a-la-lutte-contre-le-cancer-chez-lenfant\/#article","isPartOf":{"@id":"https:\/\/www.garciafaura.com\/fr\/garcia-faura-contribue-a-la-lutte-contre-le-cancer-chez-lenfant\/"},"author":{"name":"David Achell","@id":"https:\/\/www.garciafaura.com\/fr\/#\/schema\/person\/b4b75e69b33fac3446071909bec106b0"},"headline":"GARCIA FAURA s\u2019engage pour la lutte contre le cancer chez l&rsquo;enfant","datePublished":"2019-02-05T10:58:20+00:00","dateModified":"2019-06-03T17:58:42+00:00","mainEntityOfPage":{"@id":"https:\/\/www.garciafaura.com\/fr\/garcia-faura-contribue-a-la-lutte-contre-le-cancer-chez-lenfant\/"},"wordCount":364,"commentCount":0,"publisher":{"@id":"https:\/\/www.garciafaura.com\/fr\/#organization"},"image":{"@id":"https:\/\/www.garciafaura.com\/fr\/garcia-faura-contribue-a-la-lutte-contre-le-cancer-chez-lenfant\/#primaryimage"},"thumbnailUrl":"https:\/\/www.garciafaura.com\/wp-content\/uploads\/2019\/02\/20181105_121014.jpg","articleSection":["Actualit\u00e9"],"inLanguage":"fr-FR","potentialAction":[{"@type":"CommentAction","name":"Comment","target":["https:\/\/www.garciafaura.com\/fr\/garcia-faura-contribue-a-la-lutte-contre-le-cancer-chez-lenfant\/#respond"]}]},{"@type":"WebPage","@id":"https:\/\/www.garciafaura.com\/fr\/garcia-faura-contribue-a-la-lutte-contre-le-cancer-chez-lenfant\/","url":"https:\/\/www.garciafaura.com\/fr\/garcia-faura-contribue-a-la-lutte-contre-le-cancer-chez-lenfant\/","name":"GARCIA FAURA s\u2019engage pour la lutte contre le cancer chez l'enfant - GARCIA FAURA","isPartOf":{"@id":"https:\/\/www.garciafaura.com\/fr\/#website"},"primaryImageOfPage":{"@id":"https:\/\/www.garciafaura.com\/fr\/garcia-faura-contribue-a-la-lutte-contre-le-cancer-chez-lenfant\/#primaryimage"},"image":{"@id":"https:\/\/www.garciafaura.com\/fr\/garcia-faura-contribue-a-la-lutte-contre-le-cancer-chez-lenfant\/#primaryimage"},"thumbnailUrl":"https:\/\/www.garciafaura.com\/wp-content\/uploads\/2019\/02\/20181105_121014.jpg","datePublished":"2019-02-05T10:58:20+00:00","dateModified":"2019-06-03T17:58:42+00:00","description":"Arquitectura en Alumini, Inox, Ferro i Vidre","breadcrumb":{"@id":"https:\/\/www.garciafaura.com\/fr\/garcia-faura-contribue-a-la-lutte-contre-le-cancer-chez-lenfant\/#breadcrumb"},"inLanguage":"fr-FR","potentialAction":[{"@type":"ReadAction","target":["https:\/\/www.garciafaura.com\/fr\/garcia-faura-contribue-a-la-lutte-contre-le-cancer-chez-lenfant\/"]}]},{"@type":"ImageObject","inLanguage":"fr-FR","@id":"https:\/\/www.garciafaura.com\/fr\/garcia-faura-contribue-a-la-lutte-contre-le-cancer-chez-lenfant\/#primaryimage","url":"https:\/\/www.garciafaura.com\/wp-content\/uploads\/2019\/02\/20181105_121014.jpg","contentUrl":"https:\/\/www.garciafaura.com\/wp-content\/uploads\/2019\/02\/20181105_121014.jpg","width":800,"height":450},{"@type":"BreadcrumbList","@id":"https:\/\/www.garciafaura.com\/fr\/garcia-faura-contribue-a-la-lutte-contre-le-cancer-chez-lenfant\/#breadcrumb","itemListElement":[{"@type":"ListItem","position":1,"name":"Inici","item":"https:\/\/www.garciafaura.com\/fr\/"},{"@type":"ListItem","position":2,"name":"GARCIA FAURA s\u2019engage pour la lutte contre le cancer chez l&rsquo;enfant"}]},{"@type":"WebSite","@id":"https:\/\/www.garciafaura.com\/fr\/#website","url":"https:\/\/www.garciafaura.com\/fr\/","name":"GARCIA FAURA","description":"Arquitectura en Alumini, Inox, Ferro i Vidre","publisher":{"@id":"https:\/\/www.garciafaura.com\/fr\/#organization"},"potentialAction":[{"@type":"SearchAction","target":{"@type":"EntryPoint","urlTemplate":"https:\/\/www.garciafaura.com\/fr\/?s={search_term_string}"},"query-input":{"@type":"PropertyValueSpecification","valueRequired":true,"valueName":"search_term_string"}}],"inLanguage":"fr-FR"},{"@type":"Organization","@id":"https:\/\/www.garciafaura.com\/fr\/#organization","name":"GARCIA FAURA","url":"https:\/\/www.garciafaura.com\/fr\/","logo":{"@type":"ImageObject","inLanguage":"fr-FR","@id":"https:\/\/www.garciafaura.com\/fr\/#\/schema\/logo\/image\/","url":"https:\/\/www.garciafaura.com\/wp-content\/uploads\/2018\/09\/Garcia-Faura.png","contentUrl":"https:\/\/www.garciafaura.com\/wp-content\/uploads\/2018\/09\/Garcia-Faura.png","width":512,"height":512,"caption":"GARCIA FAURA"},"image":{"@id":"https:\/\/www.garciafaura.com\/fr\/#\/schema\/logo\/image\/"},"sameAs":["https:\/\/www.youtube.com\/user\/GARCIAFAURA"]},{"@type":"Person","@id":"https:\/\/www.garciafaura.com\/fr\/#\/schema\/person\/b4b75e69b33fac3446071909bec106b0","name":"David Achell","image":{"@type":"ImageObject","inLanguage":"fr-FR","@id":"https:\/\/www.garciafaura.com\/fr\/#\/schema\/person\/image\/","url":"https:\/\/secure.gravatar.com\/avatar\/03900210afc1f61bce737bcb4a79c02e2c997f171e3eca839b5a4cbe03846c90?s=96&d=blank&r=g","contentUrl":"https:\/\/secure.gravatar.com\/avatar\/03900210afc1f61bce737bcb4a79c02e2c997f171e3eca839b5a4cbe03846c90?s=96&d=blank&r=g","caption":"David Achell"}}]}},"_links":{"self":[{"href":"https:\/\/www.garciafaura.com\/fr\/wp-json\/wp\/v2\/posts\/17123","targetHints":{"allow":["GET"]}}],"collection":[{"href":"https:\/\/www.garciafaura.com\/fr\/wp-json\/wp\/v2\/posts"}],"about":[{"href":"https:\/\/www.garciafaura.com\/fr\/wp-json\/wp\/v2\/types\/post"}],"author":[{"embeddable":true,"href":"https:\/\/www.garciafaura.com\/fr\/wp-json\/wp\/v2\/users\/3"}],"replies":[{"embeddable":true,"href":"https:\/\/www.garciafaura.com\/fr\/wp-json\/wp\/v2\/comments?post=17123"}],"version-history":[{"count":1,"href":"https:\/\/www.garciafaura.com\/fr\/wp-json\/wp\/v2\/posts\/17123\/revisions"}],"predecessor-version":[{"id":19370,"href":"https:\/\/www.garciafaura.com\/fr\/wp-json\/wp\/v2\/posts\/17123\/revisions\/19370"}],"wp:featuredmedia":[{"embeddable":true,"href":"https:\/\/www.garciafaura.com\/fr\/wp-json\/wp\/v2\/media\/17118"}],"wp:attachment":[{"href":"https:\/\/www.garciafaura.com\/fr\/wp-json\/wp\/v2\/media?parent=17123"}],"wp:term":[{"taxonomy":"category","embeddable":true,"href":"https:\/\/www.garciafaura.com\/fr\/wp-json\/wp\/v2\/categories?post=17123"},{"taxonomy":"post_tag","embeddable":true,"href":"https:\/\/www.garciafaura.com\/fr\/wp-json\/wp\/v2\/tags?post=17123"},{"taxonomy":"post_series","embeddable":true,"href":"https:\/\/www.garciafaura.com\/fr\/wp-json\/wp\/v2\/post_series?post=17123"}],"curies":[{"name":"wp","href":"https:\/\/api.w.org\/{rel}","templated":true}]}}