{"id":7201,"date":"2018-08-22T00:00:00","date_gmt":"2018-08-22T00:00:00","guid":{"rendered":"https:\/\/www.garciafaura.com\/muro-cortina-para-el-centro-comercial-mas-grande-de-andalucia\/"},"modified":"2019-06-03T11:30:36","modified_gmt":"2019-06-03T11:30:36","slug":"muro-cortina-para-el-centro-comercial-mas-grande-de-andalucia","status":"publish","type":"post","link":"https:\/\/www.garciafaura.com\/es\/muro-cortina-para-el-centro-comercial-mas-grande-de-andalucia\/","title":{"rendered":"Muro cortina para el centro comercial m\u00e1s grande de Andalucia"},"content":{"rendered":"<p>&nbsp;<\/p>\n<p style=\"text-align: justify;\">El centro comercial Palmas Altas tendr\u00e1 una superficie de 100.000 metros cuadrados donde se encontrar\u00e1n m\u00e1s de 200 establecimientos comerciales de diversos sectores, adem\u00e1s de propuestas de ocio y entretenimiento, deportes y restauraci\u00f3n, adem\u00e1s de un hipermercado de 3.000 metros cuadrados y aparcamiento de 3.300 plazas.<\/p>\n<p>&nbsp;<\/p>\n<p style=\"text-align: justify;\">Aparte del muro cortina, <strong>GARCIA FAURA<\/strong> tambi\u00e9n instalar\u00e1 3.500 metros cuadrados de lucernarios de tipo triangular, rectangular y trapezoidal. El encargo evidencia la confianza de <strong>GARCIA FAURA<\/strong> como empresa de referencia en el desarrollo de soluciones t\u00e9cnicas para la arquitectura, especialmente en los casos de trabajos que combinan desarrollo t\u00e9cnico y procesos de instalaci\u00f3n de elevada complejidad como este.<\/p>\n<p>&nbsp;<\/p>\n<p style=\"text-align: justify;\">El centro comercial Palmas Altas tambi\u00e9n dispondr\u00e1 de zonas verdes y un lago de 6.000 metros cuadrados. El equipamiento est\u00e1 situado junto a la Universidad Loyola, el puerto de Sevilla y tendr\u00e1 conexi\u00f3n directa con la SE-30, la autov\u00eda de circunvalaci\u00f3n de la capital andaluza, que permitir\u00e1 el acceso f\u00e1cil y r\u00e1pido desde poblaciones vecinas.<\/p>\n","protected":false},"excerpt":{"rendered":"<p>El futuro nuevo centro comercial Palmas Altas, situado al sur de Sevilla, tendr\u00e1 1.800 metros cuadrados de muro cortina desarrollado, fabricado e instalado por GARCIA FAURA. Esta \u00e1rea comercial, la m\u00e1s grande de Andaluc\u00eda, se prev\u00e9 inaugurar en abril del 2019 y dar\u00e1 trabajo a unas 3.000 personas.<\/p>\n","protected":false},"author":3,"featured_media":7165,"comment_status":"open","ping_status":"open","sticky":false,"template":"","format":"standard","meta":{"footnotes":""},"categories":[3],"tags":[],"post_series":[],"class_list":["post-7201","post","type-post","status-publish","format-standard","has-post-thumbnail","hentry","category-actualidad","entry","has-media"],"yoast_head":"<!-- This site is optimized with the Yoast SEO plugin v26.7 - https:\/\/yoast.com\/wordpress\/plugins\/seo\/ -->\n<title>Muro cortina para el centro comercial m\u00e1s grande de Andalucia - GARCIA FAURA<\/title>\n<meta name=\"description\" content=\"Arquitectura en Alumini, Inox, Ferro i Vidre\" \/>\n<meta name=\"robots\" content=\"index, follow, max-snippet:-1, max-image-preview:large, max-video-preview:-1\" \/>\n<link rel=\"canonical\" href=\"https:\/\/www.garciafaura.com\/es\/muro-cortina-para-el-centro-comercial-mas-grande-de-andalucia\/\" \/>\n<meta property=\"og:locale\" content=\"es_ES\" \/>\n<meta property=\"og:type\" content=\"article\" \/>\n<meta property=\"og:title\" content=\"Muro cortina para el centro comercial m\u00e1s grande de Andalucia - GARCIA FAURA\" \/>\n<meta property=\"og:description\" content=\"Arquitectura en Alumini, Inox, Ferro i Vidre\" \/>\n<meta property=\"og:url\" content=\"https:\/\/www.garciafaura.com\/es\/muro-cortina-para-el-centro-comercial-mas-grande-de-andalucia\/\" \/>\n<meta property=\"og:site_name\" content=\"GARCIA FAURA\" \/>\n<meta property=\"article:published_time\" content=\"2018-08-22T00:00:00+00:00\" \/>\n<meta property=\"article:modified_time\" content=\"2019-06-03T11:30:36+00:00\" \/>\n<meta property=\"og:image\" content=\"https:\/\/www.garciafaura.com\/wp-content\/uploads\/2018\/11\/palmas_altas_01.jpg\" \/>\n\t<meta property=\"og:image:width\" content=\"1\" \/>\n\t<meta property=\"og:image:height\" content=\"1\" \/>\n\t<meta property=\"og:image:type\" content=\"image\/jpeg\" \/>\n<meta name=\"author\" content=\"David Achell\" \/>\n<meta name=\"twitter:card\" content=\"summary_large_image\" \/>\n<meta name=\"twitter:label1\" content=\"Escrito por\" \/>\n\t<meta name=\"twitter:data1\" content=\"David Achell\" \/>\n\t<meta name=\"twitter:label2\" content=\"Tiempo de lectura\" \/>\n\t<meta name=\"twitter:data2\" content=\"1 minuto\" \/>\n<script type=\"application\/ld+json\" class=\"yoast-schema-graph\">{\"@context\":\"https:\/\/schema.org\",\"@graph\":[{\"@type\":\"Article\",\"@id\":\"https:\/\/www.garciafaura.com\/es\/muro-cortina-para-el-centro-comercial-mas-grande-de-andalucia\/#article\",\"isPartOf\":{\"@id\":\"https:\/\/www.garciafaura.com\/es\/muro-cortina-para-el-centro-comercial-mas-grande-de-andalucia\/\"},\"author\":{\"name\":\"David Achell\",\"@id\":\"https:\/\/www.garciafaura.com\/fr\/#\/schema\/person\/b4b75e69b33fac3446071909bec106b0\"},\"headline\":\"Muro cortina para el centro comercial m\u00e1s grande de Andalucia\",\"datePublished\":\"2018-08-22T00:00:00+00:00\",\"dateModified\":\"2019-06-03T11:30:36+00:00\",\"mainEntityOfPage\":{\"@id\":\"https:\/\/www.garciafaura.com\/es\/muro-cortina-para-el-centro-comercial-mas-grande-de-andalucia\/\"},\"wordCount\":183,\"commentCount\":0,\"publisher\":{\"@id\":\"https:\/\/www.garciafaura.com\/fr\/#organization\"},\"image\":{\"@id\":\"https:\/\/www.garciafaura.com\/es\/muro-cortina-para-el-centro-comercial-mas-grande-de-andalucia\/#primaryimage\"},\"thumbnailUrl\":\"https:\/\/www.garciafaura.com\/wp-content\/uploads\/2018\/11\/palmas_altas_01.jpg\",\"articleSection\":[\"Actualidad\"],\"inLanguage\":\"es\",\"potentialAction\":[{\"@type\":\"CommentAction\",\"name\":\"Comment\",\"target\":[\"https:\/\/www.garciafaura.com\/es\/muro-cortina-para-el-centro-comercial-mas-grande-de-andalucia\/#respond\"]}]},{\"@type\":\"WebPage\",\"@id\":\"https:\/\/www.garciafaura.com\/es\/muro-cortina-para-el-centro-comercial-mas-grande-de-andalucia\/\",\"url\":\"https:\/\/www.garciafaura.com\/es\/muro-cortina-para-el-centro-comercial-mas-grande-de-andalucia\/\",\"name\":\"Muro cortina para el centro comercial m\u00e1s grande de Andalucia - GARCIA FAURA\",\"isPartOf\":{\"@id\":\"https:\/\/www.garciafaura.com\/fr\/#website\"},\"primaryImageOfPage\":{\"@id\":\"https:\/\/www.garciafaura.com\/es\/muro-cortina-para-el-centro-comercial-mas-grande-de-andalucia\/#primaryimage\"},\"image\":{\"@id\":\"https:\/\/www.garciafaura.com\/es\/muro-cortina-para-el-centro-comercial-mas-grande-de-andalucia\/#primaryimage\"},\"thumbnailUrl\":\"https:\/\/www.garciafaura.com\/wp-content\/uploads\/2018\/11\/palmas_altas_01.jpg\",\"datePublished\":\"2018-08-22T00:00:00+00:00\",\"dateModified\":\"2019-06-03T11:30:36+00:00\",\"description\":\"Arquitectura en Alumini, Inox, Ferro i Vidre\",\"breadcrumb\":{\"@id\":\"https:\/\/www.garciafaura.com\/es\/muro-cortina-para-el-centro-comercial-mas-grande-de-andalucia\/#breadcrumb\"},\"inLanguage\":\"es\",\"potentialAction\":[{\"@type\":\"ReadAction\",\"target\":[\"https:\/\/www.garciafaura.com\/es\/muro-cortina-para-el-centro-comercial-mas-grande-de-andalucia\/\"]}]},{\"@type\":\"ImageObject\",\"inLanguage\":\"es\",\"@id\":\"https:\/\/www.garciafaura.com\/es\/muro-cortina-para-el-centro-comercial-mas-grande-de-andalucia\/#primaryimage\",\"url\":\"https:\/\/www.garciafaura.com\/wp-content\/uploads\/2018\/11\/palmas_altas_01.jpg\",\"contentUrl\":\"https:\/\/www.garciafaura.com\/wp-content\/uploads\/2018\/11\/palmas_altas_01.jpg\"},{\"@type\":\"BreadcrumbList\",\"@id\":\"https:\/\/www.garciafaura.com\/es\/muro-cortina-para-el-centro-comercial-mas-grande-de-andalucia\/#breadcrumb\",\"itemListElement\":[{\"@type\":\"ListItem\",\"position\":1,\"name\":\"Inici\",\"item\":\"https:\/\/www.garciafaura.com\/es\/\"},{\"@type\":\"ListItem\",\"position\":2,\"name\":\"Muro cortina para el centro comercial m\u00e1s grande de Andalucia\"}]},{\"@type\":\"WebSite\",\"@id\":\"https:\/\/www.garciafaura.com\/fr\/#website\",\"url\":\"https:\/\/www.garciafaura.com\/fr\/\",\"name\":\"GARCIA FAURA\",\"description\":\"Arquitectura en Alumini, Inox, Ferro i Vidre\",\"publisher\":{\"@id\":\"https:\/\/www.garciafaura.com\/fr\/#organization\"},\"potentialAction\":[{\"@type\":\"SearchAction\",\"target\":{\"@type\":\"EntryPoint\",\"urlTemplate\":\"https:\/\/www.garciafaura.com\/fr\/?s={search_term_string}\"},\"query-input\":{\"@type\":\"PropertyValueSpecification\",\"valueRequired\":true,\"valueName\":\"search_term_string\"}}],\"inLanguage\":\"es\"},{\"@type\":\"Organization\",\"@id\":\"https:\/\/www.garciafaura.com\/fr\/#organization\",\"name\":\"GARCIA FAURA\",\"url\":\"https:\/\/www.garciafaura.com\/fr\/\",\"logo\":{\"@type\":\"ImageObject\",\"inLanguage\":\"es\",\"@id\":\"https:\/\/www.garciafaura.com\/fr\/#\/schema\/logo\/image\/\",\"url\":\"https:\/\/www.garciafaura.com\/wp-content\/uploads\/2018\/09\/Garcia-Faura.png\",\"contentUrl\":\"https:\/\/www.garciafaura.com\/wp-content\/uploads\/2018\/09\/Garcia-Faura.png\",\"width\":512,\"height\":512,\"caption\":\"GARCIA FAURA\"},\"image\":{\"@id\":\"https:\/\/www.garciafaura.com\/fr\/#\/schema\/logo\/image\/\"},\"sameAs\":[\"https:\/\/www.youtube.com\/user\/GARCIAFAURA\"]},{\"@type\":\"Person\",\"@id\":\"https:\/\/www.garciafaura.com\/fr\/#\/schema\/person\/b4b75e69b33fac3446071909bec106b0\",\"name\":\"David Achell\",\"image\":{\"@type\":\"ImageObject\",\"inLanguage\":\"es\",\"@id\":\"https:\/\/www.garciafaura.com\/fr\/#\/schema\/person\/image\/\",\"url\":\"https:\/\/secure.gravatar.com\/avatar\/03900210afc1f61bce737bcb4a79c02e2c997f171e3eca839b5a4cbe03846c90?s=96&d=blank&r=g\",\"contentUrl\":\"https:\/\/secure.gravatar.com\/avatar\/03900210afc1f61bce737bcb4a79c02e2c997f171e3eca839b5a4cbe03846c90?s=96&d=blank&r=g\",\"caption\":\"David Achell\"}}]}<\/script>\n<!-- \/ Yoast SEO plugin. -->","yoast_head_json":{"title":"Muro cortina para el centro comercial m\u00e1s grande de Andalucia - GARCIA FAURA","description":"Arquitectura en Alumini, Inox, Ferro i Vidre","robots":{"index":"index","follow":"follow","max-snippet":"max-snippet:-1","max-image-preview":"max-image-preview:large","max-video-preview":"max-video-preview:-1"},"canonical":"https:\/\/www.garciafaura.com\/es\/muro-cortina-para-el-centro-comercial-mas-grande-de-andalucia\/","og_locale":"es_ES","og_type":"article","og_title":"Muro cortina para el centro comercial m\u00e1s grande de Andalucia - GARCIA FAURA","og_description":"Arquitectura en Alumini, Inox, Ferro i Vidre","og_url":"https:\/\/www.garciafaura.com\/es\/muro-cortina-para-el-centro-comercial-mas-grande-de-andalucia\/","og_site_name":"GARCIA FAURA","article_published_time":"2018-08-22T00:00:00+00:00","article_modified_time":"2019-06-03T11:30:36+00:00","og_image":[{"url":"https:\/\/www.garciafaura.com\/wp-content\/uploads\/2018\/11\/palmas_altas_01.jpg","width":1,"height":1,"type":"image\/jpeg"}],"author":"David Achell","twitter_card":"summary_large_image","twitter_misc":{"Escrito por":"David Achell","Tiempo de lectura":"1 minuto"},"schema":{"@context":"https:\/\/schema.org","@graph":[{"@type":"Article","@id":"https:\/\/www.garciafaura.com\/es\/muro-cortina-para-el-centro-comercial-mas-grande-de-andalucia\/#article","isPartOf":{"@id":"https:\/\/www.garciafaura.com\/es\/muro-cortina-para-el-centro-comercial-mas-grande-de-andalucia\/"},"author":{"name":"David Achell","@id":"https:\/\/www.garciafaura.com\/fr\/#\/schema\/person\/b4b75e69b33fac3446071909bec106b0"},"headline":"Muro cortina para el centro comercial m\u00e1s grande de Andalucia","datePublished":"2018-08-22T00:00:00+00:00","dateModified":"2019-06-03T11:30:36+00:00","mainEntityOfPage":{"@id":"https:\/\/www.garciafaura.com\/es\/muro-cortina-para-el-centro-comercial-mas-grande-de-andalucia\/"},"wordCount":183,"commentCount":0,"publisher":{"@id":"https:\/\/www.garciafaura.com\/fr\/#organization"},"image":{"@id":"https:\/\/www.garciafaura.com\/es\/muro-cortina-para-el-centro-comercial-mas-grande-de-andalucia\/#primaryimage"},"thumbnailUrl":"https:\/\/www.garciafaura.com\/wp-content\/uploads\/2018\/11\/palmas_altas_01.jpg","articleSection":["Actualidad"],"inLanguage":"es","potentialAction":[{"@type":"CommentAction","name":"Comment","target":["https:\/\/www.garciafaura.com\/es\/muro-cortina-para-el-centro-comercial-mas-grande-de-andalucia\/#respond"]}]},{"@type":"WebPage","@id":"https:\/\/www.garciafaura.com\/es\/muro-cortina-para-el-centro-comercial-mas-grande-de-andalucia\/","url":"https:\/\/www.garciafaura.com\/es\/muro-cortina-para-el-centro-comercial-mas-grande-de-andalucia\/","name":"Muro cortina para el centro comercial m\u00e1s grande de Andalucia - GARCIA FAURA","isPartOf":{"@id":"https:\/\/www.garciafaura.com\/fr\/#website"},"primaryImageOfPage":{"@id":"https:\/\/www.garciafaura.com\/es\/muro-cortina-para-el-centro-comercial-mas-grande-de-andalucia\/#primaryimage"},"image":{"@id":"https:\/\/www.garciafaura.com\/es\/muro-cortina-para-el-centro-comercial-mas-grande-de-andalucia\/#primaryimage"},"thumbnailUrl":"https:\/\/www.garciafaura.com\/wp-content\/uploads\/2018\/11\/palmas_altas_01.jpg","datePublished":"2018-08-22T00:00:00+00:00","dateModified":"2019-06-03T11:30:36+00:00","description":"Arquitectura en Alumini, Inox, Ferro i Vidre","breadcrumb":{"@id":"https:\/\/www.garciafaura.com\/es\/muro-cortina-para-el-centro-comercial-mas-grande-de-andalucia\/#breadcrumb"},"inLanguage":"es","potentialAction":[{"@type":"ReadAction","target":["https:\/\/www.garciafaura.com\/es\/muro-cortina-para-el-centro-comercial-mas-grande-de-andalucia\/"]}]},{"@type":"ImageObject","inLanguage":"es","@id":"https:\/\/www.garciafaura.com\/es\/muro-cortina-para-el-centro-comercial-mas-grande-de-andalucia\/#primaryimage","url":"https:\/\/www.garciafaura.com\/wp-content\/uploads\/2018\/11\/palmas_altas_01.jpg","contentUrl":"https:\/\/www.garciafaura.com\/wp-content\/uploads\/2018\/11\/palmas_altas_01.jpg"},{"@type":"BreadcrumbList","@id":"https:\/\/www.garciafaura.com\/es\/muro-cortina-para-el-centro-comercial-mas-grande-de-andalucia\/#breadcrumb","itemListElement":[{"@type":"ListItem","position":1,"name":"Inici","item":"https:\/\/www.garciafaura.com\/es\/"},{"@type":"ListItem","position":2,"name":"Muro cortina para el centro comercial m\u00e1s grande de Andalucia"}]},{"@type":"WebSite","@id":"https:\/\/www.garciafaura.com\/fr\/#website","url":"https:\/\/www.garciafaura.com\/fr\/","name":"GARCIA FAURA","description":"Arquitectura en Alumini, Inox, Ferro i Vidre","publisher":{"@id":"https:\/\/www.garciafaura.com\/fr\/#organization"},"potentialAction":[{"@type":"SearchAction","target":{"@type":"EntryPoint","urlTemplate":"https:\/\/www.garciafaura.com\/fr\/?s={search_term_string}"},"query-input":{"@type":"PropertyValueSpecification","valueRequired":true,"valueName":"search_term_string"}}],"inLanguage":"es"},{"@type":"Organization","@id":"https:\/\/www.garciafaura.com\/fr\/#organization","name":"GARCIA FAURA","url":"https:\/\/www.garciafaura.com\/fr\/","logo":{"@type":"ImageObject","inLanguage":"es","@id":"https:\/\/www.garciafaura.com\/fr\/#\/schema\/logo\/image\/","url":"https:\/\/www.garciafaura.com\/wp-content\/uploads\/2018\/09\/Garcia-Faura.png","contentUrl":"https:\/\/www.garciafaura.com\/wp-content\/uploads\/2018\/09\/Garcia-Faura.png","width":512,"height":512,"caption":"GARCIA FAURA"},"image":{"@id":"https:\/\/www.garciafaura.com\/fr\/#\/schema\/logo\/image\/"},"sameAs":["https:\/\/www.youtube.com\/user\/GARCIAFAURA"]},{"@type":"Person","@id":"https:\/\/www.garciafaura.com\/fr\/#\/schema\/person\/b4b75e69b33fac3446071909bec106b0","name":"David Achell","image":{"@type":"ImageObject","inLanguage":"es","@id":"https:\/\/www.garciafaura.com\/fr\/#\/schema\/person\/image\/","url":"https:\/\/secure.gravatar.com\/avatar\/03900210afc1f61bce737bcb4a79c02e2c997f171e3eca839b5a4cbe03846c90?s=96&d=blank&r=g","contentUrl":"https:\/\/secure.gravatar.com\/avatar\/03900210afc1f61bce737bcb4a79c02e2c997f171e3eca839b5a4cbe03846c90?s=96&d=blank&r=g","caption":"David Achell"}}]}},"_links":{"self":[{"href":"https:\/\/www.garciafaura.com\/es\/wp-json\/wp\/v2\/posts\/7201","targetHints":{"allow":["GET"]}}],"collection":[{"href":"https:\/\/www.garciafaura.com\/es\/wp-json\/wp\/v2\/posts"}],"about":[{"href":"https:\/\/www.garciafaura.com\/es\/wp-json\/wp\/v2\/types\/post"}],"author":[{"embeddable":true,"href":"https:\/\/www.garciafaura.com\/es\/wp-json\/wp\/v2\/users\/3"}],"replies":[{"embeddable":true,"href":"https:\/\/www.garciafaura.com\/es\/wp-json\/wp\/v2\/comments?post=7201"}],"version-history":[{"count":2,"href":"https:\/\/www.garciafaura.com\/es\/wp-json\/wp\/v2\/posts\/7201\/revisions"}],"predecessor-version":[{"id":21515,"href":"https:\/\/www.garciafaura.com\/es\/wp-json\/wp\/v2\/posts\/7201\/revisions\/21515"}],"wp:featuredmedia":[{"embeddable":true,"href":"https:\/\/www.garciafaura.com\/es\/wp-json\/wp\/v2\/media\/7165"}],"wp:attachment":[{"href":"https:\/\/www.garciafaura.com\/es\/wp-json\/wp\/v2\/media?parent=7201"}],"wp:term":[{"taxonomy":"category","embeddable":true,"href":"https:\/\/www.garciafaura.com\/es\/wp-json\/wp\/v2\/categories?post=7201"},{"taxonomy":"post_tag","embeddable":true,"href":"https:\/\/www.garciafaura.com\/es\/wp-json\/wp\/v2\/tags?post=7201"},{"taxonomy":"post_series","embeddable":true,"href":"https:\/\/www.garciafaura.com\/es\/wp-json\/wp\/v2\/post_series?post=7201"}],"curies":[{"name":"wp","href":"https:\/\/api.w.org\/{rel}","templated":true}]}}