{"id":7141,"date":"2018-07-19T00:00:00","date_gmt":"2018-07-19T00:00:00","guid":{"rendered":"https:\/\/www.garciafaura.com\/la-nueva-residencia-de-estudiantes-de-barcelona-tendra-nuestro-sello\/"},"modified":"2019-06-03T11:31:19","modified_gmt":"2019-06-03T11:31:19","slug":"la-nueva-residencia-de-estudiantes-de-barcelona-tendra-nuestro-sello","status":"publish","type":"post","link":"https:\/\/www.garciafaura.com\/es\/la-nueva-residencia-de-estudiantes-de-barcelona-tendra-nuestro-sello\/","title":{"rendered":"La nueva residencia de estudiantes de Barcelona tendr\u00e1 nuestro sello"},"content":{"rendered":"<p>&nbsp;<\/p>\n<p style=\"text-align: justify;\">El dise\u00f1o de la residencia, que estar\u00e1 ubicada muy cerca de la estaci\u00f3n de Sants, es responsabilidad de Blanch y Cuenca Arquitectura y ha sido realizado con la metodolog\u00eda Building Information Modeling (BIM), un sistema de trabajo colaborativo para la gesti\u00f3n de proyectos de edificaci\u00f3n a trav\u00e9s de una maqueta digital.<\/p>\n<p>&nbsp;<\/p>\n<p style=\"text-align: justify;\">Esta maqueta digital conforma una gran base de datos que permite gestionar los elementos que forman parte de la infraestructura durante todo su ciclo de vida. Esto permite construir de manera m\u00e1s eficiente, reducir costes y trabajar de forma colaborativa.<\/p>\n<p>&nbsp;<\/p>\n<p style=\"text-align: justify;\">Para esta residencia de estudiantes, <strong>GARCIA FAURA<\/strong> realizar\u00e1 980 metros cuadrados de cerramientos de aluminio y cristal con rotura de puente t\u00e9rmico, lo que es sin\u00f3nimo de garant\u00eda de estanqueidad y aislamiento. Una situaci\u00f3n ideal para equipamientos que requieren silencio y confort.<\/p>\n","protected":false},"excerpt":{"rendered":"<p>GARCIA FAURA participar\u00e1 en la construcci\u00f3n de una nueva residencia universitaria en la calle Viriato de Barcelona. Ser\u00e1 un edificio de 54 metros de altura con 16 plantas con habitaciones, servicios y salas comunes, y dos plantas m\u00e1s de s\u00f3tano para aparcamientos. En total ser\u00e1n 13.300 metros cuadrados.<\/p>\n","protected":false},"author":3,"featured_media":7125,"comment_status":"open","ping_status":"open","sticky":false,"template":"","format":"standard","meta":{"footnotes":""},"categories":[3],"tags":[],"post_series":[],"class_list":["post-7141","post","type-post","status-publish","format-standard","has-post-thumbnail","hentry","category-actualidad","entry","has-media"],"yoast_head":"<!-- This site is optimized with the Yoast SEO plugin v26.7 - https:\/\/yoast.com\/wordpress\/plugins\/seo\/ -->\n<title>La nueva residencia de estudiantes de Barcelona tendr\u00e1 nuestro sello - GARCIA FAURA<\/title>\n<meta name=\"description\" content=\"Arquitectura en Alumini, Inox, Ferro i Vidre\" \/>\n<meta name=\"robots\" content=\"index, follow, max-snippet:-1, max-image-preview:large, max-video-preview:-1\" \/>\n<link rel=\"canonical\" href=\"https:\/\/www.garciafaura.com\/es\/la-nueva-residencia-de-estudiantes-de-barcelona-tendra-nuestro-sello\/\" \/>\n<meta property=\"og:locale\" content=\"es_ES\" \/>\n<meta property=\"og:type\" content=\"article\" \/>\n<meta property=\"og:title\" content=\"La nueva residencia de estudiantes de Barcelona tendr\u00e1 nuestro sello - GARCIA FAURA\" \/>\n<meta property=\"og:description\" content=\"Arquitectura en Alumini, Inox, Ferro i Vidre\" \/>\n<meta property=\"og:url\" content=\"https:\/\/www.garciafaura.com\/es\/la-nueva-residencia-de-estudiantes-de-barcelona-tendra-nuestro-sello\/\" \/>\n<meta property=\"og:site_name\" content=\"GARCIA FAURA\" \/>\n<meta property=\"article:published_time\" content=\"2018-07-19T00:00:00+00:00\" \/>\n<meta property=\"article:modified_time\" content=\"2019-06-03T11:31:19+00:00\" \/>\n<meta property=\"og:image\" content=\"https:\/\/www.garciafaura.com\/wp-content\/uploads\/2018\/11\/residenciaviriat01.jpg\" \/>\n\t<meta property=\"og:image:width\" content=\"1\" \/>\n\t<meta property=\"og:image:height\" content=\"1\" \/>\n\t<meta property=\"og:image:type\" content=\"image\/jpeg\" \/>\n<meta name=\"author\" content=\"David Achell\" \/>\n<meta name=\"twitter:card\" content=\"summary_large_image\" \/>\n<meta name=\"twitter:label1\" content=\"Escrito por\" \/>\n\t<meta name=\"twitter:data1\" content=\"David Achell\" \/>\n\t<meta name=\"twitter:label2\" content=\"Tiempo de lectura\" \/>\n\t<meta name=\"twitter:data2\" content=\"1 minuto\" \/>\n<script type=\"application\/ld+json\" class=\"yoast-schema-graph\">{\"@context\":\"https:\/\/schema.org\",\"@graph\":[{\"@type\":\"Article\",\"@id\":\"https:\/\/www.garciafaura.com\/es\/la-nueva-residencia-de-estudiantes-de-barcelona-tendra-nuestro-sello\/#article\",\"isPartOf\":{\"@id\":\"https:\/\/www.garciafaura.com\/es\/la-nueva-residencia-de-estudiantes-de-barcelona-tendra-nuestro-sello\/\"},\"author\":{\"name\":\"David Achell\",\"@id\":\"https:\/\/www.garciafaura.com\/fr\/#\/schema\/person\/b4b75e69b33fac3446071909bec106b0\"},\"headline\":\"La nueva residencia de estudiantes de Barcelona tendr\u00e1 nuestro sello\",\"datePublished\":\"2018-07-19T00:00:00+00:00\",\"dateModified\":\"2019-06-03T11:31:19+00:00\",\"mainEntityOfPage\":{\"@id\":\"https:\/\/www.garciafaura.com\/es\/la-nueva-residencia-de-estudiantes-de-barcelona-tendra-nuestro-sello\/\"},\"wordCount\":156,\"commentCount\":0,\"publisher\":{\"@id\":\"https:\/\/www.garciafaura.com\/fr\/#organization\"},\"image\":{\"@id\":\"https:\/\/www.garciafaura.com\/es\/la-nueva-residencia-de-estudiantes-de-barcelona-tendra-nuestro-sello\/#primaryimage\"},\"thumbnailUrl\":\"https:\/\/www.garciafaura.com\/wp-content\/uploads\/2018\/11\/residenciaviriat01.jpg\",\"articleSection\":[\"Actualidad\"],\"inLanguage\":\"es\",\"potentialAction\":[{\"@type\":\"CommentAction\",\"name\":\"Comment\",\"target\":[\"https:\/\/www.garciafaura.com\/es\/la-nueva-residencia-de-estudiantes-de-barcelona-tendra-nuestro-sello\/#respond\"]}]},{\"@type\":\"WebPage\",\"@id\":\"https:\/\/www.garciafaura.com\/es\/la-nueva-residencia-de-estudiantes-de-barcelona-tendra-nuestro-sello\/\",\"url\":\"https:\/\/www.garciafaura.com\/es\/la-nueva-residencia-de-estudiantes-de-barcelona-tendra-nuestro-sello\/\",\"name\":\"La nueva residencia de estudiantes de Barcelona tendr\u00e1 nuestro sello - GARCIA FAURA\",\"isPartOf\":{\"@id\":\"https:\/\/www.garciafaura.com\/fr\/#website\"},\"primaryImageOfPage\":{\"@id\":\"https:\/\/www.garciafaura.com\/es\/la-nueva-residencia-de-estudiantes-de-barcelona-tendra-nuestro-sello\/#primaryimage\"},\"image\":{\"@id\":\"https:\/\/www.garciafaura.com\/es\/la-nueva-residencia-de-estudiantes-de-barcelona-tendra-nuestro-sello\/#primaryimage\"},\"thumbnailUrl\":\"https:\/\/www.garciafaura.com\/wp-content\/uploads\/2018\/11\/residenciaviriat01.jpg\",\"datePublished\":\"2018-07-19T00:00:00+00:00\",\"dateModified\":\"2019-06-03T11:31:19+00:00\",\"description\":\"Arquitectura en Alumini, Inox, Ferro i Vidre\",\"breadcrumb\":{\"@id\":\"https:\/\/www.garciafaura.com\/es\/la-nueva-residencia-de-estudiantes-de-barcelona-tendra-nuestro-sello\/#breadcrumb\"},\"inLanguage\":\"es\",\"potentialAction\":[{\"@type\":\"ReadAction\",\"target\":[\"https:\/\/www.garciafaura.com\/es\/la-nueva-residencia-de-estudiantes-de-barcelona-tendra-nuestro-sello\/\"]}]},{\"@type\":\"ImageObject\",\"inLanguage\":\"es\",\"@id\":\"https:\/\/www.garciafaura.com\/es\/la-nueva-residencia-de-estudiantes-de-barcelona-tendra-nuestro-sello\/#primaryimage\",\"url\":\"https:\/\/www.garciafaura.com\/wp-content\/uploads\/2018\/11\/residenciaviriat01.jpg\",\"contentUrl\":\"https:\/\/www.garciafaura.com\/wp-content\/uploads\/2018\/11\/residenciaviriat01.jpg\"},{\"@type\":\"BreadcrumbList\",\"@id\":\"https:\/\/www.garciafaura.com\/es\/la-nueva-residencia-de-estudiantes-de-barcelona-tendra-nuestro-sello\/#breadcrumb\",\"itemListElement\":[{\"@type\":\"ListItem\",\"position\":1,\"name\":\"Inici\",\"item\":\"https:\/\/www.garciafaura.com\/es\/\"},{\"@type\":\"ListItem\",\"position\":2,\"name\":\"La nueva residencia de estudiantes de Barcelona tendr\u00e1 nuestro sello\"}]},{\"@type\":\"WebSite\",\"@id\":\"https:\/\/www.garciafaura.com\/fr\/#website\",\"url\":\"https:\/\/www.garciafaura.com\/fr\/\",\"name\":\"GARCIA FAURA\",\"description\":\"Arquitectura en Alumini, Inox, Ferro i Vidre\",\"publisher\":{\"@id\":\"https:\/\/www.garciafaura.com\/fr\/#organization\"},\"potentialAction\":[{\"@type\":\"SearchAction\",\"target\":{\"@type\":\"EntryPoint\",\"urlTemplate\":\"https:\/\/www.garciafaura.com\/fr\/?s={search_term_string}\"},\"query-input\":{\"@type\":\"PropertyValueSpecification\",\"valueRequired\":true,\"valueName\":\"search_term_string\"}}],\"inLanguage\":\"es\"},{\"@type\":\"Organization\",\"@id\":\"https:\/\/www.garciafaura.com\/fr\/#organization\",\"name\":\"GARCIA FAURA\",\"url\":\"https:\/\/www.garciafaura.com\/fr\/\",\"logo\":{\"@type\":\"ImageObject\",\"inLanguage\":\"es\",\"@id\":\"https:\/\/www.garciafaura.com\/fr\/#\/schema\/logo\/image\/\",\"url\":\"https:\/\/www.garciafaura.com\/wp-content\/uploads\/2018\/09\/Garcia-Faura.png\",\"contentUrl\":\"https:\/\/www.garciafaura.com\/wp-content\/uploads\/2018\/09\/Garcia-Faura.png\",\"width\":512,\"height\":512,\"caption\":\"GARCIA FAURA\"},\"image\":{\"@id\":\"https:\/\/www.garciafaura.com\/fr\/#\/schema\/logo\/image\/\"},\"sameAs\":[\"https:\/\/www.youtube.com\/user\/GARCIAFAURA\"]},{\"@type\":\"Person\",\"@id\":\"https:\/\/www.garciafaura.com\/fr\/#\/schema\/person\/b4b75e69b33fac3446071909bec106b0\",\"name\":\"David Achell\",\"image\":{\"@type\":\"ImageObject\",\"inLanguage\":\"es\",\"@id\":\"https:\/\/www.garciafaura.com\/fr\/#\/schema\/person\/image\/\",\"url\":\"https:\/\/secure.gravatar.com\/avatar\/03900210afc1f61bce737bcb4a79c02e2c997f171e3eca839b5a4cbe03846c90?s=96&d=blank&r=g\",\"contentUrl\":\"https:\/\/secure.gravatar.com\/avatar\/03900210afc1f61bce737bcb4a79c02e2c997f171e3eca839b5a4cbe03846c90?s=96&d=blank&r=g\",\"caption\":\"David Achell\"}}]}<\/script>\n<!-- \/ Yoast SEO plugin. -->","yoast_head_json":{"title":"La nueva residencia de estudiantes de Barcelona tendr\u00e1 nuestro sello - GARCIA FAURA","description":"Arquitectura en Alumini, Inox, Ferro i Vidre","robots":{"index":"index","follow":"follow","max-snippet":"max-snippet:-1","max-image-preview":"max-image-preview:large","max-video-preview":"max-video-preview:-1"},"canonical":"https:\/\/www.garciafaura.com\/es\/la-nueva-residencia-de-estudiantes-de-barcelona-tendra-nuestro-sello\/","og_locale":"es_ES","og_type":"article","og_title":"La nueva residencia de estudiantes de Barcelona tendr\u00e1 nuestro sello - GARCIA FAURA","og_description":"Arquitectura en Alumini, Inox, Ferro i Vidre","og_url":"https:\/\/www.garciafaura.com\/es\/la-nueva-residencia-de-estudiantes-de-barcelona-tendra-nuestro-sello\/","og_site_name":"GARCIA FAURA","article_published_time":"2018-07-19T00:00:00+00:00","article_modified_time":"2019-06-03T11:31:19+00:00","og_image":[{"url":"https:\/\/www.garciafaura.com\/wp-content\/uploads\/2018\/11\/residenciaviriat01.jpg","width":1,"height":1,"type":"image\/jpeg"}],"author":"David Achell","twitter_card":"summary_large_image","twitter_misc":{"Escrito por":"David Achell","Tiempo de lectura":"1 minuto"},"schema":{"@context":"https:\/\/schema.org","@graph":[{"@type":"Article","@id":"https:\/\/www.garciafaura.com\/es\/la-nueva-residencia-de-estudiantes-de-barcelona-tendra-nuestro-sello\/#article","isPartOf":{"@id":"https:\/\/www.garciafaura.com\/es\/la-nueva-residencia-de-estudiantes-de-barcelona-tendra-nuestro-sello\/"},"author":{"name":"David Achell","@id":"https:\/\/www.garciafaura.com\/fr\/#\/schema\/person\/b4b75e69b33fac3446071909bec106b0"},"headline":"La nueva residencia de estudiantes de Barcelona tendr\u00e1 nuestro sello","datePublished":"2018-07-19T00:00:00+00:00","dateModified":"2019-06-03T11:31:19+00:00","mainEntityOfPage":{"@id":"https:\/\/www.garciafaura.com\/es\/la-nueva-residencia-de-estudiantes-de-barcelona-tendra-nuestro-sello\/"},"wordCount":156,"commentCount":0,"publisher":{"@id":"https:\/\/www.garciafaura.com\/fr\/#organization"},"image":{"@id":"https:\/\/www.garciafaura.com\/es\/la-nueva-residencia-de-estudiantes-de-barcelona-tendra-nuestro-sello\/#primaryimage"},"thumbnailUrl":"https:\/\/www.garciafaura.com\/wp-content\/uploads\/2018\/11\/residenciaviriat01.jpg","articleSection":["Actualidad"],"inLanguage":"es","potentialAction":[{"@type":"CommentAction","name":"Comment","target":["https:\/\/www.garciafaura.com\/es\/la-nueva-residencia-de-estudiantes-de-barcelona-tendra-nuestro-sello\/#respond"]}]},{"@type":"WebPage","@id":"https:\/\/www.garciafaura.com\/es\/la-nueva-residencia-de-estudiantes-de-barcelona-tendra-nuestro-sello\/","url":"https:\/\/www.garciafaura.com\/es\/la-nueva-residencia-de-estudiantes-de-barcelona-tendra-nuestro-sello\/","name":"La nueva residencia de estudiantes de Barcelona tendr\u00e1 nuestro sello - GARCIA FAURA","isPartOf":{"@id":"https:\/\/www.garciafaura.com\/fr\/#website"},"primaryImageOfPage":{"@id":"https:\/\/www.garciafaura.com\/es\/la-nueva-residencia-de-estudiantes-de-barcelona-tendra-nuestro-sello\/#primaryimage"},"image":{"@id":"https:\/\/www.garciafaura.com\/es\/la-nueva-residencia-de-estudiantes-de-barcelona-tendra-nuestro-sello\/#primaryimage"},"thumbnailUrl":"https:\/\/www.garciafaura.com\/wp-content\/uploads\/2018\/11\/residenciaviriat01.jpg","datePublished":"2018-07-19T00:00:00+00:00","dateModified":"2019-06-03T11:31:19+00:00","description":"Arquitectura en Alumini, Inox, Ferro i Vidre","breadcrumb":{"@id":"https:\/\/www.garciafaura.com\/es\/la-nueva-residencia-de-estudiantes-de-barcelona-tendra-nuestro-sello\/#breadcrumb"},"inLanguage":"es","potentialAction":[{"@type":"ReadAction","target":["https:\/\/www.garciafaura.com\/es\/la-nueva-residencia-de-estudiantes-de-barcelona-tendra-nuestro-sello\/"]}]},{"@type":"ImageObject","inLanguage":"es","@id":"https:\/\/www.garciafaura.com\/es\/la-nueva-residencia-de-estudiantes-de-barcelona-tendra-nuestro-sello\/#primaryimage","url":"https:\/\/www.garciafaura.com\/wp-content\/uploads\/2018\/11\/residenciaviriat01.jpg","contentUrl":"https:\/\/www.garciafaura.com\/wp-content\/uploads\/2018\/11\/residenciaviriat01.jpg"},{"@type":"BreadcrumbList","@id":"https:\/\/www.garciafaura.com\/es\/la-nueva-residencia-de-estudiantes-de-barcelona-tendra-nuestro-sello\/#breadcrumb","itemListElement":[{"@type":"ListItem","position":1,"name":"Inici","item":"https:\/\/www.garciafaura.com\/es\/"},{"@type":"ListItem","position":2,"name":"La nueva residencia de estudiantes de Barcelona tendr\u00e1 nuestro sello"}]},{"@type":"WebSite","@id":"https:\/\/www.garciafaura.com\/fr\/#website","url":"https:\/\/www.garciafaura.com\/fr\/","name":"GARCIA FAURA","description":"Arquitectura en Alumini, Inox, Ferro i Vidre","publisher":{"@id":"https:\/\/www.garciafaura.com\/fr\/#organization"},"potentialAction":[{"@type":"SearchAction","target":{"@type":"EntryPoint","urlTemplate":"https:\/\/www.garciafaura.com\/fr\/?s={search_term_string}"},"query-input":{"@type":"PropertyValueSpecification","valueRequired":true,"valueName":"search_term_string"}}],"inLanguage":"es"},{"@type":"Organization","@id":"https:\/\/www.garciafaura.com\/fr\/#organization","name":"GARCIA FAURA","url":"https:\/\/www.garciafaura.com\/fr\/","logo":{"@type":"ImageObject","inLanguage":"es","@id":"https:\/\/www.garciafaura.com\/fr\/#\/schema\/logo\/image\/","url":"https:\/\/www.garciafaura.com\/wp-content\/uploads\/2018\/09\/Garcia-Faura.png","contentUrl":"https:\/\/www.garciafaura.com\/wp-content\/uploads\/2018\/09\/Garcia-Faura.png","width":512,"height":512,"caption":"GARCIA FAURA"},"image":{"@id":"https:\/\/www.garciafaura.com\/fr\/#\/schema\/logo\/image\/"},"sameAs":["https:\/\/www.youtube.com\/user\/GARCIAFAURA"]},{"@type":"Person","@id":"https:\/\/www.garciafaura.com\/fr\/#\/schema\/person\/b4b75e69b33fac3446071909bec106b0","name":"David Achell","image":{"@type":"ImageObject","inLanguage":"es","@id":"https:\/\/www.garciafaura.com\/fr\/#\/schema\/person\/image\/","url":"https:\/\/secure.gravatar.com\/avatar\/03900210afc1f61bce737bcb4a79c02e2c997f171e3eca839b5a4cbe03846c90?s=96&d=blank&r=g","contentUrl":"https:\/\/secure.gravatar.com\/avatar\/03900210afc1f61bce737bcb4a79c02e2c997f171e3eca839b5a4cbe03846c90?s=96&d=blank&r=g","caption":"David Achell"}}]}},"_links":{"self":[{"href":"https:\/\/www.garciafaura.com\/es\/wp-json\/wp\/v2\/posts\/7141","targetHints":{"allow":["GET"]}}],"collection":[{"href":"https:\/\/www.garciafaura.com\/es\/wp-json\/wp\/v2\/posts"}],"about":[{"href":"https:\/\/www.garciafaura.com\/es\/wp-json\/wp\/v2\/types\/post"}],"author":[{"embeddable":true,"href":"https:\/\/www.garciafaura.com\/es\/wp-json\/wp\/v2\/users\/3"}],"replies":[{"embeddable":true,"href":"https:\/\/www.garciafaura.com\/es\/wp-json\/wp\/v2\/comments?post=7141"}],"version-history":[{"count":1,"href":"https:\/\/www.garciafaura.com\/es\/wp-json\/wp\/v2\/posts\/7141\/revisions"}],"predecessor-version":[{"id":21517,"href":"https:\/\/www.garciafaura.com\/es\/wp-json\/wp\/v2\/posts\/7141\/revisions\/21517"}],"wp:featuredmedia":[{"embeddable":true,"href":"https:\/\/www.garciafaura.com\/es\/wp-json\/wp\/v2\/media\/7125"}],"wp:attachment":[{"href":"https:\/\/www.garciafaura.com\/es\/wp-json\/wp\/v2\/media?parent=7141"}],"wp:term":[{"taxonomy":"category","embeddable":true,"href":"https:\/\/www.garciafaura.com\/es\/wp-json\/wp\/v2\/categories?post=7141"},{"taxonomy":"post_tag","embeddable":true,"href":"https:\/\/www.garciafaura.com\/es\/wp-json\/wp\/v2\/tags?post=7141"},{"taxonomy":"post_series","embeddable":true,"href":"https:\/\/www.garciafaura.com\/es\/wp-json\/wp\/v2\/post_series?post=7141"}],"curies":[{"name":"wp","href":"https:\/\/api.w.org\/{rel}","templated":true}]}}