{"id":7109,"date":"2018-06-19T00:00:00","date_gmt":"2018-06-19T00:00:00","guid":{"rendered":"https:\/\/www.garciafaura.com\/listas-las-obras-de-remodelacion-del-oceanario-de-lisboa-con-participacion-de-garcia-faura\/"},"modified":"2019-06-03T11:32:36","modified_gmt":"2019-06-03T11:32:36","slug":"listas-las-obras-de-remodelacion-del-oceanario-de-lisboa-con-participacion-de-garcia-faura","status":"publish","type":"post","link":"https:\/\/www.garciafaura.com\/es\/listas-las-obras-de-remodelacion-del-oceanario-de-lisboa-con-participacion-de-garcia-faura\/","title":{"rendered":"Listas las obras de remodelaci\u00f3n del Oceanario de Lisboa con participaci\u00f3n de GARCIA FAURA"},"content":{"rendered":"<p style=\"text-align: justify;\">\n<p style=\"text-align: justify;\">Para esta obra, el Departamento T\u00e9cnico y el de Dise\u00f1o y C\u00e1lculo de <strong>GARCIA FAURA<\/strong> han trabajado ampliamente una soluci\u00f3n \u00f3ptima para el proyecto, a partir de los pilares de acero o de hormig\u00f3n ya existentes.<\/p>\n<p style=\"text-align: justify;\">\n<p style=\"text-align: justify;\">Adem\u00e1s, <strong>GARCIA FAURA<\/strong> hay instalado 60 metros cuadrados de cerramientos con lamas de ventilaci\u00f3n en la parte superior del muro del edificio, y hay colocado cuatro puertas autom\u00e1ticas y una cesta guiada para la limpieza exterior de la edificio.<\/p>\n<p style=\"text-align: justify;\">\n<p style=\"text-align: justify;\">El Oceanario de Lisboa se inaugur\u00f3 en 1998 en el marco de la Exposici\u00f3n Universal. El equipamiento se encuentra en el barrio del Parque de las Naciones, una de las zonas m\u00e1s futuristas de la capital portuguesa.<\/p>\n<p style=\"text-align: justify;\">\n<p style=\"text-align: justify;\">En su interior se pueden encontrar unos 15.000 seres vivos de m\u00e1s de 450 especies diferentes repartidos en dos plantas que provienen de los oc\u00e9anos Atl\u00e1ntico, \u00cdndico, Pac\u00edfico y la Ant\u00e1rtida.<\/p>\n","protected":false},"excerpt":{"rendered":"<p>GARCIA FAURA ha participado en la remodelaci\u00f3n del Oceanario de Lisboa, el segundo acuario m\u00e1s grande de Europa. La empresa ha realizado un cierre de fachada en forma de U y la instalaci\u00f3n de una fachada de vidrio abotonado con un total de 882 metros cuadrados.<\/p>\n","protected":false},"author":3,"featured_media":7081,"comment_status":"open","ping_status":"open","sticky":false,"template":"","format":"standard","meta":{"footnotes":""},"categories":[3],"tags":[],"post_series":[],"class_list":["post-7109","post","type-post","status-publish","format-standard","has-post-thumbnail","hentry","category-actualidad","entry","has-media"],"yoast_head":"<!-- This site is optimized with the Yoast SEO plugin v26.7 - https:\/\/yoast.com\/wordpress\/plugins\/seo\/ -->\n<title>Listas las obras de remodelaci\u00f3n del Oceanario de Lisboa con participaci\u00f3n de GARCIA FAURA - GARCIA FAURA<\/title>\n<meta name=\"description\" content=\"Arquitectura en Alumini, Inox, Ferro i Vidre\" \/>\n<meta name=\"robots\" content=\"index, follow, max-snippet:-1, max-image-preview:large, max-video-preview:-1\" \/>\n<link rel=\"canonical\" href=\"https:\/\/www.garciafaura.com\/es\/listas-las-obras-de-remodelacion-del-oceanario-de-lisboa-con-participacion-de-garcia-faura\/\" \/>\n<meta property=\"og:locale\" content=\"es_ES\" \/>\n<meta property=\"og:type\" content=\"article\" \/>\n<meta property=\"og:title\" content=\"Listas las obras de remodelaci\u00f3n del Oceanario de Lisboa con participaci\u00f3n de GARCIA FAURA - GARCIA FAURA\" \/>\n<meta property=\"og:description\" content=\"Arquitectura en Alumini, Inox, Ferro i Vidre\" \/>\n<meta property=\"og:url\" content=\"https:\/\/www.garciafaura.com\/es\/listas-las-obras-de-remodelacion-del-oceanario-de-lisboa-con-participacion-de-garcia-faura\/\" \/>\n<meta property=\"og:site_name\" content=\"GARCIA FAURA\" \/>\n<meta property=\"article:published_time\" content=\"2018-06-19T00:00:00+00:00\" \/>\n<meta property=\"article:modified_time\" content=\"2019-06-03T11:32:36+00:00\" \/>\n<meta property=\"og:image\" content=\"https:\/\/www.garciafaura.com\/wp-content\/uploads\/2018\/11\/250-01.jpg\" \/>\n\t<meta property=\"og:image:width\" content=\"1\" \/>\n\t<meta property=\"og:image:height\" content=\"1\" \/>\n\t<meta property=\"og:image:type\" content=\"image\/jpeg\" \/>\n<meta name=\"author\" content=\"David Achell\" \/>\n<meta name=\"twitter:card\" content=\"summary_large_image\" \/>\n<meta name=\"twitter:label1\" content=\"Escrito por\" \/>\n\t<meta name=\"twitter:data1\" content=\"David Achell\" \/>\n\t<meta name=\"twitter:label2\" content=\"Tiempo de lectura\" \/>\n\t<meta name=\"twitter:data2\" content=\"1 minuto\" \/>\n<script type=\"application\/ld+json\" class=\"yoast-schema-graph\">{\"@context\":\"https:\/\/schema.org\",\"@graph\":[{\"@type\":\"Article\",\"@id\":\"https:\/\/www.garciafaura.com\/es\/listas-las-obras-de-remodelacion-del-oceanario-de-lisboa-con-participacion-de-garcia-faura\/#article\",\"isPartOf\":{\"@id\":\"https:\/\/www.garciafaura.com\/es\/listas-las-obras-de-remodelacion-del-oceanario-de-lisboa-con-participacion-de-garcia-faura\/\"},\"author\":{\"name\":\"David Achell\",\"@id\":\"https:\/\/www.garciafaura.com\/fr\/#\/schema\/person\/b4b75e69b33fac3446071909bec106b0\"},\"headline\":\"Listas las obras de remodelaci\u00f3n del Oceanario de Lisboa con participaci\u00f3n de GARCIA FAURA\",\"datePublished\":\"2018-06-19T00:00:00+00:00\",\"dateModified\":\"2019-06-03T11:32:36+00:00\",\"mainEntityOfPage\":{\"@id\":\"https:\/\/www.garciafaura.com\/es\/listas-las-obras-de-remodelacion-del-oceanario-de-lisboa-con-participacion-de-garcia-faura\/\"},\"wordCount\":170,\"commentCount\":0,\"publisher\":{\"@id\":\"https:\/\/www.garciafaura.com\/fr\/#organization\"},\"image\":{\"@id\":\"https:\/\/www.garciafaura.com\/es\/listas-las-obras-de-remodelacion-del-oceanario-de-lisboa-con-participacion-de-garcia-faura\/#primaryimage\"},\"thumbnailUrl\":\"https:\/\/www.garciafaura.com\/wp-content\/uploads\/2018\/11\/250-01.jpg\",\"articleSection\":[\"Actualidad\"],\"inLanguage\":\"es\",\"potentialAction\":[{\"@type\":\"CommentAction\",\"name\":\"Comment\",\"target\":[\"https:\/\/www.garciafaura.com\/es\/listas-las-obras-de-remodelacion-del-oceanario-de-lisboa-con-participacion-de-garcia-faura\/#respond\"]}]},{\"@type\":\"WebPage\",\"@id\":\"https:\/\/www.garciafaura.com\/es\/listas-las-obras-de-remodelacion-del-oceanario-de-lisboa-con-participacion-de-garcia-faura\/\",\"url\":\"https:\/\/www.garciafaura.com\/es\/listas-las-obras-de-remodelacion-del-oceanario-de-lisboa-con-participacion-de-garcia-faura\/\",\"name\":\"Listas las obras de remodelaci\u00f3n del Oceanario de Lisboa con participaci\u00f3n de GARCIA FAURA - GARCIA FAURA\",\"isPartOf\":{\"@id\":\"https:\/\/www.garciafaura.com\/fr\/#website\"},\"primaryImageOfPage\":{\"@id\":\"https:\/\/www.garciafaura.com\/es\/listas-las-obras-de-remodelacion-del-oceanario-de-lisboa-con-participacion-de-garcia-faura\/#primaryimage\"},\"image\":{\"@id\":\"https:\/\/www.garciafaura.com\/es\/listas-las-obras-de-remodelacion-del-oceanario-de-lisboa-con-participacion-de-garcia-faura\/#primaryimage\"},\"thumbnailUrl\":\"https:\/\/www.garciafaura.com\/wp-content\/uploads\/2018\/11\/250-01.jpg\",\"datePublished\":\"2018-06-19T00:00:00+00:00\",\"dateModified\":\"2019-06-03T11:32:36+00:00\",\"description\":\"Arquitectura en Alumini, Inox, Ferro i Vidre\",\"breadcrumb\":{\"@id\":\"https:\/\/www.garciafaura.com\/es\/listas-las-obras-de-remodelacion-del-oceanario-de-lisboa-con-participacion-de-garcia-faura\/#breadcrumb\"},\"inLanguage\":\"es\",\"potentialAction\":[{\"@type\":\"ReadAction\",\"target\":[\"https:\/\/www.garciafaura.com\/es\/listas-las-obras-de-remodelacion-del-oceanario-de-lisboa-con-participacion-de-garcia-faura\/\"]}]},{\"@type\":\"ImageObject\",\"inLanguage\":\"es\",\"@id\":\"https:\/\/www.garciafaura.com\/es\/listas-las-obras-de-remodelacion-del-oceanario-de-lisboa-con-participacion-de-garcia-faura\/#primaryimage\",\"url\":\"https:\/\/www.garciafaura.com\/wp-content\/uploads\/2018\/11\/250-01.jpg\",\"contentUrl\":\"https:\/\/www.garciafaura.com\/wp-content\/uploads\/2018\/11\/250-01.jpg\"},{\"@type\":\"BreadcrumbList\",\"@id\":\"https:\/\/www.garciafaura.com\/es\/listas-las-obras-de-remodelacion-del-oceanario-de-lisboa-con-participacion-de-garcia-faura\/#breadcrumb\",\"itemListElement\":[{\"@type\":\"ListItem\",\"position\":1,\"name\":\"Inici\",\"item\":\"https:\/\/www.garciafaura.com\/es\/\"},{\"@type\":\"ListItem\",\"position\":2,\"name\":\"Listas las obras de remodelaci\u00f3n del Oceanario de Lisboa con participaci\u00f3n de GARCIA FAURA\"}]},{\"@type\":\"WebSite\",\"@id\":\"https:\/\/www.garciafaura.com\/fr\/#website\",\"url\":\"https:\/\/www.garciafaura.com\/fr\/\",\"name\":\"GARCIA FAURA\",\"description\":\"Arquitectura en Alumini, Inox, Ferro i Vidre\",\"publisher\":{\"@id\":\"https:\/\/www.garciafaura.com\/fr\/#organization\"},\"potentialAction\":[{\"@type\":\"SearchAction\",\"target\":{\"@type\":\"EntryPoint\",\"urlTemplate\":\"https:\/\/www.garciafaura.com\/fr\/?s={search_term_string}\"},\"query-input\":{\"@type\":\"PropertyValueSpecification\",\"valueRequired\":true,\"valueName\":\"search_term_string\"}}],\"inLanguage\":\"es\"},{\"@type\":\"Organization\",\"@id\":\"https:\/\/www.garciafaura.com\/fr\/#organization\",\"name\":\"GARCIA FAURA\",\"url\":\"https:\/\/www.garciafaura.com\/fr\/\",\"logo\":{\"@type\":\"ImageObject\",\"inLanguage\":\"es\",\"@id\":\"https:\/\/www.garciafaura.com\/fr\/#\/schema\/logo\/image\/\",\"url\":\"https:\/\/www.garciafaura.com\/wp-content\/uploads\/2018\/09\/Garcia-Faura.png\",\"contentUrl\":\"https:\/\/www.garciafaura.com\/wp-content\/uploads\/2018\/09\/Garcia-Faura.png\",\"width\":512,\"height\":512,\"caption\":\"GARCIA FAURA\"},\"image\":{\"@id\":\"https:\/\/www.garciafaura.com\/fr\/#\/schema\/logo\/image\/\"},\"sameAs\":[\"https:\/\/www.youtube.com\/user\/GARCIAFAURA\"]},{\"@type\":\"Person\",\"@id\":\"https:\/\/www.garciafaura.com\/fr\/#\/schema\/person\/b4b75e69b33fac3446071909bec106b0\",\"name\":\"David Achell\",\"image\":{\"@type\":\"ImageObject\",\"inLanguage\":\"es\",\"@id\":\"https:\/\/www.garciafaura.com\/fr\/#\/schema\/person\/image\/\",\"url\":\"https:\/\/secure.gravatar.com\/avatar\/03900210afc1f61bce737bcb4a79c02e2c997f171e3eca839b5a4cbe03846c90?s=96&d=blank&r=g\",\"contentUrl\":\"https:\/\/secure.gravatar.com\/avatar\/03900210afc1f61bce737bcb4a79c02e2c997f171e3eca839b5a4cbe03846c90?s=96&d=blank&r=g\",\"caption\":\"David Achell\"}}]}<\/script>\n<!-- \/ Yoast SEO plugin. -->","yoast_head_json":{"title":"Listas las obras de remodelaci\u00f3n del Oceanario de Lisboa con participaci\u00f3n de GARCIA FAURA - GARCIA FAURA","description":"Arquitectura en Alumini, Inox, Ferro i Vidre","robots":{"index":"index","follow":"follow","max-snippet":"max-snippet:-1","max-image-preview":"max-image-preview:large","max-video-preview":"max-video-preview:-1"},"canonical":"https:\/\/www.garciafaura.com\/es\/listas-las-obras-de-remodelacion-del-oceanario-de-lisboa-con-participacion-de-garcia-faura\/","og_locale":"es_ES","og_type":"article","og_title":"Listas las obras de remodelaci\u00f3n del Oceanario de Lisboa con participaci\u00f3n de GARCIA FAURA - GARCIA FAURA","og_description":"Arquitectura en Alumini, Inox, Ferro i Vidre","og_url":"https:\/\/www.garciafaura.com\/es\/listas-las-obras-de-remodelacion-del-oceanario-de-lisboa-con-participacion-de-garcia-faura\/","og_site_name":"GARCIA FAURA","article_published_time":"2018-06-19T00:00:00+00:00","article_modified_time":"2019-06-03T11:32:36+00:00","og_image":[{"url":"https:\/\/www.garciafaura.com\/wp-content\/uploads\/2018\/11\/250-01.jpg","width":1,"height":1,"type":"image\/jpeg"}],"author":"David Achell","twitter_card":"summary_large_image","twitter_misc":{"Escrito por":"David Achell","Tiempo de lectura":"1 minuto"},"schema":{"@context":"https:\/\/schema.org","@graph":[{"@type":"Article","@id":"https:\/\/www.garciafaura.com\/es\/listas-las-obras-de-remodelacion-del-oceanario-de-lisboa-con-participacion-de-garcia-faura\/#article","isPartOf":{"@id":"https:\/\/www.garciafaura.com\/es\/listas-las-obras-de-remodelacion-del-oceanario-de-lisboa-con-participacion-de-garcia-faura\/"},"author":{"name":"David Achell","@id":"https:\/\/www.garciafaura.com\/fr\/#\/schema\/person\/b4b75e69b33fac3446071909bec106b0"},"headline":"Listas las obras de remodelaci\u00f3n del Oceanario de Lisboa con participaci\u00f3n de GARCIA FAURA","datePublished":"2018-06-19T00:00:00+00:00","dateModified":"2019-06-03T11:32:36+00:00","mainEntityOfPage":{"@id":"https:\/\/www.garciafaura.com\/es\/listas-las-obras-de-remodelacion-del-oceanario-de-lisboa-con-participacion-de-garcia-faura\/"},"wordCount":170,"commentCount":0,"publisher":{"@id":"https:\/\/www.garciafaura.com\/fr\/#organization"},"image":{"@id":"https:\/\/www.garciafaura.com\/es\/listas-las-obras-de-remodelacion-del-oceanario-de-lisboa-con-participacion-de-garcia-faura\/#primaryimage"},"thumbnailUrl":"https:\/\/www.garciafaura.com\/wp-content\/uploads\/2018\/11\/250-01.jpg","articleSection":["Actualidad"],"inLanguage":"es","potentialAction":[{"@type":"CommentAction","name":"Comment","target":["https:\/\/www.garciafaura.com\/es\/listas-las-obras-de-remodelacion-del-oceanario-de-lisboa-con-participacion-de-garcia-faura\/#respond"]}]},{"@type":"WebPage","@id":"https:\/\/www.garciafaura.com\/es\/listas-las-obras-de-remodelacion-del-oceanario-de-lisboa-con-participacion-de-garcia-faura\/","url":"https:\/\/www.garciafaura.com\/es\/listas-las-obras-de-remodelacion-del-oceanario-de-lisboa-con-participacion-de-garcia-faura\/","name":"Listas las obras de remodelaci\u00f3n del Oceanario de Lisboa con participaci\u00f3n de GARCIA FAURA - GARCIA FAURA","isPartOf":{"@id":"https:\/\/www.garciafaura.com\/fr\/#website"},"primaryImageOfPage":{"@id":"https:\/\/www.garciafaura.com\/es\/listas-las-obras-de-remodelacion-del-oceanario-de-lisboa-con-participacion-de-garcia-faura\/#primaryimage"},"image":{"@id":"https:\/\/www.garciafaura.com\/es\/listas-las-obras-de-remodelacion-del-oceanario-de-lisboa-con-participacion-de-garcia-faura\/#primaryimage"},"thumbnailUrl":"https:\/\/www.garciafaura.com\/wp-content\/uploads\/2018\/11\/250-01.jpg","datePublished":"2018-06-19T00:00:00+00:00","dateModified":"2019-06-03T11:32:36+00:00","description":"Arquitectura en Alumini, Inox, Ferro i Vidre","breadcrumb":{"@id":"https:\/\/www.garciafaura.com\/es\/listas-las-obras-de-remodelacion-del-oceanario-de-lisboa-con-participacion-de-garcia-faura\/#breadcrumb"},"inLanguage":"es","potentialAction":[{"@type":"ReadAction","target":["https:\/\/www.garciafaura.com\/es\/listas-las-obras-de-remodelacion-del-oceanario-de-lisboa-con-participacion-de-garcia-faura\/"]}]},{"@type":"ImageObject","inLanguage":"es","@id":"https:\/\/www.garciafaura.com\/es\/listas-las-obras-de-remodelacion-del-oceanario-de-lisboa-con-participacion-de-garcia-faura\/#primaryimage","url":"https:\/\/www.garciafaura.com\/wp-content\/uploads\/2018\/11\/250-01.jpg","contentUrl":"https:\/\/www.garciafaura.com\/wp-content\/uploads\/2018\/11\/250-01.jpg"},{"@type":"BreadcrumbList","@id":"https:\/\/www.garciafaura.com\/es\/listas-las-obras-de-remodelacion-del-oceanario-de-lisboa-con-participacion-de-garcia-faura\/#breadcrumb","itemListElement":[{"@type":"ListItem","position":1,"name":"Inici","item":"https:\/\/www.garciafaura.com\/es\/"},{"@type":"ListItem","position":2,"name":"Listas las obras de remodelaci\u00f3n del Oceanario de Lisboa con participaci\u00f3n de GARCIA FAURA"}]},{"@type":"WebSite","@id":"https:\/\/www.garciafaura.com\/fr\/#website","url":"https:\/\/www.garciafaura.com\/fr\/","name":"GARCIA FAURA","description":"Arquitectura en Alumini, Inox, Ferro i Vidre","publisher":{"@id":"https:\/\/www.garciafaura.com\/fr\/#organization"},"potentialAction":[{"@type":"SearchAction","target":{"@type":"EntryPoint","urlTemplate":"https:\/\/www.garciafaura.com\/fr\/?s={search_term_string}"},"query-input":{"@type":"PropertyValueSpecification","valueRequired":true,"valueName":"search_term_string"}}],"inLanguage":"es"},{"@type":"Organization","@id":"https:\/\/www.garciafaura.com\/fr\/#organization","name":"GARCIA FAURA","url":"https:\/\/www.garciafaura.com\/fr\/","logo":{"@type":"ImageObject","inLanguage":"es","@id":"https:\/\/www.garciafaura.com\/fr\/#\/schema\/logo\/image\/","url":"https:\/\/www.garciafaura.com\/wp-content\/uploads\/2018\/09\/Garcia-Faura.png","contentUrl":"https:\/\/www.garciafaura.com\/wp-content\/uploads\/2018\/09\/Garcia-Faura.png","width":512,"height":512,"caption":"GARCIA FAURA"},"image":{"@id":"https:\/\/www.garciafaura.com\/fr\/#\/schema\/logo\/image\/"},"sameAs":["https:\/\/www.youtube.com\/user\/GARCIAFAURA"]},{"@type":"Person","@id":"https:\/\/www.garciafaura.com\/fr\/#\/schema\/person\/b4b75e69b33fac3446071909bec106b0","name":"David Achell","image":{"@type":"ImageObject","inLanguage":"es","@id":"https:\/\/www.garciafaura.com\/fr\/#\/schema\/person\/image\/","url":"https:\/\/secure.gravatar.com\/avatar\/03900210afc1f61bce737bcb4a79c02e2c997f171e3eca839b5a4cbe03846c90?s=96&d=blank&r=g","contentUrl":"https:\/\/secure.gravatar.com\/avatar\/03900210afc1f61bce737bcb4a79c02e2c997f171e3eca839b5a4cbe03846c90?s=96&d=blank&r=g","caption":"David Achell"}}]}},"_links":{"self":[{"href":"https:\/\/www.garciafaura.com\/es\/wp-json\/wp\/v2\/posts\/7109","targetHints":{"allow":["GET"]}}],"collection":[{"href":"https:\/\/www.garciafaura.com\/es\/wp-json\/wp\/v2\/posts"}],"about":[{"href":"https:\/\/www.garciafaura.com\/es\/wp-json\/wp\/v2\/types\/post"}],"author":[{"embeddable":true,"href":"https:\/\/www.garciafaura.com\/es\/wp-json\/wp\/v2\/users\/3"}],"replies":[{"embeddable":true,"href":"https:\/\/www.garciafaura.com\/es\/wp-json\/wp\/v2\/comments?post=7109"}],"version-history":[{"count":1,"href":"https:\/\/www.garciafaura.com\/es\/wp-json\/wp\/v2\/posts\/7109\/revisions"}],"predecessor-version":[{"id":21520,"href":"https:\/\/www.garciafaura.com\/es\/wp-json\/wp\/v2\/posts\/7109\/revisions\/21520"}],"wp:featuredmedia":[{"embeddable":true,"href":"https:\/\/www.garciafaura.com\/es\/wp-json\/wp\/v2\/media\/7081"}],"wp:attachment":[{"href":"https:\/\/www.garciafaura.com\/es\/wp-json\/wp\/v2\/media?parent=7109"}],"wp:term":[{"taxonomy":"category","embeddable":true,"href":"https:\/\/www.garciafaura.com\/es\/wp-json\/wp\/v2\/categories?post=7109"},{"taxonomy":"post_tag","embeddable":true,"href":"https:\/\/www.garciafaura.com\/es\/wp-json\/wp\/v2\/tags?post=7109"},{"taxonomy":"post_series","embeddable":true,"href":"https:\/\/www.garciafaura.com\/es\/wp-json\/wp\/v2\/post_series?post=7109"}],"curies":[{"name":"wp","href":"https:\/\/api.w.org\/{rel}","templated":true}]}}