{"id":7077,"date":"2018-05-29T00:00:00","date_gmt":"2018-05-29T00:00:00","guid":{"rendered":"https:\/\/www.garciafaura.com\/ventanas-de-seguridad-de-garcia-faura-para-el-nuevo-institut-can-roca-terrassa\/"},"modified":"2019-06-03T11:32:50","modified_gmt":"2019-06-03T11:32:50","slug":"ventanas-de-seguridad-de-garcia-faura-para-el-nuevo-institut-can-roca-terrassa","status":"publish","type":"post","link":"https:\/\/www.garciafaura.com\/es\/ventanas-de-seguridad-de-garcia-faura-para-el-nuevo-institut-can-roca-terrassa\/","title":{"rendered":"Ventanas de seguridad de GARCIA FAURA para el nuevo Institut Can Roca (Terrassa)"},"content":{"rendered":"<p>&nbsp;<\/p>\n<p style=\"text-align: justify;\">En concreto, <strong>GARCIA FAURA<\/strong> instalar\u00e1 870 metros cuadrados de cerramientos, entre puertas de accesos e interiores, ventanas practicables y correderas, todas ellas con rotura de puente t\u00e9rmico.<\/p>\n<p style=\"text-align: justify;\">\n<p style=\"text-align: justify;\">Adem\u00e1s, en el Instituto tambi\u00e9n se colocar\u00e1n ventanas con un sistema de ventilaci\u00f3n de altas prestaciones que ofrecen unos excelentes resultados de estanqueidad de forma que se garantiza la seguridad en el uso por parte del alumnado.<\/p>\n<p style=\"text-align: justify;\">\n<p style=\"text-align: justify;\">El nuevo edificio del Instituto Can Roca estar\u00e1 situado entre la calle F\u00e1tima y la plaza Rosa Turu. Tendr\u00e1 planta baja y dos pisos donde estar\u00e1 el aulario, despachos, biblioteca, local del AMPA, comedor y cocina, adem\u00e1s de gimnasio con vestuarios, patio y pista deportiva.<\/p>\n","protected":false},"excerpt":{"rendered":"<p>La calidad y la seguridad de los cierres de GARCIA FAURA se instalar\u00e1n en el nuevo edificio del Instituto Can Roca, en Terrassa. El equipamiento se empezar\u00e1 a construir en verano y se prev\u00e9 que las obras duren 18 meses. El centro abrir\u00e1 sus puertas el pr\u00f3ximo curso.<\/p>\n","protected":false},"author":3,"featured_media":7072,"comment_status":"open","ping_status":"open","sticky":false,"template":"","format":"standard","meta":{"footnotes":""},"categories":[3],"tags":[],"post_series":[],"class_list":["post-7077","post","type-post","status-publish","format-standard","has-post-thumbnail","hentry","category-actualidad","entry","has-media"],"yoast_head":"<!-- This site is optimized with the Yoast SEO plugin v26.7 - https:\/\/yoast.com\/wordpress\/plugins\/seo\/ -->\n<title>Ventanas de seguridad de GARCIA FAURA para el nuevo Institut Can Roca (Terrassa) - GARCIA FAURA<\/title>\n<meta name=\"description\" content=\"Arquitectura en Alumini, Inox, Ferro i Vidre\" \/>\n<meta name=\"robots\" content=\"index, follow, max-snippet:-1, max-image-preview:large, max-video-preview:-1\" \/>\n<link rel=\"canonical\" href=\"https:\/\/www.garciafaura.com\/es\/ventanas-de-seguridad-de-garcia-faura-para-el-nuevo-institut-can-roca-terrassa\/\" \/>\n<meta property=\"og:locale\" content=\"es_ES\" \/>\n<meta property=\"og:type\" content=\"article\" \/>\n<meta property=\"og:title\" content=\"Ventanas de seguridad de GARCIA FAURA para el nuevo Institut Can Roca (Terrassa) - GARCIA FAURA\" \/>\n<meta property=\"og:description\" content=\"Arquitectura en Alumini, Inox, Ferro i Vidre\" \/>\n<meta property=\"og:url\" content=\"https:\/\/www.garciafaura.com\/es\/ventanas-de-seguridad-de-garcia-faura-para-el-nuevo-institut-can-roca-terrassa\/\" \/>\n<meta property=\"og:site_name\" content=\"GARCIA FAURA\" \/>\n<meta property=\"article:published_time\" content=\"2018-05-29T00:00:00+00:00\" \/>\n<meta property=\"article:modified_time\" content=\"2019-06-03T11:32:50+00:00\" \/>\n<meta property=\"og:image\" content=\"https:\/\/www.garciafaura.com\/wp-content\/uploads\/2018\/11\/ies_can_roca.jpg\" \/>\n\t<meta property=\"og:image:width\" content=\"1\" \/>\n\t<meta property=\"og:image:height\" content=\"1\" \/>\n\t<meta property=\"og:image:type\" content=\"image\/jpeg\" \/>\n<meta name=\"author\" content=\"David Achell\" \/>\n<meta name=\"twitter:card\" content=\"summary_large_image\" \/>\n<meta name=\"twitter:label1\" content=\"Escrito por\" \/>\n\t<meta name=\"twitter:data1\" content=\"David Achell\" \/>\n\t<meta name=\"twitter:label2\" content=\"Tiempo de lectura\" \/>\n\t<meta name=\"twitter:data2\" content=\"1 minuto\" \/>\n<script type=\"application\/ld+json\" class=\"yoast-schema-graph\">{\"@context\":\"https:\/\/schema.org\",\"@graph\":[{\"@type\":\"Article\",\"@id\":\"https:\/\/www.garciafaura.com\/es\/ventanas-de-seguridad-de-garcia-faura-para-el-nuevo-institut-can-roca-terrassa\/#article\",\"isPartOf\":{\"@id\":\"https:\/\/www.garciafaura.com\/es\/ventanas-de-seguridad-de-garcia-faura-para-el-nuevo-institut-can-roca-terrassa\/\"},\"author\":{\"name\":\"David Achell\",\"@id\":\"https:\/\/www.garciafaura.com\/fr\/#\/schema\/person\/b4b75e69b33fac3446071909bec106b0\"},\"headline\":\"Ventanas de seguridad de GARCIA FAURA para el nuevo Institut Can Roca (Terrassa)\",\"datePublished\":\"2018-05-29T00:00:00+00:00\",\"dateModified\":\"2019-06-03T11:32:50+00:00\",\"mainEntityOfPage\":{\"@id\":\"https:\/\/www.garciafaura.com\/es\/ventanas-de-seguridad-de-garcia-faura-para-el-nuevo-institut-can-roca-terrassa\/\"},\"wordCount\":129,\"commentCount\":0,\"publisher\":{\"@id\":\"https:\/\/www.garciafaura.com\/fr\/#organization\"},\"image\":{\"@id\":\"https:\/\/www.garciafaura.com\/es\/ventanas-de-seguridad-de-garcia-faura-para-el-nuevo-institut-can-roca-terrassa\/#primaryimage\"},\"thumbnailUrl\":\"https:\/\/www.garciafaura.com\/wp-content\/uploads\/2018\/11\/ies_can_roca.jpg\",\"articleSection\":[\"Actualidad\"],\"inLanguage\":\"es\",\"potentialAction\":[{\"@type\":\"CommentAction\",\"name\":\"Comment\",\"target\":[\"https:\/\/www.garciafaura.com\/es\/ventanas-de-seguridad-de-garcia-faura-para-el-nuevo-institut-can-roca-terrassa\/#respond\"]}]},{\"@type\":\"WebPage\",\"@id\":\"https:\/\/www.garciafaura.com\/es\/ventanas-de-seguridad-de-garcia-faura-para-el-nuevo-institut-can-roca-terrassa\/\",\"url\":\"https:\/\/www.garciafaura.com\/es\/ventanas-de-seguridad-de-garcia-faura-para-el-nuevo-institut-can-roca-terrassa\/\",\"name\":\"Ventanas de seguridad de GARCIA FAURA para el nuevo Institut Can Roca (Terrassa) - GARCIA FAURA\",\"isPartOf\":{\"@id\":\"https:\/\/www.garciafaura.com\/fr\/#website\"},\"primaryImageOfPage\":{\"@id\":\"https:\/\/www.garciafaura.com\/es\/ventanas-de-seguridad-de-garcia-faura-para-el-nuevo-institut-can-roca-terrassa\/#primaryimage\"},\"image\":{\"@id\":\"https:\/\/www.garciafaura.com\/es\/ventanas-de-seguridad-de-garcia-faura-para-el-nuevo-institut-can-roca-terrassa\/#primaryimage\"},\"thumbnailUrl\":\"https:\/\/www.garciafaura.com\/wp-content\/uploads\/2018\/11\/ies_can_roca.jpg\",\"datePublished\":\"2018-05-29T00:00:00+00:00\",\"dateModified\":\"2019-06-03T11:32:50+00:00\",\"description\":\"Arquitectura en Alumini, Inox, Ferro i Vidre\",\"breadcrumb\":{\"@id\":\"https:\/\/www.garciafaura.com\/es\/ventanas-de-seguridad-de-garcia-faura-para-el-nuevo-institut-can-roca-terrassa\/#breadcrumb\"},\"inLanguage\":\"es\",\"potentialAction\":[{\"@type\":\"ReadAction\",\"target\":[\"https:\/\/www.garciafaura.com\/es\/ventanas-de-seguridad-de-garcia-faura-para-el-nuevo-institut-can-roca-terrassa\/\"]}]},{\"@type\":\"ImageObject\",\"inLanguage\":\"es\",\"@id\":\"https:\/\/www.garciafaura.com\/es\/ventanas-de-seguridad-de-garcia-faura-para-el-nuevo-institut-can-roca-terrassa\/#primaryimage\",\"url\":\"https:\/\/www.garciafaura.com\/wp-content\/uploads\/2018\/11\/ies_can_roca.jpg\",\"contentUrl\":\"https:\/\/www.garciafaura.com\/wp-content\/uploads\/2018\/11\/ies_can_roca.jpg\"},{\"@type\":\"BreadcrumbList\",\"@id\":\"https:\/\/www.garciafaura.com\/es\/ventanas-de-seguridad-de-garcia-faura-para-el-nuevo-institut-can-roca-terrassa\/#breadcrumb\",\"itemListElement\":[{\"@type\":\"ListItem\",\"position\":1,\"name\":\"Inici\",\"item\":\"https:\/\/www.garciafaura.com\/es\/\"},{\"@type\":\"ListItem\",\"position\":2,\"name\":\"Ventanas de seguridad de GARCIA FAURA para el nuevo Institut Can Roca (Terrassa)\"}]},{\"@type\":\"WebSite\",\"@id\":\"https:\/\/www.garciafaura.com\/fr\/#website\",\"url\":\"https:\/\/www.garciafaura.com\/fr\/\",\"name\":\"GARCIA FAURA\",\"description\":\"Arquitectura en Alumini, Inox, Ferro i Vidre\",\"publisher\":{\"@id\":\"https:\/\/www.garciafaura.com\/fr\/#organization\"},\"potentialAction\":[{\"@type\":\"SearchAction\",\"target\":{\"@type\":\"EntryPoint\",\"urlTemplate\":\"https:\/\/www.garciafaura.com\/fr\/?s={search_term_string}\"},\"query-input\":{\"@type\":\"PropertyValueSpecification\",\"valueRequired\":true,\"valueName\":\"search_term_string\"}}],\"inLanguage\":\"es\"},{\"@type\":\"Organization\",\"@id\":\"https:\/\/www.garciafaura.com\/fr\/#organization\",\"name\":\"GARCIA FAURA\",\"url\":\"https:\/\/www.garciafaura.com\/fr\/\",\"logo\":{\"@type\":\"ImageObject\",\"inLanguage\":\"es\",\"@id\":\"https:\/\/www.garciafaura.com\/fr\/#\/schema\/logo\/image\/\",\"url\":\"https:\/\/www.garciafaura.com\/wp-content\/uploads\/2018\/09\/Garcia-Faura.png\",\"contentUrl\":\"https:\/\/www.garciafaura.com\/wp-content\/uploads\/2018\/09\/Garcia-Faura.png\",\"width\":512,\"height\":512,\"caption\":\"GARCIA FAURA\"},\"image\":{\"@id\":\"https:\/\/www.garciafaura.com\/fr\/#\/schema\/logo\/image\/\"},\"sameAs\":[\"https:\/\/www.youtube.com\/user\/GARCIAFAURA\"]},{\"@type\":\"Person\",\"@id\":\"https:\/\/www.garciafaura.com\/fr\/#\/schema\/person\/b4b75e69b33fac3446071909bec106b0\",\"name\":\"David Achell\",\"image\":{\"@type\":\"ImageObject\",\"inLanguage\":\"es\",\"@id\":\"https:\/\/www.garciafaura.com\/fr\/#\/schema\/person\/image\/\",\"url\":\"https:\/\/secure.gravatar.com\/avatar\/03900210afc1f61bce737bcb4a79c02e2c997f171e3eca839b5a4cbe03846c90?s=96&d=blank&r=g\",\"contentUrl\":\"https:\/\/secure.gravatar.com\/avatar\/03900210afc1f61bce737bcb4a79c02e2c997f171e3eca839b5a4cbe03846c90?s=96&d=blank&r=g\",\"caption\":\"David Achell\"}}]}<\/script>\n<!-- \/ Yoast SEO plugin. -->","yoast_head_json":{"title":"Ventanas de seguridad de GARCIA FAURA para el nuevo Institut Can Roca (Terrassa) - GARCIA FAURA","description":"Arquitectura en Alumini, Inox, Ferro i Vidre","robots":{"index":"index","follow":"follow","max-snippet":"max-snippet:-1","max-image-preview":"max-image-preview:large","max-video-preview":"max-video-preview:-1"},"canonical":"https:\/\/www.garciafaura.com\/es\/ventanas-de-seguridad-de-garcia-faura-para-el-nuevo-institut-can-roca-terrassa\/","og_locale":"es_ES","og_type":"article","og_title":"Ventanas de seguridad de GARCIA FAURA para el nuevo Institut Can Roca (Terrassa) - GARCIA FAURA","og_description":"Arquitectura en Alumini, Inox, Ferro i Vidre","og_url":"https:\/\/www.garciafaura.com\/es\/ventanas-de-seguridad-de-garcia-faura-para-el-nuevo-institut-can-roca-terrassa\/","og_site_name":"GARCIA FAURA","article_published_time":"2018-05-29T00:00:00+00:00","article_modified_time":"2019-06-03T11:32:50+00:00","og_image":[{"url":"https:\/\/www.garciafaura.com\/wp-content\/uploads\/2018\/11\/ies_can_roca.jpg","width":1,"height":1,"type":"image\/jpeg"}],"author":"David Achell","twitter_card":"summary_large_image","twitter_misc":{"Escrito por":"David Achell","Tiempo de lectura":"1 minuto"},"schema":{"@context":"https:\/\/schema.org","@graph":[{"@type":"Article","@id":"https:\/\/www.garciafaura.com\/es\/ventanas-de-seguridad-de-garcia-faura-para-el-nuevo-institut-can-roca-terrassa\/#article","isPartOf":{"@id":"https:\/\/www.garciafaura.com\/es\/ventanas-de-seguridad-de-garcia-faura-para-el-nuevo-institut-can-roca-terrassa\/"},"author":{"name":"David Achell","@id":"https:\/\/www.garciafaura.com\/fr\/#\/schema\/person\/b4b75e69b33fac3446071909bec106b0"},"headline":"Ventanas de seguridad de GARCIA FAURA para el nuevo Institut Can Roca (Terrassa)","datePublished":"2018-05-29T00:00:00+00:00","dateModified":"2019-06-03T11:32:50+00:00","mainEntityOfPage":{"@id":"https:\/\/www.garciafaura.com\/es\/ventanas-de-seguridad-de-garcia-faura-para-el-nuevo-institut-can-roca-terrassa\/"},"wordCount":129,"commentCount":0,"publisher":{"@id":"https:\/\/www.garciafaura.com\/fr\/#organization"},"image":{"@id":"https:\/\/www.garciafaura.com\/es\/ventanas-de-seguridad-de-garcia-faura-para-el-nuevo-institut-can-roca-terrassa\/#primaryimage"},"thumbnailUrl":"https:\/\/www.garciafaura.com\/wp-content\/uploads\/2018\/11\/ies_can_roca.jpg","articleSection":["Actualidad"],"inLanguage":"es","potentialAction":[{"@type":"CommentAction","name":"Comment","target":["https:\/\/www.garciafaura.com\/es\/ventanas-de-seguridad-de-garcia-faura-para-el-nuevo-institut-can-roca-terrassa\/#respond"]}]},{"@type":"WebPage","@id":"https:\/\/www.garciafaura.com\/es\/ventanas-de-seguridad-de-garcia-faura-para-el-nuevo-institut-can-roca-terrassa\/","url":"https:\/\/www.garciafaura.com\/es\/ventanas-de-seguridad-de-garcia-faura-para-el-nuevo-institut-can-roca-terrassa\/","name":"Ventanas de seguridad de GARCIA FAURA para el nuevo Institut Can Roca (Terrassa) - GARCIA FAURA","isPartOf":{"@id":"https:\/\/www.garciafaura.com\/fr\/#website"},"primaryImageOfPage":{"@id":"https:\/\/www.garciafaura.com\/es\/ventanas-de-seguridad-de-garcia-faura-para-el-nuevo-institut-can-roca-terrassa\/#primaryimage"},"image":{"@id":"https:\/\/www.garciafaura.com\/es\/ventanas-de-seguridad-de-garcia-faura-para-el-nuevo-institut-can-roca-terrassa\/#primaryimage"},"thumbnailUrl":"https:\/\/www.garciafaura.com\/wp-content\/uploads\/2018\/11\/ies_can_roca.jpg","datePublished":"2018-05-29T00:00:00+00:00","dateModified":"2019-06-03T11:32:50+00:00","description":"Arquitectura en Alumini, Inox, Ferro i Vidre","breadcrumb":{"@id":"https:\/\/www.garciafaura.com\/es\/ventanas-de-seguridad-de-garcia-faura-para-el-nuevo-institut-can-roca-terrassa\/#breadcrumb"},"inLanguage":"es","potentialAction":[{"@type":"ReadAction","target":["https:\/\/www.garciafaura.com\/es\/ventanas-de-seguridad-de-garcia-faura-para-el-nuevo-institut-can-roca-terrassa\/"]}]},{"@type":"ImageObject","inLanguage":"es","@id":"https:\/\/www.garciafaura.com\/es\/ventanas-de-seguridad-de-garcia-faura-para-el-nuevo-institut-can-roca-terrassa\/#primaryimage","url":"https:\/\/www.garciafaura.com\/wp-content\/uploads\/2018\/11\/ies_can_roca.jpg","contentUrl":"https:\/\/www.garciafaura.com\/wp-content\/uploads\/2018\/11\/ies_can_roca.jpg"},{"@type":"BreadcrumbList","@id":"https:\/\/www.garciafaura.com\/es\/ventanas-de-seguridad-de-garcia-faura-para-el-nuevo-institut-can-roca-terrassa\/#breadcrumb","itemListElement":[{"@type":"ListItem","position":1,"name":"Inici","item":"https:\/\/www.garciafaura.com\/es\/"},{"@type":"ListItem","position":2,"name":"Ventanas de seguridad de GARCIA FAURA para el nuevo Institut Can Roca (Terrassa)"}]},{"@type":"WebSite","@id":"https:\/\/www.garciafaura.com\/fr\/#website","url":"https:\/\/www.garciafaura.com\/fr\/","name":"GARCIA FAURA","description":"Arquitectura en Alumini, Inox, Ferro i Vidre","publisher":{"@id":"https:\/\/www.garciafaura.com\/fr\/#organization"},"potentialAction":[{"@type":"SearchAction","target":{"@type":"EntryPoint","urlTemplate":"https:\/\/www.garciafaura.com\/fr\/?s={search_term_string}"},"query-input":{"@type":"PropertyValueSpecification","valueRequired":true,"valueName":"search_term_string"}}],"inLanguage":"es"},{"@type":"Organization","@id":"https:\/\/www.garciafaura.com\/fr\/#organization","name":"GARCIA FAURA","url":"https:\/\/www.garciafaura.com\/fr\/","logo":{"@type":"ImageObject","inLanguage":"es","@id":"https:\/\/www.garciafaura.com\/fr\/#\/schema\/logo\/image\/","url":"https:\/\/www.garciafaura.com\/wp-content\/uploads\/2018\/09\/Garcia-Faura.png","contentUrl":"https:\/\/www.garciafaura.com\/wp-content\/uploads\/2018\/09\/Garcia-Faura.png","width":512,"height":512,"caption":"GARCIA FAURA"},"image":{"@id":"https:\/\/www.garciafaura.com\/fr\/#\/schema\/logo\/image\/"},"sameAs":["https:\/\/www.youtube.com\/user\/GARCIAFAURA"]},{"@type":"Person","@id":"https:\/\/www.garciafaura.com\/fr\/#\/schema\/person\/b4b75e69b33fac3446071909bec106b0","name":"David Achell","image":{"@type":"ImageObject","inLanguage":"es","@id":"https:\/\/www.garciafaura.com\/fr\/#\/schema\/person\/image\/","url":"https:\/\/secure.gravatar.com\/avatar\/03900210afc1f61bce737bcb4a79c02e2c997f171e3eca839b5a4cbe03846c90?s=96&d=blank&r=g","contentUrl":"https:\/\/secure.gravatar.com\/avatar\/03900210afc1f61bce737bcb4a79c02e2c997f171e3eca839b5a4cbe03846c90?s=96&d=blank&r=g","caption":"David Achell"}}]}},"_links":{"self":[{"href":"https:\/\/www.garciafaura.com\/es\/wp-json\/wp\/v2\/posts\/7077","targetHints":{"allow":["GET"]}}],"collection":[{"href":"https:\/\/www.garciafaura.com\/es\/wp-json\/wp\/v2\/posts"}],"about":[{"href":"https:\/\/www.garciafaura.com\/es\/wp-json\/wp\/v2\/types\/post"}],"author":[{"embeddable":true,"href":"https:\/\/www.garciafaura.com\/es\/wp-json\/wp\/v2\/users\/3"}],"replies":[{"embeddable":true,"href":"https:\/\/www.garciafaura.com\/es\/wp-json\/wp\/v2\/comments?post=7077"}],"version-history":[{"count":2,"href":"https:\/\/www.garciafaura.com\/es\/wp-json\/wp\/v2\/posts\/7077\/revisions"}],"predecessor-version":[{"id":21521,"href":"https:\/\/www.garciafaura.com\/es\/wp-json\/wp\/v2\/posts\/7077\/revisions\/21521"}],"wp:featuredmedia":[{"embeddable":true,"href":"https:\/\/www.garciafaura.com\/es\/wp-json\/wp\/v2\/media\/7072"}],"wp:attachment":[{"href":"https:\/\/www.garciafaura.com\/es\/wp-json\/wp\/v2\/media?parent=7077"}],"wp:term":[{"taxonomy":"category","embeddable":true,"href":"https:\/\/www.garciafaura.com\/es\/wp-json\/wp\/v2\/categories?post=7077"},{"taxonomy":"post_tag","embeddable":true,"href":"https:\/\/www.garciafaura.com\/es\/wp-json\/wp\/v2\/tags?post=7077"},{"taxonomy":"post_series","embeddable":true,"href":"https:\/\/www.garciafaura.com\/es\/wp-json\/wp\/v2\/post_series?post=7077"}],"curies":[{"name":"wp","href":"https:\/\/api.w.org\/{rel}","templated":true}]}}