{"id":7065,"date":"2018-05-24T00:00:00","date_gmt":"2018-05-24T00:00:00","guid":{"rendered":"https:\/\/www.garciafaura.com\/garcia-faura-obtiene-un-ano-mas-el-certificado-internacional-de-calidad-iso-9001\/"},"modified":"2019-06-03T11:33:12","modified_gmt":"2019-06-03T11:33:12","slug":"garcia-faura-obtiene-un-ano-mas-el-certificado-internacional-de-calidad-iso-9001","status":"publish","type":"post","link":"https:\/\/www.garciafaura.com\/es\/garcia-faura-obtiene-un-ano-mas-el-certificado-internacional-de-calidad-iso-9001\/","title":{"rendered":"GARCIA FAURA obtiene, un a\u00f1o m\u00e1s, el certificado internacional de calidad ISO 9001"},"content":{"rendered":"<p>&nbsp;<\/p>\n<p>La compa\u00f1\u00eda contin\u00faa trabajando de manera continua para ampliar, de este modo, el nivel de satisfacci\u00f3n de sus clientes. <strong>GARCIA FAURA<\/strong> fue la primera empresa del sector de la carpinter\u00eda met\u00e1lica en Catalu\u00f1a en obtener el certificado ISO 2001 por la prestigiosa empresa de certificaci\u00f3n AENOR.<\/p>\n<p>La renovaci\u00f3n de este sello se vuelve la evidencia que <strong>GARCIA FAURA<\/strong> sigue confiando en la calidad como aval de su trabajo y como mejor carta de presentaci\u00f3n de la compa\u00f1\u00eda, referente en el desarrollo de fachadas y cerramientos met\u00e1licos.<\/p>\n<p><a href=\"https:\/\/www.garciafaura.com\/wp-content\/uploads\/2018\/11\/aenor_20182.pdf\">aenor_2018(2)<\/a><\/p>\n<p><a href=\"https:\/\/www.garciafaura.com\/wp-content\/uploads\/2018\/11\/iqnet_certificate_20181.pdf\">iqnet_certificate_2018(1)<\/a><\/p>\n","protected":false},"excerpt":{"rendered":"<p>El reconocimiento es un aval al trabajo de calidad de la empresa Un a\u00f1o m\u00e1s, GARCIA FAURA ha recibido el sello internacional ISO 9001, una marca que avala la calidad en los procedimientos de trabajo. Mediante una auditor\u00eda externa, queda patente el compromiso de la empresa con la categor\u00eda de nuestra manera de hacer, fundamental para elaborar un buen producto y ofrecer un buen servicio.<\/p>\n","protected":false},"author":3,"featured_media":7057,"comment_status":"open","ping_status":"open","sticky":false,"template":"","format":"standard","meta":{"footnotes":""},"categories":[3],"tags":[],"post_series":[],"class_list":["post-7065","post","type-post","status-publish","format-standard","has-post-thumbnail","hentry","category-actualidad","entry","has-media"],"yoast_head":"<!-- This site is optimized with the Yoast SEO plugin v26.7 - https:\/\/yoast.com\/wordpress\/plugins\/seo\/ -->\n<title>GARCIA FAURA obtiene, un a\u00f1o m\u00e1s, el certificado internacional de calidad ISO 9001 - GARCIA FAURA<\/title>\n<meta name=\"description\" content=\"Arquitectura en Alumini, Inox, Ferro i Vidre\" \/>\n<meta name=\"robots\" content=\"index, follow, max-snippet:-1, max-image-preview:large, max-video-preview:-1\" \/>\n<link rel=\"canonical\" href=\"https:\/\/www.garciafaura.com\/es\/garcia-faura-obtiene-un-ano-mas-el-certificado-internacional-de-calidad-iso-9001\/\" \/>\n<meta property=\"og:locale\" content=\"es_ES\" \/>\n<meta property=\"og:type\" content=\"article\" \/>\n<meta property=\"og:title\" content=\"GARCIA FAURA obtiene, un a\u00f1o m\u00e1s, el certificado internacional de calidad ISO 9001 - GARCIA FAURA\" \/>\n<meta property=\"og:description\" content=\"Arquitectura en Alumini, Inox, Ferro i Vidre\" \/>\n<meta property=\"og:url\" content=\"https:\/\/www.garciafaura.com\/es\/garcia-faura-obtiene-un-ano-mas-el-certificado-internacional-de-calidad-iso-9001\/\" \/>\n<meta property=\"og:site_name\" content=\"GARCIA FAURA\" \/>\n<meta property=\"article:published_time\" content=\"2018-05-24T00:00:00+00:00\" \/>\n<meta property=\"article:modified_time\" content=\"2019-06-03T11:33:12+00:00\" \/>\n<meta property=\"og:image\" content=\"https:\/\/www.garciafaura.com\/wp-content\/uploads\/2018\/11\/control_final_02.jpg\" \/>\n\t<meta property=\"og:image:width\" content=\"1\" \/>\n\t<meta property=\"og:image:height\" content=\"1\" \/>\n\t<meta property=\"og:image:type\" content=\"image\/jpeg\" \/>\n<meta name=\"author\" content=\"David Achell\" \/>\n<meta name=\"twitter:card\" content=\"summary_large_image\" \/>\n<meta name=\"twitter:label1\" content=\"Escrito por\" \/>\n\t<meta name=\"twitter:data1\" content=\"David Achell\" \/>\n\t<meta name=\"twitter:label2\" content=\"Tiempo de lectura\" \/>\n\t<meta name=\"twitter:data2\" content=\"1 minuto\" \/>\n<script type=\"application\/ld+json\" class=\"yoast-schema-graph\">{\"@context\":\"https:\/\/schema.org\",\"@graph\":[{\"@type\":\"Article\",\"@id\":\"https:\/\/www.garciafaura.com\/es\/garcia-faura-obtiene-un-ano-mas-el-certificado-internacional-de-calidad-iso-9001\/#article\",\"isPartOf\":{\"@id\":\"https:\/\/www.garciafaura.com\/es\/garcia-faura-obtiene-un-ano-mas-el-certificado-internacional-de-calidad-iso-9001\/\"},\"author\":{\"name\":\"David Achell\",\"@id\":\"https:\/\/www.garciafaura.com\/fr\/#\/schema\/person\/b4b75e69b33fac3446071909bec106b0\"},\"headline\":\"GARCIA FAURA obtiene, un a\u00f1o m\u00e1s, el certificado internacional de calidad ISO 9001\",\"datePublished\":\"2018-05-24T00:00:00+00:00\",\"dateModified\":\"2019-06-03T11:33:12+00:00\",\"mainEntityOfPage\":{\"@id\":\"https:\/\/www.garciafaura.com\/es\/garcia-faura-obtiene-un-ano-mas-el-certificado-internacional-de-calidad-iso-9001\/\"},\"wordCount\":114,\"commentCount\":0,\"publisher\":{\"@id\":\"https:\/\/www.garciafaura.com\/fr\/#organization\"},\"image\":{\"@id\":\"https:\/\/www.garciafaura.com\/es\/garcia-faura-obtiene-un-ano-mas-el-certificado-internacional-de-calidad-iso-9001\/#primaryimage\"},\"thumbnailUrl\":\"https:\/\/www.garciafaura.com\/wp-content\/uploads\/2018\/11\/control_final_02.jpg\",\"articleSection\":[\"Actualidad\"],\"inLanguage\":\"es\",\"potentialAction\":[{\"@type\":\"CommentAction\",\"name\":\"Comment\",\"target\":[\"https:\/\/www.garciafaura.com\/es\/garcia-faura-obtiene-un-ano-mas-el-certificado-internacional-de-calidad-iso-9001\/#respond\"]}]},{\"@type\":\"WebPage\",\"@id\":\"https:\/\/www.garciafaura.com\/es\/garcia-faura-obtiene-un-ano-mas-el-certificado-internacional-de-calidad-iso-9001\/\",\"url\":\"https:\/\/www.garciafaura.com\/es\/garcia-faura-obtiene-un-ano-mas-el-certificado-internacional-de-calidad-iso-9001\/\",\"name\":\"GARCIA FAURA obtiene, un a\u00f1o m\u00e1s, el certificado internacional de calidad ISO 9001 - GARCIA FAURA\",\"isPartOf\":{\"@id\":\"https:\/\/www.garciafaura.com\/fr\/#website\"},\"primaryImageOfPage\":{\"@id\":\"https:\/\/www.garciafaura.com\/es\/garcia-faura-obtiene-un-ano-mas-el-certificado-internacional-de-calidad-iso-9001\/#primaryimage\"},\"image\":{\"@id\":\"https:\/\/www.garciafaura.com\/es\/garcia-faura-obtiene-un-ano-mas-el-certificado-internacional-de-calidad-iso-9001\/#primaryimage\"},\"thumbnailUrl\":\"https:\/\/www.garciafaura.com\/wp-content\/uploads\/2018\/11\/control_final_02.jpg\",\"datePublished\":\"2018-05-24T00:00:00+00:00\",\"dateModified\":\"2019-06-03T11:33:12+00:00\",\"description\":\"Arquitectura en Alumini, Inox, Ferro i Vidre\",\"breadcrumb\":{\"@id\":\"https:\/\/www.garciafaura.com\/es\/garcia-faura-obtiene-un-ano-mas-el-certificado-internacional-de-calidad-iso-9001\/#breadcrumb\"},\"inLanguage\":\"es\",\"potentialAction\":[{\"@type\":\"ReadAction\",\"target\":[\"https:\/\/www.garciafaura.com\/es\/garcia-faura-obtiene-un-ano-mas-el-certificado-internacional-de-calidad-iso-9001\/\"]}]},{\"@type\":\"ImageObject\",\"inLanguage\":\"es\",\"@id\":\"https:\/\/www.garciafaura.com\/es\/garcia-faura-obtiene-un-ano-mas-el-certificado-internacional-de-calidad-iso-9001\/#primaryimage\",\"url\":\"https:\/\/www.garciafaura.com\/wp-content\/uploads\/2018\/11\/control_final_02.jpg\",\"contentUrl\":\"https:\/\/www.garciafaura.com\/wp-content\/uploads\/2018\/11\/control_final_02.jpg\"},{\"@type\":\"BreadcrumbList\",\"@id\":\"https:\/\/www.garciafaura.com\/es\/garcia-faura-obtiene-un-ano-mas-el-certificado-internacional-de-calidad-iso-9001\/#breadcrumb\",\"itemListElement\":[{\"@type\":\"ListItem\",\"position\":1,\"name\":\"Inici\",\"item\":\"https:\/\/www.garciafaura.com\/es\/\"},{\"@type\":\"ListItem\",\"position\":2,\"name\":\"GARCIA FAURA obtiene, un a\u00f1o m\u00e1s, el certificado internacional de calidad ISO 9001\"}]},{\"@type\":\"WebSite\",\"@id\":\"https:\/\/www.garciafaura.com\/fr\/#website\",\"url\":\"https:\/\/www.garciafaura.com\/fr\/\",\"name\":\"GARCIA FAURA\",\"description\":\"Arquitectura en Alumini, Inox, Ferro i Vidre\",\"publisher\":{\"@id\":\"https:\/\/www.garciafaura.com\/fr\/#organization\"},\"potentialAction\":[{\"@type\":\"SearchAction\",\"target\":{\"@type\":\"EntryPoint\",\"urlTemplate\":\"https:\/\/www.garciafaura.com\/fr\/?s={search_term_string}\"},\"query-input\":{\"@type\":\"PropertyValueSpecification\",\"valueRequired\":true,\"valueName\":\"search_term_string\"}}],\"inLanguage\":\"es\"},{\"@type\":\"Organization\",\"@id\":\"https:\/\/www.garciafaura.com\/fr\/#organization\",\"name\":\"GARCIA FAURA\",\"url\":\"https:\/\/www.garciafaura.com\/fr\/\",\"logo\":{\"@type\":\"ImageObject\",\"inLanguage\":\"es\",\"@id\":\"https:\/\/www.garciafaura.com\/fr\/#\/schema\/logo\/image\/\",\"url\":\"https:\/\/www.garciafaura.com\/wp-content\/uploads\/2018\/09\/Garcia-Faura.png\",\"contentUrl\":\"https:\/\/www.garciafaura.com\/wp-content\/uploads\/2018\/09\/Garcia-Faura.png\",\"width\":512,\"height\":512,\"caption\":\"GARCIA FAURA\"},\"image\":{\"@id\":\"https:\/\/www.garciafaura.com\/fr\/#\/schema\/logo\/image\/\"},\"sameAs\":[\"https:\/\/www.youtube.com\/user\/GARCIAFAURA\"]},{\"@type\":\"Person\",\"@id\":\"https:\/\/www.garciafaura.com\/fr\/#\/schema\/person\/b4b75e69b33fac3446071909bec106b0\",\"name\":\"David Achell\",\"image\":{\"@type\":\"ImageObject\",\"inLanguage\":\"es\",\"@id\":\"https:\/\/www.garciafaura.com\/fr\/#\/schema\/person\/image\/\",\"url\":\"https:\/\/secure.gravatar.com\/avatar\/03900210afc1f61bce737bcb4a79c02e2c997f171e3eca839b5a4cbe03846c90?s=96&d=blank&r=g\",\"contentUrl\":\"https:\/\/secure.gravatar.com\/avatar\/03900210afc1f61bce737bcb4a79c02e2c997f171e3eca839b5a4cbe03846c90?s=96&d=blank&r=g\",\"caption\":\"David Achell\"}}]}<\/script>\n<!-- \/ Yoast SEO plugin. -->","yoast_head_json":{"title":"GARCIA FAURA obtiene, un a\u00f1o m\u00e1s, el certificado internacional de calidad ISO 9001 - GARCIA FAURA","description":"Arquitectura en Alumini, Inox, Ferro i Vidre","robots":{"index":"index","follow":"follow","max-snippet":"max-snippet:-1","max-image-preview":"max-image-preview:large","max-video-preview":"max-video-preview:-1"},"canonical":"https:\/\/www.garciafaura.com\/es\/garcia-faura-obtiene-un-ano-mas-el-certificado-internacional-de-calidad-iso-9001\/","og_locale":"es_ES","og_type":"article","og_title":"GARCIA FAURA obtiene, un a\u00f1o m\u00e1s, el certificado internacional de calidad ISO 9001 - GARCIA FAURA","og_description":"Arquitectura en Alumini, Inox, Ferro i Vidre","og_url":"https:\/\/www.garciafaura.com\/es\/garcia-faura-obtiene-un-ano-mas-el-certificado-internacional-de-calidad-iso-9001\/","og_site_name":"GARCIA FAURA","article_published_time":"2018-05-24T00:00:00+00:00","article_modified_time":"2019-06-03T11:33:12+00:00","og_image":[{"url":"https:\/\/www.garciafaura.com\/wp-content\/uploads\/2018\/11\/control_final_02.jpg","width":1,"height":1,"type":"image\/jpeg"}],"author":"David Achell","twitter_card":"summary_large_image","twitter_misc":{"Escrito por":"David Achell","Tiempo de lectura":"1 minuto"},"schema":{"@context":"https:\/\/schema.org","@graph":[{"@type":"Article","@id":"https:\/\/www.garciafaura.com\/es\/garcia-faura-obtiene-un-ano-mas-el-certificado-internacional-de-calidad-iso-9001\/#article","isPartOf":{"@id":"https:\/\/www.garciafaura.com\/es\/garcia-faura-obtiene-un-ano-mas-el-certificado-internacional-de-calidad-iso-9001\/"},"author":{"name":"David Achell","@id":"https:\/\/www.garciafaura.com\/fr\/#\/schema\/person\/b4b75e69b33fac3446071909bec106b0"},"headline":"GARCIA FAURA obtiene, un a\u00f1o m\u00e1s, el certificado internacional de calidad ISO 9001","datePublished":"2018-05-24T00:00:00+00:00","dateModified":"2019-06-03T11:33:12+00:00","mainEntityOfPage":{"@id":"https:\/\/www.garciafaura.com\/es\/garcia-faura-obtiene-un-ano-mas-el-certificado-internacional-de-calidad-iso-9001\/"},"wordCount":114,"commentCount":0,"publisher":{"@id":"https:\/\/www.garciafaura.com\/fr\/#organization"},"image":{"@id":"https:\/\/www.garciafaura.com\/es\/garcia-faura-obtiene-un-ano-mas-el-certificado-internacional-de-calidad-iso-9001\/#primaryimage"},"thumbnailUrl":"https:\/\/www.garciafaura.com\/wp-content\/uploads\/2018\/11\/control_final_02.jpg","articleSection":["Actualidad"],"inLanguage":"es","potentialAction":[{"@type":"CommentAction","name":"Comment","target":["https:\/\/www.garciafaura.com\/es\/garcia-faura-obtiene-un-ano-mas-el-certificado-internacional-de-calidad-iso-9001\/#respond"]}]},{"@type":"WebPage","@id":"https:\/\/www.garciafaura.com\/es\/garcia-faura-obtiene-un-ano-mas-el-certificado-internacional-de-calidad-iso-9001\/","url":"https:\/\/www.garciafaura.com\/es\/garcia-faura-obtiene-un-ano-mas-el-certificado-internacional-de-calidad-iso-9001\/","name":"GARCIA FAURA obtiene, un a\u00f1o m\u00e1s, el certificado internacional de calidad ISO 9001 - GARCIA FAURA","isPartOf":{"@id":"https:\/\/www.garciafaura.com\/fr\/#website"},"primaryImageOfPage":{"@id":"https:\/\/www.garciafaura.com\/es\/garcia-faura-obtiene-un-ano-mas-el-certificado-internacional-de-calidad-iso-9001\/#primaryimage"},"image":{"@id":"https:\/\/www.garciafaura.com\/es\/garcia-faura-obtiene-un-ano-mas-el-certificado-internacional-de-calidad-iso-9001\/#primaryimage"},"thumbnailUrl":"https:\/\/www.garciafaura.com\/wp-content\/uploads\/2018\/11\/control_final_02.jpg","datePublished":"2018-05-24T00:00:00+00:00","dateModified":"2019-06-03T11:33:12+00:00","description":"Arquitectura en Alumini, Inox, Ferro i Vidre","breadcrumb":{"@id":"https:\/\/www.garciafaura.com\/es\/garcia-faura-obtiene-un-ano-mas-el-certificado-internacional-de-calidad-iso-9001\/#breadcrumb"},"inLanguage":"es","potentialAction":[{"@type":"ReadAction","target":["https:\/\/www.garciafaura.com\/es\/garcia-faura-obtiene-un-ano-mas-el-certificado-internacional-de-calidad-iso-9001\/"]}]},{"@type":"ImageObject","inLanguage":"es","@id":"https:\/\/www.garciafaura.com\/es\/garcia-faura-obtiene-un-ano-mas-el-certificado-internacional-de-calidad-iso-9001\/#primaryimage","url":"https:\/\/www.garciafaura.com\/wp-content\/uploads\/2018\/11\/control_final_02.jpg","contentUrl":"https:\/\/www.garciafaura.com\/wp-content\/uploads\/2018\/11\/control_final_02.jpg"},{"@type":"BreadcrumbList","@id":"https:\/\/www.garciafaura.com\/es\/garcia-faura-obtiene-un-ano-mas-el-certificado-internacional-de-calidad-iso-9001\/#breadcrumb","itemListElement":[{"@type":"ListItem","position":1,"name":"Inici","item":"https:\/\/www.garciafaura.com\/es\/"},{"@type":"ListItem","position":2,"name":"GARCIA FAURA obtiene, un a\u00f1o m\u00e1s, el certificado internacional de calidad ISO 9001"}]},{"@type":"WebSite","@id":"https:\/\/www.garciafaura.com\/fr\/#website","url":"https:\/\/www.garciafaura.com\/fr\/","name":"GARCIA FAURA","description":"Arquitectura en Alumini, Inox, Ferro i Vidre","publisher":{"@id":"https:\/\/www.garciafaura.com\/fr\/#organization"},"potentialAction":[{"@type":"SearchAction","target":{"@type":"EntryPoint","urlTemplate":"https:\/\/www.garciafaura.com\/fr\/?s={search_term_string}"},"query-input":{"@type":"PropertyValueSpecification","valueRequired":true,"valueName":"search_term_string"}}],"inLanguage":"es"},{"@type":"Organization","@id":"https:\/\/www.garciafaura.com\/fr\/#organization","name":"GARCIA FAURA","url":"https:\/\/www.garciafaura.com\/fr\/","logo":{"@type":"ImageObject","inLanguage":"es","@id":"https:\/\/www.garciafaura.com\/fr\/#\/schema\/logo\/image\/","url":"https:\/\/www.garciafaura.com\/wp-content\/uploads\/2018\/09\/Garcia-Faura.png","contentUrl":"https:\/\/www.garciafaura.com\/wp-content\/uploads\/2018\/09\/Garcia-Faura.png","width":512,"height":512,"caption":"GARCIA FAURA"},"image":{"@id":"https:\/\/www.garciafaura.com\/fr\/#\/schema\/logo\/image\/"},"sameAs":["https:\/\/www.youtube.com\/user\/GARCIAFAURA"]},{"@type":"Person","@id":"https:\/\/www.garciafaura.com\/fr\/#\/schema\/person\/b4b75e69b33fac3446071909bec106b0","name":"David Achell","image":{"@type":"ImageObject","inLanguage":"es","@id":"https:\/\/www.garciafaura.com\/fr\/#\/schema\/person\/image\/","url":"https:\/\/secure.gravatar.com\/avatar\/03900210afc1f61bce737bcb4a79c02e2c997f171e3eca839b5a4cbe03846c90?s=96&d=blank&r=g","contentUrl":"https:\/\/secure.gravatar.com\/avatar\/03900210afc1f61bce737bcb4a79c02e2c997f171e3eca839b5a4cbe03846c90?s=96&d=blank&r=g","caption":"David Achell"}}]}},"_links":{"self":[{"href":"https:\/\/www.garciafaura.com\/es\/wp-json\/wp\/v2\/posts\/7065","targetHints":{"allow":["GET"]}}],"collection":[{"href":"https:\/\/www.garciafaura.com\/es\/wp-json\/wp\/v2\/posts"}],"about":[{"href":"https:\/\/www.garciafaura.com\/es\/wp-json\/wp\/v2\/types\/post"}],"author":[{"embeddable":true,"href":"https:\/\/www.garciafaura.com\/es\/wp-json\/wp\/v2\/users\/3"}],"replies":[{"embeddable":true,"href":"https:\/\/www.garciafaura.com\/es\/wp-json\/wp\/v2\/comments?post=7065"}],"version-history":[{"count":2,"href":"https:\/\/www.garciafaura.com\/es\/wp-json\/wp\/v2\/posts\/7065\/revisions"}],"predecessor-version":[{"id":7486,"href":"https:\/\/www.garciafaura.com\/es\/wp-json\/wp\/v2\/posts\/7065\/revisions\/7486"}],"wp:featuredmedia":[{"embeddable":true,"href":"https:\/\/www.garciafaura.com\/es\/wp-json\/wp\/v2\/media\/7057"}],"wp:attachment":[{"href":"https:\/\/www.garciafaura.com\/es\/wp-json\/wp\/v2\/media?parent=7065"}],"wp:term":[{"taxonomy":"category","embeddable":true,"href":"https:\/\/www.garciafaura.com\/es\/wp-json\/wp\/v2\/categories?post=7065"},{"taxonomy":"post_tag","embeddable":true,"href":"https:\/\/www.garciafaura.com\/es\/wp-json\/wp\/v2\/tags?post=7065"},{"taxonomy":"post_series","embeddable":true,"href":"https:\/\/www.garciafaura.com\/es\/wp-json\/wp\/v2\/post_series?post=7065"}],"curies":[{"name":"wp","href":"https:\/\/api.w.org\/{rel}","templated":true}]}}