{"id":7053,"date":"2018-05-17T00:00:00","date_gmt":"2018-05-17T00:00:00","guid":{"rendered":"https:\/\/www.garciafaura.com\/garcia-faura-al-servicio-de-viviendas-dotacionales-para-la-tercera-edad\/"},"modified":"2019-06-03T11:33:28","modified_gmt":"2019-06-03T11:33:28","slug":"garcia-faura-al-servicio-de-viviendas-dotacionales-para-la-tercera-edad","status":"publish","type":"post","link":"https:\/\/www.garciafaura.com\/es\/garcia-faura-al-servicio-de-viviendas-dotacionales-para-la-tercera-edad\/","title":{"rendered":"GARCIA FAURA al servicio de viviendas dotacionales para la tercera edad"},"content":{"rendered":"<p>&nbsp;<\/p>\n<p style=\"text-align: justify;\">En este inmueble, <strong>GARCIA FAURA<\/strong> se ha encargado del dise\u00f1o, la fabricaci\u00f3n y la instalaci\u00f3n de 156 cierres de aluminio y cristal con rotura de puente t\u00e9rmico. De este modo, las personas usuarias de la residencia podr\u00e1n disfrutar del confort que significa tener un buen aislamiento ac\u00fastico y t\u00e9rmico, imprescindible para el bienestar de las personas mayores.<\/p>\n<p>&nbsp;<\/p>\n<p style=\"text-align: justify;\">Las viviendas, promocionadas por el Ayuntamiento de Sant Cugat del Vall\u00e8s y situadas en la avenida Rius i Taulet (en pleno casco hist\u00f3rico de la poblaci\u00f3n de la comarca del Vall\u00e8s Occidental), est\u00e1n destinadas a personas mayores de 65 a\u00f1os que puedan llevar una vida aut\u00f3noma, que no tengan ninguna vivienda en propiedad y que dispongan de un determinado nivel de ingresos.<\/p>\n","protected":false},"excerpt":{"rendered":"<p>GARCIA FAURA tambi\u00e9n pone al servicio de la sociedad su buen trabajo, como la promoci\u00f3n de vivienda dotacional para personas mayores de Sant Cugat del Vall\u00e8s. Se trata de un inmueble con 39 viviendas de alquiler de una y dos habitaciones, locales comerciales en los bajos con una superficie de 1.200 metros cuadrados y 82 plazas de aparcamiento.<\/p>\n","protected":false},"author":3,"featured_media":7045,"comment_status":"open","ping_status":"open","sticky":false,"template":"","format":"standard","meta":{"footnotes":""},"categories":[3],"tags":[],"post_series":[],"class_list":["post-7053","post","type-post","status-publish","format-standard","has-post-thumbnail","hentry","category-actualidad","entry","has-media"],"yoast_head":"<!-- This site is optimized with the Yoast SEO plugin v26.7 - https:\/\/yoast.com\/wordpress\/plugins\/seo\/ -->\n<title>GARCIA FAURA al servicio de viviendas dotacionales para la tercera edad - GARCIA FAURA<\/title>\n<meta name=\"description\" content=\"Arquitectura en Alumini, Inox, Ferro i Vidre\" \/>\n<meta name=\"robots\" content=\"index, follow, max-snippet:-1, max-image-preview:large, max-video-preview:-1\" \/>\n<link rel=\"canonical\" href=\"https:\/\/www.garciafaura.com\/es\/garcia-faura-al-servicio-de-viviendas-dotacionales-para-la-tercera-edad\/\" \/>\n<meta property=\"og:locale\" content=\"es_ES\" \/>\n<meta property=\"og:type\" content=\"article\" \/>\n<meta property=\"og:title\" content=\"GARCIA FAURA al servicio de viviendas dotacionales para la tercera edad - GARCIA FAURA\" \/>\n<meta property=\"og:description\" content=\"Arquitectura en Alumini, Inox, Ferro i Vidre\" \/>\n<meta property=\"og:url\" content=\"https:\/\/www.garciafaura.com\/es\/garcia-faura-al-servicio-de-viviendas-dotacionales-para-la-tercera-edad\/\" \/>\n<meta property=\"og:site_name\" content=\"GARCIA FAURA\" \/>\n<meta property=\"article:published_time\" content=\"2018-05-17T00:00:00+00:00\" \/>\n<meta property=\"article:modified_time\" content=\"2019-06-03T11:33:28+00:00\" \/>\n<meta property=\"og:image\" content=\"https:\/\/www.garciafaura.com\/wp-content\/uploads\/2018\/11\/santcugat.jpg\" \/>\n\t<meta property=\"og:image:width\" content=\"1\" \/>\n\t<meta property=\"og:image:height\" content=\"1\" \/>\n\t<meta property=\"og:image:type\" content=\"image\/jpeg\" \/>\n<meta name=\"author\" content=\"David Achell\" \/>\n<meta name=\"twitter:card\" content=\"summary_large_image\" \/>\n<meta name=\"twitter:label1\" content=\"Escrito por\" \/>\n\t<meta name=\"twitter:data1\" content=\"David Achell\" \/>\n\t<meta name=\"twitter:label2\" content=\"Tiempo de lectura\" \/>\n\t<meta name=\"twitter:data2\" content=\"1 minuto\" \/>\n<script type=\"application\/ld+json\" class=\"yoast-schema-graph\">{\"@context\":\"https:\/\/schema.org\",\"@graph\":[{\"@type\":\"Article\",\"@id\":\"https:\/\/www.garciafaura.com\/es\/garcia-faura-al-servicio-de-viviendas-dotacionales-para-la-tercera-edad\/#article\",\"isPartOf\":{\"@id\":\"https:\/\/www.garciafaura.com\/es\/garcia-faura-al-servicio-de-viviendas-dotacionales-para-la-tercera-edad\/\"},\"author\":{\"name\":\"David Achell\",\"@id\":\"https:\/\/www.garciafaura.com\/fr\/#\/schema\/person\/b4b75e69b33fac3446071909bec106b0\"},\"headline\":\"GARCIA FAURA al servicio de viviendas dotacionales para la tercera edad\",\"datePublished\":\"2018-05-17T00:00:00+00:00\",\"dateModified\":\"2019-06-03T11:33:28+00:00\",\"mainEntityOfPage\":{\"@id\":\"https:\/\/www.garciafaura.com\/es\/garcia-faura-al-servicio-de-viviendas-dotacionales-para-la-tercera-edad\/\"},\"wordCount\":144,\"commentCount\":0,\"publisher\":{\"@id\":\"https:\/\/www.garciafaura.com\/fr\/#organization\"},\"image\":{\"@id\":\"https:\/\/www.garciafaura.com\/es\/garcia-faura-al-servicio-de-viviendas-dotacionales-para-la-tercera-edad\/#primaryimage\"},\"thumbnailUrl\":\"https:\/\/www.garciafaura.com\/wp-content\/uploads\/2018\/11\/santcugat.jpg\",\"articleSection\":[\"Actualidad\"],\"inLanguage\":\"es\",\"potentialAction\":[{\"@type\":\"CommentAction\",\"name\":\"Comment\",\"target\":[\"https:\/\/www.garciafaura.com\/es\/garcia-faura-al-servicio-de-viviendas-dotacionales-para-la-tercera-edad\/#respond\"]}]},{\"@type\":\"WebPage\",\"@id\":\"https:\/\/www.garciafaura.com\/es\/garcia-faura-al-servicio-de-viviendas-dotacionales-para-la-tercera-edad\/\",\"url\":\"https:\/\/www.garciafaura.com\/es\/garcia-faura-al-servicio-de-viviendas-dotacionales-para-la-tercera-edad\/\",\"name\":\"GARCIA FAURA al servicio de viviendas dotacionales para la tercera edad - GARCIA FAURA\",\"isPartOf\":{\"@id\":\"https:\/\/www.garciafaura.com\/fr\/#website\"},\"primaryImageOfPage\":{\"@id\":\"https:\/\/www.garciafaura.com\/es\/garcia-faura-al-servicio-de-viviendas-dotacionales-para-la-tercera-edad\/#primaryimage\"},\"image\":{\"@id\":\"https:\/\/www.garciafaura.com\/es\/garcia-faura-al-servicio-de-viviendas-dotacionales-para-la-tercera-edad\/#primaryimage\"},\"thumbnailUrl\":\"https:\/\/www.garciafaura.com\/wp-content\/uploads\/2018\/11\/santcugat.jpg\",\"datePublished\":\"2018-05-17T00:00:00+00:00\",\"dateModified\":\"2019-06-03T11:33:28+00:00\",\"description\":\"Arquitectura en Alumini, Inox, Ferro i Vidre\",\"breadcrumb\":{\"@id\":\"https:\/\/www.garciafaura.com\/es\/garcia-faura-al-servicio-de-viviendas-dotacionales-para-la-tercera-edad\/#breadcrumb\"},\"inLanguage\":\"es\",\"potentialAction\":[{\"@type\":\"ReadAction\",\"target\":[\"https:\/\/www.garciafaura.com\/es\/garcia-faura-al-servicio-de-viviendas-dotacionales-para-la-tercera-edad\/\"]}]},{\"@type\":\"ImageObject\",\"inLanguage\":\"es\",\"@id\":\"https:\/\/www.garciafaura.com\/es\/garcia-faura-al-servicio-de-viviendas-dotacionales-para-la-tercera-edad\/#primaryimage\",\"url\":\"https:\/\/www.garciafaura.com\/wp-content\/uploads\/2018\/11\/santcugat.jpg\",\"contentUrl\":\"https:\/\/www.garciafaura.com\/wp-content\/uploads\/2018\/11\/santcugat.jpg\"},{\"@type\":\"BreadcrumbList\",\"@id\":\"https:\/\/www.garciafaura.com\/es\/garcia-faura-al-servicio-de-viviendas-dotacionales-para-la-tercera-edad\/#breadcrumb\",\"itemListElement\":[{\"@type\":\"ListItem\",\"position\":1,\"name\":\"Inici\",\"item\":\"https:\/\/www.garciafaura.com\/es\/\"},{\"@type\":\"ListItem\",\"position\":2,\"name\":\"GARCIA FAURA al servicio de viviendas dotacionales para la tercera edad\"}]},{\"@type\":\"WebSite\",\"@id\":\"https:\/\/www.garciafaura.com\/fr\/#website\",\"url\":\"https:\/\/www.garciafaura.com\/fr\/\",\"name\":\"GARCIA FAURA\",\"description\":\"Arquitectura en Alumini, Inox, Ferro i Vidre\",\"publisher\":{\"@id\":\"https:\/\/www.garciafaura.com\/fr\/#organization\"},\"potentialAction\":[{\"@type\":\"SearchAction\",\"target\":{\"@type\":\"EntryPoint\",\"urlTemplate\":\"https:\/\/www.garciafaura.com\/fr\/?s={search_term_string}\"},\"query-input\":{\"@type\":\"PropertyValueSpecification\",\"valueRequired\":true,\"valueName\":\"search_term_string\"}}],\"inLanguage\":\"es\"},{\"@type\":\"Organization\",\"@id\":\"https:\/\/www.garciafaura.com\/fr\/#organization\",\"name\":\"GARCIA FAURA\",\"url\":\"https:\/\/www.garciafaura.com\/fr\/\",\"logo\":{\"@type\":\"ImageObject\",\"inLanguage\":\"es\",\"@id\":\"https:\/\/www.garciafaura.com\/fr\/#\/schema\/logo\/image\/\",\"url\":\"https:\/\/www.garciafaura.com\/wp-content\/uploads\/2018\/09\/Garcia-Faura.png\",\"contentUrl\":\"https:\/\/www.garciafaura.com\/wp-content\/uploads\/2018\/09\/Garcia-Faura.png\",\"width\":512,\"height\":512,\"caption\":\"GARCIA FAURA\"},\"image\":{\"@id\":\"https:\/\/www.garciafaura.com\/fr\/#\/schema\/logo\/image\/\"},\"sameAs\":[\"https:\/\/www.youtube.com\/user\/GARCIAFAURA\"]},{\"@type\":\"Person\",\"@id\":\"https:\/\/www.garciafaura.com\/fr\/#\/schema\/person\/b4b75e69b33fac3446071909bec106b0\",\"name\":\"David Achell\",\"image\":{\"@type\":\"ImageObject\",\"inLanguage\":\"es\",\"@id\":\"https:\/\/www.garciafaura.com\/fr\/#\/schema\/person\/image\/\",\"url\":\"https:\/\/secure.gravatar.com\/avatar\/03900210afc1f61bce737bcb4a79c02e2c997f171e3eca839b5a4cbe03846c90?s=96&d=blank&r=g\",\"contentUrl\":\"https:\/\/secure.gravatar.com\/avatar\/03900210afc1f61bce737bcb4a79c02e2c997f171e3eca839b5a4cbe03846c90?s=96&d=blank&r=g\",\"caption\":\"David Achell\"}}]}<\/script>\n<!-- \/ Yoast SEO plugin. -->","yoast_head_json":{"title":"GARCIA FAURA al servicio de viviendas dotacionales para la tercera edad - GARCIA FAURA","description":"Arquitectura en Alumini, Inox, Ferro i Vidre","robots":{"index":"index","follow":"follow","max-snippet":"max-snippet:-1","max-image-preview":"max-image-preview:large","max-video-preview":"max-video-preview:-1"},"canonical":"https:\/\/www.garciafaura.com\/es\/garcia-faura-al-servicio-de-viviendas-dotacionales-para-la-tercera-edad\/","og_locale":"es_ES","og_type":"article","og_title":"GARCIA FAURA al servicio de viviendas dotacionales para la tercera edad - GARCIA FAURA","og_description":"Arquitectura en Alumini, Inox, Ferro i Vidre","og_url":"https:\/\/www.garciafaura.com\/es\/garcia-faura-al-servicio-de-viviendas-dotacionales-para-la-tercera-edad\/","og_site_name":"GARCIA FAURA","article_published_time":"2018-05-17T00:00:00+00:00","article_modified_time":"2019-06-03T11:33:28+00:00","og_image":[{"url":"https:\/\/www.garciafaura.com\/wp-content\/uploads\/2018\/11\/santcugat.jpg","width":1,"height":1,"type":"image\/jpeg"}],"author":"David Achell","twitter_card":"summary_large_image","twitter_misc":{"Escrito por":"David Achell","Tiempo de lectura":"1 minuto"},"schema":{"@context":"https:\/\/schema.org","@graph":[{"@type":"Article","@id":"https:\/\/www.garciafaura.com\/es\/garcia-faura-al-servicio-de-viviendas-dotacionales-para-la-tercera-edad\/#article","isPartOf":{"@id":"https:\/\/www.garciafaura.com\/es\/garcia-faura-al-servicio-de-viviendas-dotacionales-para-la-tercera-edad\/"},"author":{"name":"David Achell","@id":"https:\/\/www.garciafaura.com\/fr\/#\/schema\/person\/b4b75e69b33fac3446071909bec106b0"},"headline":"GARCIA FAURA al servicio de viviendas dotacionales para la tercera edad","datePublished":"2018-05-17T00:00:00+00:00","dateModified":"2019-06-03T11:33:28+00:00","mainEntityOfPage":{"@id":"https:\/\/www.garciafaura.com\/es\/garcia-faura-al-servicio-de-viviendas-dotacionales-para-la-tercera-edad\/"},"wordCount":144,"commentCount":0,"publisher":{"@id":"https:\/\/www.garciafaura.com\/fr\/#organization"},"image":{"@id":"https:\/\/www.garciafaura.com\/es\/garcia-faura-al-servicio-de-viviendas-dotacionales-para-la-tercera-edad\/#primaryimage"},"thumbnailUrl":"https:\/\/www.garciafaura.com\/wp-content\/uploads\/2018\/11\/santcugat.jpg","articleSection":["Actualidad"],"inLanguage":"es","potentialAction":[{"@type":"CommentAction","name":"Comment","target":["https:\/\/www.garciafaura.com\/es\/garcia-faura-al-servicio-de-viviendas-dotacionales-para-la-tercera-edad\/#respond"]}]},{"@type":"WebPage","@id":"https:\/\/www.garciafaura.com\/es\/garcia-faura-al-servicio-de-viviendas-dotacionales-para-la-tercera-edad\/","url":"https:\/\/www.garciafaura.com\/es\/garcia-faura-al-servicio-de-viviendas-dotacionales-para-la-tercera-edad\/","name":"GARCIA FAURA al servicio de viviendas dotacionales para la tercera edad - GARCIA FAURA","isPartOf":{"@id":"https:\/\/www.garciafaura.com\/fr\/#website"},"primaryImageOfPage":{"@id":"https:\/\/www.garciafaura.com\/es\/garcia-faura-al-servicio-de-viviendas-dotacionales-para-la-tercera-edad\/#primaryimage"},"image":{"@id":"https:\/\/www.garciafaura.com\/es\/garcia-faura-al-servicio-de-viviendas-dotacionales-para-la-tercera-edad\/#primaryimage"},"thumbnailUrl":"https:\/\/www.garciafaura.com\/wp-content\/uploads\/2018\/11\/santcugat.jpg","datePublished":"2018-05-17T00:00:00+00:00","dateModified":"2019-06-03T11:33:28+00:00","description":"Arquitectura en Alumini, Inox, Ferro i Vidre","breadcrumb":{"@id":"https:\/\/www.garciafaura.com\/es\/garcia-faura-al-servicio-de-viviendas-dotacionales-para-la-tercera-edad\/#breadcrumb"},"inLanguage":"es","potentialAction":[{"@type":"ReadAction","target":["https:\/\/www.garciafaura.com\/es\/garcia-faura-al-servicio-de-viviendas-dotacionales-para-la-tercera-edad\/"]}]},{"@type":"ImageObject","inLanguage":"es","@id":"https:\/\/www.garciafaura.com\/es\/garcia-faura-al-servicio-de-viviendas-dotacionales-para-la-tercera-edad\/#primaryimage","url":"https:\/\/www.garciafaura.com\/wp-content\/uploads\/2018\/11\/santcugat.jpg","contentUrl":"https:\/\/www.garciafaura.com\/wp-content\/uploads\/2018\/11\/santcugat.jpg"},{"@type":"BreadcrumbList","@id":"https:\/\/www.garciafaura.com\/es\/garcia-faura-al-servicio-de-viviendas-dotacionales-para-la-tercera-edad\/#breadcrumb","itemListElement":[{"@type":"ListItem","position":1,"name":"Inici","item":"https:\/\/www.garciafaura.com\/es\/"},{"@type":"ListItem","position":2,"name":"GARCIA FAURA al servicio de viviendas dotacionales para la tercera edad"}]},{"@type":"WebSite","@id":"https:\/\/www.garciafaura.com\/fr\/#website","url":"https:\/\/www.garciafaura.com\/fr\/","name":"GARCIA FAURA","description":"Arquitectura en Alumini, Inox, Ferro i Vidre","publisher":{"@id":"https:\/\/www.garciafaura.com\/fr\/#organization"},"potentialAction":[{"@type":"SearchAction","target":{"@type":"EntryPoint","urlTemplate":"https:\/\/www.garciafaura.com\/fr\/?s={search_term_string}"},"query-input":{"@type":"PropertyValueSpecification","valueRequired":true,"valueName":"search_term_string"}}],"inLanguage":"es"},{"@type":"Organization","@id":"https:\/\/www.garciafaura.com\/fr\/#organization","name":"GARCIA FAURA","url":"https:\/\/www.garciafaura.com\/fr\/","logo":{"@type":"ImageObject","inLanguage":"es","@id":"https:\/\/www.garciafaura.com\/fr\/#\/schema\/logo\/image\/","url":"https:\/\/www.garciafaura.com\/wp-content\/uploads\/2018\/09\/Garcia-Faura.png","contentUrl":"https:\/\/www.garciafaura.com\/wp-content\/uploads\/2018\/09\/Garcia-Faura.png","width":512,"height":512,"caption":"GARCIA FAURA"},"image":{"@id":"https:\/\/www.garciafaura.com\/fr\/#\/schema\/logo\/image\/"},"sameAs":["https:\/\/www.youtube.com\/user\/GARCIAFAURA"]},{"@type":"Person","@id":"https:\/\/www.garciafaura.com\/fr\/#\/schema\/person\/b4b75e69b33fac3446071909bec106b0","name":"David Achell","image":{"@type":"ImageObject","inLanguage":"es","@id":"https:\/\/www.garciafaura.com\/fr\/#\/schema\/person\/image\/","url":"https:\/\/secure.gravatar.com\/avatar\/03900210afc1f61bce737bcb4a79c02e2c997f171e3eca839b5a4cbe03846c90?s=96&d=blank&r=g","contentUrl":"https:\/\/secure.gravatar.com\/avatar\/03900210afc1f61bce737bcb4a79c02e2c997f171e3eca839b5a4cbe03846c90?s=96&d=blank&r=g","caption":"David Achell"}}]}},"_links":{"self":[{"href":"https:\/\/www.garciafaura.com\/es\/wp-json\/wp\/v2\/posts\/7053","targetHints":{"allow":["GET"]}}],"collection":[{"href":"https:\/\/www.garciafaura.com\/es\/wp-json\/wp\/v2\/posts"}],"about":[{"href":"https:\/\/www.garciafaura.com\/es\/wp-json\/wp\/v2\/types\/post"}],"author":[{"embeddable":true,"href":"https:\/\/www.garciafaura.com\/es\/wp-json\/wp\/v2\/users\/3"}],"replies":[{"embeddable":true,"href":"https:\/\/www.garciafaura.com\/es\/wp-json\/wp\/v2\/comments?post=7053"}],"version-history":[{"count":1,"href":"https:\/\/www.garciafaura.com\/es\/wp-json\/wp\/v2\/posts\/7053\/revisions"}],"predecessor-version":[{"id":21522,"href":"https:\/\/www.garciafaura.com\/es\/wp-json\/wp\/v2\/posts\/7053\/revisions\/21522"}],"wp:featuredmedia":[{"embeddable":true,"href":"https:\/\/www.garciafaura.com\/es\/wp-json\/wp\/v2\/media\/7045"}],"wp:attachment":[{"href":"https:\/\/www.garciafaura.com\/es\/wp-json\/wp\/v2\/media?parent=7053"}],"wp:term":[{"taxonomy":"category","embeddable":true,"href":"https:\/\/www.garciafaura.com\/es\/wp-json\/wp\/v2\/categories?post=7053"},{"taxonomy":"post_tag","embeddable":true,"href":"https:\/\/www.garciafaura.com\/es\/wp-json\/wp\/v2\/tags?post=7053"},{"taxonomy":"post_series","embeddable":true,"href":"https:\/\/www.garciafaura.com\/es\/wp-json\/wp\/v2\/post_series?post=7053"}],"curies":[{"name":"wp","href":"https:\/\/api.w.org\/{rel}","templated":true}]}}