{"id":7029,"date":"2018-04-20T00:00:00","date_gmt":"2018-04-20T00:00:00","guid":{"rendered":"https:\/\/www.garciafaura.com\/se-inaugura-el-nuevo-tanatorio-sancho-de-avila\/"},"modified":"2019-06-03T11:52:06","modified_gmt":"2019-06-03T11:52:06","slug":"se-inaugura-el-nuevo-tanatorio-sancho-de-avila","status":"publish","type":"post","link":"https:\/\/www.garciafaura.com\/es\/se-inaugura-el-nuevo-tanatorio-sancho-de-avila\/","title":{"rendered":"Se inaugura el nuevo Tanatorio Sancho de \u00c1vila"},"content":{"rendered":"<p>&nbsp;<\/p>\n<p><strong>GARCIA FAURA<\/strong> hay ejecutado 315 metros cuadrados de muro cortina con perfiler\u00eda perimetral y cristales de altas prestaciones t\u00e9cnicas, as\u00ed como un conjunto de trabajos exteriores consistentes en la fabricaci\u00f3n e instalaci\u00f3n de lucernarios, mamparas de vidrio, zonas fijas y barandillas. La empresa tambi\u00e9n ha desarrollado cerca de 450 metros cuadrados de cerramientos de aluminio de puertas y ventanas, as\u00ed como todos los accesos y salidas, con puertas giratorias, basculantes y cortafuegos.<\/p>\n<p>&nbsp;<\/p>\n<p>El Tanatorio, situado en la calle Almog\u00e0vers 93-99 de Barcelona, consta de dos edificios que ocupan una parcela de 10.000 metros cuadrados y 1.400 metros cuadrados de jard\u00edn. Uno de los edificios est\u00e1 destinado a servicios y el otro a acoger los oratorios y las salas de vela. Ambos est\u00e1n unidos por una plaza ajardinada.<\/p>\n<p>&nbsp;<\/p>\n<p>Estas nuevas instalaciones han sido proyectadas por JF Arquitectos sobre las originales de 1968, siendo el m\u00e1s antiguo de Espa\u00f1a. Sancho de \u00c1vila supuso en su momento, un cambio en la manera de velar a los difuntos, ya que cuando entr\u00f3 en funcionamiento, las familias dejaron de hacer la vela en casa y comenzaron a desplazarse a los tanatorios.<\/p>\n","protected":false},"excerpt":{"rendered":"<p>En marzo se inaugur\u00f3 el nuevo Tanatorio Sancho de \u00c1vila, con unas instalaciones modernas y m\u00e1s adecuadas para las familias de hoy en d\u00eda. La instalaci\u00f3n cuenta con 20 salas de vela, 3 oratorios, cafeter\u00eda y restaurante, espacios amplios y luminosos y una gran plaza central.<\/p>\n","protected":false},"author":3,"featured_media":7021,"comment_status":"open","ping_status":"open","sticky":false,"template":"","format":"standard","meta":{"footnotes":""},"categories":[3],"tags":[],"post_series":[],"class_list":["post-7029","post","type-post","status-publish","format-standard","has-post-thumbnail","hentry","category-actualidad","entry","has-media"],"yoast_head":"<!-- This site is optimized with the Yoast SEO plugin v26.7 - https:\/\/yoast.com\/wordpress\/plugins\/seo\/ -->\n<title>Se inaugura el nuevo Tanatorio Sancho de \u00c1vila - GARCIA FAURA<\/title>\n<meta name=\"description\" content=\"Arquitectura en Alumini, Inox, Ferro i Vidre\" \/>\n<meta name=\"robots\" content=\"index, follow, max-snippet:-1, max-image-preview:large, max-video-preview:-1\" \/>\n<link rel=\"canonical\" href=\"https:\/\/www.garciafaura.com\/es\/se-inaugura-el-nuevo-tanatorio-sancho-de-avila\/\" \/>\n<meta property=\"og:locale\" content=\"es_ES\" \/>\n<meta property=\"og:type\" content=\"article\" \/>\n<meta property=\"og:title\" content=\"Se inaugura el nuevo Tanatorio Sancho de \u00c1vila - GARCIA FAURA\" \/>\n<meta property=\"og:description\" content=\"Arquitectura en Alumini, Inox, Ferro i Vidre\" \/>\n<meta property=\"og:url\" content=\"https:\/\/www.garciafaura.com\/es\/se-inaugura-el-nuevo-tanatorio-sancho-de-avila\/\" \/>\n<meta property=\"og:site_name\" content=\"GARCIA FAURA\" \/>\n<meta property=\"article:published_time\" content=\"2018-04-20T00:00:00+00:00\" \/>\n<meta property=\"article:modified_time\" content=\"2019-06-03T11:52:06+00:00\" \/>\n<meta property=\"og:image\" content=\"https:\/\/www.garciafaura.com\/wp-content\/uploads\/2018\/11\/tanatorisanchoavila_3-1.jpg\" \/>\n\t<meta property=\"og:image:width\" content=\"1\" \/>\n\t<meta property=\"og:image:height\" content=\"1\" \/>\n\t<meta property=\"og:image:type\" content=\"image\/jpeg\" \/>\n<meta name=\"author\" content=\"David Achell\" \/>\n<meta name=\"twitter:card\" content=\"summary_large_image\" \/>\n<meta name=\"twitter:label1\" content=\"Escrito por\" \/>\n\t<meta name=\"twitter:data1\" content=\"David Achell\" \/>\n\t<meta name=\"twitter:label2\" content=\"Tiempo de lectura\" \/>\n\t<meta name=\"twitter:data2\" content=\"1 minuto\" \/>\n<script type=\"application\/ld+json\" class=\"yoast-schema-graph\">{\"@context\":\"https:\/\/schema.org\",\"@graph\":[{\"@type\":\"Article\",\"@id\":\"https:\/\/www.garciafaura.com\/es\/se-inaugura-el-nuevo-tanatorio-sancho-de-avila\/#article\",\"isPartOf\":{\"@id\":\"https:\/\/www.garciafaura.com\/es\/se-inaugura-el-nuevo-tanatorio-sancho-de-avila\/\"},\"author\":{\"name\":\"David Achell\",\"@id\":\"https:\/\/www.garciafaura.com\/fr\/#\/schema\/person\/b4b75e69b33fac3446071909bec106b0\"},\"headline\":\"Se inaugura el nuevo Tanatorio Sancho de \u00c1vila\",\"datePublished\":\"2018-04-20T00:00:00+00:00\",\"dateModified\":\"2019-06-03T11:52:06+00:00\",\"mainEntityOfPage\":{\"@id\":\"https:\/\/www.garciafaura.com\/es\/se-inaugura-el-nuevo-tanatorio-sancho-de-avila\/\"},\"wordCount\":202,\"commentCount\":0,\"publisher\":{\"@id\":\"https:\/\/www.garciafaura.com\/fr\/#organization\"},\"image\":{\"@id\":\"https:\/\/www.garciafaura.com\/es\/se-inaugura-el-nuevo-tanatorio-sancho-de-avila\/#primaryimage\"},\"thumbnailUrl\":\"https:\/\/www.garciafaura.com\/wp-content\/uploads\/2018\/11\/tanatorisanchoavila_3-1.jpg\",\"articleSection\":[\"Actualidad\"],\"inLanguage\":\"es\",\"potentialAction\":[{\"@type\":\"CommentAction\",\"name\":\"Comment\",\"target\":[\"https:\/\/www.garciafaura.com\/es\/se-inaugura-el-nuevo-tanatorio-sancho-de-avila\/#respond\"]}]},{\"@type\":\"WebPage\",\"@id\":\"https:\/\/www.garciafaura.com\/es\/se-inaugura-el-nuevo-tanatorio-sancho-de-avila\/\",\"url\":\"https:\/\/www.garciafaura.com\/es\/se-inaugura-el-nuevo-tanatorio-sancho-de-avila\/\",\"name\":\"Se inaugura el nuevo Tanatorio Sancho de \u00c1vila - GARCIA FAURA\",\"isPartOf\":{\"@id\":\"https:\/\/www.garciafaura.com\/fr\/#website\"},\"primaryImageOfPage\":{\"@id\":\"https:\/\/www.garciafaura.com\/es\/se-inaugura-el-nuevo-tanatorio-sancho-de-avila\/#primaryimage\"},\"image\":{\"@id\":\"https:\/\/www.garciafaura.com\/es\/se-inaugura-el-nuevo-tanatorio-sancho-de-avila\/#primaryimage\"},\"thumbnailUrl\":\"https:\/\/www.garciafaura.com\/wp-content\/uploads\/2018\/11\/tanatorisanchoavila_3-1.jpg\",\"datePublished\":\"2018-04-20T00:00:00+00:00\",\"dateModified\":\"2019-06-03T11:52:06+00:00\",\"description\":\"Arquitectura en Alumini, Inox, Ferro i Vidre\",\"breadcrumb\":{\"@id\":\"https:\/\/www.garciafaura.com\/es\/se-inaugura-el-nuevo-tanatorio-sancho-de-avila\/#breadcrumb\"},\"inLanguage\":\"es\",\"potentialAction\":[{\"@type\":\"ReadAction\",\"target\":[\"https:\/\/www.garciafaura.com\/es\/se-inaugura-el-nuevo-tanatorio-sancho-de-avila\/\"]}]},{\"@type\":\"ImageObject\",\"inLanguage\":\"es\",\"@id\":\"https:\/\/www.garciafaura.com\/es\/se-inaugura-el-nuevo-tanatorio-sancho-de-avila\/#primaryimage\",\"url\":\"https:\/\/www.garciafaura.com\/wp-content\/uploads\/2018\/11\/tanatorisanchoavila_3-1.jpg\",\"contentUrl\":\"https:\/\/www.garciafaura.com\/wp-content\/uploads\/2018\/11\/tanatorisanchoavila_3-1.jpg\"},{\"@type\":\"BreadcrumbList\",\"@id\":\"https:\/\/www.garciafaura.com\/es\/se-inaugura-el-nuevo-tanatorio-sancho-de-avila\/#breadcrumb\",\"itemListElement\":[{\"@type\":\"ListItem\",\"position\":1,\"name\":\"Inici\",\"item\":\"https:\/\/www.garciafaura.com\/es\/\"},{\"@type\":\"ListItem\",\"position\":2,\"name\":\"Se inaugura el nuevo Tanatorio Sancho de \u00c1vila\"}]},{\"@type\":\"WebSite\",\"@id\":\"https:\/\/www.garciafaura.com\/fr\/#website\",\"url\":\"https:\/\/www.garciafaura.com\/fr\/\",\"name\":\"GARCIA FAURA\",\"description\":\"Arquitectura en Alumini, Inox, Ferro i Vidre\",\"publisher\":{\"@id\":\"https:\/\/www.garciafaura.com\/fr\/#organization\"},\"potentialAction\":[{\"@type\":\"SearchAction\",\"target\":{\"@type\":\"EntryPoint\",\"urlTemplate\":\"https:\/\/www.garciafaura.com\/fr\/?s={search_term_string}\"},\"query-input\":{\"@type\":\"PropertyValueSpecification\",\"valueRequired\":true,\"valueName\":\"search_term_string\"}}],\"inLanguage\":\"es\"},{\"@type\":\"Organization\",\"@id\":\"https:\/\/www.garciafaura.com\/fr\/#organization\",\"name\":\"GARCIA FAURA\",\"url\":\"https:\/\/www.garciafaura.com\/fr\/\",\"logo\":{\"@type\":\"ImageObject\",\"inLanguage\":\"es\",\"@id\":\"https:\/\/www.garciafaura.com\/fr\/#\/schema\/logo\/image\/\",\"url\":\"https:\/\/www.garciafaura.com\/wp-content\/uploads\/2018\/09\/Garcia-Faura.png\",\"contentUrl\":\"https:\/\/www.garciafaura.com\/wp-content\/uploads\/2018\/09\/Garcia-Faura.png\",\"width\":512,\"height\":512,\"caption\":\"GARCIA FAURA\"},\"image\":{\"@id\":\"https:\/\/www.garciafaura.com\/fr\/#\/schema\/logo\/image\/\"},\"sameAs\":[\"https:\/\/www.youtube.com\/user\/GARCIAFAURA\"]},{\"@type\":\"Person\",\"@id\":\"https:\/\/www.garciafaura.com\/fr\/#\/schema\/person\/b4b75e69b33fac3446071909bec106b0\",\"name\":\"David Achell\",\"image\":{\"@type\":\"ImageObject\",\"inLanguage\":\"es\",\"@id\":\"https:\/\/www.garciafaura.com\/fr\/#\/schema\/person\/image\/\",\"url\":\"https:\/\/secure.gravatar.com\/avatar\/03900210afc1f61bce737bcb4a79c02e2c997f171e3eca839b5a4cbe03846c90?s=96&d=blank&r=g\",\"contentUrl\":\"https:\/\/secure.gravatar.com\/avatar\/03900210afc1f61bce737bcb4a79c02e2c997f171e3eca839b5a4cbe03846c90?s=96&d=blank&r=g\",\"caption\":\"David Achell\"}}]}<\/script>\n<!-- \/ Yoast SEO plugin. -->","yoast_head_json":{"title":"Se inaugura el nuevo Tanatorio Sancho de \u00c1vila - GARCIA FAURA","description":"Arquitectura en Alumini, Inox, Ferro i Vidre","robots":{"index":"index","follow":"follow","max-snippet":"max-snippet:-1","max-image-preview":"max-image-preview:large","max-video-preview":"max-video-preview:-1"},"canonical":"https:\/\/www.garciafaura.com\/es\/se-inaugura-el-nuevo-tanatorio-sancho-de-avila\/","og_locale":"es_ES","og_type":"article","og_title":"Se inaugura el nuevo Tanatorio Sancho de \u00c1vila - GARCIA FAURA","og_description":"Arquitectura en Alumini, Inox, Ferro i Vidre","og_url":"https:\/\/www.garciafaura.com\/es\/se-inaugura-el-nuevo-tanatorio-sancho-de-avila\/","og_site_name":"GARCIA FAURA","article_published_time":"2018-04-20T00:00:00+00:00","article_modified_time":"2019-06-03T11:52:06+00:00","og_image":[{"url":"https:\/\/www.garciafaura.com\/wp-content\/uploads\/2018\/11\/tanatorisanchoavila_3-1.jpg","width":1,"height":1,"type":"image\/jpeg"}],"author":"David Achell","twitter_card":"summary_large_image","twitter_misc":{"Escrito por":"David Achell","Tiempo de lectura":"1 minuto"},"schema":{"@context":"https:\/\/schema.org","@graph":[{"@type":"Article","@id":"https:\/\/www.garciafaura.com\/es\/se-inaugura-el-nuevo-tanatorio-sancho-de-avila\/#article","isPartOf":{"@id":"https:\/\/www.garciafaura.com\/es\/se-inaugura-el-nuevo-tanatorio-sancho-de-avila\/"},"author":{"name":"David Achell","@id":"https:\/\/www.garciafaura.com\/fr\/#\/schema\/person\/b4b75e69b33fac3446071909bec106b0"},"headline":"Se inaugura el nuevo Tanatorio Sancho de \u00c1vila","datePublished":"2018-04-20T00:00:00+00:00","dateModified":"2019-06-03T11:52:06+00:00","mainEntityOfPage":{"@id":"https:\/\/www.garciafaura.com\/es\/se-inaugura-el-nuevo-tanatorio-sancho-de-avila\/"},"wordCount":202,"commentCount":0,"publisher":{"@id":"https:\/\/www.garciafaura.com\/fr\/#organization"},"image":{"@id":"https:\/\/www.garciafaura.com\/es\/se-inaugura-el-nuevo-tanatorio-sancho-de-avila\/#primaryimage"},"thumbnailUrl":"https:\/\/www.garciafaura.com\/wp-content\/uploads\/2018\/11\/tanatorisanchoavila_3-1.jpg","articleSection":["Actualidad"],"inLanguage":"es","potentialAction":[{"@type":"CommentAction","name":"Comment","target":["https:\/\/www.garciafaura.com\/es\/se-inaugura-el-nuevo-tanatorio-sancho-de-avila\/#respond"]}]},{"@type":"WebPage","@id":"https:\/\/www.garciafaura.com\/es\/se-inaugura-el-nuevo-tanatorio-sancho-de-avila\/","url":"https:\/\/www.garciafaura.com\/es\/se-inaugura-el-nuevo-tanatorio-sancho-de-avila\/","name":"Se inaugura el nuevo Tanatorio Sancho de \u00c1vila - GARCIA FAURA","isPartOf":{"@id":"https:\/\/www.garciafaura.com\/fr\/#website"},"primaryImageOfPage":{"@id":"https:\/\/www.garciafaura.com\/es\/se-inaugura-el-nuevo-tanatorio-sancho-de-avila\/#primaryimage"},"image":{"@id":"https:\/\/www.garciafaura.com\/es\/se-inaugura-el-nuevo-tanatorio-sancho-de-avila\/#primaryimage"},"thumbnailUrl":"https:\/\/www.garciafaura.com\/wp-content\/uploads\/2018\/11\/tanatorisanchoavila_3-1.jpg","datePublished":"2018-04-20T00:00:00+00:00","dateModified":"2019-06-03T11:52:06+00:00","description":"Arquitectura en Alumini, Inox, Ferro i Vidre","breadcrumb":{"@id":"https:\/\/www.garciafaura.com\/es\/se-inaugura-el-nuevo-tanatorio-sancho-de-avila\/#breadcrumb"},"inLanguage":"es","potentialAction":[{"@type":"ReadAction","target":["https:\/\/www.garciafaura.com\/es\/se-inaugura-el-nuevo-tanatorio-sancho-de-avila\/"]}]},{"@type":"ImageObject","inLanguage":"es","@id":"https:\/\/www.garciafaura.com\/es\/se-inaugura-el-nuevo-tanatorio-sancho-de-avila\/#primaryimage","url":"https:\/\/www.garciafaura.com\/wp-content\/uploads\/2018\/11\/tanatorisanchoavila_3-1.jpg","contentUrl":"https:\/\/www.garciafaura.com\/wp-content\/uploads\/2018\/11\/tanatorisanchoavila_3-1.jpg"},{"@type":"BreadcrumbList","@id":"https:\/\/www.garciafaura.com\/es\/se-inaugura-el-nuevo-tanatorio-sancho-de-avila\/#breadcrumb","itemListElement":[{"@type":"ListItem","position":1,"name":"Inici","item":"https:\/\/www.garciafaura.com\/es\/"},{"@type":"ListItem","position":2,"name":"Se inaugura el nuevo Tanatorio Sancho de \u00c1vila"}]},{"@type":"WebSite","@id":"https:\/\/www.garciafaura.com\/fr\/#website","url":"https:\/\/www.garciafaura.com\/fr\/","name":"GARCIA FAURA","description":"Arquitectura en Alumini, Inox, Ferro i Vidre","publisher":{"@id":"https:\/\/www.garciafaura.com\/fr\/#organization"},"potentialAction":[{"@type":"SearchAction","target":{"@type":"EntryPoint","urlTemplate":"https:\/\/www.garciafaura.com\/fr\/?s={search_term_string}"},"query-input":{"@type":"PropertyValueSpecification","valueRequired":true,"valueName":"search_term_string"}}],"inLanguage":"es"},{"@type":"Organization","@id":"https:\/\/www.garciafaura.com\/fr\/#organization","name":"GARCIA FAURA","url":"https:\/\/www.garciafaura.com\/fr\/","logo":{"@type":"ImageObject","inLanguage":"es","@id":"https:\/\/www.garciafaura.com\/fr\/#\/schema\/logo\/image\/","url":"https:\/\/www.garciafaura.com\/wp-content\/uploads\/2018\/09\/Garcia-Faura.png","contentUrl":"https:\/\/www.garciafaura.com\/wp-content\/uploads\/2018\/09\/Garcia-Faura.png","width":512,"height":512,"caption":"GARCIA FAURA"},"image":{"@id":"https:\/\/www.garciafaura.com\/fr\/#\/schema\/logo\/image\/"},"sameAs":["https:\/\/www.youtube.com\/user\/GARCIAFAURA"]},{"@type":"Person","@id":"https:\/\/www.garciafaura.com\/fr\/#\/schema\/person\/b4b75e69b33fac3446071909bec106b0","name":"David Achell","image":{"@type":"ImageObject","inLanguage":"es","@id":"https:\/\/www.garciafaura.com\/fr\/#\/schema\/person\/image\/","url":"https:\/\/secure.gravatar.com\/avatar\/03900210afc1f61bce737bcb4a79c02e2c997f171e3eca839b5a4cbe03846c90?s=96&d=blank&r=g","contentUrl":"https:\/\/secure.gravatar.com\/avatar\/03900210afc1f61bce737bcb4a79c02e2c997f171e3eca839b5a4cbe03846c90?s=96&d=blank&r=g","caption":"David Achell"}}]}},"_links":{"self":[{"href":"https:\/\/www.garciafaura.com\/es\/wp-json\/wp\/v2\/posts\/7029","targetHints":{"allow":["GET"]}}],"collection":[{"href":"https:\/\/www.garciafaura.com\/es\/wp-json\/wp\/v2\/posts"}],"about":[{"href":"https:\/\/www.garciafaura.com\/es\/wp-json\/wp\/v2\/types\/post"}],"author":[{"embeddable":true,"href":"https:\/\/www.garciafaura.com\/es\/wp-json\/wp\/v2\/users\/3"}],"replies":[{"embeddable":true,"href":"https:\/\/www.garciafaura.com\/es\/wp-json\/wp\/v2\/comments?post=7029"}],"version-history":[{"count":1,"href":"https:\/\/www.garciafaura.com\/es\/wp-json\/wp\/v2\/posts\/7029\/revisions"}],"predecessor-version":[{"id":21527,"href":"https:\/\/www.garciafaura.com\/es\/wp-json\/wp\/v2\/posts\/7029\/revisions\/21527"}],"wp:featuredmedia":[{"embeddable":true,"href":"https:\/\/www.garciafaura.com\/es\/wp-json\/wp\/v2\/media\/7021"}],"wp:attachment":[{"href":"https:\/\/www.garciafaura.com\/es\/wp-json\/wp\/v2\/media?parent=7029"}],"wp:term":[{"taxonomy":"category","embeddable":true,"href":"https:\/\/www.garciafaura.com\/es\/wp-json\/wp\/v2\/categories?post=7029"},{"taxonomy":"post_tag","embeddable":true,"href":"https:\/\/www.garciafaura.com\/es\/wp-json\/wp\/v2\/tags?post=7029"},{"taxonomy":"post_series","embeddable":true,"href":"https:\/\/www.garciafaura.com\/es\/wp-json\/wp\/v2\/post_series?post=7029"}],"curies":[{"name":"wp","href":"https:\/\/api.w.org\/{rel}","templated":true}]}}