{"id":6921,"date":"2018-01-11T00:00:00","date_gmt":"2018-01-11T00:00:00","guid":{"rendered":"https:\/\/www.garciafaura.com\/muro-cortina-de-garcia-faura-en-el-nuevo-polideportivo-del-turo-de-la-peira\/"},"modified":"2019-06-03T11:56:46","modified_gmt":"2019-06-03T11:56:46","slug":"muro-cortina-de-garcia-faura-en-el-nuevo-polideportivo-del-turo-de-la-peira","status":"publish","type":"post","link":"https:\/\/www.garciafaura.com\/es\/muro-cortina-de-garcia-faura-en-el-nuevo-polideportivo-del-turo-de-la-peira\/","title":{"rendered":"Muro cortina de GARCIA FAURA en el nuevo polideportivo del Tur\u00f3 de la Peira"},"content":{"rendered":"<p>&nbsp;<\/p>\n<p>En este proyecto, <strong>GARCIA FAURA <\/strong>tambi\u00e9n instalar\u00e1 50 metros lineales de barandilla y 120 metros lineales de revestimiento de barandilla, cuatro puertas interiores de vidrio y un tragaluz de cristal. El proyecto completo de la obra barcelonesa incluye una nueva piscina municipal, la pista polideportiva y la urbanizaci\u00f3n interior de la isla, entre otros.<\/p>\n<p>&nbsp;<\/p>\n<p>Est\u00e1 previsto que las obras finalicen hacia la segunda mitad de este nuevo a\u00f1o. La piscina estar\u00e1 ubicada en la planta baja del nuevo edificio, y una rampa exterior conectar\u00e1 directamente con la pista superior del polideportivo, lo rodear\u00e1 de una red donde crecer\u00e1 la vegetaci\u00f3n.<\/p>\n<p>&nbsp;<\/p>\n<p>Todo el espacio se ha dise\u00f1ado siguiendo los criterios de sostenibilidad. La estructura del edificio ser\u00e1 de madera para favorecer su ligereza y la adecuaci\u00f3n del ambiente de la piscina. Se colocar\u00e1 un jard\u00edn vertical que servir\u00e1 como protecci\u00f3n solar y promover\u00e1 la biodiversidad. El edificio tambi\u00e9n tendr\u00e1 placas solares, fotovoltaicas y un sistema de climatizaci\u00f3n aerot\u00e9rmica.<\/p>\n<p>&nbsp;<\/p>\n<p>Las obras son una antigua reivindicaci\u00f3n del vecindario del barrio barcelon\u00e9s, el cual ped\u00eda la remodelaci\u00f3n completa de la piscina, construida en 1973. Aparte de este equipamiento y del polideportivo, el proyecto contempla tambi\u00e9n la remodelaci\u00f3n de una cancha de f\u00fatbol sala cercana , la eliminaci\u00f3n de barreras arquitect\u00f3nicas y la creaci\u00f3n de zonas ajardinadas en los entornos de estos equipamientos.<\/p>\n","protected":false},"excerpt":{"rendered":"<p>GARCIA FAURA participa en la construcci\u00f3n del nuevo polideportivo del Tur\u00f3 de la Peira, en Barcelona. Concretamente instalar\u00e1 750 metros cuadrados de muro cortina en la fachada, con un sistema de tapeta continua con integraci\u00f3n de ventanas proyectantes y oscilo paralelas motorizadas. Parte de esta fachada llevar\u00e1 vidrio triple.<\/p>\n","protected":false},"author":3,"featured_media":6913,"comment_status":"open","ping_status":"open","sticky":false,"template":"","format":"standard","meta":{"footnotes":""},"categories":[3],"tags":[],"post_series":[],"class_list":["post-6921","post","type-post","status-publish","format-standard","has-post-thumbnail","hentry","category-actualidad","entry","has-media"],"yoast_head":"<!-- This site is optimized with the Yoast SEO plugin v26.7 - https:\/\/yoast.com\/wordpress\/plugins\/seo\/ -->\n<title>Muro cortina de GARCIA FAURA en el nuevo polideportivo del Tur\u00f3 de la Peira - GARCIA FAURA<\/title>\n<meta name=\"description\" content=\"Arquitectura en Alumini, Inox, Ferro i Vidre\" \/>\n<meta name=\"robots\" content=\"index, follow, max-snippet:-1, max-image-preview:large, max-video-preview:-1\" \/>\n<link rel=\"canonical\" href=\"https:\/\/www.garciafaura.com\/es\/muro-cortina-de-garcia-faura-en-el-nuevo-polideportivo-del-turo-de-la-peira\/\" \/>\n<meta property=\"og:locale\" content=\"es_ES\" \/>\n<meta property=\"og:type\" content=\"article\" \/>\n<meta property=\"og:title\" content=\"Muro cortina de GARCIA FAURA en el nuevo polideportivo del Tur\u00f3 de la Peira - GARCIA FAURA\" \/>\n<meta property=\"og:description\" content=\"Arquitectura en Alumini, Inox, Ferro i Vidre\" \/>\n<meta property=\"og:url\" content=\"https:\/\/www.garciafaura.com\/es\/muro-cortina-de-garcia-faura-en-el-nuevo-polideportivo-del-turo-de-la-peira\/\" \/>\n<meta property=\"og:site_name\" content=\"GARCIA FAURA\" \/>\n<meta property=\"article:published_time\" content=\"2018-01-11T00:00:00+00:00\" \/>\n<meta property=\"article:modified_time\" content=\"2019-06-03T11:56:46+00:00\" \/>\n<meta property=\"og:image\" content=\"https:\/\/www.garciafaura.com\/wp-content\/uploads\/2018\/11\/big-poliesportiuturopeira.jpg\" \/>\n\t<meta property=\"og:image:width\" content=\"1\" \/>\n\t<meta property=\"og:image:height\" content=\"1\" \/>\n\t<meta property=\"og:image:type\" content=\"image\/jpeg\" \/>\n<meta name=\"author\" content=\"David Achell\" \/>\n<meta name=\"twitter:card\" content=\"summary_large_image\" \/>\n<meta name=\"twitter:label1\" content=\"Escrito por\" \/>\n\t<meta name=\"twitter:data1\" content=\"David Achell\" \/>\n\t<meta name=\"twitter:label2\" content=\"Tiempo de lectura\" \/>\n\t<meta name=\"twitter:data2\" content=\"1 minuto\" \/>\n<script type=\"application\/ld+json\" class=\"yoast-schema-graph\">{\"@context\":\"https:\/\/schema.org\",\"@graph\":[{\"@type\":\"Article\",\"@id\":\"https:\/\/www.garciafaura.com\/es\/muro-cortina-de-garcia-faura-en-el-nuevo-polideportivo-del-turo-de-la-peira\/#article\",\"isPartOf\":{\"@id\":\"https:\/\/www.garciafaura.com\/es\/muro-cortina-de-garcia-faura-en-el-nuevo-polideportivo-del-turo-de-la-peira\/\"},\"author\":{\"name\":\"David Achell\",\"@id\":\"https:\/\/www.garciafaura.com\/fr\/#\/schema\/person\/b4b75e69b33fac3446071909bec106b0\"},\"headline\":\"Muro cortina de GARCIA FAURA en el nuevo polideportivo del Tur\u00f3 de la Peira\",\"datePublished\":\"2018-01-11T00:00:00+00:00\",\"dateModified\":\"2019-06-03T11:56:46+00:00\",\"mainEntityOfPage\":{\"@id\":\"https:\/\/www.garciafaura.com\/es\/muro-cortina-de-garcia-faura-en-el-nuevo-polideportivo-del-turo-de-la-peira\/\"},\"wordCount\":253,\"commentCount\":0,\"publisher\":{\"@id\":\"https:\/\/www.garciafaura.com\/fr\/#organization\"},\"image\":{\"@id\":\"https:\/\/www.garciafaura.com\/es\/muro-cortina-de-garcia-faura-en-el-nuevo-polideportivo-del-turo-de-la-peira\/#primaryimage\"},\"thumbnailUrl\":\"https:\/\/www.garciafaura.com\/wp-content\/uploads\/2018\/11\/big-poliesportiuturopeira.jpg\",\"articleSection\":[\"Actualidad\"],\"inLanguage\":\"es\",\"potentialAction\":[{\"@type\":\"CommentAction\",\"name\":\"Comment\",\"target\":[\"https:\/\/www.garciafaura.com\/es\/muro-cortina-de-garcia-faura-en-el-nuevo-polideportivo-del-turo-de-la-peira\/#respond\"]}]},{\"@type\":\"WebPage\",\"@id\":\"https:\/\/www.garciafaura.com\/es\/muro-cortina-de-garcia-faura-en-el-nuevo-polideportivo-del-turo-de-la-peira\/\",\"url\":\"https:\/\/www.garciafaura.com\/es\/muro-cortina-de-garcia-faura-en-el-nuevo-polideportivo-del-turo-de-la-peira\/\",\"name\":\"Muro cortina de GARCIA FAURA en el nuevo polideportivo del Tur\u00f3 de la Peira - GARCIA FAURA\",\"isPartOf\":{\"@id\":\"https:\/\/www.garciafaura.com\/fr\/#website\"},\"primaryImageOfPage\":{\"@id\":\"https:\/\/www.garciafaura.com\/es\/muro-cortina-de-garcia-faura-en-el-nuevo-polideportivo-del-turo-de-la-peira\/#primaryimage\"},\"image\":{\"@id\":\"https:\/\/www.garciafaura.com\/es\/muro-cortina-de-garcia-faura-en-el-nuevo-polideportivo-del-turo-de-la-peira\/#primaryimage\"},\"thumbnailUrl\":\"https:\/\/www.garciafaura.com\/wp-content\/uploads\/2018\/11\/big-poliesportiuturopeira.jpg\",\"datePublished\":\"2018-01-11T00:00:00+00:00\",\"dateModified\":\"2019-06-03T11:56:46+00:00\",\"description\":\"Arquitectura en Alumini, Inox, Ferro i Vidre\",\"breadcrumb\":{\"@id\":\"https:\/\/www.garciafaura.com\/es\/muro-cortina-de-garcia-faura-en-el-nuevo-polideportivo-del-turo-de-la-peira\/#breadcrumb\"},\"inLanguage\":\"es\",\"potentialAction\":[{\"@type\":\"ReadAction\",\"target\":[\"https:\/\/www.garciafaura.com\/es\/muro-cortina-de-garcia-faura-en-el-nuevo-polideportivo-del-turo-de-la-peira\/\"]}]},{\"@type\":\"ImageObject\",\"inLanguage\":\"es\",\"@id\":\"https:\/\/www.garciafaura.com\/es\/muro-cortina-de-garcia-faura-en-el-nuevo-polideportivo-del-turo-de-la-peira\/#primaryimage\",\"url\":\"https:\/\/www.garciafaura.com\/wp-content\/uploads\/2018\/11\/big-poliesportiuturopeira.jpg\",\"contentUrl\":\"https:\/\/www.garciafaura.com\/wp-content\/uploads\/2018\/11\/big-poliesportiuturopeira.jpg\"},{\"@type\":\"BreadcrumbList\",\"@id\":\"https:\/\/www.garciafaura.com\/es\/muro-cortina-de-garcia-faura-en-el-nuevo-polideportivo-del-turo-de-la-peira\/#breadcrumb\",\"itemListElement\":[{\"@type\":\"ListItem\",\"position\":1,\"name\":\"Inici\",\"item\":\"https:\/\/www.garciafaura.com\/es\/\"},{\"@type\":\"ListItem\",\"position\":2,\"name\":\"Muro cortina de GARCIA FAURA en el nuevo polideportivo del Tur\u00f3 de la Peira\"}]},{\"@type\":\"WebSite\",\"@id\":\"https:\/\/www.garciafaura.com\/fr\/#website\",\"url\":\"https:\/\/www.garciafaura.com\/fr\/\",\"name\":\"GARCIA FAURA\",\"description\":\"Arquitectura en Alumini, Inox, Ferro i Vidre\",\"publisher\":{\"@id\":\"https:\/\/www.garciafaura.com\/fr\/#organization\"},\"potentialAction\":[{\"@type\":\"SearchAction\",\"target\":{\"@type\":\"EntryPoint\",\"urlTemplate\":\"https:\/\/www.garciafaura.com\/fr\/?s={search_term_string}\"},\"query-input\":{\"@type\":\"PropertyValueSpecification\",\"valueRequired\":true,\"valueName\":\"search_term_string\"}}],\"inLanguage\":\"es\"},{\"@type\":\"Organization\",\"@id\":\"https:\/\/www.garciafaura.com\/fr\/#organization\",\"name\":\"GARCIA FAURA\",\"url\":\"https:\/\/www.garciafaura.com\/fr\/\",\"logo\":{\"@type\":\"ImageObject\",\"inLanguage\":\"es\",\"@id\":\"https:\/\/www.garciafaura.com\/fr\/#\/schema\/logo\/image\/\",\"url\":\"https:\/\/www.garciafaura.com\/wp-content\/uploads\/2018\/09\/Garcia-Faura.png\",\"contentUrl\":\"https:\/\/www.garciafaura.com\/wp-content\/uploads\/2018\/09\/Garcia-Faura.png\",\"width\":512,\"height\":512,\"caption\":\"GARCIA FAURA\"},\"image\":{\"@id\":\"https:\/\/www.garciafaura.com\/fr\/#\/schema\/logo\/image\/\"},\"sameAs\":[\"https:\/\/www.youtube.com\/user\/GARCIAFAURA\"]},{\"@type\":\"Person\",\"@id\":\"https:\/\/www.garciafaura.com\/fr\/#\/schema\/person\/b4b75e69b33fac3446071909bec106b0\",\"name\":\"David Achell\",\"image\":{\"@type\":\"ImageObject\",\"inLanguage\":\"es\",\"@id\":\"https:\/\/www.garciafaura.com\/fr\/#\/schema\/person\/image\/\",\"url\":\"https:\/\/secure.gravatar.com\/avatar\/03900210afc1f61bce737bcb4a79c02e2c997f171e3eca839b5a4cbe03846c90?s=96&d=blank&r=g\",\"contentUrl\":\"https:\/\/secure.gravatar.com\/avatar\/03900210afc1f61bce737bcb4a79c02e2c997f171e3eca839b5a4cbe03846c90?s=96&d=blank&r=g\",\"caption\":\"David Achell\"}}]}<\/script>\n<!-- \/ Yoast SEO plugin. -->","yoast_head_json":{"title":"Muro cortina de GARCIA FAURA en el nuevo polideportivo del Tur\u00f3 de la Peira - GARCIA FAURA","description":"Arquitectura en Alumini, Inox, Ferro i Vidre","robots":{"index":"index","follow":"follow","max-snippet":"max-snippet:-1","max-image-preview":"max-image-preview:large","max-video-preview":"max-video-preview:-1"},"canonical":"https:\/\/www.garciafaura.com\/es\/muro-cortina-de-garcia-faura-en-el-nuevo-polideportivo-del-turo-de-la-peira\/","og_locale":"es_ES","og_type":"article","og_title":"Muro cortina de GARCIA FAURA en el nuevo polideportivo del Tur\u00f3 de la Peira - GARCIA FAURA","og_description":"Arquitectura en Alumini, Inox, Ferro i Vidre","og_url":"https:\/\/www.garciafaura.com\/es\/muro-cortina-de-garcia-faura-en-el-nuevo-polideportivo-del-turo-de-la-peira\/","og_site_name":"GARCIA FAURA","article_published_time":"2018-01-11T00:00:00+00:00","article_modified_time":"2019-06-03T11:56:46+00:00","og_image":[{"url":"https:\/\/www.garciafaura.com\/wp-content\/uploads\/2018\/11\/big-poliesportiuturopeira.jpg","width":1,"height":1,"type":"image\/jpeg"}],"author":"David Achell","twitter_card":"summary_large_image","twitter_misc":{"Escrito por":"David Achell","Tiempo de lectura":"1 minuto"},"schema":{"@context":"https:\/\/schema.org","@graph":[{"@type":"Article","@id":"https:\/\/www.garciafaura.com\/es\/muro-cortina-de-garcia-faura-en-el-nuevo-polideportivo-del-turo-de-la-peira\/#article","isPartOf":{"@id":"https:\/\/www.garciafaura.com\/es\/muro-cortina-de-garcia-faura-en-el-nuevo-polideportivo-del-turo-de-la-peira\/"},"author":{"name":"David Achell","@id":"https:\/\/www.garciafaura.com\/fr\/#\/schema\/person\/b4b75e69b33fac3446071909bec106b0"},"headline":"Muro cortina de GARCIA FAURA en el nuevo polideportivo del Tur\u00f3 de la Peira","datePublished":"2018-01-11T00:00:00+00:00","dateModified":"2019-06-03T11:56:46+00:00","mainEntityOfPage":{"@id":"https:\/\/www.garciafaura.com\/es\/muro-cortina-de-garcia-faura-en-el-nuevo-polideportivo-del-turo-de-la-peira\/"},"wordCount":253,"commentCount":0,"publisher":{"@id":"https:\/\/www.garciafaura.com\/fr\/#organization"},"image":{"@id":"https:\/\/www.garciafaura.com\/es\/muro-cortina-de-garcia-faura-en-el-nuevo-polideportivo-del-turo-de-la-peira\/#primaryimage"},"thumbnailUrl":"https:\/\/www.garciafaura.com\/wp-content\/uploads\/2018\/11\/big-poliesportiuturopeira.jpg","articleSection":["Actualidad"],"inLanguage":"es","potentialAction":[{"@type":"CommentAction","name":"Comment","target":["https:\/\/www.garciafaura.com\/es\/muro-cortina-de-garcia-faura-en-el-nuevo-polideportivo-del-turo-de-la-peira\/#respond"]}]},{"@type":"WebPage","@id":"https:\/\/www.garciafaura.com\/es\/muro-cortina-de-garcia-faura-en-el-nuevo-polideportivo-del-turo-de-la-peira\/","url":"https:\/\/www.garciafaura.com\/es\/muro-cortina-de-garcia-faura-en-el-nuevo-polideportivo-del-turo-de-la-peira\/","name":"Muro cortina de GARCIA FAURA en el nuevo polideportivo del Tur\u00f3 de la Peira - GARCIA FAURA","isPartOf":{"@id":"https:\/\/www.garciafaura.com\/fr\/#website"},"primaryImageOfPage":{"@id":"https:\/\/www.garciafaura.com\/es\/muro-cortina-de-garcia-faura-en-el-nuevo-polideportivo-del-turo-de-la-peira\/#primaryimage"},"image":{"@id":"https:\/\/www.garciafaura.com\/es\/muro-cortina-de-garcia-faura-en-el-nuevo-polideportivo-del-turo-de-la-peira\/#primaryimage"},"thumbnailUrl":"https:\/\/www.garciafaura.com\/wp-content\/uploads\/2018\/11\/big-poliesportiuturopeira.jpg","datePublished":"2018-01-11T00:00:00+00:00","dateModified":"2019-06-03T11:56:46+00:00","description":"Arquitectura en Alumini, Inox, Ferro i Vidre","breadcrumb":{"@id":"https:\/\/www.garciafaura.com\/es\/muro-cortina-de-garcia-faura-en-el-nuevo-polideportivo-del-turo-de-la-peira\/#breadcrumb"},"inLanguage":"es","potentialAction":[{"@type":"ReadAction","target":["https:\/\/www.garciafaura.com\/es\/muro-cortina-de-garcia-faura-en-el-nuevo-polideportivo-del-turo-de-la-peira\/"]}]},{"@type":"ImageObject","inLanguage":"es","@id":"https:\/\/www.garciafaura.com\/es\/muro-cortina-de-garcia-faura-en-el-nuevo-polideportivo-del-turo-de-la-peira\/#primaryimage","url":"https:\/\/www.garciafaura.com\/wp-content\/uploads\/2018\/11\/big-poliesportiuturopeira.jpg","contentUrl":"https:\/\/www.garciafaura.com\/wp-content\/uploads\/2018\/11\/big-poliesportiuturopeira.jpg"},{"@type":"BreadcrumbList","@id":"https:\/\/www.garciafaura.com\/es\/muro-cortina-de-garcia-faura-en-el-nuevo-polideportivo-del-turo-de-la-peira\/#breadcrumb","itemListElement":[{"@type":"ListItem","position":1,"name":"Inici","item":"https:\/\/www.garciafaura.com\/es\/"},{"@type":"ListItem","position":2,"name":"Muro cortina de GARCIA FAURA en el nuevo polideportivo del Tur\u00f3 de la Peira"}]},{"@type":"WebSite","@id":"https:\/\/www.garciafaura.com\/fr\/#website","url":"https:\/\/www.garciafaura.com\/fr\/","name":"GARCIA FAURA","description":"Arquitectura en Alumini, Inox, Ferro i Vidre","publisher":{"@id":"https:\/\/www.garciafaura.com\/fr\/#organization"},"potentialAction":[{"@type":"SearchAction","target":{"@type":"EntryPoint","urlTemplate":"https:\/\/www.garciafaura.com\/fr\/?s={search_term_string}"},"query-input":{"@type":"PropertyValueSpecification","valueRequired":true,"valueName":"search_term_string"}}],"inLanguage":"es"},{"@type":"Organization","@id":"https:\/\/www.garciafaura.com\/fr\/#organization","name":"GARCIA FAURA","url":"https:\/\/www.garciafaura.com\/fr\/","logo":{"@type":"ImageObject","inLanguage":"es","@id":"https:\/\/www.garciafaura.com\/fr\/#\/schema\/logo\/image\/","url":"https:\/\/www.garciafaura.com\/wp-content\/uploads\/2018\/09\/Garcia-Faura.png","contentUrl":"https:\/\/www.garciafaura.com\/wp-content\/uploads\/2018\/09\/Garcia-Faura.png","width":512,"height":512,"caption":"GARCIA FAURA"},"image":{"@id":"https:\/\/www.garciafaura.com\/fr\/#\/schema\/logo\/image\/"},"sameAs":["https:\/\/www.youtube.com\/user\/GARCIAFAURA"]},{"@type":"Person","@id":"https:\/\/www.garciafaura.com\/fr\/#\/schema\/person\/b4b75e69b33fac3446071909bec106b0","name":"David Achell","image":{"@type":"ImageObject","inLanguage":"es","@id":"https:\/\/www.garciafaura.com\/fr\/#\/schema\/person\/image\/","url":"https:\/\/secure.gravatar.com\/avatar\/03900210afc1f61bce737bcb4a79c02e2c997f171e3eca839b5a4cbe03846c90?s=96&d=blank&r=g","contentUrl":"https:\/\/secure.gravatar.com\/avatar\/03900210afc1f61bce737bcb4a79c02e2c997f171e3eca839b5a4cbe03846c90?s=96&d=blank&r=g","caption":"David Achell"}}]}},"_links":{"self":[{"href":"https:\/\/www.garciafaura.com\/es\/wp-json\/wp\/v2\/posts\/6921","targetHints":{"allow":["GET"]}}],"collection":[{"href":"https:\/\/www.garciafaura.com\/es\/wp-json\/wp\/v2\/posts"}],"about":[{"href":"https:\/\/www.garciafaura.com\/es\/wp-json\/wp\/v2\/types\/post"}],"author":[{"embeddable":true,"href":"https:\/\/www.garciafaura.com\/es\/wp-json\/wp\/v2\/users\/3"}],"replies":[{"embeddable":true,"href":"https:\/\/www.garciafaura.com\/es\/wp-json\/wp\/v2\/comments?post=6921"}],"version-history":[{"count":1,"href":"https:\/\/www.garciafaura.com\/es\/wp-json\/wp\/v2\/posts\/6921\/revisions"}],"predecessor-version":[{"id":21534,"href":"https:\/\/www.garciafaura.com\/es\/wp-json\/wp\/v2\/posts\/6921\/revisions\/21534"}],"wp:featuredmedia":[{"embeddable":true,"href":"https:\/\/www.garciafaura.com\/es\/wp-json\/wp\/v2\/media\/6913"}],"wp:attachment":[{"href":"https:\/\/www.garciafaura.com\/es\/wp-json\/wp\/v2\/media?parent=6921"}],"wp:term":[{"taxonomy":"category","embeddable":true,"href":"https:\/\/www.garciafaura.com\/es\/wp-json\/wp\/v2\/categories?post=6921"},{"taxonomy":"post_tag","embeddable":true,"href":"https:\/\/www.garciafaura.com\/es\/wp-json\/wp\/v2\/tags?post=6921"},{"taxonomy":"post_series","embeddable":true,"href":"https:\/\/www.garciafaura.com\/es\/wp-json\/wp\/v2\/post_series?post=6921"}],"curies":[{"name":"wp","href":"https:\/\/api.w.org\/{rel}","templated":true}]}}