{"id":6909,"date":"2017-12-13T00:00:00","date_gmt":"2017-12-13T00:00:00","guid":{"rendered":"https:\/\/www.garciafaura.com\/garcia-faura-participa-en-la-remodelacion-del-oceanario-de-lisboa\/"},"modified":"2019-06-03T11:57:02","modified_gmt":"2019-06-03T11:57:02","slug":"garcia-faura-participa-en-la-remodelacion-del-oceanario-de-lisboa","status":"publish","type":"post","link":"https:\/\/www.garciafaura.com\/es\/garcia-faura-participa-en-la-remodelacion-del-oceanario-de-lisboa\/","title":{"rendered":"GARCIA FAURA participa en la remodelaci\u00f3n del Oceanario de Lisboa"},"content":{"rendered":"<p>&nbsp;<\/p>\n<p>El Oceanario de Lisboa, el segundo acuario m\u00e1s grande de Europa (por detr\u00e1s del Oceanogr\u00e1fico de Valencia) se inaugur\u00f3 en 1998 en el marco de la Exposici\u00f3n Universal. Fue proyectado por el arquitecto Peter Chermayeff como un puerto flotante al que se accede por dos pasarelas.<\/p>\n<p>&nbsp;<\/p>\n<p>El equipamiento se encuentra en el barrio del Parque de las Naciones, una de las zonas m\u00e1s futuristas de la capital portuguesa. En su interior se pueden encontrar unos 15.000 seres vivos de m\u00e1s de 450 especies diferentes repartidos en dos plantas que provienen de los oc\u00e9anos Atl\u00e1ntico, \u00cdndico, Pac\u00edfico y la Ant\u00e1rtida.<\/p>\n<p>&nbsp;<\/p>\n<p><strong>GARCIA FAURA<\/strong> deja su huella en la remodelaci\u00f3n de este equipamiento. La empresa realizar\u00e1 un cerramiento de fachada en forma de U as\u00ed como la instalaci\u00f3n de una fachada de vidrio abotonado con un total de 882 metros cuadrados. Los departamentos T\u00e9cnico y de C\u00e1lculo y Dise\u00f1o\u00a0de <strong>GARCIA FAURA<\/strong> han trabajado ampliamente la mejor soluci\u00f3n para el proyecto\u00a0a partir del pilares de acero o de hormig\u00f3n ya existentes.<\/p>\n<p>&nbsp;<\/p>\n<p>Adem\u00e1s, <strong>GARCIA FAURA<\/strong> ha instalado 60 metros cuadrados de cerramientos con lamas de ventilaci\u00f3n en la parte superior del muro del edificio. La empresa ha colocado tambi\u00e9n cuatro puertas autom\u00e1ticas y una cesta guiada para la limpieza exterior del edificio.<\/p>\n","protected":false},"excerpt":{"rendered":"<p>GARCIA FAURA participa en la remodelaci\u00f3n del Oceanario de Lisboa con la instalaci\u00f3n de una fachada de vidrio abotonado en forma de U adem\u00e1s de cierres con lamas de ventilaci\u00f3n, cuatro puertas autom\u00e1ticas y una cesta para la limpieza exterior.<\/p>\n","protected":false},"author":3,"featured_media":6901,"comment_status":"open","ping_status":"open","sticky":false,"template":"","format":"standard","meta":{"footnotes":""},"categories":[3],"tags":[],"post_series":[],"class_list":["post-6909","post","type-post","status-publish","format-standard","has-post-thumbnail","hentry","category-actualidad","entry","has-media"],"yoast_head":"<!-- This site is optimized with the Yoast SEO plugin v26.7 - https:\/\/yoast.com\/wordpress\/plugins\/seo\/ -->\n<title>GARCIA FAURA participa en la remodelaci\u00f3n del Oceanario de Lisboa - GARCIA FAURA<\/title>\n<meta name=\"description\" content=\"Arquitectura en Alumini, Inox, Ferro i Vidre\" \/>\n<meta name=\"robots\" content=\"index, follow, max-snippet:-1, max-image-preview:large, max-video-preview:-1\" \/>\n<link rel=\"canonical\" href=\"https:\/\/www.garciafaura.com\/es\/garcia-faura-participa-en-la-remodelacion-del-oceanario-de-lisboa\/\" \/>\n<meta property=\"og:locale\" content=\"es_ES\" \/>\n<meta property=\"og:type\" content=\"article\" \/>\n<meta property=\"og:title\" content=\"GARCIA FAURA participa en la remodelaci\u00f3n del Oceanario de Lisboa - GARCIA FAURA\" \/>\n<meta property=\"og:description\" content=\"Arquitectura en Alumini, Inox, Ferro i Vidre\" \/>\n<meta property=\"og:url\" content=\"https:\/\/www.garciafaura.com\/es\/garcia-faura-participa-en-la-remodelacion-del-oceanario-de-lisboa\/\" \/>\n<meta property=\"og:site_name\" content=\"GARCIA FAURA\" \/>\n<meta property=\"article:published_time\" content=\"2017-12-13T00:00:00+00:00\" \/>\n<meta property=\"article:modified_time\" content=\"2019-06-03T11:57:02+00:00\" \/>\n<meta property=\"og:image\" content=\"https:\/\/www.garciafaura.com\/wp-content\/uploads\/2018\/11\/facana_oceanari1.jpg\" \/>\n\t<meta property=\"og:image:width\" content=\"1\" \/>\n\t<meta property=\"og:image:height\" content=\"1\" \/>\n\t<meta property=\"og:image:type\" content=\"image\/jpeg\" \/>\n<meta name=\"author\" content=\"David Achell\" \/>\n<meta name=\"twitter:card\" content=\"summary_large_image\" \/>\n<meta name=\"twitter:label1\" content=\"Escrito por\" \/>\n\t<meta name=\"twitter:data1\" content=\"David Achell\" \/>\n\t<meta name=\"twitter:label2\" content=\"Tiempo de lectura\" \/>\n\t<meta name=\"twitter:data2\" content=\"1 minuto\" \/>\n<script type=\"application\/ld+json\" class=\"yoast-schema-graph\">{\"@context\":\"https:\/\/schema.org\",\"@graph\":[{\"@type\":\"Article\",\"@id\":\"https:\/\/www.garciafaura.com\/es\/garcia-faura-participa-en-la-remodelacion-del-oceanario-de-lisboa\/#article\",\"isPartOf\":{\"@id\":\"https:\/\/www.garciafaura.com\/es\/garcia-faura-participa-en-la-remodelacion-del-oceanario-de-lisboa\/\"},\"author\":{\"name\":\"David Achell\",\"@id\":\"https:\/\/www.garciafaura.com\/fr\/#\/schema\/person\/b4b75e69b33fac3446071909bec106b0\"},\"headline\":\"GARCIA FAURA participa en la remodelaci\u00f3n del Oceanario de Lisboa\",\"datePublished\":\"2017-12-13T00:00:00+00:00\",\"dateModified\":\"2019-06-03T11:57:02+00:00\",\"mainEntityOfPage\":{\"@id\":\"https:\/\/www.garciafaura.com\/es\/garcia-faura-participa-en-la-remodelacion-del-oceanario-de-lisboa\/\"},\"wordCount\":240,\"commentCount\":0,\"publisher\":{\"@id\":\"https:\/\/www.garciafaura.com\/fr\/#organization\"},\"image\":{\"@id\":\"https:\/\/www.garciafaura.com\/es\/garcia-faura-participa-en-la-remodelacion-del-oceanario-de-lisboa\/#primaryimage\"},\"thumbnailUrl\":\"https:\/\/www.garciafaura.com\/wp-content\/uploads\/2018\/11\/facana_oceanari1.jpg\",\"articleSection\":[\"Actualidad\"],\"inLanguage\":\"es\",\"potentialAction\":[{\"@type\":\"CommentAction\",\"name\":\"Comment\",\"target\":[\"https:\/\/www.garciafaura.com\/es\/garcia-faura-participa-en-la-remodelacion-del-oceanario-de-lisboa\/#respond\"]}]},{\"@type\":\"WebPage\",\"@id\":\"https:\/\/www.garciafaura.com\/es\/garcia-faura-participa-en-la-remodelacion-del-oceanario-de-lisboa\/\",\"url\":\"https:\/\/www.garciafaura.com\/es\/garcia-faura-participa-en-la-remodelacion-del-oceanario-de-lisboa\/\",\"name\":\"GARCIA FAURA participa en la remodelaci\u00f3n del Oceanario de Lisboa - GARCIA FAURA\",\"isPartOf\":{\"@id\":\"https:\/\/www.garciafaura.com\/fr\/#website\"},\"primaryImageOfPage\":{\"@id\":\"https:\/\/www.garciafaura.com\/es\/garcia-faura-participa-en-la-remodelacion-del-oceanario-de-lisboa\/#primaryimage\"},\"image\":{\"@id\":\"https:\/\/www.garciafaura.com\/es\/garcia-faura-participa-en-la-remodelacion-del-oceanario-de-lisboa\/#primaryimage\"},\"thumbnailUrl\":\"https:\/\/www.garciafaura.com\/wp-content\/uploads\/2018\/11\/facana_oceanari1.jpg\",\"datePublished\":\"2017-12-13T00:00:00+00:00\",\"dateModified\":\"2019-06-03T11:57:02+00:00\",\"description\":\"Arquitectura en Alumini, Inox, Ferro i Vidre\",\"breadcrumb\":{\"@id\":\"https:\/\/www.garciafaura.com\/es\/garcia-faura-participa-en-la-remodelacion-del-oceanario-de-lisboa\/#breadcrumb\"},\"inLanguage\":\"es\",\"potentialAction\":[{\"@type\":\"ReadAction\",\"target\":[\"https:\/\/www.garciafaura.com\/es\/garcia-faura-participa-en-la-remodelacion-del-oceanario-de-lisboa\/\"]}]},{\"@type\":\"ImageObject\",\"inLanguage\":\"es\",\"@id\":\"https:\/\/www.garciafaura.com\/es\/garcia-faura-participa-en-la-remodelacion-del-oceanario-de-lisboa\/#primaryimage\",\"url\":\"https:\/\/www.garciafaura.com\/wp-content\/uploads\/2018\/11\/facana_oceanari1.jpg\",\"contentUrl\":\"https:\/\/www.garciafaura.com\/wp-content\/uploads\/2018\/11\/facana_oceanari1.jpg\"},{\"@type\":\"BreadcrumbList\",\"@id\":\"https:\/\/www.garciafaura.com\/es\/garcia-faura-participa-en-la-remodelacion-del-oceanario-de-lisboa\/#breadcrumb\",\"itemListElement\":[{\"@type\":\"ListItem\",\"position\":1,\"name\":\"Inici\",\"item\":\"https:\/\/www.garciafaura.com\/es\/\"},{\"@type\":\"ListItem\",\"position\":2,\"name\":\"GARCIA FAURA participa en la remodelaci\u00f3n del Oceanario de Lisboa\"}]},{\"@type\":\"WebSite\",\"@id\":\"https:\/\/www.garciafaura.com\/fr\/#website\",\"url\":\"https:\/\/www.garciafaura.com\/fr\/\",\"name\":\"GARCIA FAURA\",\"description\":\"Arquitectura en Alumini, Inox, Ferro i Vidre\",\"publisher\":{\"@id\":\"https:\/\/www.garciafaura.com\/fr\/#organization\"},\"potentialAction\":[{\"@type\":\"SearchAction\",\"target\":{\"@type\":\"EntryPoint\",\"urlTemplate\":\"https:\/\/www.garciafaura.com\/fr\/?s={search_term_string}\"},\"query-input\":{\"@type\":\"PropertyValueSpecification\",\"valueRequired\":true,\"valueName\":\"search_term_string\"}}],\"inLanguage\":\"es\"},{\"@type\":\"Organization\",\"@id\":\"https:\/\/www.garciafaura.com\/fr\/#organization\",\"name\":\"GARCIA FAURA\",\"url\":\"https:\/\/www.garciafaura.com\/fr\/\",\"logo\":{\"@type\":\"ImageObject\",\"inLanguage\":\"es\",\"@id\":\"https:\/\/www.garciafaura.com\/fr\/#\/schema\/logo\/image\/\",\"url\":\"https:\/\/www.garciafaura.com\/wp-content\/uploads\/2018\/09\/Garcia-Faura.png\",\"contentUrl\":\"https:\/\/www.garciafaura.com\/wp-content\/uploads\/2018\/09\/Garcia-Faura.png\",\"width\":512,\"height\":512,\"caption\":\"GARCIA FAURA\"},\"image\":{\"@id\":\"https:\/\/www.garciafaura.com\/fr\/#\/schema\/logo\/image\/\"},\"sameAs\":[\"https:\/\/www.youtube.com\/user\/GARCIAFAURA\"]},{\"@type\":\"Person\",\"@id\":\"https:\/\/www.garciafaura.com\/fr\/#\/schema\/person\/b4b75e69b33fac3446071909bec106b0\",\"name\":\"David Achell\",\"image\":{\"@type\":\"ImageObject\",\"inLanguage\":\"es\",\"@id\":\"https:\/\/www.garciafaura.com\/fr\/#\/schema\/person\/image\/\",\"url\":\"https:\/\/secure.gravatar.com\/avatar\/03900210afc1f61bce737bcb4a79c02e2c997f171e3eca839b5a4cbe03846c90?s=96&d=blank&r=g\",\"contentUrl\":\"https:\/\/secure.gravatar.com\/avatar\/03900210afc1f61bce737bcb4a79c02e2c997f171e3eca839b5a4cbe03846c90?s=96&d=blank&r=g\",\"caption\":\"David Achell\"}}]}<\/script>\n<!-- \/ Yoast SEO plugin. -->","yoast_head_json":{"title":"GARCIA FAURA participa en la remodelaci\u00f3n del Oceanario de Lisboa - GARCIA FAURA","description":"Arquitectura en Alumini, Inox, Ferro i Vidre","robots":{"index":"index","follow":"follow","max-snippet":"max-snippet:-1","max-image-preview":"max-image-preview:large","max-video-preview":"max-video-preview:-1"},"canonical":"https:\/\/www.garciafaura.com\/es\/garcia-faura-participa-en-la-remodelacion-del-oceanario-de-lisboa\/","og_locale":"es_ES","og_type":"article","og_title":"GARCIA FAURA participa en la remodelaci\u00f3n del Oceanario de Lisboa - GARCIA FAURA","og_description":"Arquitectura en Alumini, Inox, Ferro i Vidre","og_url":"https:\/\/www.garciafaura.com\/es\/garcia-faura-participa-en-la-remodelacion-del-oceanario-de-lisboa\/","og_site_name":"GARCIA FAURA","article_published_time":"2017-12-13T00:00:00+00:00","article_modified_time":"2019-06-03T11:57:02+00:00","og_image":[{"url":"https:\/\/www.garciafaura.com\/wp-content\/uploads\/2018\/11\/facana_oceanari1.jpg","width":1,"height":1,"type":"image\/jpeg"}],"author":"David Achell","twitter_card":"summary_large_image","twitter_misc":{"Escrito por":"David Achell","Tiempo de lectura":"1 minuto"},"schema":{"@context":"https:\/\/schema.org","@graph":[{"@type":"Article","@id":"https:\/\/www.garciafaura.com\/es\/garcia-faura-participa-en-la-remodelacion-del-oceanario-de-lisboa\/#article","isPartOf":{"@id":"https:\/\/www.garciafaura.com\/es\/garcia-faura-participa-en-la-remodelacion-del-oceanario-de-lisboa\/"},"author":{"name":"David Achell","@id":"https:\/\/www.garciafaura.com\/fr\/#\/schema\/person\/b4b75e69b33fac3446071909bec106b0"},"headline":"GARCIA FAURA participa en la remodelaci\u00f3n del Oceanario de Lisboa","datePublished":"2017-12-13T00:00:00+00:00","dateModified":"2019-06-03T11:57:02+00:00","mainEntityOfPage":{"@id":"https:\/\/www.garciafaura.com\/es\/garcia-faura-participa-en-la-remodelacion-del-oceanario-de-lisboa\/"},"wordCount":240,"commentCount":0,"publisher":{"@id":"https:\/\/www.garciafaura.com\/fr\/#organization"},"image":{"@id":"https:\/\/www.garciafaura.com\/es\/garcia-faura-participa-en-la-remodelacion-del-oceanario-de-lisboa\/#primaryimage"},"thumbnailUrl":"https:\/\/www.garciafaura.com\/wp-content\/uploads\/2018\/11\/facana_oceanari1.jpg","articleSection":["Actualidad"],"inLanguage":"es","potentialAction":[{"@type":"CommentAction","name":"Comment","target":["https:\/\/www.garciafaura.com\/es\/garcia-faura-participa-en-la-remodelacion-del-oceanario-de-lisboa\/#respond"]}]},{"@type":"WebPage","@id":"https:\/\/www.garciafaura.com\/es\/garcia-faura-participa-en-la-remodelacion-del-oceanario-de-lisboa\/","url":"https:\/\/www.garciafaura.com\/es\/garcia-faura-participa-en-la-remodelacion-del-oceanario-de-lisboa\/","name":"GARCIA FAURA participa en la remodelaci\u00f3n del Oceanario de Lisboa - GARCIA FAURA","isPartOf":{"@id":"https:\/\/www.garciafaura.com\/fr\/#website"},"primaryImageOfPage":{"@id":"https:\/\/www.garciafaura.com\/es\/garcia-faura-participa-en-la-remodelacion-del-oceanario-de-lisboa\/#primaryimage"},"image":{"@id":"https:\/\/www.garciafaura.com\/es\/garcia-faura-participa-en-la-remodelacion-del-oceanario-de-lisboa\/#primaryimage"},"thumbnailUrl":"https:\/\/www.garciafaura.com\/wp-content\/uploads\/2018\/11\/facana_oceanari1.jpg","datePublished":"2017-12-13T00:00:00+00:00","dateModified":"2019-06-03T11:57:02+00:00","description":"Arquitectura en Alumini, Inox, Ferro i Vidre","breadcrumb":{"@id":"https:\/\/www.garciafaura.com\/es\/garcia-faura-participa-en-la-remodelacion-del-oceanario-de-lisboa\/#breadcrumb"},"inLanguage":"es","potentialAction":[{"@type":"ReadAction","target":["https:\/\/www.garciafaura.com\/es\/garcia-faura-participa-en-la-remodelacion-del-oceanario-de-lisboa\/"]}]},{"@type":"ImageObject","inLanguage":"es","@id":"https:\/\/www.garciafaura.com\/es\/garcia-faura-participa-en-la-remodelacion-del-oceanario-de-lisboa\/#primaryimage","url":"https:\/\/www.garciafaura.com\/wp-content\/uploads\/2018\/11\/facana_oceanari1.jpg","contentUrl":"https:\/\/www.garciafaura.com\/wp-content\/uploads\/2018\/11\/facana_oceanari1.jpg"},{"@type":"BreadcrumbList","@id":"https:\/\/www.garciafaura.com\/es\/garcia-faura-participa-en-la-remodelacion-del-oceanario-de-lisboa\/#breadcrumb","itemListElement":[{"@type":"ListItem","position":1,"name":"Inici","item":"https:\/\/www.garciafaura.com\/es\/"},{"@type":"ListItem","position":2,"name":"GARCIA FAURA participa en la remodelaci\u00f3n del Oceanario de Lisboa"}]},{"@type":"WebSite","@id":"https:\/\/www.garciafaura.com\/fr\/#website","url":"https:\/\/www.garciafaura.com\/fr\/","name":"GARCIA FAURA","description":"Arquitectura en Alumini, Inox, Ferro i Vidre","publisher":{"@id":"https:\/\/www.garciafaura.com\/fr\/#organization"},"potentialAction":[{"@type":"SearchAction","target":{"@type":"EntryPoint","urlTemplate":"https:\/\/www.garciafaura.com\/fr\/?s={search_term_string}"},"query-input":{"@type":"PropertyValueSpecification","valueRequired":true,"valueName":"search_term_string"}}],"inLanguage":"es"},{"@type":"Organization","@id":"https:\/\/www.garciafaura.com\/fr\/#organization","name":"GARCIA FAURA","url":"https:\/\/www.garciafaura.com\/fr\/","logo":{"@type":"ImageObject","inLanguage":"es","@id":"https:\/\/www.garciafaura.com\/fr\/#\/schema\/logo\/image\/","url":"https:\/\/www.garciafaura.com\/wp-content\/uploads\/2018\/09\/Garcia-Faura.png","contentUrl":"https:\/\/www.garciafaura.com\/wp-content\/uploads\/2018\/09\/Garcia-Faura.png","width":512,"height":512,"caption":"GARCIA FAURA"},"image":{"@id":"https:\/\/www.garciafaura.com\/fr\/#\/schema\/logo\/image\/"},"sameAs":["https:\/\/www.youtube.com\/user\/GARCIAFAURA"]},{"@type":"Person","@id":"https:\/\/www.garciafaura.com\/fr\/#\/schema\/person\/b4b75e69b33fac3446071909bec106b0","name":"David Achell","image":{"@type":"ImageObject","inLanguage":"es","@id":"https:\/\/www.garciafaura.com\/fr\/#\/schema\/person\/image\/","url":"https:\/\/secure.gravatar.com\/avatar\/03900210afc1f61bce737bcb4a79c02e2c997f171e3eca839b5a4cbe03846c90?s=96&d=blank&r=g","contentUrl":"https:\/\/secure.gravatar.com\/avatar\/03900210afc1f61bce737bcb4a79c02e2c997f171e3eca839b5a4cbe03846c90?s=96&d=blank&r=g","caption":"David Achell"}}]}},"_links":{"self":[{"href":"https:\/\/www.garciafaura.com\/es\/wp-json\/wp\/v2\/posts\/6909","targetHints":{"allow":["GET"]}}],"collection":[{"href":"https:\/\/www.garciafaura.com\/es\/wp-json\/wp\/v2\/posts"}],"about":[{"href":"https:\/\/www.garciafaura.com\/es\/wp-json\/wp\/v2\/types\/post"}],"author":[{"embeddable":true,"href":"https:\/\/www.garciafaura.com\/es\/wp-json\/wp\/v2\/users\/3"}],"replies":[{"embeddable":true,"href":"https:\/\/www.garciafaura.com\/es\/wp-json\/wp\/v2\/comments?post=6909"}],"version-history":[{"count":1,"href":"https:\/\/www.garciafaura.com\/es\/wp-json\/wp\/v2\/posts\/6909\/revisions"}],"predecessor-version":[{"id":21535,"href":"https:\/\/www.garciafaura.com\/es\/wp-json\/wp\/v2\/posts\/6909\/revisions\/21535"}],"wp:featuredmedia":[{"embeddable":true,"href":"https:\/\/www.garciafaura.com\/es\/wp-json\/wp\/v2\/media\/6901"}],"wp:attachment":[{"href":"https:\/\/www.garciafaura.com\/es\/wp-json\/wp\/v2\/media?parent=6909"}],"wp:term":[{"taxonomy":"category","embeddable":true,"href":"https:\/\/www.garciafaura.com\/es\/wp-json\/wp\/v2\/categories?post=6909"},{"taxonomy":"post_tag","embeddable":true,"href":"https:\/\/www.garciafaura.com\/es\/wp-json\/wp\/v2\/tags?post=6909"},{"taxonomy":"post_series","embeddable":true,"href":"https:\/\/www.garciafaura.com\/es\/wp-json\/wp\/v2\/post_series?post=6909"}],"curies":[{"name":"wp","href":"https:\/\/api.w.org\/{rel}","templated":true}]}}