{"id":6877,"date":"2017-11-08T00:00:00","date_gmt":"2017-11-08T00:00:00","guid":{"rendered":"https:\/\/www.garciafaura.com\/reconocimiento-de-gava-a-la-trayectoria-de-arraigo-de-garcia-faura-a-su-ciudad\/"},"modified":"2019-06-03T11:57:51","modified_gmt":"2019-06-03T11:57:51","slug":"reconocimiento-de-gava-a-la-trayectoria-de-arraigo-de-garcia-faura-a-su-ciudad","status":"publish","type":"post","link":"https:\/\/www.garciafaura.com\/es\/reconocimiento-de-gava-a-la-trayectoria-de-arraigo-de-garcia-faura-a-su-ciudad\/","title":{"rendered":"Reconocimiento de Gav\u00e0 a la trayectoria de arraigo de GARCIA FAURA a su ciudad"},"content":{"rendered":"<p>&nbsp;<\/p>\n<p>Los Premios Made in Gav\u00e0 tienen el objetivo de dar apoyo y reconocimiento a todas aquellas empresas ubicadas en el municipio que destacan por su crecimiento econ\u00f3mico, su valor social y humano, su grado de innovaci\u00f3n y desarrollo, y su compromiso con la sostenibilidad y la econom\u00eda circular. La convocatoria de los premios surge del proceso participativo Made in Gav\u00e0, que se inici\u00f3 el a\u00f1o 2015, como un conjunto de acciones y compromisos en que las propias empresas y el Ayuntamiento de la ciudad han trabajado conjuntamente para mejorar el posicionamiento econ\u00f3mico de Gav\u00e0.<\/p>\n<p>&nbsp;<\/p>\n<p>La gala de entrega de estos galardones sirvi\u00f3 para premiar por partida doble a <strong>GARCIA FAURA<\/strong>. Por un lado con el reconocimiento Gav\u00e0 Family, que distingue el arraigo a la ciudad de una empresa de base familiar. El galard\u00f3n lo recogi\u00f3 el director general de la compa\u00f1\u00eda, Manel Faura, que se mostr\u00f3 agradecido por el reconocimiento de la ciudad, y que repas\u00f3 la trayectoria de <strong>GARCIA FAURA<\/strong>, que naci\u00f3 como herrer\u00eda del pueblo y que en sus m\u00e1s de 125 a\u00f1os de historia se ha convertido en una empresa de referencia nacional y con delegaciones en pa\u00edses como Colombia, Francia o Panam\u00e1.<\/p>\n<p>&nbsp;<\/p>\n<p>La empresa tambi\u00e9n result\u00f3 finalista del gran galard\u00f3n de la noche, el premio Made in Gav\u00e0 que reconoce la tarea global de las empresas del territorio, en aspectos de proyecci\u00f3n internacional, crecimiento y responsabilidad social entre otros.<\/p>\n<p>&nbsp;<\/p>\n<p><strong>GARCIA FAURA<\/strong> quiere agradecer p\u00fablicamente estas distinciones, especialmente satisfactorias cuando llegan de la ciudad que nos acoge y nos ha visto nacer. Un reconocimiento que la direcci\u00f3n de la compa\u00f1\u00eda quiere hacer extensivo al conjunto de sus trabajadores y trabajadoras.<\/p>\n","protected":false},"excerpt":{"rendered":"<p>La empresa ha recibido el reconocimiento a la trayectoria familiar y arraigo en la ciudad. Ha sido en el marco de la entrega de los premios y distinciones de promoci\u00f3n econ\u00f3mica de Gav\u00e0, celebrado el martes 7 de noviembre. GARCIA FAURA ha resultado finalista tambi\u00e9n del Premio Made in Gav\u00e0 de proyecci\u00f3n econ\u00f3mica, en una gala en la que Manel Faura, director general de la compa\u00f1\u00eda, agradeci\u00f3 p\u00fablicamente los galardones evidenciando el compromiso de la empresa con la ciudad en la que naci\u00f3 y donde tiene su sede central.<\/p>\n","protected":false},"author":3,"featured_media":6853,"comment_status":"open","ping_status":"open","sticky":false,"template":"","format":"standard","meta":{"footnotes":""},"categories":[3],"tags":[],"post_series":[],"class_list":["post-6877","post","type-post","status-publish","format-standard","has-post-thumbnail","hentry","category-actualidad","entry","has-media"],"yoast_head":"<!-- This site is optimized with the Yoast SEO plugin v26.7 - https:\/\/yoast.com\/wordpress\/plugins\/seo\/ -->\n<title>Reconocimiento de Gav\u00e0 a la trayectoria de arraigo de GARCIA FAURA a su ciudad - GARCIA FAURA<\/title>\n<meta name=\"description\" content=\"Arquitectura en Alumini, Inox, Ferro i Vidre\" \/>\n<meta name=\"robots\" content=\"index, follow, max-snippet:-1, max-image-preview:large, max-video-preview:-1\" \/>\n<link rel=\"canonical\" href=\"https:\/\/www.garciafaura.com\/es\/reconocimiento-de-gava-a-la-trayectoria-de-arraigo-de-garcia-faura-a-su-ciudad\/\" \/>\n<meta property=\"og:locale\" content=\"es_ES\" \/>\n<meta property=\"og:type\" content=\"article\" \/>\n<meta property=\"og:title\" content=\"Reconocimiento de Gav\u00e0 a la trayectoria de arraigo de GARCIA FAURA a su ciudad - GARCIA FAURA\" \/>\n<meta property=\"og:description\" content=\"Arquitectura en Alumini, Inox, Ferro i Vidre\" \/>\n<meta property=\"og:url\" content=\"https:\/\/www.garciafaura.com\/es\/reconocimiento-de-gava-a-la-trayectoria-de-arraigo-de-garcia-faura-a-su-ciudad\/\" \/>\n<meta property=\"og:site_name\" content=\"GARCIA FAURA\" \/>\n<meta property=\"article:published_time\" content=\"2017-11-08T00:00:00+00:00\" \/>\n<meta property=\"article:modified_time\" content=\"2019-06-03T11:57:51+00:00\" \/>\n<meta property=\"og:image\" content=\"https:\/\/www.garciafaura.com\/wp-content\/uploads\/2018\/11\/gf01.jpg\" \/>\n\t<meta property=\"og:image:width\" content=\"1\" \/>\n\t<meta property=\"og:image:height\" content=\"1\" \/>\n\t<meta property=\"og:image:type\" content=\"image\/jpeg\" \/>\n<meta name=\"author\" content=\"David Achell\" \/>\n<meta name=\"twitter:card\" content=\"summary_large_image\" \/>\n<meta name=\"twitter:label1\" content=\"Escrito por\" \/>\n\t<meta name=\"twitter:data1\" content=\"David Achell\" \/>\n\t<meta name=\"twitter:label2\" content=\"Tiempo de lectura\" \/>\n\t<meta name=\"twitter:data2\" content=\"1 minuto\" \/>\n<script type=\"application\/ld+json\" class=\"yoast-schema-graph\">{\"@context\":\"https:\/\/schema.org\",\"@graph\":[{\"@type\":\"Article\",\"@id\":\"https:\/\/www.garciafaura.com\/es\/reconocimiento-de-gava-a-la-trayectoria-de-arraigo-de-garcia-faura-a-su-ciudad\/#article\",\"isPartOf\":{\"@id\":\"https:\/\/www.garciafaura.com\/es\/reconocimiento-de-gava-a-la-trayectoria-de-arraigo-de-garcia-faura-a-su-ciudad\/\"},\"author\":{\"name\":\"David Achell\",\"@id\":\"https:\/\/www.garciafaura.com\/fr\/#\/schema\/person\/b4b75e69b33fac3446071909bec106b0\"},\"headline\":\"Reconocimiento de Gav\u00e0 a la trayectoria de arraigo de GARCIA FAURA a su ciudad\",\"datePublished\":\"2017-11-08T00:00:00+00:00\",\"dateModified\":\"2019-06-03T11:57:51+00:00\",\"mainEntityOfPage\":{\"@id\":\"https:\/\/www.garciafaura.com\/es\/reconocimiento-de-gava-a-la-trayectoria-de-arraigo-de-garcia-faura-a-su-ciudad\/\"},\"wordCount\":306,\"commentCount\":0,\"publisher\":{\"@id\":\"https:\/\/www.garciafaura.com\/fr\/#organization\"},\"image\":{\"@id\":\"https:\/\/www.garciafaura.com\/es\/reconocimiento-de-gava-a-la-trayectoria-de-arraigo-de-garcia-faura-a-su-ciudad\/#primaryimage\"},\"thumbnailUrl\":\"https:\/\/www.garciafaura.com\/wp-content\/uploads\/2018\/11\/gf01.jpg\",\"articleSection\":[\"Actualidad\"],\"inLanguage\":\"es\",\"potentialAction\":[{\"@type\":\"CommentAction\",\"name\":\"Comment\",\"target\":[\"https:\/\/www.garciafaura.com\/es\/reconocimiento-de-gava-a-la-trayectoria-de-arraigo-de-garcia-faura-a-su-ciudad\/#respond\"]}]},{\"@type\":\"WebPage\",\"@id\":\"https:\/\/www.garciafaura.com\/es\/reconocimiento-de-gava-a-la-trayectoria-de-arraigo-de-garcia-faura-a-su-ciudad\/\",\"url\":\"https:\/\/www.garciafaura.com\/es\/reconocimiento-de-gava-a-la-trayectoria-de-arraigo-de-garcia-faura-a-su-ciudad\/\",\"name\":\"Reconocimiento de Gav\u00e0 a la trayectoria de arraigo de GARCIA FAURA a su ciudad - GARCIA FAURA\",\"isPartOf\":{\"@id\":\"https:\/\/www.garciafaura.com\/fr\/#website\"},\"primaryImageOfPage\":{\"@id\":\"https:\/\/www.garciafaura.com\/es\/reconocimiento-de-gava-a-la-trayectoria-de-arraigo-de-garcia-faura-a-su-ciudad\/#primaryimage\"},\"image\":{\"@id\":\"https:\/\/www.garciafaura.com\/es\/reconocimiento-de-gava-a-la-trayectoria-de-arraigo-de-garcia-faura-a-su-ciudad\/#primaryimage\"},\"thumbnailUrl\":\"https:\/\/www.garciafaura.com\/wp-content\/uploads\/2018\/11\/gf01.jpg\",\"datePublished\":\"2017-11-08T00:00:00+00:00\",\"dateModified\":\"2019-06-03T11:57:51+00:00\",\"description\":\"Arquitectura en Alumini, Inox, Ferro i Vidre\",\"breadcrumb\":{\"@id\":\"https:\/\/www.garciafaura.com\/es\/reconocimiento-de-gava-a-la-trayectoria-de-arraigo-de-garcia-faura-a-su-ciudad\/#breadcrumb\"},\"inLanguage\":\"es\",\"potentialAction\":[{\"@type\":\"ReadAction\",\"target\":[\"https:\/\/www.garciafaura.com\/es\/reconocimiento-de-gava-a-la-trayectoria-de-arraigo-de-garcia-faura-a-su-ciudad\/\"]}]},{\"@type\":\"ImageObject\",\"inLanguage\":\"es\",\"@id\":\"https:\/\/www.garciafaura.com\/es\/reconocimiento-de-gava-a-la-trayectoria-de-arraigo-de-garcia-faura-a-su-ciudad\/#primaryimage\",\"url\":\"https:\/\/www.garciafaura.com\/wp-content\/uploads\/2018\/11\/gf01.jpg\",\"contentUrl\":\"https:\/\/www.garciafaura.com\/wp-content\/uploads\/2018\/11\/gf01.jpg\"},{\"@type\":\"BreadcrumbList\",\"@id\":\"https:\/\/www.garciafaura.com\/es\/reconocimiento-de-gava-a-la-trayectoria-de-arraigo-de-garcia-faura-a-su-ciudad\/#breadcrumb\",\"itemListElement\":[{\"@type\":\"ListItem\",\"position\":1,\"name\":\"Inici\",\"item\":\"https:\/\/www.garciafaura.com\/es\/\"},{\"@type\":\"ListItem\",\"position\":2,\"name\":\"Reconocimiento de Gav\u00e0 a la trayectoria de arraigo de GARCIA FAURA a su ciudad\"}]},{\"@type\":\"WebSite\",\"@id\":\"https:\/\/www.garciafaura.com\/fr\/#website\",\"url\":\"https:\/\/www.garciafaura.com\/fr\/\",\"name\":\"GARCIA FAURA\",\"description\":\"Arquitectura en Alumini, Inox, Ferro i Vidre\",\"publisher\":{\"@id\":\"https:\/\/www.garciafaura.com\/fr\/#organization\"},\"potentialAction\":[{\"@type\":\"SearchAction\",\"target\":{\"@type\":\"EntryPoint\",\"urlTemplate\":\"https:\/\/www.garciafaura.com\/fr\/?s={search_term_string}\"},\"query-input\":{\"@type\":\"PropertyValueSpecification\",\"valueRequired\":true,\"valueName\":\"search_term_string\"}}],\"inLanguage\":\"es\"},{\"@type\":\"Organization\",\"@id\":\"https:\/\/www.garciafaura.com\/fr\/#organization\",\"name\":\"GARCIA FAURA\",\"url\":\"https:\/\/www.garciafaura.com\/fr\/\",\"logo\":{\"@type\":\"ImageObject\",\"inLanguage\":\"es\",\"@id\":\"https:\/\/www.garciafaura.com\/fr\/#\/schema\/logo\/image\/\",\"url\":\"https:\/\/www.garciafaura.com\/wp-content\/uploads\/2018\/09\/Garcia-Faura.png\",\"contentUrl\":\"https:\/\/www.garciafaura.com\/wp-content\/uploads\/2018\/09\/Garcia-Faura.png\",\"width\":512,\"height\":512,\"caption\":\"GARCIA FAURA\"},\"image\":{\"@id\":\"https:\/\/www.garciafaura.com\/fr\/#\/schema\/logo\/image\/\"},\"sameAs\":[\"https:\/\/www.youtube.com\/user\/GARCIAFAURA\"]},{\"@type\":\"Person\",\"@id\":\"https:\/\/www.garciafaura.com\/fr\/#\/schema\/person\/b4b75e69b33fac3446071909bec106b0\",\"name\":\"David Achell\",\"image\":{\"@type\":\"ImageObject\",\"inLanguage\":\"es\",\"@id\":\"https:\/\/www.garciafaura.com\/fr\/#\/schema\/person\/image\/\",\"url\":\"https:\/\/secure.gravatar.com\/avatar\/03900210afc1f61bce737bcb4a79c02e2c997f171e3eca839b5a4cbe03846c90?s=96&d=blank&r=g\",\"contentUrl\":\"https:\/\/secure.gravatar.com\/avatar\/03900210afc1f61bce737bcb4a79c02e2c997f171e3eca839b5a4cbe03846c90?s=96&d=blank&r=g\",\"caption\":\"David Achell\"}}]}<\/script>\n<!-- \/ Yoast SEO plugin. -->","yoast_head_json":{"title":"Reconocimiento de Gav\u00e0 a la trayectoria de arraigo de GARCIA FAURA a su ciudad - GARCIA FAURA","description":"Arquitectura en Alumini, Inox, Ferro i Vidre","robots":{"index":"index","follow":"follow","max-snippet":"max-snippet:-1","max-image-preview":"max-image-preview:large","max-video-preview":"max-video-preview:-1"},"canonical":"https:\/\/www.garciafaura.com\/es\/reconocimiento-de-gava-a-la-trayectoria-de-arraigo-de-garcia-faura-a-su-ciudad\/","og_locale":"es_ES","og_type":"article","og_title":"Reconocimiento de Gav\u00e0 a la trayectoria de arraigo de GARCIA FAURA a su ciudad - GARCIA FAURA","og_description":"Arquitectura en Alumini, Inox, Ferro i Vidre","og_url":"https:\/\/www.garciafaura.com\/es\/reconocimiento-de-gava-a-la-trayectoria-de-arraigo-de-garcia-faura-a-su-ciudad\/","og_site_name":"GARCIA FAURA","article_published_time":"2017-11-08T00:00:00+00:00","article_modified_time":"2019-06-03T11:57:51+00:00","og_image":[{"url":"https:\/\/www.garciafaura.com\/wp-content\/uploads\/2018\/11\/gf01.jpg","width":1,"height":1,"type":"image\/jpeg"}],"author":"David Achell","twitter_card":"summary_large_image","twitter_misc":{"Escrito por":"David Achell","Tiempo de lectura":"1 minuto"},"schema":{"@context":"https:\/\/schema.org","@graph":[{"@type":"Article","@id":"https:\/\/www.garciafaura.com\/es\/reconocimiento-de-gava-a-la-trayectoria-de-arraigo-de-garcia-faura-a-su-ciudad\/#article","isPartOf":{"@id":"https:\/\/www.garciafaura.com\/es\/reconocimiento-de-gava-a-la-trayectoria-de-arraigo-de-garcia-faura-a-su-ciudad\/"},"author":{"name":"David Achell","@id":"https:\/\/www.garciafaura.com\/fr\/#\/schema\/person\/b4b75e69b33fac3446071909bec106b0"},"headline":"Reconocimiento de Gav\u00e0 a la trayectoria de arraigo de GARCIA FAURA a su ciudad","datePublished":"2017-11-08T00:00:00+00:00","dateModified":"2019-06-03T11:57:51+00:00","mainEntityOfPage":{"@id":"https:\/\/www.garciafaura.com\/es\/reconocimiento-de-gava-a-la-trayectoria-de-arraigo-de-garcia-faura-a-su-ciudad\/"},"wordCount":306,"commentCount":0,"publisher":{"@id":"https:\/\/www.garciafaura.com\/fr\/#organization"},"image":{"@id":"https:\/\/www.garciafaura.com\/es\/reconocimiento-de-gava-a-la-trayectoria-de-arraigo-de-garcia-faura-a-su-ciudad\/#primaryimage"},"thumbnailUrl":"https:\/\/www.garciafaura.com\/wp-content\/uploads\/2018\/11\/gf01.jpg","articleSection":["Actualidad"],"inLanguage":"es","potentialAction":[{"@type":"CommentAction","name":"Comment","target":["https:\/\/www.garciafaura.com\/es\/reconocimiento-de-gava-a-la-trayectoria-de-arraigo-de-garcia-faura-a-su-ciudad\/#respond"]}]},{"@type":"WebPage","@id":"https:\/\/www.garciafaura.com\/es\/reconocimiento-de-gava-a-la-trayectoria-de-arraigo-de-garcia-faura-a-su-ciudad\/","url":"https:\/\/www.garciafaura.com\/es\/reconocimiento-de-gava-a-la-trayectoria-de-arraigo-de-garcia-faura-a-su-ciudad\/","name":"Reconocimiento de Gav\u00e0 a la trayectoria de arraigo de GARCIA FAURA a su ciudad - GARCIA FAURA","isPartOf":{"@id":"https:\/\/www.garciafaura.com\/fr\/#website"},"primaryImageOfPage":{"@id":"https:\/\/www.garciafaura.com\/es\/reconocimiento-de-gava-a-la-trayectoria-de-arraigo-de-garcia-faura-a-su-ciudad\/#primaryimage"},"image":{"@id":"https:\/\/www.garciafaura.com\/es\/reconocimiento-de-gava-a-la-trayectoria-de-arraigo-de-garcia-faura-a-su-ciudad\/#primaryimage"},"thumbnailUrl":"https:\/\/www.garciafaura.com\/wp-content\/uploads\/2018\/11\/gf01.jpg","datePublished":"2017-11-08T00:00:00+00:00","dateModified":"2019-06-03T11:57:51+00:00","description":"Arquitectura en Alumini, Inox, Ferro i Vidre","breadcrumb":{"@id":"https:\/\/www.garciafaura.com\/es\/reconocimiento-de-gava-a-la-trayectoria-de-arraigo-de-garcia-faura-a-su-ciudad\/#breadcrumb"},"inLanguage":"es","potentialAction":[{"@type":"ReadAction","target":["https:\/\/www.garciafaura.com\/es\/reconocimiento-de-gava-a-la-trayectoria-de-arraigo-de-garcia-faura-a-su-ciudad\/"]}]},{"@type":"ImageObject","inLanguage":"es","@id":"https:\/\/www.garciafaura.com\/es\/reconocimiento-de-gava-a-la-trayectoria-de-arraigo-de-garcia-faura-a-su-ciudad\/#primaryimage","url":"https:\/\/www.garciafaura.com\/wp-content\/uploads\/2018\/11\/gf01.jpg","contentUrl":"https:\/\/www.garciafaura.com\/wp-content\/uploads\/2018\/11\/gf01.jpg"},{"@type":"BreadcrumbList","@id":"https:\/\/www.garciafaura.com\/es\/reconocimiento-de-gava-a-la-trayectoria-de-arraigo-de-garcia-faura-a-su-ciudad\/#breadcrumb","itemListElement":[{"@type":"ListItem","position":1,"name":"Inici","item":"https:\/\/www.garciafaura.com\/es\/"},{"@type":"ListItem","position":2,"name":"Reconocimiento de Gav\u00e0 a la trayectoria de arraigo de GARCIA FAURA a su ciudad"}]},{"@type":"WebSite","@id":"https:\/\/www.garciafaura.com\/fr\/#website","url":"https:\/\/www.garciafaura.com\/fr\/","name":"GARCIA FAURA","description":"Arquitectura en Alumini, Inox, Ferro i Vidre","publisher":{"@id":"https:\/\/www.garciafaura.com\/fr\/#organization"},"potentialAction":[{"@type":"SearchAction","target":{"@type":"EntryPoint","urlTemplate":"https:\/\/www.garciafaura.com\/fr\/?s={search_term_string}"},"query-input":{"@type":"PropertyValueSpecification","valueRequired":true,"valueName":"search_term_string"}}],"inLanguage":"es"},{"@type":"Organization","@id":"https:\/\/www.garciafaura.com\/fr\/#organization","name":"GARCIA FAURA","url":"https:\/\/www.garciafaura.com\/fr\/","logo":{"@type":"ImageObject","inLanguage":"es","@id":"https:\/\/www.garciafaura.com\/fr\/#\/schema\/logo\/image\/","url":"https:\/\/www.garciafaura.com\/wp-content\/uploads\/2018\/09\/Garcia-Faura.png","contentUrl":"https:\/\/www.garciafaura.com\/wp-content\/uploads\/2018\/09\/Garcia-Faura.png","width":512,"height":512,"caption":"GARCIA FAURA"},"image":{"@id":"https:\/\/www.garciafaura.com\/fr\/#\/schema\/logo\/image\/"},"sameAs":["https:\/\/www.youtube.com\/user\/GARCIAFAURA"]},{"@type":"Person","@id":"https:\/\/www.garciafaura.com\/fr\/#\/schema\/person\/b4b75e69b33fac3446071909bec106b0","name":"David Achell","image":{"@type":"ImageObject","inLanguage":"es","@id":"https:\/\/www.garciafaura.com\/fr\/#\/schema\/person\/image\/","url":"https:\/\/secure.gravatar.com\/avatar\/03900210afc1f61bce737bcb4a79c02e2c997f171e3eca839b5a4cbe03846c90?s=96&d=blank&r=g","contentUrl":"https:\/\/secure.gravatar.com\/avatar\/03900210afc1f61bce737bcb4a79c02e2c997f171e3eca839b5a4cbe03846c90?s=96&d=blank&r=g","caption":"David Achell"}}]}},"_links":{"self":[{"href":"https:\/\/www.garciafaura.com\/es\/wp-json\/wp\/v2\/posts\/6877","targetHints":{"allow":["GET"]}}],"collection":[{"href":"https:\/\/www.garciafaura.com\/es\/wp-json\/wp\/v2\/posts"}],"about":[{"href":"https:\/\/www.garciafaura.com\/es\/wp-json\/wp\/v2\/types\/post"}],"author":[{"embeddable":true,"href":"https:\/\/www.garciafaura.com\/es\/wp-json\/wp\/v2\/users\/3"}],"replies":[{"embeddable":true,"href":"https:\/\/www.garciafaura.com\/es\/wp-json\/wp\/v2\/comments?post=6877"}],"version-history":[{"count":1,"href":"https:\/\/www.garciafaura.com\/es\/wp-json\/wp\/v2\/posts\/6877\/revisions"}],"predecessor-version":[{"id":21537,"href":"https:\/\/www.garciafaura.com\/es\/wp-json\/wp\/v2\/posts\/6877\/revisions\/21537"}],"wp:featuredmedia":[{"embeddable":true,"href":"https:\/\/www.garciafaura.com\/es\/wp-json\/wp\/v2\/media\/6853"}],"wp:attachment":[{"href":"https:\/\/www.garciafaura.com\/es\/wp-json\/wp\/v2\/media?parent=6877"}],"wp:term":[{"taxonomy":"category","embeddable":true,"href":"https:\/\/www.garciafaura.com\/es\/wp-json\/wp\/v2\/categories?post=6877"},{"taxonomy":"post_tag","embeddable":true,"href":"https:\/\/www.garciafaura.com\/es\/wp-json\/wp\/v2\/tags?post=6877"},{"taxonomy":"post_series","embeddable":true,"href":"https:\/\/www.garciafaura.com\/es\/wp-json\/wp\/v2\/post_series?post=6877"}],"curies":[{"name":"wp","href":"https:\/\/api.w.org\/{rel}","templated":true}]}}