{"id":6821,"date":"2017-09-13T00:00:00","date_gmt":"2017-09-13T00:00:00","guid":{"rendered":"https:\/\/www.garciafaura.com\/tres-proyectos-participados-por-gf-en-la-bienal-de-arquitectura-de-seul\/"},"modified":"2019-06-03T11:58:46","modified_gmt":"2019-06-03T11:58:46","slug":"tres-proyectos-participados-por-gf-en-la-bienal-de-arquitectura-de-seul","status":"publish","type":"post","link":"https:\/\/www.garciafaura.com\/es\/tres-proyectos-participados-por-gf-en-la-bienal-de-arquitectura-de-seul\/","title":{"rendered":"Tres proyectos participados por GF en la Bienal de Arquitectura de Se\u00fal"},"content":{"rendered":"<p>&nbsp;<\/p>\n<p>Catalunya est\u00e1 representada en la <a href=\"http:\/\/seoulbiennale.org\/en\/exhibitions\/cities-exhibition\/world-cities\/mixed-use-mixed-time-mixed-people\" target=\"_blank\" rel=\"noopener\">1\u00aa Bienal de Arquitectura y Urbanismo de Se\u00fal<\/a> con la muestra \u00abUso mixto, tiempo mixto, personas mixtas\u00bb, que se centra en el potencial de los equipamientos p\u00fablicos h\u00edbridos de Barcelona y su \u00e1rea metropolitana. De este modo, el proyecto pretende destacar equipamientos p\u00fablicos de proximidad situados en distritos y municipios donde tienen encuentro funcionalidades diversas (mercados, bibliotecas, centros educativos, centros c\u00edvicos, etc.) y las actividades diarias que convergen en ellos, actuando como polos de atracci\u00f3n urbana y puntos de encuentro intergeneracionales.<\/p>\n<p>&nbsp;<\/p>\n<p>El comisariado de la exposici\u00f3n ha escogido <a href=\"https:\/\/iaac.net\/iaac-barcelona-metropolitan-area-selected-guest-institutions-first-seoul-biennale-architecture-urbanism\/\" target=\"_blank\" rel=\"noopener\">seis proyectos catalanes recientes<\/a> para convertirse en muestra de estos usos compartidos, y como ejemplo de arquitectura y paisaje urban\u00edstico. De estos seis proyectos, tres han contado con la participaci\u00f3n de <strong>GARCIA FAURA<\/strong> a la hora de desarrollar los trabajos de fachada y cerramientos. Se trata del conjunto de edificaciones del Sector Alchemika, en el distrito de Sant Mart\u00ed de Barcelona, \u200b\u200bdise\u00f1ado por Francesc Mitjans en 1950 y renovado por el arquitecto <a href=\"http:\/\/www.oliverasboix.com\/ca\/\" target=\"_blank\" rel=\"noopener\">Oliveras Boix<\/a> en 2015. Tambi\u00e9n la <a href=\"https:\/\/www.arquitectes.cat\/iframes\/mostra_new\/visor.php\/obra\/842?&amp;lang=\" target=\"_blank\" rel=\"noopener\">Biblioteca Merc\u00e8 Rodoreda<\/a> de Sant Joan Desp\u00ed, obra del arquitecto Carles Llin\u00e0s; y el conjunto del Centro C\u00edvico el Roure y la Biblioteca La Ginesta de Begues, del estudio de arquitectos <a href=\"http:\/\/www.cfs.cat\/\" target=\"_blank\" rel=\"noopener\">Calderon Folch Sarsanedas<\/a>.<\/p>\n<p>&nbsp;<\/p>\n<p>Para <strong>GARCIA FAURA<\/strong> representa un honor haber participado de estos tres proyectos que ahora sirven para presentar al mundo el buen estado de salud de la arquitectura catalana, as\u00ed como para evidenciar las posibilidades de una metr\u00f3polis de unidades interconectadas que forman un todo complejo y diverso.<\/p>\n","protected":false},"excerpt":{"rendered":"<p>La capital de Corea del Sur acoge hasta el 5 de noviembre su Bienal de Arquitectura y Urbanismo. En esta edici\u00f3n participa el Instituto de Arquitectura Avanzada de Catalu\u00f1a y el \u00c1rea Metropolitana de Barcelona, que presentan seis proyectos catalanes. De estos, tres han contado con intervenci\u00f3n de GARCIA FAURA. Se trata de la Biblioteca Merc\u00e8 Rodoreda de Sant Joan Desp\u00ed, el Centro C\u00edvico El Roure de Begues y el conjunto Alchemika de Barcelona.<\/p>\n","protected":false},"author":3,"featured_media":6805,"comment_status":"open","ping_status":"open","sticky":false,"template":"","format":"standard","meta":{"footnotes":""},"categories":[3],"tags":[],"post_series":[],"class_list":["post-6821","post","type-post","status-publish","format-standard","has-post-thumbnail","hentry","category-actualidad","entry","has-media"],"yoast_head":"<!-- This site is optimized with the Yoast SEO plugin v26.7 - https:\/\/yoast.com\/wordpress\/plugins\/seo\/ -->\n<title>Tres proyectos participados por GF en la Bienal de Arquitectura de Se\u00fal - GARCIA FAURA<\/title>\n<meta name=\"description\" content=\"Arquitectura en Alumini, Inox, Ferro i Vidre\" \/>\n<meta name=\"robots\" content=\"index, follow, max-snippet:-1, max-image-preview:large, max-video-preview:-1\" \/>\n<link rel=\"canonical\" href=\"https:\/\/www.garciafaura.com\/es\/tres-proyectos-participados-por-gf-en-la-bienal-de-arquitectura-de-seul\/\" \/>\n<meta property=\"og:locale\" content=\"es_ES\" \/>\n<meta property=\"og:type\" content=\"article\" \/>\n<meta property=\"og:title\" content=\"Tres proyectos participados por GF en la Bienal de Arquitectura de Se\u00fal - GARCIA FAURA\" \/>\n<meta property=\"og:description\" content=\"Arquitectura en Alumini, Inox, Ferro i Vidre\" \/>\n<meta property=\"og:url\" content=\"https:\/\/www.garciafaura.com\/es\/tres-proyectos-participados-por-gf-en-la-bienal-de-arquitectura-de-seul\/\" \/>\n<meta property=\"og:site_name\" content=\"GARCIA FAURA\" \/>\n<meta property=\"article:published_time\" content=\"2017-09-13T00:00:00+00:00\" \/>\n<meta property=\"article:modified_time\" content=\"2019-06-03T11:58:46+00:00\" \/>\n<meta property=\"og:image\" content=\"https:\/\/www.garciafaura.com\/wp-content\/uploads\/2018\/11\/biblio.jpg\" \/>\n\t<meta property=\"og:image:width\" content=\"1\" \/>\n\t<meta property=\"og:image:height\" content=\"1\" \/>\n\t<meta property=\"og:image:type\" content=\"image\/jpeg\" \/>\n<meta name=\"author\" content=\"David Achell\" \/>\n<meta name=\"twitter:card\" content=\"summary_large_image\" \/>\n<meta name=\"twitter:label1\" content=\"Escrito por\" \/>\n\t<meta name=\"twitter:data1\" content=\"David Achell\" \/>\n\t<meta name=\"twitter:label2\" content=\"Tiempo de lectura\" \/>\n\t<meta name=\"twitter:data2\" content=\"1 minuto\" \/>\n<script type=\"application\/ld+json\" class=\"yoast-schema-graph\">{\"@context\":\"https:\/\/schema.org\",\"@graph\":[{\"@type\":\"Article\",\"@id\":\"https:\/\/www.garciafaura.com\/es\/tres-proyectos-participados-por-gf-en-la-bienal-de-arquitectura-de-seul\/#article\",\"isPartOf\":{\"@id\":\"https:\/\/www.garciafaura.com\/es\/tres-proyectos-participados-por-gf-en-la-bienal-de-arquitectura-de-seul\/\"},\"author\":{\"name\":\"David Achell\",\"@id\":\"https:\/\/www.garciafaura.com\/fr\/#\/schema\/person\/b4b75e69b33fac3446071909bec106b0\"},\"headline\":\"Tres proyectos participados por GF en la Bienal de Arquitectura de Se\u00fal\",\"datePublished\":\"2017-09-13T00:00:00+00:00\",\"dateModified\":\"2019-06-03T11:58:46+00:00\",\"mainEntityOfPage\":{\"@id\":\"https:\/\/www.garciafaura.com\/es\/tres-proyectos-participados-por-gf-en-la-bienal-de-arquitectura-de-seul\/\"},\"wordCount\":279,\"commentCount\":0,\"publisher\":{\"@id\":\"https:\/\/www.garciafaura.com\/fr\/#organization\"},\"image\":{\"@id\":\"https:\/\/www.garciafaura.com\/es\/tres-proyectos-participados-por-gf-en-la-bienal-de-arquitectura-de-seul\/#primaryimage\"},\"thumbnailUrl\":\"https:\/\/www.garciafaura.com\/wp-content\/uploads\/2018\/11\/biblio.jpg\",\"articleSection\":[\"Actualidad\"],\"inLanguage\":\"es\",\"potentialAction\":[{\"@type\":\"CommentAction\",\"name\":\"Comment\",\"target\":[\"https:\/\/www.garciafaura.com\/es\/tres-proyectos-participados-por-gf-en-la-bienal-de-arquitectura-de-seul\/#respond\"]}]},{\"@type\":\"WebPage\",\"@id\":\"https:\/\/www.garciafaura.com\/es\/tres-proyectos-participados-por-gf-en-la-bienal-de-arquitectura-de-seul\/\",\"url\":\"https:\/\/www.garciafaura.com\/es\/tres-proyectos-participados-por-gf-en-la-bienal-de-arquitectura-de-seul\/\",\"name\":\"Tres proyectos participados por GF en la Bienal de Arquitectura de Se\u00fal - GARCIA FAURA\",\"isPartOf\":{\"@id\":\"https:\/\/www.garciafaura.com\/fr\/#website\"},\"primaryImageOfPage\":{\"@id\":\"https:\/\/www.garciafaura.com\/es\/tres-proyectos-participados-por-gf-en-la-bienal-de-arquitectura-de-seul\/#primaryimage\"},\"image\":{\"@id\":\"https:\/\/www.garciafaura.com\/es\/tres-proyectos-participados-por-gf-en-la-bienal-de-arquitectura-de-seul\/#primaryimage\"},\"thumbnailUrl\":\"https:\/\/www.garciafaura.com\/wp-content\/uploads\/2018\/11\/biblio.jpg\",\"datePublished\":\"2017-09-13T00:00:00+00:00\",\"dateModified\":\"2019-06-03T11:58:46+00:00\",\"description\":\"Arquitectura en Alumini, Inox, Ferro i Vidre\",\"breadcrumb\":{\"@id\":\"https:\/\/www.garciafaura.com\/es\/tres-proyectos-participados-por-gf-en-la-bienal-de-arquitectura-de-seul\/#breadcrumb\"},\"inLanguage\":\"es\",\"potentialAction\":[{\"@type\":\"ReadAction\",\"target\":[\"https:\/\/www.garciafaura.com\/es\/tres-proyectos-participados-por-gf-en-la-bienal-de-arquitectura-de-seul\/\"]}]},{\"@type\":\"ImageObject\",\"inLanguage\":\"es\",\"@id\":\"https:\/\/www.garciafaura.com\/es\/tres-proyectos-participados-por-gf-en-la-bienal-de-arquitectura-de-seul\/#primaryimage\",\"url\":\"https:\/\/www.garciafaura.com\/wp-content\/uploads\/2018\/11\/biblio.jpg\",\"contentUrl\":\"https:\/\/www.garciafaura.com\/wp-content\/uploads\/2018\/11\/biblio.jpg\"},{\"@type\":\"BreadcrumbList\",\"@id\":\"https:\/\/www.garciafaura.com\/es\/tres-proyectos-participados-por-gf-en-la-bienal-de-arquitectura-de-seul\/#breadcrumb\",\"itemListElement\":[{\"@type\":\"ListItem\",\"position\":1,\"name\":\"Inici\",\"item\":\"https:\/\/www.garciafaura.com\/es\/\"},{\"@type\":\"ListItem\",\"position\":2,\"name\":\"Tres proyectos participados por GF en la Bienal de Arquitectura de Se\u00fal\"}]},{\"@type\":\"WebSite\",\"@id\":\"https:\/\/www.garciafaura.com\/fr\/#website\",\"url\":\"https:\/\/www.garciafaura.com\/fr\/\",\"name\":\"GARCIA FAURA\",\"description\":\"Arquitectura en Alumini, Inox, Ferro i Vidre\",\"publisher\":{\"@id\":\"https:\/\/www.garciafaura.com\/fr\/#organization\"},\"potentialAction\":[{\"@type\":\"SearchAction\",\"target\":{\"@type\":\"EntryPoint\",\"urlTemplate\":\"https:\/\/www.garciafaura.com\/fr\/?s={search_term_string}\"},\"query-input\":{\"@type\":\"PropertyValueSpecification\",\"valueRequired\":true,\"valueName\":\"search_term_string\"}}],\"inLanguage\":\"es\"},{\"@type\":\"Organization\",\"@id\":\"https:\/\/www.garciafaura.com\/fr\/#organization\",\"name\":\"GARCIA FAURA\",\"url\":\"https:\/\/www.garciafaura.com\/fr\/\",\"logo\":{\"@type\":\"ImageObject\",\"inLanguage\":\"es\",\"@id\":\"https:\/\/www.garciafaura.com\/fr\/#\/schema\/logo\/image\/\",\"url\":\"https:\/\/www.garciafaura.com\/wp-content\/uploads\/2018\/09\/Garcia-Faura.png\",\"contentUrl\":\"https:\/\/www.garciafaura.com\/wp-content\/uploads\/2018\/09\/Garcia-Faura.png\",\"width\":512,\"height\":512,\"caption\":\"GARCIA FAURA\"},\"image\":{\"@id\":\"https:\/\/www.garciafaura.com\/fr\/#\/schema\/logo\/image\/\"},\"sameAs\":[\"https:\/\/www.youtube.com\/user\/GARCIAFAURA\"]},{\"@type\":\"Person\",\"@id\":\"https:\/\/www.garciafaura.com\/fr\/#\/schema\/person\/b4b75e69b33fac3446071909bec106b0\",\"name\":\"David Achell\",\"image\":{\"@type\":\"ImageObject\",\"inLanguage\":\"es\",\"@id\":\"https:\/\/www.garciafaura.com\/fr\/#\/schema\/person\/image\/\",\"url\":\"https:\/\/secure.gravatar.com\/avatar\/03900210afc1f61bce737bcb4a79c02e2c997f171e3eca839b5a4cbe03846c90?s=96&d=blank&r=g\",\"contentUrl\":\"https:\/\/secure.gravatar.com\/avatar\/03900210afc1f61bce737bcb4a79c02e2c997f171e3eca839b5a4cbe03846c90?s=96&d=blank&r=g\",\"caption\":\"David Achell\"}}]}<\/script>\n<!-- \/ Yoast SEO plugin. -->","yoast_head_json":{"title":"Tres proyectos participados por GF en la Bienal de Arquitectura de Se\u00fal - GARCIA FAURA","description":"Arquitectura en Alumini, Inox, Ferro i Vidre","robots":{"index":"index","follow":"follow","max-snippet":"max-snippet:-1","max-image-preview":"max-image-preview:large","max-video-preview":"max-video-preview:-1"},"canonical":"https:\/\/www.garciafaura.com\/es\/tres-proyectos-participados-por-gf-en-la-bienal-de-arquitectura-de-seul\/","og_locale":"es_ES","og_type":"article","og_title":"Tres proyectos participados por GF en la Bienal de Arquitectura de Se\u00fal - GARCIA FAURA","og_description":"Arquitectura en Alumini, Inox, Ferro i Vidre","og_url":"https:\/\/www.garciafaura.com\/es\/tres-proyectos-participados-por-gf-en-la-bienal-de-arquitectura-de-seul\/","og_site_name":"GARCIA FAURA","article_published_time":"2017-09-13T00:00:00+00:00","article_modified_time":"2019-06-03T11:58:46+00:00","og_image":[{"url":"https:\/\/www.garciafaura.com\/wp-content\/uploads\/2018\/11\/biblio.jpg","width":1,"height":1,"type":"image\/jpeg"}],"author":"David Achell","twitter_card":"summary_large_image","twitter_misc":{"Escrito por":"David Achell","Tiempo de lectura":"1 minuto"},"schema":{"@context":"https:\/\/schema.org","@graph":[{"@type":"Article","@id":"https:\/\/www.garciafaura.com\/es\/tres-proyectos-participados-por-gf-en-la-bienal-de-arquitectura-de-seul\/#article","isPartOf":{"@id":"https:\/\/www.garciafaura.com\/es\/tres-proyectos-participados-por-gf-en-la-bienal-de-arquitectura-de-seul\/"},"author":{"name":"David Achell","@id":"https:\/\/www.garciafaura.com\/fr\/#\/schema\/person\/b4b75e69b33fac3446071909bec106b0"},"headline":"Tres proyectos participados por GF en la Bienal de Arquitectura de Se\u00fal","datePublished":"2017-09-13T00:00:00+00:00","dateModified":"2019-06-03T11:58:46+00:00","mainEntityOfPage":{"@id":"https:\/\/www.garciafaura.com\/es\/tres-proyectos-participados-por-gf-en-la-bienal-de-arquitectura-de-seul\/"},"wordCount":279,"commentCount":0,"publisher":{"@id":"https:\/\/www.garciafaura.com\/fr\/#organization"},"image":{"@id":"https:\/\/www.garciafaura.com\/es\/tres-proyectos-participados-por-gf-en-la-bienal-de-arquitectura-de-seul\/#primaryimage"},"thumbnailUrl":"https:\/\/www.garciafaura.com\/wp-content\/uploads\/2018\/11\/biblio.jpg","articleSection":["Actualidad"],"inLanguage":"es","potentialAction":[{"@type":"CommentAction","name":"Comment","target":["https:\/\/www.garciafaura.com\/es\/tres-proyectos-participados-por-gf-en-la-bienal-de-arquitectura-de-seul\/#respond"]}]},{"@type":"WebPage","@id":"https:\/\/www.garciafaura.com\/es\/tres-proyectos-participados-por-gf-en-la-bienal-de-arquitectura-de-seul\/","url":"https:\/\/www.garciafaura.com\/es\/tres-proyectos-participados-por-gf-en-la-bienal-de-arquitectura-de-seul\/","name":"Tres proyectos participados por GF en la Bienal de Arquitectura de Se\u00fal - GARCIA FAURA","isPartOf":{"@id":"https:\/\/www.garciafaura.com\/fr\/#website"},"primaryImageOfPage":{"@id":"https:\/\/www.garciafaura.com\/es\/tres-proyectos-participados-por-gf-en-la-bienal-de-arquitectura-de-seul\/#primaryimage"},"image":{"@id":"https:\/\/www.garciafaura.com\/es\/tres-proyectos-participados-por-gf-en-la-bienal-de-arquitectura-de-seul\/#primaryimage"},"thumbnailUrl":"https:\/\/www.garciafaura.com\/wp-content\/uploads\/2018\/11\/biblio.jpg","datePublished":"2017-09-13T00:00:00+00:00","dateModified":"2019-06-03T11:58:46+00:00","description":"Arquitectura en Alumini, Inox, Ferro i Vidre","breadcrumb":{"@id":"https:\/\/www.garciafaura.com\/es\/tres-proyectos-participados-por-gf-en-la-bienal-de-arquitectura-de-seul\/#breadcrumb"},"inLanguage":"es","potentialAction":[{"@type":"ReadAction","target":["https:\/\/www.garciafaura.com\/es\/tres-proyectos-participados-por-gf-en-la-bienal-de-arquitectura-de-seul\/"]}]},{"@type":"ImageObject","inLanguage":"es","@id":"https:\/\/www.garciafaura.com\/es\/tres-proyectos-participados-por-gf-en-la-bienal-de-arquitectura-de-seul\/#primaryimage","url":"https:\/\/www.garciafaura.com\/wp-content\/uploads\/2018\/11\/biblio.jpg","contentUrl":"https:\/\/www.garciafaura.com\/wp-content\/uploads\/2018\/11\/biblio.jpg"},{"@type":"BreadcrumbList","@id":"https:\/\/www.garciafaura.com\/es\/tres-proyectos-participados-por-gf-en-la-bienal-de-arquitectura-de-seul\/#breadcrumb","itemListElement":[{"@type":"ListItem","position":1,"name":"Inici","item":"https:\/\/www.garciafaura.com\/es\/"},{"@type":"ListItem","position":2,"name":"Tres proyectos participados por GF en la Bienal de Arquitectura de Se\u00fal"}]},{"@type":"WebSite","@id":"https:\/\/www.garciafaura.com\/fr\/#website","url":"https:\/\/www.garciafaura.com\/fr\/","name":"GARCIA FAURA","description":"Arquitectura en Alumini, Inox, Ferro i Vidre","publisher":{"@id":"https:\/\/www.garciafaura.com\/fr\/#organization"},"potentialAction":[{"@type":"SearchAction","target":{"@type":"EntryPoint","urlTemplate":"https:\/\/www.garciafaura.com\/fr\/?s={search_term_string}"},"query-input":{"@type":"PropertyValueSpecification","valueRequired":true,"valueName":"search_term_string"}}],"inLanguage":"es"},{"@type":"Organization","@id":"https:\/\/www.garciafaura.com\/fr\/#organization","name":"GARCIA FAURA","url":"https:\/\/www.garciafaura.com\/fr\/","logo":{"@type":"ImageObject","inLanguage":"es","@id":"https:\/\/www.garciafaura.com\/fr\/#\/schema\/logo\/image\/","url":"https:\/\/www.garciafaura.com\/wp-content\/uploads\/2018\/09\/Garcia-Faura.png","contentUrl":"https:\/\/www.garciafaura.com\/wp-content\/uploads\/2018\/09\/Garcia-Faura.png","width":512,"height":512,"caption":"GARCIA FAURA"},"image":{"@id":"https:\/\/www.garciafaura.com\/fr\/#\/schema\/logo\/image\/"},"sameAs":["https:\/\/www.youtube.com\/user\/GARCIAFAURA"]},{"@type":"Person","@id":"https:\/\/www.garciafaura.com\/fr\/#\/schema\/person\/b4b75e69b33fac3446071909bec106b0","name":"David Achell","image":{"@type":"ImageObject","inLanguage":"es","@id":"https:\/\/www.garciafaura.com\/fr\/#\/schema\/person\/image\/","url":"https:\/\/secure.gravatar.com\/avatar\/03900210afc1f61bce737bcb4a79c02e2c997f171e3eca839b5a4cbe03846c90?s=96&d=blank&r=g","contentUrl":"https:\/\/secure.gravatar.com\/avatar\/03900210afc1f61bce737bcb4a79c02e2c997f171e3eca839b5a4cbe03846c90?s=96&d=blank&r=g","caption":"David Achell"}}]}},"_links":{"self":[{"href":"https:\/\/www.garciafaura.com\/es\/wp-json\/wp\/v2\/posts\/6821","targetHints":{"allow":["GET"]}}],"collection":[{"href":"https:\/\/www.garciafaura.com\/es\/wp-json\/wp\/v2\/posts"}],"about":[{"href":"https:\/\/www.garciafaura.com\/es\/wp-json\/wp\/v2\/types\/post"}],"author":[{"embeddable":true,"href":"https:\/\/www.garciafaura.com\/es\/wp-json\/wp\/v2\/users\/3"}],"replies":[{"embeddable":true,"href":"https:\/\/www.garciafaura.com\/es\/wp-json\/wp\/v2\/comments?post=6821"}],"version-history":[{"count":1,"href":"https:\/\/www.garciafaura.com\/es\/wp-json\/wp\/v2\/posts\/6821\/revisions"}],"predecessor-version":[{"id":21540,"href":"https:\/\/www.garciafaura.com\/es\/wp-json\/wp\/v2\/posts\/6821\/revisions\/21540"}],"wp:featuredmedia":[{"embeddable":true,"href":"https:\/\/www.garciafaura.com\/es\/wp-json\/wp\/v2\/media\/6805"}],"wp:attachment":[{"href":"https:\/\/www.garciafaura.com\/es\/wp-json\/wp\/v2\/media?parent=6821"}],"wp:term":[{"taxonomy":"category","embeddable":true,"href":"https:\/\/www.garciafaura.com\/es\/wp-json\/wp\/v2\/categories?post=6821"},{"taxonomy":"post_tag","embeddable":true,"href":"https:\/\/www.garciafaura.com\/es\/wp-json\/wp\/v2\/tags?post=6821"},{"taxonomy":"post_series","embeddable":true,"href":"https:\/\/www.garciafaura.com\/es\/wp-json\/wp\/v2\/post_series?post=6821"}],"curies":[{"name":"wp","href":"https:\/\/api.w.org\/{rel}","templated":true}]}}