{"id":6789,"date":"2017-07-18T00:00:00","date_gmt":"2017-07-18T00:00:00","guid":{"rendered":"https:\/\/www.garciafaura.com\/proyecto-de-transformacion-de-la-torre-mapfre-de-barcelona\/"},"modified":"2019-06-03T11:59:16","modified_gmt":"2019-06-03T11:59:16","slug":"proyecto-de-transformacion-de-la-torre-mapfre-de-barcelona","status":"publish","type":"post","link":"https:\/\/www.garciafaura.com\/es\/proyecto-de-transformacion-de-la-torre-mapfre-de-barcelona\/","title":{"rendered":"Proyecto de transformaci\u00f3n de la Torre Mapfre de Barcelona"},"content":{"rendered":"<p>&nbsp;<\/p>\n<p>En 1992, con el inicio de los Juegos Ol\u00edmpicos de Barcelona, \u200b\u200bse completaba la importante transformaci\u00f3n de la capital catalana. Una de sus principales iconos pasaba a ser el conjunto de las torres gemelas del Puerto Ol\u00edmpico. Han pasado 25 a\u00f1os y, a pesar de que la Torre Mapfre ha seguido un importante proceso de mantenimiento y actualizaci\u00f3n, la propiedad ha decidido que ha llegado el momento de someter el edificio a una profunda transformaci\u00f3n.<\/p>\n<p>&nbsp;<\/p>\n<p>Por este motivo\u00a0la prestigiosa consultora inmobiliaria <a href=\"http:\/\/www.cbre.es\/es_es\" target=\"_blank\" rel=\"noopener\">CBRE<\/a> ha dise\u00f1ado un proyecto que contempla el reposicionamiento del edificio, con el objetivo de adaptarlo a las nuevas necesidades del mercado inmobiliario y de negocios. Por este motivo se plantea la remodelaci\u00f3n de sus 45.000 metros cuadrados, as\u00ed como un nuevo modelo de gesti\u00f3n y comercializaci\u00f3n de espacios. <strong>GARCIA FAURA<\/strong> podr\u00e1 formar parte de este proceso de transformaci\u00f3n, gracias a los trabajos que se ejecutar\u00e1n en una primera fase en el basamento de de la torre.<\/p>\n<p>&nbsp;<\/p>\n<p>En este sentido se ejecutar\u00e1n inicialmente 480 metros cuadrados de muro cortina de aluminio en la fachada de entrada al edificio, as\u00ed como 2.400 metros cuadrados de doble piel, cristales serigrafiados y revestimiento de fachada de los primeros 4 pisos con un nuevo sistema de extrusi\u00f3n especialmente dise\u00f1ado para este proyecto. Finalmente, en la zona interior del basamento de la torre se instalar\u00e1n cerca de 850 metros cuadrados de revestimientos de vidrio.<\/p>\n<p>&nbsp;<\/p>\n<p>Seg\u00fan <a href=\"https:\/\/tendenciasinmobiliarias.es\/servicios-integrados-la-clave-del-outsourcing-en-2017\/\" target=\"_blank\" rel=\"noopener\">ha declarado CBRE<\/a>, <strong>\u00abse trata de un proyecto muy ambicioso que permitir\u00e1 transformar la Torre Mapfre en un nuevo producto mediante la aplicaci\u00f3n de soluciones con un alto componente tecnol\u00f3gico y digital, creando entornos laborales innovadores y eficientes adecuados a las necesidades de las empresas de hoy en d\u00eda\u00bb<\/strong>. Hasta el momento el edificio, de 154 metros de altura y 40 plantas, presentaba un estado de ocupaci\u00f3n en torno al 50%. La profunda remodelaci\u00f3n al que se someter\u00e1 en los pr\u00f3ximos meses permitir\u00e1 relanzarlo como un nuevo activo al servicio de Barcelona como capital de negocios.<\/p>\n","protected":false},"excerpt":{"rendered":"<p>GARCIA FAURA ha resultado adjudicataria de los trabajos de rehabilitaci\u00f3n del basamento de este emblem\u00e1tico edificio de Barcelona, ahora que se han cumplido 25 a\u00f1os de su construcci\u00f3n. Los trabajos se enmarcan en un proyecto integral que ir\u00e1 m\u00e1s all\u00e1 de la simple rehabilitaci\u00f3n arquitect\u00f3nica. Y es que el objetivo es afrontar una modernizaci\u00f3n del edificio para hacerlo m\u00e1s eficiente, seguro, \u00fatil y atractivo para sus ocupantes.<\/p>\n","protected":false},"author":3,"featured_media":6781,"comment_status":"open","ping_status":"open","sticky":false,"template":"","format":"standard","meta":{"footnotes":""},"categories":[3],"tags":[],"post_series":[],"class_list":["post-6789","post","type-post","status-publish","format-standard","has-post-thumbnail","hentry","category-actualidad","entry","has-media"],"yoast_head":"<!-- This site is optimized with the Yoast SEO plugin v26.7 - https:\/\/yoast.com\/wordpress\/plugins\/seo\/ -->\n<title>Proyecto de transformaci\u00f3n de la Torre Mapfre de Barcelona - GARCIA FAURA<\/title>\n<meta name=\"description\" content=\"Arquitectura en Alumini, Inox, Ferro i Vidre\" \/>\n<meta name=\"robots\" content=\"index, follow, max-snippet:-1, max-image-preview:large, max-video-preview:-1\" \/>\n<link rel=\"canonical\" href=\"https:\/\/www.garciafaura.com\/es\/proyecto-de-transformacion-de-la-torre-mapfre-de-barcelona\/\" \/>\n<meta property=\"og:locale\" content=\"es_ES\" \/>\n<meta property=\"og:type\" content=\"article\" \/>\n<meta property=\"og:title\" content=\"Proyecto de transformaci\u00f3n de la Torre Mapfre de Barcelona - GARCIA FAURA\" \/>\n<meta property=\"og:description\" content=\"Arquitectura en Alumini, Inox, Ferro i Vidre\" \/>\n<meta property=\"og:url\" content=\"https:\/\/www.garciafaura.com\/es\/proyecto-de-transformacion-de-la-torre-mapfre-de-barcelona\/\" \/>\n<meta property=\"og:site_name\" content=\"GARCIA FAURA\" \/>\n<meta property=\"article:published_time\" content=\"2017-07-18T00:00:00+00:00\" \/>\n<meta property=\"article:modified_time\" content=\"2019-06-03T11:59:16+00:00\" \/>\n<meta property=\"og:image\" content=\"https:\/\/www.garciafaura.com\/wp-content\/uploads\/2018\/11\/torrempfre.jpg\" \/>\n\t<meta property=\"og:image:width\" content=\"1\" \/>\n\t<meta property=\"og:image:height\" content=\"1\" \/>\n\t<meta property=\"og:image:type\" content=\"image\/jpeg\" \/>\n<meta name=\"author\" content=\"David Achell\" \/>\n<meta name=\"twitter:card\" content=\"summary_large_image\" \/>\n<meta name=\"twitter:label1\" content=\"Escrito por\" \/>\n\t<meta name=\"twitter:data1\" content=\"David Achell\" \/>\n\t<meta name=\"twitter:label2\" content=\"Tiempo de lectura\" \/>\n\t<meta name=\"twitter:data2\" content=\"2 minutos\" \/>\n<script type=\"application\/ld+json\" class=\"yoast-schema-graph\">{\"@context\":\"https:\/\/schema.org\",\"@graph\":[{\"@type\":\"Article\",\"@id\":\"https:\/\/www.garciafaura.com\/es\/proyecto-de-transformacion-de-la-torre-mapfre-de-barcelona\/#article\",\"isPartOf\":{\"@id\":\"https:\/\/www.garciafaura.com\/es\/proyecto-de-transformacion-de-la-torre-mapfre-de-barcelona\/\"},\"author\":{\"name\":\"David Achell\",\"@id\":\"https:\/\/www.garciafaura.com\/fr\/#\/schema\/person\/b4b75e69b33fac3446071909bec106b0\"},\"headline\":\"Proyecto de transformaci\u00f3n de la Torre Mapfre de Barcelona\",\"datePublished\":\"2017-07-18T00:00:00+00:00\",\"dateModified\":\"2019-06-03T11:59:16+00:00\",\"mainEntityOfPage\":{\"@id\":\"https:\/\/www.garciafaura.com\/es\/proyecto-de-transformacion-de-la-torre-mapfre-de-barcelona\/\"},\"wordCount\":355,\"commentCount\":0,\"publisher\":{\"@id\":\"https:\/\/www.garciafaura.com\/fr\/#organization\"},\"image\":{\"@id\":\"https:\/\/www.garciafaura.com\/es\/proyecto-de-transformacion-de-la-torre-mapfre-de-barcelona\/#primaryimage\"},\"thumbnailUrl\":\"https:\/\/www.garciafaura.com\/wp-content\/uploads\/2018\/11\/torrempfre.jpg\",\"articleSection\":[\"Actualidad\"],\"inLanguage\":\"es\",\"potentialAction\":[{\"@type\":\"CommentAction\",\"name\":\"Comment\",\"target\":[\"https:\/\/www.garciafaura.com\/es\/proyecto-de-transformacion-de-la-torre-mapfre-de-barcelona\/#respond\"]}]},{\"@type\":\"WebPage\",\"@id\":\"https:\/\/www.garciafaura.com\/es\/proyecto-de-transformacion-de-la-torre-mapfre-de-barcelona\/\",\"url\":\"https:\/\/www.garciafaura.com\/es\/proyecto-de-transformacion-de-la-torre-mapfre-de-barcelona\/\",\"name\":\"Proyecto de transformaci\u00f3n de la Torre Mapfre de Barcelona - GARCIA FAURA\",\"isPartOf\":{\"@id\":\"https:\/\/www.garciafaura.com\/fr\/#website\"},\"primaryImageOfPage\":{\"@id\":\"https:\/\/www.garciafaura.com\/es\/proyecto-de-transformacion-de-la-torre-mapfre-de-barcelona\/#primaryimage\"},\"image\":{\"@id\":\"https:\/\/www.garciafaura.com\/es\/proyecto-de-transformacion-de-la-torre-mapfre-de-barcelona\/#primaryimage\"},\"thumbnailUrl\":\"https:\/\/www.garciafaura.com\/wp-content\/uploads\/2018\/11\/torrempfre.jpg\",\"datePublished\":\"2017-07-18T00:00:00+00:00\",\"dateModified\":\"2019-06-03T11:59:16+00:00\",\"description\":\"Arquitectura en Alumini, Inox, Ferro i Vidre\",\"breadcrumb\":{\"@id\":\"https:\/\/www.garciafaura.com\/es\/proyecto-de-transformacion-de-la-torre-mapfre-de-barcelona\/#breadcrumb\"},\"inLanguage\":\"es\",\"potentialAction\":[{\"@type\":\"ReadAction\",\"target\":[\"https:\/\/www.garciafaura.com\/es\/proyecto-de-transformacion-de-la-torre-mapfre-de-barcelona\/\"]}]},{\"@type\":\"ImageObject\",\"inLanguage\":\"es\",\"@id\":\"https:\/\/www.garciafaura.com\/es\/proyecto-de-transformacion-de-la-torre-mapfre-de-barcelona\/#primaryimage\",\"url\":\"https:\/\/www.garciafaura.com\/wp-content\/uploads\/2018\/11\/torrempfre.jpg\",\"contentUrl\":\"https:\/\/www.garciafaura.com\/wp-content\/uploads\/2018\/11\/torrempfre.jpg\"},{\"@type\":\"BreadcrumbList\",\"@id\":\"https:\/\/www.garciafaura.com\/es\/proyecto-de-transformacion-de-la-torre-mapfre-de-barcelona\/#breadcrumb\",\"itemListElement\":[{\"@type\":\"ListItem\",\"position\":1,\"name\":\"Inici\",\"item\":\"https:\/\/www.garciafaura.com\/es\/\"},{\"@type\":\"ListItem\",\"position\":2,\"name\":\"Proyecto de transformaci\u00f3n de la Torre Mapfre de Barcelona\"}]},{\"@type\":\"WebSite\",\"@id\":\"https:\/\/www.garciafaura.com\/fr\/#website\",\"url\":\"https:\/\/www.garciafaura.com\/fr\/\",\"name\":\"GARCIA FAURA\",\"description\":\"Arquitectura en Alumini, Inox, Ferro i Vidre\",\"publisher\":{\"@id\":\"https:\/\/www.garciafaura.com\/fr\/#organization\"},\"potentialAction\":[{\"@type\":\"SearchAction\",\"target\":{\"@type\":\"EntryPoint\",\"urlTemplate\":\"https:\/\/www.garciafaura.com\/fr\/?s={search_term_string}\"},\"query-input\":{\"@type\":\"PropertyValueSpecification\",\"valueRequired\":true,\"valueName\":\"search_term_string\"}}],\"inLanguage\":\"es\"},{\"@type\":\"Organization\",\"@id\":\"https:\/\/www.garciafaura.com\/fr\/#organization\",\"name\":\"GARCIA FAURA\",\"url\":\"https:\/\/www.garciafaura.com\/fr\/\",\"logo\":{\"@type\":\"ImageObject\",\"inLanguage\":\"es\",\"@id\":\"https:\/\/www.garciafaura.com\/fr\/#\/schema\/logo\/image\/\",\"url\":\"https:\/\/www.garciafaura.com\/wp-content\/uploads\/2018\/09\/Garcia-Faura.png\",\"contentUrl\":\"https:\/\/www.garciafaura.com\/wp-content\/uploads\/2018\/09\/Garcia-Faura.png\",\"width\":512,\"height\":512,\"caption\":\"GARCIA FAURA\"},\"image\":{\"@id\":\"https:\/\/www.garciafaura.com\/fr\/#\/schema\/logo\/image\/\"},\"sameAs\":[\"https:\/\/www.youtube.com\/user\/GARCIAFAURA\"]},{\"@type\":\"Person\",\"@id\":\"https:\/\/www.garciafaura.com\/fr\/#\/schema\/person\/b4b75e69b33fac3446071909bec106b0\",\"name\":\"David Achell\",\"image\":{\"@type\":\"ImageObject\",\"inLanguage\":\"es\",\"@id\":\"https:\/\/www.garciafaura.com\/fr\/#\/schema\/person\/image\/\",\"url\":\"https:\/\/secure.gravatar.com\/avatar\/03900210afc1f61bce737bcb4a79c02e2c997f171e3eca839b5a4cbe03846c90?s=96&d=blank&r=g\",\"contentUrl\":\"https:\/\/secure.gravatar.com\/avatar\/03900210afc1f61bce737bcb4a79c02e2c997f171e3eca839b5a4cbe03846c90?s=96&d=blank&r=g\",\"caption\":\"David Achell\"}}]}<\/script>\n<!-- \/ Yoast SEO plugin. -->","yoast_head_json":{"title":"Proyecto de transformaci\u00f3n de la Torre Mapfre de Barcelona - GARCIA FAURA","description":"Arquitectura en Alumini, Inox, Ferro i Vidre","robots":{"index":"index","follow":"follow","max-snippet":"max-snippet:-1","max-image-preview":"max-image-preview:large","max-video-preview":"max-video-preview:-1"},"canonical":"https:\/\/www.garciafaura.com\/es\/proyecto-de-transformacion-de-la-torre-mapfre-de-barcelona\/","og_locale":"es_ES","og_type":"article","og_title":"Proyecto de transformaci\u00f3n de la Torre Mapfre de Barcelona - GARCIA FAURA","og_description":"Arquitectura en Alumini, Inox, Ferro i Vidre","og_url":"https:\/\/www.garciafaura.com\/es\/proyecto-de-transformacion-de-la-torre-mapfre-de-barcelona\/","og_site_name":"GARCIA FAURA","article_published_time":"2017-07-18T00:00:00+00:00","article_modified_time":"2019-06-03T11:59:16+00:00","og_image":[{"url":"https:\/\/www.garciafaura.com\/wp-content\/uploads\/2018\/11\/torrempfre.jpg","width":1,"height":1,"type":"image\/jpeg"}],"author":"David Achell","twitter_card":"summary_large_image","twitter_misc":{"Escrito por":"David Achell","Tiempo de lectura":"2 minutos"},"schema":{"@context":"https:\/\/schema.org","@graph":[{"@type":"Article","@id":"https:\/\/www.garciafaura.com\/es\/proyecto-de-transformacion-de-la-torre-mapfre-de-barcelona\/#article","isPartOf":{"@id":"https:\/\/www.garciafaura.com\/es\/proyecto-de-transformacion-de-la-torre-mapfre-de-barcelona\/"},"author":{"name":"David Achell","@id":"https:\/\/www.garciafaura.com\/fr\/#\/schema\/person\/b4b75e69b33fac3446071909bec106b0"},"headline":"Proyecto de transformaci\u00f3n de la Torre Mapfre de Barcelona","datePublished":"2017-07-18T00:00:00+00:00","dateModified":"2019-06-03T11:59:16+00:00","mainEntityOfPage":{"@id":"https:\/\/www.garciafaura.com\/es\/proyecto-de-transformacion-de-la-torre-mapfre-de-barcelona\/"},"wordCount":355,"commentCount":0,"publisher":{"@id":"https:\/\/www.garciafaura.com\/fr\/#organization"},"image":{"@id":"https:\/\/www.garciafaura.com\/es\/proyecto-de-transformacion-de-la-torre-mapfre-de-barcelona\/#primaryimage"},"thumbnailUrl":"https:\/\/www.garciafaura.com\/wp-content\/uploads\/2018\/11\/torrempfre.jpg","articleSection":["Actualidad"],"inLanguage":"es","potentialAction":[{"@type":"CommentAction","name":"Comment","target":["https:\/\/www.garciafaura.com\/es\/proyecto-de-transformacion-de-la-torre-mapfre-de-barcelona\/#respond"]}]},{"@type":"WebPage","@id":"https:\/\/www.garciafaura.com\/es\/proyecto-de-transformacion-de-la-torre-mapfre-de-barcelona\/","url":"https:\/\/www.garciafaura.com\/es\/proyecto-de-transformacion-de-la-torre-mapfre-de-barcelona\/","name":"Proyecto de transformaci\u00f3n de la Torre Mapfre de Barcelona - GARCIA FAURA","isPartOf":{"@id":"https:\/\/www.garciafaura.com\/fr\/#website"},"primaryImageOfPage":{"@id":"https:\/\/www.garciafaura.com\/es\/proyecto-de-transformacion-de-la-torre-mapfre-de-barcelona\/#primaryimage"},"image":{"@id":"https:\/\/www.garciafaura.com\/es\/proyecto-de-transformacion-de-la-torre-mapfre-de-barcelona\/#primaryimage"},"thumbnailUrl":"https:\/\/www.garciafaura.com\/wp-content\/uploads\/2018\/11\/torrempfre.jpg","datePublished":"2017-07-18T00:00:00+00:00","dateModified":"2019-06-03T11:59:16+00:00","description":"Arquitectura en Alumini, Inox, Ferro i Vidre","breadcrumb":{"@id":"https:\/\/www.garciafaura.com\/es\/proyecto-de-transformacion-de-la-torre-mapfre-de-barcelona\/#breadcrumb"},"inLanguage":"es","potentialAction":[{"@type":"ReadAction","target":["https:\/\/www.garciafaura.com\/es\/proyecto-de-transformacion-de-la-torre-mapfre-de-barcelona\/"]}]},{"@type":"ImageObject","inLanguage":"es","@id":"https:\/\/www.garciafaura.com\/es\/proyecto-de-transformacion-de-la-torre-mapfre-de-barcelona\/#primaryimage","url":"https:\/\/www.garciafaura.com\/wp-content\/uploads\/2018\/11\/torrempfre.jpg","contentUrl":"https:\/\/www.garciafaura.com\/wp-content\/uploads\/2018\/11\/torrempfre.jpg"},{"@type":"BreadcrumbList","@id":"https:\/\/www.garciafaura.com\/es\/proyecto-de-transformacion-de-la-torre-mapfre-de-barcelona\/#breadcrumb","itemListElement":[{"@type":"ListItem","position":1,"name":"Inici","item":"https:\/\/www.garciafaura.com\/es\/"},{"@type":"ListItem","position":2,"name":"Proyecto de transformaci\u00f3n de la Torre Mapfre de Barcelona"}]},{"@type":"WebSite","@id":"https:\/\/www.garciafaura.com\/fr\/#website","url":"https:\/\/www.garciafaura.com\/fr\/","name":"GARCIA FAURA","description":"Arquitectura en Alumini, Inox, Ferro i Vidre","publisher":{"@id":"https:\/\/www.garciafaura.com\/fr\/#organization"},"potentialAction":[{"@type":"SearchAction","target":{"@type":"EntryPoint","urlTemplate":"https:\/\/www.garciafaura.com\/fr\/?s={search_term_string}"},"query-input":{"@type":"PropertyValueSpecification","valueRequired":true,"valueName":"search_term_string"}}],"inLanguage":"es"},{"@type":"Organization","@id":"https:\/\/www.garciafaura.com\/fr\/#organization","name":"GARCIA FAURA","url":"https:\/\/www.garciafaura.com\/fr\/","logo":{"@type":"ImageObject","inLanguage":"es","@id":"https:\/\/www.garciafaura.com\/fr\/#\/schema\/logo\/image\/","url":"https:\/\/www.garciafaura.com\/wp-content\/uploads\/2018\/09\/Garcia-Faura.png","contentUrl":"https:\/\/www.garciafaura.com\/wp-content\/uploads\/2018\/09\/Garcia-Faura.png","width":512,"height":512,"caption":"GARCIA FAURA"},"image":{"@id":"https:\/\/www.garciafaura.com\/fr\/#\/schema\/logo\/image\/"},"sameAs":["https:\/\/www.youtube.com\/user\/GARCIAFAURA"]},{"@type":"Person","@id":"https:\/\/www.garciafaura.com\/fr\/#\/schema\/person\/b4b75e69b33fac3446071909bec106b0","name":"David Achell","image":{"@type":"ImageObject","inLanguage":"es","@id":"https:\/\/www.garciafaura.com\/fr\/#\/schema\/person\/image\/","url":"https:\/\/secure.gravatar.com\/avatar\/03900210afc1f61bce737bcb4a79c02e2c997f171e3eca839b5a4cbe03846c90?s=96&d=blank&r=g","contentUrl":"https:\/\/secure.gravatar.com\/avatar\/03900210afc1f61bce737bcb4a79c02e2c997f171e3eca839b5a4cbe03846c90?s=96&d=blank&r=g","caption":"David Achell"}}]}},"_links":{"self":[{"href":"https:\/\/www.garciafaura.com\/es\/wp-json\/wp\/v2\/posts\/6789","targetHints":{"allow":["GET"]}}],"collection":[{"href":"https:\/\/www.garciafaura.com\/es\/wp-json\/wp\/v2\/posts"}],"about":[{"href":"https:\/\/www.garciafaura.com\/es\/wp-json\/wp\/v2\/types\/post"}],"author":[{"embeddable":true,"href":"https:\/\/www.garciafaura.com\/es\/wp-json\/wp\/v2\/users\/3"}],"replies":[{"embeddable":true,"href":"https:\/\/www.garciafaura.com\/es\/wp-json\/wp\/v2\/comments?post=6789"}],"version-history":[{"count":1,"href":"https:\/\/www.garciafaura.com\/es\/wp-json\/wp\/v2\/posts\/6789\/revisions"}],"predecessor-version":[{"id":21542,"href":"https:\/\/www.garciafaura.com\/es\/wp-json\/wp\/v2\/posts\/6789\/revisions\/21542"}],"wp:featuredmedia":[{"embeddable":true,"href":"https:\/\/www.garciafaura.com\/es\/wp-json\/wp\/v2\/media\/6781"}],"wp:attachment":[{"href":"https:\/\/www.garciafaura.com\/es\/wp-json\/wp\/v2\/media?parent=6789"}],"wp:term":[{"taxonomy":"category","embeddable":true,"href":"https:\/\/www.garciafaura.com\/es\/wp-json\/wp\/v2\/categories?post=6789"},{"taxonomy":"post_tag","embeddable":true,"href":"https:\/\/www.garciafaura.com\/es\/wp-json\/wp\/v2\/tags?post=6789"},{"taxonomy":"post_series","embeddable":true,"href":"https:\/\/www.garciafaura.com\/es\/wp-json\/wp\/v2\/post_series?post=6789"}],"curies":[{"name":"wp","href":"https:\/\/api.w.org\/{rel}","templated":true}]}}