{"id":6777,"date":"2017-06-21T00:00:00","date_gmt":"2017-06-21T00:00:00","guid":{"rendered":"https:\/\/www.garciafaura.com\/garcia-faura-rehabilita-el-antiguo-edificio-banesto-de-plaza-catalunya\/"},"modified":"2019-06-03T11:59:30","modified_gmt":"2019-06-03T11:59:30","slug":"garcia-faura-rehabilita-el-antiguo-edificio-banesto-de-plaza-catalunya","status":"publish","type":"post","link":"https:\/\/www.garciafaura.com\/es\/garcia-faura-rehabilita-el-antiguo-edificio-banesto-de-plaza-catalunya\/","title":{"rendered":"GARCIA FAURA rehabilita el antiguo edificio Banesto de Plaza Catalunya"},"content":{"rendered":"<p>&nbsp;<\/p>\n<p>Uno de los edificios m\u00e1s emblem\u00e1ticos de la plaza de Catalunya de Barcelona volver\u00e1 a estar ocupado tras a\u00f1os en desuso. Se trata del antiguo edificio de Banesto, en la esquina con Paseo de Gracia. La propiedad del edificio decidi\u00f3 alquilarlo a la cadena hotelera Iberostar y actualmente ya se encuentra en fase de remodelaci\u00f3n para su cambio de usos y adecuaci\u00f3n de la estructura a las necesidades de equipamiento hotelero. El establecimiento, de cuatro estrellas, se convertir\u00e1 en un referente tur\u00edstico, por su ubicaci\u00f3n y por los servicios que ofrecer\u00e1.<\/p>\n<p>&nbsp;<\/p>\n<p><strong>GARCIA FAURA<\/strong> se ha posicionado claramente en los \u00faltimos a\u00f1os como empresa de referencia en el \u00e1mbito hotelero, tanto para obra nueva como en rehabilitaci\u00f3n. En este caso concreto, la empresa ha recibido el encargo de desarrollar, fabricar e instalar el conjunto de cerramientos exteriores del nuevo establecimiento; m\u00e1s de 200 unidades en conjunto. Para mantener la est\u00e9tica se\u00f1orial del edificio, y no perder las caracter\u00edsticas propias de la fachada, los cerramientos se ejecutar\u00e1n en acero, garantizando unas prestaciones visuales y t\u00e9cnicas de primer nivel. Todo ello en beneficio de los niveles de bienestar deseados para los hu\u00e9spedes pero manteniendo la singularidad visual de un edificio hist\u00f3rico como este.<\/p>\n<p>&nbsp;<\/p>\n<p>Con este equipamiento Iberostar evidencia su apuesta por el turismo urbano y se posiciona al frente de la gesti\u00f3n de uno de los establecimientos de mayor repercusi\u00f3n en el futuro panorama hotelero de la ciudad de Barcelona. Las obras deben finalizar este 2018, cuando est\u00e1 previsto que entre en funcionamiento el nuevo hotel.<\/p>\n","protected":false},"excerpt":{"rendered":"<p>El emblem\u00e1tico edificio del centro de Barcelona ser\u00e1 la sede de un nuevo equipamiento hotelero de cuatro estrellas operado por la cadena Iberostar. De esta manera se da un nuevo uso a un inmueble con una situaci\u00f3n estrat\u00e9gica, pero que actualmente se encontraba desocupado, excepto la planta baja que alberga la tienda Apple Store. GARCIA FAURA desarrolla para esta remodelaci\u00f3n m\u00e1s de 200 cerramientos de hierro.<\/p>\n","protected":false},"author":3,"featured_media":6769,"comment_status":"open","ping_status":"open","sticky":false,"template":"","format":"standard","meta":{"footnotes":""},"categories":[3],"tags":[],"post_series":[],"class_list":["post-6777","post","type-post","status-publish","format-standard","has-post-thumbnail","hentry","category-actualidad","entry","has-media"],"yoast_head":"<!-- This site is optimized with the Yoast SEO plugin v26.7 - https:\/\/yoast.com\/wordpress\/plugins\/seo\/ -->\n<title>GARCIA FAURA rehabilita el antiguo edificio Banesto de Plaza Catalunya - GARCIA FAURA<\/title>\n<meta name=\"description\" content=\"Arquitectura en Alumini, Inox, Ferro i Vidre\" \/>\n<meta name=\"robots\" content=\"index, follow, max-snippet:-1, max-image-preview:large, max-video-preview:-1\" \/>\n<link rel=\"canonical\" href=\"https:\/\/www.garciafaura.com\/es\/garcia-faura-rehabilita-el-antiguo-edificio-banesto-de-plaza-catalunya\/\" \/>\n<meta property=\"og:locale\" content=\"es_ES\" \/>\n<meta property=\"og:type\" content=\"article\" \/>\n<meta property=\"og:title\" content=\"GARCIA FAURA rehabilita el antiguo edificio Banesto de Plaza Catalunya - GARCIA FAURA\" \/>\n<meta property=\"og:description\" content=\"Arquitectura en Alumini, Inox, Ferro i Vidre\" \/>\n<meta property=\"og:url\" content=\"https:\/\/www.garciafaura.com\/es\/garcia-faura-rehabilita-el-antiguo-edificio-banesto-de-plaza-catalunya\/\" \/>\n<meta property=\"og:site_name\" content=\"GARCIA FAURA\" \/>\n<meta property=\"article:published_time\" content=\"2017-06-21T00:00:00+00:00\" \/>\n<meta property=\"article:modified_time\" content=\"2019-06-03T11:59:30+00:00\" \/>\n<meta property=\"og:image\" content=\"https:\/\/www.garciafaura.com\/wp-content\/uploads\/2018\/11\/img_3861.jpg\" \/>\n\t<meta property=\"og:image:width\" content=\"1\" \/>\n\t<meta property=\"og:image:height\" content=\"1\" \/>\n\t<meta property=\"og:image:type\" content=\"image\/jpeg\" \/>\n<meta name=\"author\" content=\"David Achell\" \/>\n<meta name=\"twitter:card\" content=\"summary_large_image\" \/>\n<meta name=\"twitter:label1\" content=\"Escrito por\" \/>\n\t<meta name=\"twitter:data1\" content=\"David Achell\" \/>\n\t<meta name=\"twitter:label2\" content=\"Tiempo de lectura\" \/>\n\t<meta name=\"twitter:data2\" content=\"1 minuto\" \/>\n<script type=\"application\/ld+json\" class=\"yoast-schema-graph\">{\"@context\":\"https:\/\/schema.org\",\"@graph\":[{\"@type\":\"Article\",\"@id\":\"https:\/\/www.garciafaura.com\/es\/garcia-faura-rehabilita-el-antiguo-edificio-banesto-de-plaza-catalunya\/#article\",\"isPartOf\":{\"@id\":\"https:\/\/www.garciafaura.com\/es\/garcia-faura-rehabilita-el-antiguo-edificio-banesto-de-plaza-catalunya\/\"},\"author\":{\"name\":\"David Achell\",\"@id\":\"https:\/\/www.garciafaura.com\/fr\/#\/schema\/person\/b4b75e69b33fac3446071909bec106b0\"},\"headline\":\"GARCIA FAURA rehabilita el antiguo edificio Banesto de Plaza Catalunya\",\"datePublished\":\"2017-06-21T00:00:00+00:00\",\"dateModified\":\"2019-06-03T11:59:30+00:00\",\"mainEntityOfPage\":{\"@id\":\"https:\/\/www.garciafaura.com\/es\/garcia-faura-rehabilita-el-antiguo-edificio-banesto-de-plaza-catalunya\/\"},\"wordCount\":283,\"commentCount\":0,\"publisher\":{\"@id\":\"https:\/\/www.garciafaura.com\/fr\/#organization\"},\"image\":{\"@id\":\"https:\/\/www.garciafaura.com\/es\/garcia-faura-rehabilita-el-antiguo-edificio-banesto-de-plaza-catalunya\/#primaryimage\"},\"thumbnailUrl\":\"https:\/\/www.garciafaura.com\/wp-content\/uploads\/2018\/11\/img_3861.jpg\",\"articleSection\":[\"Actualidad\"],\"inLanguage\":\"es\",\"potentialAction\":[{\"@type\":\"CommentAction\",\"name\":\"Comment\",\"target\":[\"https:\/\/www.garciafaura.com\/es\/garcia-faura-rehabilita-el-antiguo-edificio-banesto-de-plaza-catalunya\/#respond\"]}]},{\"@type\":\"WebPage\",\"@id\":\"https:\/\/www.garciafaura.com\/es\/garcia-faura-rehabilita-el-antiguo-edificio-banesto-de-plaza-catalunya\/\",\"url\":\"https:\/\/www.garciafaura.com\/es\/garcia-faura-rehabilita-el-antiguo-edificio-banesto-de-plaza-catalunya\/\",\"name\":\"GARCIA FAURA rehabilita el antiguo edificio Banesto de Plaza Catalunya - GARCIA FAURA\",\"isPartOf\":{\"@id\":\"https:\/\/www.garciafaura.com\/fr\/#website\"},\"primaryImageOfPage\":{\"@id\":\"https:\/\/www.garciafaura.com\/es\/garcia-faura-rehabilita-el-antiguo-edificio-banesto-de-plaza-catalunya\/#primaryimage\"},\"image\":{\"@id\":\"https:\/\/www.garciafaura.com\/es\/garcia-faura-rehabilita-el-antiguo-edificio-banesto-de-plaza-catalunya\/#primaryimage\"},\"thumbnailUrl\":\"https:\/\/www.garciafaura.com\/wp-content\/uploads\/2018\/11\/img_3861.jpg\",\"datePublished\":\"2017-06-21T00:00:00+00:00\",\"dateModified\":\"2019-06-03T11:59:30+00:00\",\"description\":\"Arquitectura en Alumini, Inox, Ferro i Vidre\",\"breadcrumb\":{\"@id\":\"https:\/\/www.garciafaura.com\/es\/garcia-faura-rehabilita-el-antiguo-edificio-banesto-de-plaza-catalunya\/#breadcrumb\"},\"inLanguage\":\"es\",\"potentialAction\":[{\"@type\":\"ReadAction\",\"target\":[\"https:\/\/www.garciafaura.com\/es\/garcia-faura-rehabilita-el-antiguo-edificio-banesto-de-plaza-catalunya\/\"]}]},{\"@type\":\"ImageObject\",\"inLanguage\":\"es\",\"@id\":\"https:\/\/www.garciafaura.com\/es\/garcia-faura-rehabilita-el-antiguo-edificio-banesto-de-plaza-catalunya\/#primaryimage\",\"url\":\"https:\/\/www.garciafaura.com\/wp-content\/uploads\/2018\/11\/img_3861.jpg\",\"contentUrl\":\"https:\/\/www.garciafaura.com\/wp-content\/uploads\/2018\/11\/img_3861.jpg\"},{\"@type\":\"BreadcrumbList\",\"@id\":\"https:\/\/www.garciafaura.com\/es\/garcia-faura-rehabilita-el-antiguo-edificio-banesto-de-plaza-catalunya\/#breadcrumb\",\"itemListElement\":[{\"@type\":\"ListItem\",\"position\":1,\"name\":\"Inici\",\"item\":\"https:\/\/www.garciafaura.com\/es\/\"},{\"@type\":\"ListItem\",\"position\":2,\"name\":\"GARCIA FAURA rehabilita el antiguo edificio Banesto de Plaza Catalunya\"}]},{\"@type\":\"WebSite\",\"@id\":\"https:\/\/www.garciafaura.com\/fr\/#website\",\"url\":\"https:\/\/www.garciafaura.com\/fr\/\",\"name\":\"GARCIA FAURA\",\"description\":\"Arquitectura en Alumini, Inox, Ferro i Vidre\",\"publisher\":{\"@id\":\"https:\/\/www.garciafaura.com\/fr\/#organization\"},\"potentialAction\":[{\"@type\":\"SearchAction\",\"target\":{\"@type\":\"EntryPoint\",\"urlTemplate\":\"https:\/\/www.garciafaura.com\/fr\/?s={search_term_string}\"},\"query-input\":{\"@type\":\"PropertyValueSpecification\",\"valueRequired\":true,\"valueName\":\"search_term_string\"}}],\"inLanguage\":\"es\"},{\"@type\":\"Organization\",\"@id\":\"https:\/\/www.garciafaura.com\/fr\/#organization\",\"name\":\"GARCIA FAURA\",\"url\":\"https:\/\/www.garciafaura.com\/fr\/\",\"logo\":{\"@type\":\"ImageObject\",\"inLanguage\":\"es\",\"@id\":\"https:\/\/www.garciafaura.com\/fr\/#\/schema\/logo\/image\/\",\"url\":\"https:\/\/www.garciafaura.com\/wp-content\/uploads\/2018\/09\/Garcia-Faura.png\",\"contentUrl\":\"https:\/\/www.garciafaura.com\/wp-content\/uploads\/2018\/09\/Garcia-Faura.png\",\"width\":512,\"height\":512,\"caption\":\"GARCIA FAURA\"},\"image\":{\"@id\":\"https:\/\/www.garciafaura.com\/fr\/#\/schema\/logo\/image\/\"},\"sameAs\":[\"https:\/\/www.youtube.com\/user\/GARCIAFAURA\"]},{\"@type\":\"Person\",\"@id\":\"https:\/\/www.garciafaura.com\/fr\/#\/schema\/person\/b4b75e69b33fac3446071909bec106b0\",\"name\":\"David Achell\",\"image\":{\"@type\":\"ImageObject\",\"inLanguage\":\"es\",\"@id\":\"https:\/\/www.garciafaura.com\/fr\/#\/schema\/person\/image\/\",\"url\":\"https:\/\/secure.gravatar.com\/avatar\/03900210afc1f61bce737bcb4a79c02e2c997f171e3eca839b5a4cbe03846c90?s=96&d=blank&r=g\",\"contentUrl\":\"https:\/\/secure.gravatar.com\/avatar\/03900210afc1f61bce737bcb4a79c02e2c997f171e3eca839b5a4cbe03846c90?s=96&d=blank&r=g\",\"caption\":\"David Achell\"}}]}<\/script>\n<!-- \/ Yoast SEO plugin. -->","yoast_head_json":{"title":"GARCIA FAURA rehabilita el antiguo edificio Banesto de Plaza Catalunya - GARCIA FAURA","description":"Arquitectura en Alumini, Inox, Ferro i Vidre","robots":{"index":"index","follow":"follow","max-snippet":"max-snippet:-1","max-image-preview":"max-image-preview:large","max-video-preview":"max-video-preview:-1"},"canonical":"https:\/\/www.garciafaura.com\/es\/garcia-faura-rehabilita-el-antiguo-edificio-banesto-de-plaza-catalunya\/","og_locale":"es_ES","og_type":"article","og_title":"GARCIA FAURA rehabilita el antiguo edificio Banesto de Plaza Catalunya - GARCIA FAURA","og_description":"Arquitectura en Alumini, Inox, Ferro i Vidre","og_url":"https:\/\/www.garciafaura.com\/es\/garcia-faura-rehabilita-el-antiguo-edificio-banesto-de-plaza-catalunya\/","og_site_name":"GARCIA FAURA","article_published_time":"2017-06-21T00:00:00+00:00","article_modified_time":"2019-06-03T11:59:30+00:00","og_image":[{"url":"https:\/\/www.garciafaura.com\/wp-content\/uploads\/2018\/11\/img_3861.jpg","width":1,"height":1,"type":"image\/jpeg"}],"author":"David Achell","twitter_card":"summary_large_image","twitter_misc":{"Escrito por":"David Achell","Tiempo de lectura":"1 minuto"},"schema":{"@context":"https:\/\/schema.org","@graph":[{"@type":"Article","@id":"https:\/\/www.garciafaura.com\/es\/garcia-faura-rehabilita-el-antiguo-edificio-banesto-de-plaza-catalunya\/#article","isPartOf":{"@id":"https:\/\/www.garciafaura.com\/es\/garcia-faura-rehabilita-el-antiguo-edificio-banesto-de-plaza-catalunya\/"},"author":{"name":"David Achell","@id":"https:\/\/www.garciafaura.com\/fr\/#\/schema\/person\/b4b75e69b33fac3446071909bec106b0"},"headline":"GARCIA FAURA rehabilita el antiguo edificio Banesto de Plaza Catalunya","datePublished":"2017-06-21T00:00:00+00:00","dateModified":"2019-06-03T11:59:30+00:00","mainEntityOfPage":{"@id":"https:\/\/www.garciafaura.com\/es\/garcia-faura-rehabilita-el-antiguo-edificio-banesto-de-plaza-catalunya\/"},"wordCount":283,"commentCount":0,"publisher":{"@id":"https:\/\/www.garciafaura.com\/fr\/#organization"},"image":{"@id":"https:\/\/www.garciafaura.com\/es\/garcia-faura-rehabilita-el-antiguo-edificio-banesto-de-plaza-catalunya\/#primaryimage"},"thumbnailUrl":"https:\/\/www.garciafaura.com\/wp-content\/uploads\/2018\/11\/img_3861.jpg","articleSection":["Actualidad"],"inLanguage":"es","potentialAction":[{"@type":"CommentAction","name":"Comment","target":["https:\/\/www.garciafaura.com\/es\/garcia-faura-rehabilita-el-antiguo-edificio-banesto-de-plaza-catalunya\/#respond"]}]},{"@type":"WebPage","@id":"https:\/\/www.garciafaura.com\/es\/garcia-faura-rehabilita-el-antiguo-edificio-banesto-de-plaza-catalunya\/","url":"https:\/\/www.garciafaura.com\/es\/garcia-faura-rehabilita-el-antiguo-edificio-banesto-de-plaza-catalunya\/","name":"GARCIA FAURA rehabilita el antiguo edificio Banesto de Plaza Catalunya - GARCIA FAURA","isPartOf":{"@id":"https:\/\/www.garciafaura.com\/fr\/#website"},"primaryImageOfPage":{"@id":"https:\/\/www.garciafaura.com\/es\/garcia-faura-rehabilita-el-antiguo-edificio-banesto-de-plaza-catalunya\/#primaryimage"},"image":{"@id":"https:\/\/www.garciafaura.com\/es\/garcia-faura-rehabilita-el-antiguo-edificio-banesto-de-plaza-catalunya\/#primaryimage"},"thumbnailUrl":"https:\/\/www.garciafaura.com\/wp-content\/uploads\/2018\/11\/img_3861.jpg","datePublished":"2017-06-21T00:00:00+00:00","dateModified":"2019-06-03T11:59:30+00:00","description":"Arquitectura en Alumini, Inox, Ferro i Vidre","breadcrumb":{"@id":"https:\/\/www.garciafaura.com\/es\/garcia-faura-rehabilita-el-antiguo-edificio-banesto-de-plaza-catalunya\/#breadcrumb"},"inLanguage":"es","potentialAction":[{"@type":"ReadAction","target":["https:\/\/www.garciafaura.com\/es\/garcia-faura-rehabilita-el-antiguo-edificio-banesto-de-plaza-catalunya\/"]}]},{"@type":"ImageObject","inLanguage":"es","@id":"https:\/\/www.garciafaura.com\/es\/garcia-faura-rehabilita-el-antiguo-edificio-banesto-de-plaza-catalunya\/#primaryimage","url":"https:\/\/www.garciafaura.com\/wp-content\/uploads\/2018\/11\/img_3861.jpg","contentUrl":"https:\/\/www.garciafaura.com\/wp-content\/uploads\/2018\/11\/img_3861.jpg"},{"@type":"BreadcrumbList","@id":"https:\/\/www.garciafaura.com\/es\/garcia-faura-rehabilita-el-antiguo-edificio-banesto-de-plaza-catalunya\/#breadcrumb","itemListElement":[{"@type":"ListItem","position":1,"name":"Inici","item":"https:\/\/www.garciafaura.com\/es\/"},{"@type":"ListItem","position":2,"name":"GARCIA FAURA rehabilita el antiguo edificio Banesto de Plaza Catalunya"}]},{"@type":"WebSite","@id":"https:\/\/www.garciafaura.com\/fr\/#website","url":"https:\/\/www.garciafaura.com\/fr\/","name":"GARCIA FAURA","description":"Arquitectura en Alumini, Inox, Ferro i Vidre","publisher":{"@id":"https:\/\/www.garciafaura.com\/fr\/#organization"},"potentialAction":[{"@type":"SearchAction","target":{"@type":"EntryPoint","urlTemplate":"https:\/\/www.garciafaura.com\/fr\/?s={search_term_string}"},"query-input":{"@type":"PropertyValueSpecification","valueRequired":true,"valueName":"search_term_string"}}],"inLanguage":"es"},{"@type":"Organization","@id":"https:\/\/www.garciafaura.com\/fr\/#organization","name":"GARCIA FAURA","url":"https:\/\/www.garciafaura.com\/fr\/","logo":{"@type":"ImageObject","inLanguage":"es","@id":"https:\/\/www.garciafaura.com\/fr\/#\/schema\/logo\/image\/","url":"https:\/\/www.garciafaura.com\/wp-content\/uploads\/2018\/09\/Garcia-Faura.png","contentUrl":"https:\/\/www.garciafaura.com\/wp-content\/uploads\/2018\/09\/Garcia-Faura.png","width":512,"height":512,"caption":"GARCIA FAURA"},"image":{"@id":"https:\/\/www.garciafaura.com\/fr\/#\/schema\/logo\/image\/"},"sameAs":["https:\/\/www.youtube.com\/user\/GARCIAFAURA"]},{"@type":"Person","@id":"https:\/\/www.garciafaura.com\/fr\/#\/schema\/person\/b4b75e69b33fac3446071909bec106b0","name":"David Achell","image":{"@type":"ImageObject","inLanguage":"es","@id":"https:\/\/www.garciafaura.com\/fr\/#\/schema\/person\/image\/","url":"https:\/\/secure.gravatar.com\/avatar\/03900210afc1f61bce737bcb4a79c02e2c997f171e3eca839b5a4cbe03846c90?s=96&d=blank&r=g","contentUrl":"https:\/\/secure.gravatar.com\/avatar\/03900210afc1f61bce737bcb4a79c02e2c997f171e3eca839b5a4cbe03846c90?s=96&d=blank&r=g","caption":"David Achell"}}]}},"_links":{"self":[{"href":"https:\/\/www.garciafaura.com\/es\/wp-json\/wp\/v2\/posts\/6777","targetHints":{"allow":["GET"]}}],"collection":[{"href":"https:\/\/www.garciafaura.com\/es\/wp-json\/wp\/v2\/posts"}],"about":[{"href":"https:\/\/www.garciafaura.com\/es\/wp-json\/wp\/v2\/types\/post"}],"author":[{"embeddable":true,"href":"https:\/\/www.garciafaura.com\/es\/wp-json\/wp\/v2\/users\/3"}],"replies":[{"embeddable":true,"href":"https:\/\/www.garciafaura.com\/es\/wp-json\/wp\/v2\/comments?post=6777"}],"version-history":[{"count":1,"href":"https:\/\/www.garciafaura.com\/es\/wp-json\/wp\/v2\/posts\/6777\/revisions"}],"predecessor-version":[{"id":21543,"href":"https:\/\/www.garciafaura.com\/es\/wp-json\/wp\/v2\/posts\/6777\/revisions\/21543"}],"wp:featuredmedia":[{"embeddable":true,"href":"https:\/\/www.garciafaura.com\/es\/wp-json\/wp\/v2\/media\/6769"}],"wp:attachment":[{"href":"https:\/\/www.garciafaura.com\/es\/wp-json\/wp\/v2\/media?parent=6777"}],"wp:term":[{"taxonomy":"category","embeddable":true,"href":"https:\/\/www.garciafaura.com\/es\/wp-json\/wp\/v2\/categories?post=6777"},{"taxonomy":"post_tag","embeddable":true,"href":"https:\/\/www.garciafaura.com\/es\/wp-json\/wp\/v2\/tags?post=6777"},{"taxonomy":"post_series","embeddable":true,"href":"https:\/\/www.garciafaura.com\/es\/wp-json\/wp\/v2\/post_series?post=6777"}],"curies":[{"name":"wp","href":"https:\/\/api.w.org\/{rel}","templated":true}]}}