{"id":6749,"date":"2017-04-11T00:00:00","date_gmt":"2017-04-11T00:00:00","guid":{"rendered":"https:\/\/www.garciafaura.com\/en-marcha-el-nuevo-tanatorio-de-sancho-de-avila\/"},"modified":"2019-06-03T12:00:02","modified_gmt":"2019-06-03T12:00:02","slug":"en-marcha-el-nuevo-tanatorio-de-sancho-de-avila","status":"publish","type":"post","link":"https:\/\/www.garciafaura.com\/es\/en-marcha-el-nuevo-tanatorio-de-sancho-de-avila\/","title":{"rendered":"En marcha el nuevo Tanatorio de Sancho de \u00c1vila"},"content":{"rendered":"<p>&nbsp;<\/p>\n<p>El nuevo tanatorio de Sancho de \u00c1vila, en Barcelona, \u200b\u200bse edificar\u00e1 en la misma parcela que ocupan las actuales instalaciones, en una superficie de 10.000 metros cuadrados y 1.400 de jard\u00edn. El proyecto contempla dos edificios centrales, uno destinado a servicios y el otro que acoger\u00e1 los oratorios y una treintena de salas de velatorio. Ambos estar\u00e1n unidos por una gran plaza ajardinada que ejercer\u00e1 la funci\u00f3n de distribuci\u00f3n de la circulaci\u00f3n.<\/p>\n<p>&nbsp;<\/p>\n<p>El proyecto, del estudio JF Arquitectos, da mucha importancia a la luz natural, con fachada opaca hacia el exterior pero abierta hacia la plaza central. El bloque de oficinas y servicios contar\u00e1 tambi\u00e9n con un gran muro cortina y una segunda piel met\u00e1lica que favorecer\u00e1 tambi\u00e9n la m\u00e1xima entrada de luz sin perder privacidad.<\/p>\n<p>&nbsp;<\/p>\n<p>Para esta esperada obra, <strong>GARCIA FAURA<\/strong> ejecuta los trabajos de fachadas de vidrio, accesos y cerramientos de aluminio. En este sentido se desarrollar\u00e1n 315 metros cuadrados de muro cortina con perfiler\u00eda perimetral y cristales de altas prestaciones t\u00e9cnicas, as\u00ed como un conjunto de trabajos exteriores consistentes en la fabricaci\u00f3n e instalaci\u00f3n de lucernarios, mamparas de vidrio, zonas fijas y barandillas. En el apartado de cerramientos se desarrollar\u00e1n el conjunto de puertas y ventanas de aluminio, cerca de 450 metros cuadrados, as\u00ed como todos los accesos y salidas, con puertas giratorias, basculantes y cortafuegos. Todo ello contribuir\u00e1 a cubrir las necesidades de uso de los diferentes espacios, pero tambi\u00e9n a dibujar la apariencia est\u00e9tica del proyecto, de gran singularidad.<\/p>\n","protected":false},"excerpt":{"rendered":"<p>GARCIA FAURA ejecuta los trabajos relativos a fachada y cerramientos de aluminio de este nuevo equipamiento de Barcelona. Unas nuevas instalaciones que sustituir\u00e1n el actual tanatorio, que data de 1968 habi\u00e9ndose convertido en el m\u00e1s antiguo de todo el estado. Contar\u00e1 con una treintena de velatorios en un proyecto desarrollado por JF Arquitectes. La empresa ya trabaja en el proceso de dise\u00f1o y fabricaci\u00f3n de los trabajos contratados.<\/p>\n","protected":false},"author":3,"featured_media":6733,"comment_status":"open","ping_status":"open","sticky":false,"template":"","format":"standard","meta":{"footnotes":""},"categories":[3],"tags":[],"post_series":[],"class_list":["post-6749","post","type-post","status-publish","format-standard","has-post-thumbnail","hentry","category-actualidad","entry","has-media"],"yoast_head":"<!-- This site is optimized with the Yoast SEO plugin v26.7 - https:\/\/yoast.com\/wordpress\/plugins\/seo\/ -->\n<title>En marcha el nuevo Tanatorio de Sancho de \u00c1vila - GARCIA FAURA<\/title>\n<meta name=\"description\" content=\"Arquitectura en Alumini, Inox, Ferro i Vidre\" \/>\n<meta name=\"robots\" content=\"index, follow, max-snippet:-1, max-image-preview:large, max-video-preview:-1\" \/>\n<link rel=\"canonical\" href=\"https:\/\/www.garciafaura.com\/es\/en-marcha-el-nuevo-tanatorio-de-sancho-de-avila\/\" \/>\n<meta property=\"og:locale\" content=\"es_ES\" \/>\n<meta property=\"og:type\" content=\"article\" \/>\n<meta property=\"og:title\" content=\"En marcha el nuevo Tanatorio de Sancho de \u00c1vila - GARCIA FAURA\" \/>\n<meta property=\"og:description\" content=\"Arquitectura en Alumini, Inox, Ferro i Vidre\" \/>\n<meta property=\"og:url\" content=\"https:\/\/www.garciafaura.com\/es\/en-marcha-el-nuevo-tanatorio-de-sancho-de-avila\/\" \/>\n<meta property=\"og:site_name\" content=\"GARCIA FAURA\" \/>\n<meta property=\"article:published_time\" content=\"2017-04-11T00:00:00+00:00\" \/>\n<meta property=\"article:modified_time\" content=\"2019-06-03T12:00:02+00:00\" \/>\n<meta property=\"og:image\" content=\"https:\/\/www.garciafaura.com\/wp-content\/uploads\/2018\/11\/tanatorisanchoavila_1.jpg\" \/>\n\t<meta property=\"og:image:width\" content=\"1\" \/>\n\t<meta property=\"og:image:height\" content=\"1\" \/>\n\t<meta property=\"og:image:type\" content=\"image\/jpeg\" \/>\n<meta name=\"author\" content=\"David Achell\" \/>\n<meta name=\"twitter:card\" content=\"summary_large_image\" \/>\n<meta name=\"twitter:label1\" content=\"Escrito por\" \/>\n\t<meta name=\"twitter:data1\" content=\"David Achell\" \/>\n\t<meta name=\"twitter:label2\" content=\"Tiempo de lectura\" \/>\n\t<meta name=\"twitter:data2\" content=\"1 minuto\" \/>\n<script type=\"application\/ld+json\" class=\"yoast-schema-graph\">{\"@context\":\"https:\/\/schema.org\",\"@graph\":[{\"@type\":\"Article\",\"@id\":\"https:\/\/www.garciafaura.com\/es\/en-marcha-el-nuevo-tanatorio-de-sancho-de-avila\/#article\",\"isPartOf\":{\"@id\":\"https:\/\/www.garciafaura.com\/es\/en-marcha-el-nuevo-tanatorio-de-sancho-de-avila\/\"},\"author\":{\"name\":\"David Achell\",\"@id\":\"https:\/\/www.garciafaura.com\/fr\/#\/schema\/person\/b4b75e69b33fac3446071909bec106b0\"},\"headline\":\"En marcha el nuevo Tanatorio de Sancho de \u00c1vila\",\"datePublished\":\"2017-04-11T00:00:00+00:00\",\"dateModified\":\"2019-06-03T12:00:02+00:00\",\"mainEntityOfPage\":{\"@id\":\"https:\/\/www.garciafaura.com\/es\/en-marcha-el-nuevo-tanatorio-de-sancho-de-avila\/\"},\"wordCount\":269,\"commentCount\":0,\"publisher\":{\"@id\":\"https:\/\/www.garciafaura.com\/fr\/#organization\"},\"image\":{\"@id\":\"https:\/\/www.garciafaura.com\/es\/en-marcha-el-nuevo-tanatorio-de-sancho-de-avila\/#primaryimage\"},\"thumbnailUrl\":\"https:\/\/www.garciafaura.com\/wp-content\/uploads\/2018\/11\/tanatorisanchoavila_1.jpg\",\"articleSection\":[\"Actualidad\"],\"inLanguage\":\"es\",\"potentialAction\":[{\"@type\":\"CommentAction\",\"name\":\"Comment\",\"target\":[\"https:\/\/www.garciafaura.com\/es\/en-marcha-el-nuevo-tanatorio-de-sancho-de-avila\/#respond\"]}]},{\"@type\":\"WebPage\",\"@id\":\"https:\/\/www.garciafaura.com\/es\/en-marcha-el-nuevo-tanatorio-de-sancho-de-avila\/\",\"url\":\"https:\/\/www.garciafaura.com\/es\/en-marcha-el-nuevo-tanatorio-de-sancho-de-avila\/\",\"name\":\"En marcha el nuevo Tanatorio de Sancho de \u00c1vila - GARCIA FAURA\",\"isPartOf\":{\"@id\":\"https:\/\/www.garciafaura.com\/fr\/#website\"},\"primaryImageOfPage\":{\"@id\":\"https:\/\/www.garciafaura.com\/es\/en-marcha-el-nuevo-tanatorio-de-sancho-de-avila\/#primaryimage\"},\"image\":{\"@id\":\"https:\/\/www.garciafaura.com\/es\/en-marcha-el-nuevo-tanatorio-de-sancho-de-avila\/#primaryimage\"},\"thumbnailUrl\":\"https:\/\/www.garciafaura.com\/wp-content\/uploads\/2018\/11\/tanatorisanchoavila_1.jpg\",\"datePublished\":\"2017-04-11T00:00:00+00:00\",\"dateModified\":\"2019-06-03T12:00:02+00:00\",\"description\":\"Arquitectura en Alumini, Inox, Ferro i Vidre\",\"breadcrumb\":{\"@id\":\"https:\/\/www.garciafaura.com\/es\/en-marcha-el-nuevo-tanatorio-de-sancho-de-avila\/#breadcrumb\"},\"inLanguage\":\"es\",\"potentialAction\":[{\"@type\":\"ReadAction\",\"target\":[\"https:\/\/www.garciafaura.com\/es\/en-marcha-el-nuevo-tanatorio-de-sancho-de-avila\/\"]}]},{\"@type\":\"ImageObject\",\"inLanguage\":\"es\",\"@id\":\"https:\/\/www.garciafaura.com\/es\/en-marcha-el-nuevo-tanatorio-de-sancho-de-avila\/#primaryimage\",\"url\":\"https:\/\/www.garciafaura.com\/wp-content\/uploads\/2018\/11\/tanatorisanchoavila_1.jpg\",\"contentUrl\":\"https:\/\/www.garciafaura.com\/wp-content\/uploads\/2018\/11\/tanatorisanchoavila_1.jpg\"},{\"@type\":\"BreadcrumbList\",\"@id\":\"https:\/\/www.garciafaura.com\/es\/en-marcha-el-nuevo-tanatorio-de-sancho-de-avila\/#breadcrumb\",\"itemListElement\":[{\"@type\":\"ListItem\",\"position\":1,\"name\":\"Inici\",\"item\":\"https:\/\/www.garciafaura.com\/es\/\"},{\"@type\":\"ListItem\",\"position\":2,\"name\":\"En marcha el nuevo Tanatorio de Sancho de \u00c1vila\"}]},{\"@type\":\"WebSite\",\"@id\":\"https:\/\/www.garciafaura.com\/fr\/#website\",\"url\":\"https:\/\/www.garciafaura.com\/fr\/\",\"name\":\"GARCIA FAURA\",\"description\":\"Arquitectura en Alumini, Inox, Ferro i Vidre\",\"publisher\":{\"@id\":\"https:\/\/www.garciafaura.com\/fr\/#organization\"},\"potentialAction\":[{\"@type\":\"SearchAction\",\"target\":{\"@type\":\"EntryPoint\",\"urlTemplate\":\"https:\/\/www.garciafaura.com\/fr\/?s={search_term_string}\"},\"query-input\":{\"@type\":\"PropertyValueSpecification\",\"valueRequired\":true,\"valueName\":\"search_term_string\"}}],\"inLanguage\":\"es\"},{\"@type\":\"Organization\",\"@id\":\"https:\/\/www.garciafaura.com\/fr\/#organization\",\"name\":\"GARCIA FAURA\",\"url\":\"https:\/\/www.garciafaura.com\/fr\/\",\"logo\":{\"@type\":\"ImageObject\",\"inLanguage\":\"es\",\"@id\":\"https:\/\/www.garciafaura.com\/fr\/#\/schema\/logo\/image\/\",\"url\":\"https:\/\/www.garciafaura.com\/wp-content\/uploads\/2018\/09\/Garcia-Faura.png\",\"contentUrl\":\"https:\/\/www.garciafaura.com\/wp-content\/uploads\/2018\/09\/Garcia-Faura.png\",\"width\":512,\"height\":512,\"caption\":\"GARCIA FAURA\"},\"image\":{\"@id\":\"https:\/\/www.garciafaura.com\/fr\/#\/schema\/logo\/image\/\"},\"sameAs\":[\"https:\/\/www.youtube.com\/user\/GARCIAFAURA\"]},{\"@type\":\"Person\",\"@id\":\"https:\/\/www.garciafaura.com\/fr\/#\/schema\/person\/b4b75e69b33fac3446071909bec106b0\",\"name\":\"David Achell\",\"image\":{\"@type\":\"ImageObject\",\"inLanguage\":\"es\",\"@id\":\"https:\/\/www.garciafaura.com\/fr\/#\/schema\/person\/image\/\",\"url\":\"https:\/\/secure.gravatar.com\/avatar\/03900210afc1f61bce737bcb4a79c02e2c997f171e3eca839b5a4cbe03846c90?s=96&d=blank&r=g\",\"contentUrl\":\"https:\/\/secure.gravatar.com\/avatar\/03900210afc1f61bce737bcb4a79c02e2c997f171e3eca839b5a4cbe03846c90?s=96&d=blank&r=g\",\"caption\":\"David Achell\"}}]}<\/script>\n<!-- \/ Yoast SEO plugin. -->","yoast_head_json":{"title":"En marcha el nuevo Tanatorio de Sancho de \u00c1vila - GARCIA FAURA","description":"Arquitectura en Alumini, Inox, Ferro i Vidre","robots":{"index":"index","follow":"follow","max-snippet":"max-snippet:-1","max-image-preview":"max-image-preview:large","max-video-preview":"max-video-preview:-1"},"canonical":"https:\/\/www.garciafaura.com\/es\/en-marcha-el-nuevo-tanatorio-de-sancho-de-avila\/","og_locale":"es_ES","og_type":"article","og_title":"En marcha el nuevo Tanatorio de Sancho de \u00c1vila - GARCIA FAURA","og_description":"Arquitectura en Alumini, Inox, Ferro i Vidre","og_url":"https:\/\/www.garciafaura.com\/es\/en-marcha-el-nuevo-tanatorio-de-sancho-de-avila\/","og_site_name":"GARCIA FAURA","article_published_time":"2017-04-11T00:00:00+00:00","article_modified_time":"2019-06-03T12:00:02+00:00","og_image":[{"url":"https:\/\/www.garciafaura.com\/wp-content\/uploads\/2018\/11\/tanatorisanchoavila_1.jpg","width":1,"height":1,"type":"image\/jpeg"}],"author":"David Achell","twitter_card":"summary_large_image","twitter_misc":{"Escrito por":"David Achell","Tiempo de lectura":"1 minuto"},"schema":{"@context":"https:\/\/schema.org","@graph":[{"@type":"Article","@id":"https:\/\/www.garciafaura.com\/es\/en-marcha-el-nuevo-tanatorio-de-sancho-de-avila\/#article","isPartOf":{"@id":"https:\/\/www.garciafaura.com\/es\/en-marcha-el-nuevo-tanatorio-de-sancho-de-avila\/"},"author":{"name":"David Achell","@id":"https:\/\/www.garciafaura.com\/fr\/#\/schema\/person\/b4b75e69b33fac3446071909bec106b0"},"headline":"En marcha el nuevo Tanatorio de Sancho de \u00c1vila","datePublished":"2017-04-11T00:00:00+00:00","dateModified":"2019-06-03T12:00:02+00:00","mainEntityOfPage":{"@id":"https:\/\/www.garciafaura.com\/es\/en-marcha-el-nuevo-tanatorio-de-sancho-de-avila\/"},"wordCount":269,"commentCount":0,"publisher":{"@id":"https:\/\/www.garciafaura.com\/fr\/#organization"},"image":{"@id":"https:\/\/www.garciafaura.com\/es\/en-marcha-el-nuevo-tanatorio-de-sancho-de-avila\/#primaryimage"},"thumbnailUrl":"https:\/\/www.garciafaura.com\/wp-content\/uploads\/2018\/11\/tanatorisanchoavila_1.jpg","articleSection":["Actualidad"],"inLanguage":"es","potentialAction":[{"@type":"CommentAction","name":"Comment","target":["https:\/\/www.garciafaura.com\/es\/en-marcha-el-nuevo-tanatorio-de-sancho-de-avila\/#respond"]}]},{"@type":"WebPage","@id":"https:\/\/www.garciafaura.com\/es\/en-marcha-el-nuevo-tanatorio-de-sancho-de-avila\/","url":"https:\/\/www.garciafaura.com\/es\/en-marcha-el-nuevo-tanatorio-de-sancho-de-avila\/","name":"En marcha el nuevo Tanatorio de Sancho de \u00c1vila - GARCIA FAURA","isPartOf":{"@id":"https:\/\/www.garciafaura.com\/fr\/#website"},"primaryImageOfPage":{"@id":"https:\/\/www.garciafaura.com\/es\/en-marcha-el-nuevo-tanatorio-de-sancho-de-avila\/#primaryimage"},"image":{"@id":"https:\/\/www.garciafaura.com\/es\/en-marcha-el-nuevo-tanatorio-de-sancho-de-avila\/#primaryimage"},"thumbnailUrl":"https:\/\/www.garciafaura.com\/wp-content\/uploads\/2018\/11\/tanatorisanchoavila_1.jpg","datePublished":"2017-04-11T00:00:00+00:00","dateModified":"2019-06-03T12:00:02+00:00","description":"Arquitectura en Alumini, Inox, Ferro i Vidre","breadcrumb":{"@id":"https:\/\/www.garciafaura.com\/es\/en-marcha-el-nuevo-tanatorio-de-sancho-de-avila\/#breadcrumb"},"inLanguage":"es","potentialAction":[{"@type":"ReadAction","target":["https:\/\/www.garciafaura.com\/es\/en-marcha-el-nuevo-tanatorio-de-sancho-de-avila\/"]}]},{"@type":"ImageObject","inLanguage":"es","@id":"https:\/\/www.garciafaura.com\/es\/en-marcha-el-nuevo-tanatorio-de-sancho-de-avila\/#primaryimage","url":"https:\/\/www.garciafaura.com\/wp-content\/uploads\/2018\/11\/tanatorisanchoavila_1.jpg","contentUrl":"https:\/\/www.garciafaura.com\/wp-content\/uploads\/2018\/11\/tanatorisanchoavila_1.jpg"},{"@type":"BreadcrumbList","@id":"https:\/\/www.garciafaura.com\/es\/en-marcha-el-nuevo-tanatorio-de-sancho-de-avila\/#breadcrumb","itemListElement":[{"@type":"ListItem","position":1,"name":"Inici","item":"https:\/\/www.garciafaura.com\/es\/"},{"@type":"ListItem","position":2,"name":"En marcha el nuevo Tanatorio de Sancho de \u00c1vila"}]},{"@type":"WebSite","@id":"https:\/\/www.garciafaura.com\/fr\/#website","url":"https:\/\/www.garciafaura.com\/fr\/","name":"GARCIA FAURA","description":"Arquitectura en Alumini, Inox, Ferro i Vidre","publisher":{"@id":"https:\/\/www.garciafaura.com\/fr\/#organization"},"potentialAction":[{"@type":"SearchAction","target":{"@type":"EntryPoint","urlTemplate":"https:\/\/www.garciafaura.com\/fr\/?s={search_term_string}"},"query-input":{"@type":"PropertyValueSpecification","valueRequired":true,"valueName":"search_term_string"}}],"inLanguage":"es"},{"@type":"Organization","@id":"https:\/\/www.garciafaura.com\/fr\/#organization","name":"GARCIA FAURA","url":"https:\/\/www.garciafaura.com\/fr\/","logo":{"@type":"ImageObject","inLanguage":"es","@id":"https:\/\/www.garciafaura.com\/fr\/#\/schema\/logo\/image\/","url":"https:\/\/www.garciafaura.com\/wp-content\/uploads\/2018\/09\/Garcia-Faura.png","contentUrl":"https:\/\/www.garciafaura.com\/wp-content\/uploads\/2018\/09\/Garcia-Faura.png","width":512,"height":512,"caption":"GARCIA FAURA"},"image":{"@id":"https:\/\/www.garciafaura.com\/fr\/#\/schema\/logo\/image\/"},"sameAs":["https:\/\/www.youtube.com\/user\/GARCIAFAURA"]},{"@type":"Person","@id":"https:\/\/www.garciafaura.com\/fr\/#\/schema\/person\/b4b75e69b33fac3446071909bec106b0","name":"David Achell","image":{"@type":"ImageObject","inLanguage":"es","@id":"https:\/\/www.garciafaura.com\/fr\/#\/schema\/person\/image\/","url":"https:\/\/secure.gravatar.com\/avatar\/03900210afc1f61bce737bcb4a79c02e2c997f171e3eca839b5a4cbe03846c90?s=96&d=blank&r=g","contentUrl":"https:\/\/secure.gravatar.com\/avatar\/03900210afc1f61bce737bcb4a79c02e2c997f171e3eca839b5a4cbe03846c90?s=96&d=blank&r=g","caption":"David Achell"}}]}},"_links":{"self":[{"href":"https:\/\/www.garciafaura.com\/es\/wp-json\/wp\/v2\/posts\/6749","targetHints":{"allow":["GET"]}}],"collection":[{"href":"https:\/\/www.garciafaura.com\/es\/wp-json\/wp\/v2\/posts"}],"about":[{"href":"https:\/\/www.garciafaura.com\/es\/wp-json\/wp\/v2\/types\/post"}],"author":[{"embeddable":true,"href":"https:\/\/www.garciafaura.com\/es\/wp-json\/wp\/v2\/users\/3"}],"replies":[{"embeddable":true,"href":"https:\/\/www.garciafaura.com\/es\/wp-json\/wp\/v2\/comments?post=6749"}],"version-history":[{"count":1,"href":"https:\/\/www.garciafaura.com\/es\/wp-json\/wp\/v2\/posts\/6749\/revisions"}],"predecessor-version":[{"id":21545,"href":"https:\/\/www.garciafaura.com\/es\/wp-json\/wp\/v2\/posts\/6749\/revisions\/21545"}],"wp:featuredmedia":[{"embeddable":true,"href":"https:\/\/www.garciafaura.com\/es\/wp-json\/wp\/v2\/media\/6733"}],"wp:attachment":[{"href":"https:\/\/www.garciafaura.com\/es\/wp-json\/wp\/v2\/media?parent=6749"}],"wp:term":[{"taxonomy":"category","embeddable":true,"href":"https:\/\/www.garciafaura.com\/es\/wp-json\/wp\/v2\/categories?post=6749"},{"taxonomy":"post_tag","embeddable":true,"href":"https:\/\/www.garciafaura.com\/es\/wp-json\/wp\/v2\/tags?post=6749"},{"taxonomy":"post_series","embeddable":true,"href":"https:\/\/www.garciafaura.com\/es\/wp-json\/wp\/v2\/post_series?post=6749"}],"curies":[{"name":"wp","href":"https:\/\/api.w.org\/{rel}","templated":true}]}}