{"id":6729,"date":"2017-03-20T00:00:00","date_gmt":"2017-03-20T00:00:00","guid":{"rendered":"https:\/\/www.garciafaura.com\/ejecutando-la-ampliacio-de-la-escula-betania-patmos\/"},"modified":"2019-06-03T12:00:17","modified_gmt":"2019-06-03T12:00:17","slug":"ejecutando-la-ampliacio-de-la-escula-betania-patmos","status":"publish","type":"post","link":"https:\/\/www.garciafaura.com\/es\/ejecutando-la-ampliacio-de-la-escula-betania-patmos\/","title":{"rendered":"Ejecutando la ampliaci\u00f3 de la escula Betania Patm\u00f3s"},"content":{"rendered":"<p>&nbsp;<\/p>\n<p>La ampliaci\u00f3n de la escuela Betania Patmos, en Barcelona, \u200b\u200bbusca crear un nuevo espacio de ense\u00f1anza basado en un edificio de gran car\u00e1cter, plenamente integrado en el paisaje y la topograf\u00eda del terreno y, por tanto, muy sostenible. Contribuyen a este planteamiento aspectos como la orientaci\u00f3n del edificio, que busca m\u00e1ximo aprovechamiento de luz natural, la creaci\u00f3n de cubiertas ajardinadas o la instalaci\u00f3n de placas solares. La comodidad ha sido otra de las premisas tenidas en cuenta por el proyecto, con salida directa de todas las aulas en el patio y a trav\u00e9s de la disposici\u00f3n de rampas para las conexiones interiores.<\/p>\n<p>&nbsp;<\/p>\n<p><strong>GARCIA FAURA<\/strong> ha sido contratada para la ejecuci\u00f3n de los trabajos de fachada. En este sentido se han desarrollado el conjunto de lucernarios y fachadas de lamas solares, tanto m\u00f3viles como motorizadas, concebidas con forma triangular y que combinan funcionalidad e impacto est\u00e9tico. Los trabajos tambi\u00e9n contemplan la fabricaci\u00f3n e instalaci\u00f3n de 800 metros cuadrados de cerramientos exteriores mediante perfiler\u00eda de aluminio de altas prestaciones, tanto de apertura practicable como corredera. Cerramientos que integran vidrios dobles desarrollados con control bajo emisivo y ac\u00fastico, lo que aumenta a\u00fan m\u00e1s las prestaciones de los cerramientos y profundiza en la voluntad del proyecto de dotar de confort el equipamiento y de un elevado nivel de aislamiento t\u00e9rmico y ac\u00fastico que facilite la tarea docente y de aprendizaje.<\/p>\n<p>&nbsp;<\/p>\n<p>Un edificio confortable y ecoeficiente que minimiza su impacto ambiental, tanto en t\u00e9rminos de consumo de energ\u00eda como de afectaci\u00f3n sobre el terreno. Un paradigma arquitect\u00f3nico al servicio de un proyecto educativo de primer nivel, que estar\u00e1 en construcci\u00f3n durante todo el primer semestre de 2017.<\/p>\n","protected":false},"excerpt":{"rendered":"<p>GARCIA FAURA trabaja en el desarrollo, fabricaci\u00f3n e instalaci\u00f3n de los cerramientos de fachada, lucernarios y lamas solares del nuevo edificio de esta prestigiosa instituci\u00f3n educativa. Un edificio proyectado por el despacho Capilla M\u00f3naco y concebido como un espacio racional y funcional. La empresa ejecuta para este proyecto cerca de 1.500 metros cuadrados de soluciones para fachada, contribuyendo con sus productos a la consecuci\u00f3n de los objetivos descritos por el proyecto t\u00e9cnico.<\/p>\n","protected":false},"author":3,"featured_media":6721,"comment_status":"open","ping_status":"open","sticky":false,"template":"","format":"standard","meta":{"footnotes":""},"categories":[3],"tags":[],"post_series":[],"class_list":["post-6729","post","type-post","status-publish","format-standard","has-post-thumbnail","hentry","category-actualidad","entry","has-media"],"yoast_head":"<!-- This site is optimized with the Yoast SEO plugin v26.7 - https:\/\/yoast.com\/wordpress\/plugins\/seo\/ -->\n<title>Ejecutando la ampliaci\u00f3 de la escula Betania Patm\u00f3s - GARCIA FAURA<\/title>\n<meta name=\"description\" content=\"Arquitectura en Alumini, Inox, Ferro i Vidre\" \/>\n<meta name=\"robots\" content=\"index, follow, max-snippet:-1, max-image-preview:large, max-video-preview:-1\" \/>\n<link rel=\"canonical\" href=\"https:\/\/www.garciafaura.com\/es\/ejecutando-la-ampliacio-de-la-escula-betania-patmos\/\" \/>\n<meta property=\"og:locale\" content=\"es_ES\" \/>\n<meta property=\"og:type\" content=\"article\" \/>\n<meta property=\"og:title\" content=\"Ejecutando la ampliaci\u00f3 de la escula Betania Patm\u00f3s - GARCIA FAURA\" \/>\n<meta property=\"og:description\" content=\"Arquitectura en Alumini, Inox, Ferro i Vidre\" \/>\n<meta property=\"og:url\" content=\"https:\/\/www.garciafaura.com\/es\/ejecutando-la-ampliacio-de-la-escula-betania-patmos\/\" \/>\n<meta property=\"og:site_name\" content=\"GARCIA FAURA\" \/>\n<meta property=\"article:published_time\" content=\"2017-03-20T00:00:00+00:00\" \/>\n<meta property=\"article:modified_time\" content=\"2019-06-03T12:00:17+00:00\" \/>\n<meta property=\"og:image\" content=\"https:\/\/www.garciafaura.com\/wp-content\/uploads\/2018\/11\/betania.jpg\" \/>\n\t<meta property=\"og:image:width\" content=\"1\" \/>\n\t<meta property=\"og:image:height\" content=\"1\" \/>\n\t<meta property=\"og:image:type\" content=\"image\/jpeg\" \/>\n<meta name=\"author\" content=\"David Achell\" \/>\n<meta name=\"twitter:card\" content=\"summary_large_image\" \/>\n<meta name=\"twitter:label1\" content=\"Escrito por\" \/>\n\t<meta name=\"twitter:data1\" content=\"David Achell\" \/>\n\t<meta name=\"twitter:label2\" content=\"Tiempo de lectura\" \/>\n\t<meta name=\"twitter:data2\" content=\"2 minutos\" \/>\n<script type=\"application\/ld+json\" class=\"yoast-schema-graph\">{\"@context\":\"https:\/\/schema.org\",\"@graph\":[{\"@type\":\"Article\",\"@id\":\"https:\/\/www.garciafaura.com\/es\/ejecutando-la-ampliacio-de-la-escula-betania-patmos\/#article\",\"isPartOf\":{\"@id\":\"https:\/\/www.garciafaura.com\/es\/ejecutando-la-ampliacio-de-la-escula-betania-patmos\/\"},\"author\":{\"name\":\"David Achell\",\"@id\":\"https:\/\/www.garciafaura.com\/fr\/#\/schema\/person\/b4b75e69b33fac3446071909bec106b0\"},\"headline\":\"Ejecutando la ampliaci\u00f3 de la escula Betania Patm\u00f3s\",\"datePublished\":\"2017-03-20T00:00:00+00:00\",\"dateModified\":\"2019-06-03T12:00:17+00:00\",\"mainEntityOfPage\":{\"@id\":\"https:\/\/www.garciafaura.com\/es\/ejecutando-la-ampliacio-de-la-escula-betania-patmos\/\"},\"wordCount\":309,\"commentCount\":0,\"publisher\":{\"@id\":\"https:\/\/www.garciafaura.com\/fr\/#organization\"},\"image\":{\"@id\":\"https:\/\/www.garciafaura.com\/es\/ejecutando-la-ampliacio-de-la-escula-betania-patmos\/#primaryimage\"},\"thumbnailUrl\":\"https:\/\/www.garciafaura.com\/wp-content\/uploads\/2018\/11\/betania.jpg\",\"articleSection\":[\"Actualidad\"],\"inLanguage\":\"es\",\"potentialAction\":[{\"@type\":\"CommentAction\",\"name\":\"Comment\",\"target\":[\"https:\/\/www.garciafaura.com\/es\/ejecutando-la-ampliacio-de-la-escula-betania-patmos\/#respond\"]}]},{\"@type\":\"WebPage\",\"@id\":\"https:\/\/www.garciafaura.com\/es\/ejecutando-la-ampliacio-de-la-escula-betania-patmos\/\",\"url\":\"https:\/\/www.garciafaura.com\/es\/ejecutando-la-ampliacio-de-la-escula-betania-patmos\/\",\"name\":\"Ejecutando la ampliaci\u00f3 de la escula Betania Patm\u00f3s - GARCIA FAURA\",\"isPartOf\":{\"@id\":\"https:\/\/www.garciafaura.com\/fr\/#website\"},\"primaryImageOfPage\":{\"@id\":\"https:\/\/www.garciafaura.com\/es\/ejecutando-la-ampliacio-de-la-escula-betania-patmos\/#primaryimage\"},\"image\":{\"@id\":\"https:\/\/www.garciafaura.com\/es\/ejecutando-la-ampliacio-de-la-escula-betania-patmos\/#primaryimage\"},\"thumbnailUrl\":\"https:\/\/www.garciafaura.com\/wp-content\/uploads\/2018\/11\/betania.jpg\",\"datePublished\":\"2017-03-20T00:00:00+00:00\",\"dateModified\":\"2019-06-03T12:00:17+00:00\",\"description\":\"Arquitectura en Alumini, Inox, Ferro i Vidre\",\"breadcrumb\":{\"@id\":\"https:\/\/www.garciafaura.com\/es\/ejecutando-la-ampliacio-de-la-escula-betania-patmos\/#breadcrumb\"},\"inLanguage\":\"es\",\"potentialAction\":[{\"@type\":\"ReadAction\",\"target\":[\"https:\/\/www.garciafaura.com\/es\/ejecutando-la-ampliacio-de-la-escula-betania-patmos\/\"]}]},{\"@type\":\"ImageObject\",\"inLanguage\":\"es\",\"@id\":\"https:\/\/www.garciafaura.com\/es\/ejecutando-la-ampliacio-de-la-escula-betania-patmos\/#primaryimage\",\"url\":\"https:\/\/www.garciafaura.com\/wp-content\/uploads\/2018\/11\/betania.jpg\",\"contentUrl\":\"https:\/\/www.garciafaura.com\/wp-content\/uploads\/2018\/11\/betania.jpg\"},{\"@type\":\"BreadcrumbList\",\"@id\":\"https:\/\/www.garciafaura.com\/es\/ejecutando-la-ampliacio-de-la-escula-betania-patmos\/#breadcrumb\",\"itemListElement\":[{\"@type\":\"ListItem\",\"position\":1,\"name\":\"Inici\",\"item\":\"https:\/\/www.garciafaura.com\/es\/\"},{\"@type\":\"ListItem\",\"position\":2,\"name\":\"Ejecutando la ampliaci\u00f3 de la escula Betania Patm\u00f3s\"}]},{\"@type\":\"WebSite\",\"@id\":\"https:\/\/www.garciafaura.com\/fr\/#website\",\"url\":\"https:\/\/www.garciafaura.com\/fr\/\",\"name\":\"GARCIA FAURA\",\"description\":\"Arquitectura en Alumini, Inox, Ferro i Vidre\",\"publisher\":{\"@id\":\"https:\/\/www.garciafaura.com\/fr\/#organization\"},\"potentialAction\":[{\"@type\":\"SearchAction\",\"target\":{\"@type\":\"EntryPoint\",\"urlTemplate\":\"https:\/\/www.garciafaura.com\/fr\/?s={search_term_string}\"},\"query-input\":{\"@type\":\"PropertyValueSpecification\",\"valueRequired\":true,\"valueName\":\"search_term_string\"}}],\"inLanguage\":\"es\"},{\"@type\":\"Organization\",\"@id\":\"https:\/\/www.garciafaura.com\/fr\/#organization\",\"name\":\"GARCIA FAURA\",\"url\":\"https:\/\/www.garciafaura.com\/fr\/\",\"logo\":{\"@type\":\"ImageObject\",\"inLanguage\":\"es\",\"@id\":\"https:\/\/www.garciafaura.com\/fr\/#\/schema\/logo\/image\/\",\"url\":\"https:\/\/www.garciafaura.com\/wp-content\/uploads\/2018\/09\/Garcia-Faura.png\",\"contentUrl\":\"https:\/\/www.garciafaura.com\/wp-content\/uploads\/2018\/09\/Garcia-Faura.png\",\"width\":512,\"height\":512,\"caption\":\"GARCIA FAURA\"},\"image\":{\"@id\":\"https:\/\/www.garciafaura.com\/fr\/#\/schema\/logo\/image\/\"},\"sameAs\":[\"https:\/\/www.youtube.com\/user\/GARCIAFAURA\"]},{\"@type\":\"Person\",\"@id\":\"https:\/\/www.garciafaura.com\/fr\/#\/schema\/person\/b4b75e69b33fac3446071909bec106b0\",\"name\":\"David Achell\",\"image\":{\"@type\":\"ImageObject\",\"inLanguage\":\"es\",\"@id\":\"https:\/\/www.garciafaura.com\/fr\/#\/schema\/person\/image\/\",\"url\":\"https:\/\/secure.gravatar.com\/avatar\/03900210afc1f61bce737bcb4a79c02e2c997f171e3eca839b5a4cbe03846c90?s=96&d=blank&r=g\",\"contentUrl\":\"https:\/\/secure.gravatar.com\/avatar\/03900210afc1f61bce737bcb4a79c02e2c997f171e3eca839b5a4cbe03846c90?s=96&d=blank&r=g\",\"caption\":\"David Achell\"}}]}<\/script>\n<!-- \/ Yoast SEO plugin. -->","yoast_head_json":{"title":"Ejecutando la ampliaci\u00f3 de la escula Betania Patm\u00f3s - GARCIA FAURA","description":"Arquitectura en Alumini, Inox, Ferro i Vidre","robots":{"index":"index","follow":"follow","max-snippet":"max-snippet:-1","max-image-preview":"max-image-preview:large","max-video-preview":"max-video-preview:-1"},"canonical":"https:\/\/www.garciafaura.com\/es\/ejecutando-la-ampliacio-de-la-escula-betania-patmos\/","og_locale":"es_ES","og_type":"article","og_title":"Ejecutando la ampliaci\u00f3 de la escula Betania Patm\u00f3s - GARCIA FAURA","og_description":"Arquitectura en Alumini, Inox, Ferro i Vidre","og_url":"https:\/\/www.garciafaura.com\/es\/ejecutando-la-ampliacio-de-la-escula-betania-patmos\/","og_site_name":"GARCIA FAURA","article_published_time":"2017-03-20T00:00:00+00:00","article_modified_time":"2019-06-03T12:00:17+00:00","og_image":[{"url":"https:\/\/www.garciafaura.com\/wp-content\/uploads\/2018\/11\/betania.jpg","width":1,"height":1,"type":"image\/jpeg"}],"author":"David Achell","twitter_card":"summary_large_image","twitter_misc":{"Escrito por":"David Achell","Tiempo de lectura":"2 minutos"},"schema":{"@context":"https:\/\/schema.org","@graph":[{"@type":"Article","@id":"https:\/\/www.garciafaura.com\/es\/ejecutando-la-ampliacio-de-la-escula-betania-patmos\/#article","isPartOf":{"@id":"https:\/\/www.garciafaura.com\/es\/ejecutando-la-ampliacio-de-la-escula-betania-patmos\/"},"author":{"name":"David Achell","@id":"https:\/\/www.garciafaura.com\/fr\/#\/schema\/person\/b4b75e69b33fac3446071909bec106b0"},"headline":"Ejecutando la ampliaci\u00f3 de la escula Betania Patm\u00f3s","datePublished":"2017-03-20T00:00:00+00:00","dateModified":"2019-06-03T12:00:17+00:00","mainEntityOfPage":{"@id":"https:\/\/www.garciafaura.com\/es\/ejecutando-la-ampliacio-de-la-escula-betania-patmos\/"},"wordCount":309,"commentCount":0,"publisher":{"@id":"https:\/\/www.garciafaura.com\/fr\/#organization"},"image":{"@id":"https:\/\/www.garciafaura.com\/es\/ejecutando-la-ampliacio-de-la-escula-betania-patmos\/#primaryimage"},"thumbnailUrl":"https:\/\/www.garciafaura.com\/wp-content\/uploads\/2018\/11\/betania.jpg","articleSection":["Actualidad"],"inLanguage":"es","potentialAction":[{"@type":"CommentAction","name":"Comment","target":["https:\/\/www.garciafaura.com\/es\/ejecutando-la-ampliacio-de-la-escula-betania-patmos\/#respond"]}]},{"@type":"WebPage","@id":"https:\/\/www.garciafaura.com\/es\/ejecutando-la-ampliacio-de-la-escula-betania-patmos\/","url":"https:\/\/www.garciafaura.com\/es\/ejecutando-la-ampliacio-de-la-escula-betania-patmos\/","name":"Ejecutando la ampliaci\u00f3 de la escula Betania Patm\u00f3s - GARCIA FAURA","isPartOf":{"@id":"https:\/\/www.garciafaura.com\/fr\/#website"},"primaryImageOfPage":{"@id":"https:\/\/www.garciafaura.com\/es\/ejecutando-la-ampliacio-de-la-escula-betania-patmos\/#primaryimage"},"image":{"@id":"https:\/\/www.garciafaura.com\/es\/ejecutando-la-ampliacio-de-la-escula-betania-patmos\/#primaryimage"},"thumbnailUrl":"https:\/\/www.garciafaura.com\/wp-content\/uploads\/2018\/11\/betania.jpg","datePublished":"2017-03-20T00:00:00+00:00","dateModified":"2019-06-03T12:00:17+00:00","description":"Arquitectura en Alumini, Inox, Ferro i Vidre","breadcrumb":{"@id":"https:\/\/www.garciafaura.com\/es\/ejecutando-la-ampliacio-de-la-escula-betania-patmos\/#breadcrumb"},"inLanguage":"es","potentialAction":[{"@type":"ReadAction","target":["https:\/\/www.garciafaura.com\/es\/ejecutando-la-ampliacio-de-la-escula-betania-patmos\/"]}]},{"@type":"ImageObject","inLanguage":"es","@id":"https:\/\/www.garciafaura.com\/es\/ejecutando-la-ampliacio-de-la-escula-betania-patmos\/#primaryimage","url":"https:\/\/www.garciafaura.com\/wp-content\/uploads\/2018\/11\/betania.jpg","contentUrl":"https:\/\/www.garciafaura.com\/wp-content\/uploads\/2018\/11\/betania.jpg"},{"@type":"BreadcrumbList","@id":"https:\/\/www.garciafaura.com\/es\/ejecutando-la-ampliacio-de-la-escula-betania-patmos\/#breadcrumb","itemListElement":[{"@type":"ListItem","position":1,"name":"Inici","item":"https:\/\/www.garciafaura.com\/es\/"},{"@type":"ListItem","position":2,"name":"Ejecutando la ampliaci\u00f3 de la escula Betania Patm\u00f3s"}]},{"@type":"WebSite","@id":"https:\/\/www.garciafaura.com\/fr\/#website","url":"https:\/\/www.garciafaura.com\/fr\/","name":"GARCIA FAURA","description":"Arquitectura en Alumini, Inox, Ferro i Vidre","publisher":{"@id":"https:\/\/www.garciafaura.com\/fr\/#organization"},"potentialAction":[{"@type":"SearchAction","target":{"@type":"EntryPoint","urlTemplate":"https:\/\/www.garciafaura.com\/fr\/?s={search_term_string}"},"query-input":{"@type":"PropertyValueSpecification","valueRequired":true,"valueName":"search_term_string"}}],"inLanguage":"es"},{"@type":"Organization","@id":"https:\/\/www.garciafaura.com\/fr\/#organization","name":"GARCIA FAURA","url":"https:\/\/www.garciafaura.com\/fr\/","logo":{"@type":"ImageObject","inLanguage":"es","@id":"https:\/\/www.garciafaura.com\/fr\/#\/schema\/logo\/image\/","url":"https:\/\/www.garciafaura.com\/wp-content\/uploads\/2018\/09\/Garcia-Faura.png","contentUrl":"https:\/\/www.garciafaura.com\/wp-content\/uploads\/2018\/09\/Garcia-Faura.png","width":512,"height":512,"caption":"GARCIA FAURA"},"image":{"@id":"https:\/\/www.garciafaura.com\/fr\/#\/schema\/logo\/image\/"},"sameAs":["https:\/\/www.youtube.com\/user\/GARCIAFAURA"]},{"@type":"Person","@id":"https:\/\/www.garciafaura.com\/fr\/#\/schema\/person\/b4b75e69b33fac3446071909bec106b0","name":"David Achell","image":{"@type":"ImageObject","inLanguage":"es","@id":"https:\/\/www.garciafaura.com\/fr\/#\/schema\/person\/image\/","url":"https:\/\/secure.gravatar.com\/avatar\/03900210afc1f61bce737bcb4a79c02e2c997f171e3eca839b5a4cbe03846c90?s=96&d=blank&r=g","contentUrl":"https:\/\/secure.gravatar.com\/avatar\/03900210afc1f61bce737bcb4a79c02e2c997f171e3eca839b5a4cbe03846c90?s=96&d=blank&r=g","caption":"David Achell"}}]}},"_links":{"self":[{"href":"https:\/\/www.garciafaura.com\/es\/wp-json\/wp\/v2\/posts\/6729","targetHints":{"allow":["GET"]}}],"collection":[{"href":"https:\/\/www.garciafaura.com\/es\/wp-json\/wp\/v2\/posts"}],"about":[{"href":"https:\/\/www.garciafaura.com\/es\/wp-json\/wp\/v2\/types\/post"}],"author":[{"embeddable":true,"href":"https:\/\/www.garciafaura.com\/es\/wp-json\/wp\/v2\/users\/3"}],"replies":[{"embeddable":true,"href":"https:\/\/www.garciafaura.com\/es\/wp-json\/wp\/v2\/comments?post=6729"}],"version-history":[{"count":1,"href":"https:\/\/www.garciafaura.com\/es\/wp-json\/wp\/v2\/posts\/6729\/revisions"}],"predecessor-version":[{"id":21546,"href":"https:\/\/www.garciafaura.com\/es\/wp-json\/wp\/v2\/posts\/6729\/revisions\/21546"}],"wp:featuredmedia":[{"embeddable":true,"href":"https:\/\/www.garciafaura.com\/es\/wp-json\/wp\/v2\/media\/6721"}],"wp:attachment":[{"href":"https:\/\/www.garciafaura.com\/es\/wp-json\/wp\/v2\/media?parent=6729"}],"wp:term":[{"taxonomy":"category","embeddable":true,"href":"https:\/\/www.garciafaura.com\/es\/wp-json\/wp\/v2\/categories?post=6729"},{"taxonomy":"post_tag","embeddable":true,"href":"https:\/\/www.garciafaura.com\/es\/wp-json\/wp\/v2\/tags?post=6729"},{"taxonomy":"post_series","embeddable":true,"href":"https:\/\/www.garciafaura.com\/es\/wp-json\/wp\/v2\/post_series?post=6729"}],"curies":[{"name":"wp","href":"https:\/\/api.w.org\/{rel}","templated":true}]}}