{"id":6717,"date":"2017-02-20T00:00:00","date_gmt":"2017-02-20T00:00:00","guid":{"rendered":"https:\/\/www.garciafaura.com\/cerramientos-para-el-nuevo-ambulatorio-de-sant-pere-de-ribes\/"},"modified":"2019-06-03T12:00:34","modified_gmt":"2019-06-03T12:00:34","slug":"cerramientos-para-el-nuevo-ambulatorio-de-sant-pere-de-ribes","status":"publish","type":"post","link":"https:\/\/www.garciafaura.com\/es\/cerramientos-para-el-nuevo-ambulatorio-de-sant-pere-de-ribes\/","title":{"rendered":"Cerramientos para el nuevo ambulatorio de Sant Pere de Ribes"},"content":{"rendered":"<p>&nbsp;<\/p>\n<p>El nuevo equipamiento de la ciudad del Garraf se ubica en el paseo de la Circunvalaci\u00f3n y est\u00e1 dise\u00f1ado para atender a una poblaci\u00f3n de hasta 30.000 usuarios. El proyecto, de 1780 metros cuadrados, consiste en un edificio de baja altura que se adapta a la particular topograf\u00eda del terreno y que conectar\u00e1 el espacio urbano con el entorno natural. Los servicios se distribuir\u00e1n en dos cuerpos conectados por una plaza central que servir\u00e1 de elemento de distribuci\u00f3n y de conexi\u00f3n con el entorno.<\/p>\n<p>&nbsp;<\/p>\n<p><strong>GARCIA FAURA<\/strong> ha recibido el encargo de ejecutar la partida de obra correspondiente a los cerramientos de aluminio del nuevo equipamiento, as\u00ed como la zona de muro cortina que conferir\u00e1 un car\u00e1cter propio en la fachada exterior y un mayor aprovechamiento de la luz exterior. Los cerramientos, adem\u00e1s, se han proyectado con rotura de puente t\u00e9rmico y hoja oculta, para ofrecer las m\u00e1ximas condiciones de confortabilidad a los usuarios del equipamiento.<\/p>\n<p>&nbsp;<\/p>\n<p>El proyecto se suma a la experiencia de <strong>GARCIA FAURA<\/strong> en el desarrollo de soluciones t\u00e9cnicas en el \u00e1mbito de la atenci\u00f3n sanitaria y hospitalaria. Actualmente se trabaja tambi\u00e9n en la ampliaci\u00f3n de los servicios del Hospital Mutua de Terrassa y recientemente se han ejecutado tambi\u00e9n los centros de atenci\u00f3n primaria de Viladecans y Sant Boi de Llobregat. Anteriormente la empresa hab\u00eda firmado proyectos como la ampliaci\u00f3n del Hospital San Juan de Dios de Manresa, la construcci\u00f3n del San Juan de Dios de la calle de Numancia, en Barcelona, \u200b\u200bo de Sant Boi de Llobregat, as\u00ed como numerosas cl\u00ednicas y centros asistenciales como el del Paseo de la Bonanova o\u00a0la Avenida del Tibidabo, entre muchos otros.<\/p>\n","protected":false},"excerpt":{"rendered":"<p>GARCIA FAURA comienza a trabajar en el desarrollo de los cerramientos de aluminio y el muro cortina de este nuevo centro de atenci\u00f3n primaria. Un equipamiento que mejorar\u00e1 el servicio asistencial de la zona y que contar\u00e1 con la amplia experiencia de la empresa en el desarrollo de soluciones para el \u00e1mbito de la atenci\u00f3n sanitaria y hospitalaria.<\/p>\n","protected":false},"author":3,"featured_media":6701,"comment_status":"open","ping_status":"open","sticky":false,"template":"","format":"standard","meta":{"footnotes":""},"categories":[3],"tags":[],"post_series":[],"class_list":["post-6717","post","type-post","status-publish","format-standard","has-post-thumbnail","hentry","category-actualidad","entry","has-media"],"yoast_head":"<!-- This site is optimized with the Yoast SEO plugin v26.7 - https:\/\/yoast.com\/wordpress\/plugins\/seo\/ -->\n<title>Cerramientos para el nuevo ambulatorio de Sant Pere de Ribes - GARCIA FAURA<\/title>\n<meta name=\"description\" content=\"Arquitectura en Alumini, Inox, Ferro i Vidre\" \/>\n<meta name=\"robots\" content=\"index, follow, max-snippet:-1, max-image-preview:large, max-video-preview:-1\" \/>\n<link rel=\"canonical\" href=\"https:\/\/www.garciafaura.com\/es\/cerramientos-para-el-nuevo-ambulatorio-de-sant-pere-de-ribes\/\" \/>\n<meta property=\"og:locale\" content=\"es_ES\" \/>\n<meta property=\"og:type\" content=\"article\" \/>\n<meta property=\"og:title\" content=\"Cerramientos para el nuevo ambulatorio de Sant Pere de Ribes - GARCIA FAURA\" \/>\n<meta property=\"og:description\" content=\"Arquitectura en Alumini, Inox, Ferro i Vidre\" \/>\n<meta property=\"og:url\" content=\"https:\/\/www.garciafaura.com\/es\/cerramientos-para-el-nuevo-ambulatorio-de-sant-pere-de-ribes\/\" \/>\n<meta property=\"og:site_name\" content=\"GARCIA FAURA\" \/>\n<meta property=\"article:published_time\" content=\"2017-02-20T00:00:00+00:00\" \/>\n<meta property=\"article:modified_time\" content=\"2019-06-03T12:00:34+00:00\" \/>\n<meta property=\"og:image\" content=\"https:\/\/www.garciafaura.com\/wp-content\/uploads\/2018\/11\/capribes01.jpg\" \/>\n\t<meta property=\"og:image:width\" content=\"1\" \/>\n\t<meta property=\"og:image:height\" content=\"1\" \/>\n\t<meta property=\"og:image:type\" content=\"image\/jpeg\" \/>\n<meta name=\"author\" content=\"David Achell\" \/>\n<meta name=\"twitter:card\" content=\"summary_large_image\" \/>\n<meta name=\"twitter:label1\" content=\"Escrito por\" \/>\n\t<meta name=\"twitter:data1\" content=\"David Achell\" \/>\n\t<meta name=\"twitter:label2\" content=\"Tiempo de lectura\" \/>\n\t<meta name=\"twitter:data2\" content=\"1 minuto\" \/>\n<script type=\"application\/ld+json\" class=\"yoast-schema-graph\">{\"@context\":\"https:\/\/schema.org\",\"@graph\":[{\"@type\":\"Article\",\"@id\":\"https:\/\/www.garciafaura.com\/es\/cerramientos-para-el-nuevo-ambulatorio-de-sant-pere-de-ribes\/#article\",\"isPartOf\":{\"@id\":\"https:\/\/www.garciafaura.com\/es\/cerramientos-para-el-nuevo-ambulatorio-de-sant-pere-de-ribes\/\"},\"author\":{\"name\":\"David Achell\",\"@id\":\"https:\/\/www.garciafaura.com\/fr\/#\/schema\/person\/b4b75e69b33fac3446071909bec106b0\"},\"headline\":\"Cerramientos para el nuevo ambulatorio de Sant Pere de Ribes\",\"datePublished\":\"2017-02-20T00:00:00+00:00\",\"dateModified\":\"2019-06-03T12:00:34+00:00\",\"mainEntityOfPage\":{\"@id\":\"https:\/\/www.garciafaura.com\/es\/cerramientos-para-el-nuevo-ambulatorio-de-sant-pere-de-ribes\/\"},\"wordCount\":304,\"commentCount\":0,\"publisher\":{\"@id\":\"https:\/\/www.garciafaura.com\/fr\/#organization\"},\"image\":{\"@id\":\"https:\/\/www.garciafaura.com\/es\/cerramientos-para-el-nuevo-ambulatorio-de-sant-pere-de-ribes\/#primaryimage\"},\"thumbnailUrl\":\"https:\/\/www.garciafaura.com\/wp-content\/uploads\/2018\/11\/capribes01.jpg\",\"articleSection\":[\"Actualidad\"],\"inLanguage\":\"es\",\"potentialAction\":[{\"@type\":\"CommentAction\",\"name\":\"Comment\",\"target\":[\"https:\/\/www.garciafaura.com\/es\/cerramientos-para-el-nuevo-ambulatorio-de-sant-pere-de-ribes\/#respond\"]}]},{\"@type\":\"WebPage\",\"@id\":\"https:\/\/www.garciafaura.com\/es\/cerramientos-para-el-nuevo-ambulatorio-de-sant-pere-de-ribes\/\",\"url\":\"https:\/\/www.garciafaura.com\/es\/cerramientos-para-el-nuevo-ambulatorio-de-sant-pere-de-ribes\/\",\"name\":\"Cerramientos para el nuevo ambulatorio de Sant Pere de Ribes - GARCIA FAURA\",\"isPartOf\":{\"@id\":\"https:\/\/www.garciafaura.com\/fr\/#website\"},\"primaryImageOfPage\":{\"@id\":\"https:\/\/www.garciafaura.com\/es\/cerramientos-para-el-nuevo-ambulatorio-de-sant-pere-de-ribes\/#primaryimage\"},\"image\":{\"@id\":\"https:\/\/www.garciafaura.com\/es\/cerramientos-para-el-nuevo-ambulatorio-de-sant-pere-de-ribes\/#primaryimage\"},\"thumbnailUrl\":\"https:\/\/www.garciafaura.com\/wp-content\/uploads\/2018\/11\/capribes01.jpg\",\"datePublished\":\"2017-02-20T00:00:00+00:00\",\"dateModified\":\"2019-06-03T12:00:34+00:00\",\"description\":\"Arquitectura en Alumini, Inox, Ferro i Vidre\",\"breadcrumb\":{\"@id\":\"https:\/\/www.garciafaura.com\/es\/cerramientos-para-el-nuevo-ambulatorio-de-sant-pere-de-ribes\/#breadcrumb\"},\"inLanguage\":\"es\",\"potentialAction\":[{\"@type\":\"ReadAction\",\"target\":[\"https:\/\/www.garciafaura.com\/es\/cerramientos-para-el-nuevo-ambulatorio-de-sant-pere-de-ribes\/\"]}]},{\"@type\":\"ImageObject\",\"inLanguage\":\"es\",\"@id\":\"https:\/\/www.garciafaura.com\/es\/cerramientos-para-el-nuevo-ambulatorio-de-sant-pere-de-ribes\/#primaryimage\",\"url\":\"https:\/\/www.garciafaura.com\/wp-content\/uploads\/2018\/11\/capribes01.jpg\",\"contentUrl\":\"https:\/\/www.garciafaura.com\/wp-content\/uploads\/2018\/11\/capribes01.jpg\"},{\"@type\":\"BreadcrumbList\",\"@id\":\"https:\/\/www.garciafaura.com\/es\/cerramientos-para-el-nuevo-ambulatorio-de-sant-pere-de-ribes\/#breadcrumb\",\"itemListElement\":[{\"@type\":\"ListItem\",\"position\":1,\"name\":\"Inici\",\"item\":\"https:\/\/www.garciafaura.com\/es\/\"},{\"@type\":\"ListItem\",\"position\":2,\"name\":\"Cerramientos para el nuevo ambulatorio de Sant Pere de Ribes\"}]},{\"@type\":\"WebSite\",\"@id\":\"https:\/\/www.garciafaura.com\/fr\/#website\",\"url\":\"https:\/\/www.garciafaura.com\/fr\/\",\"name\":\"GARCIA FAURA\",\"description\":\"Arquitectura en Alumini, Inox, Ferro i Vidre\",\"publisher\":{\"@id\":\"https:\/\/www.garciafaura.com\/fr\/#organization\"},\"potentialAction\":[{\"@type\":\"SearchAction\",\"target\":{\"@type\":\"EntryPoint\",\"urlTemplate\":\"https:\/\/www.garciafaura.com\/fr\/?s={search_term_string}\"},\"query-input\":{\"@type\":\"PropertyValueSpecification\",\"valueRequired\":true,\"valueName\":\"search_term_string\"}}],\"inLanguage\":\"es\"},{\"@type\":\"Organization\",\"@id\":\"https:\/\/www.garciafaura.com\/fr\/#organization\",\"name\":\"GARCIA FAURA\",\"url\":\"https:\/\/www.garciafaura.com\/fr\/\",\"logo\":{\"@type\":\"ImageObject\",\"inLanguage\":\"es\",\"@id\":\"https:\/\/www.garciafaura.com\/fr\/#\/schema\/logo\/image\/\",\"url\":\"https:\/\/www.garciafaura.com\/wp-content\/uploads\/2018\/09\/Garcia-Faura.png\",\"contentUrl\":\"https:\/\/www.garciafaura.com\/wp-content\/uploads\/2018\/09\/Garcia-Faura.png\",\"width\":512,\"height\":512,\"caption\":\"GARCIA FAURA\"},\"image\":{\"@id\":\"https:\/\/www.garciafaura.com\/fr\/#\/schema\/logo\/image\/\"},\"sameAs\":[\"https:\/\/www.youtube.com\/user\/GARCIAFAURA\"]},{\"@type\":\"Person\",\"@id\":\"https:\/\/www.garciafaura.com\/fr\/#\/schema\/person\/b4b75e69b33fac3446071909bec106b0\",\"name\":\"David Achell\",\"image\":{\"@type\":\"ImageObject\",\"inLanguage\":\"es\",\"@id\":\"https:\/\/www.garciafaura.com\/fr\/#\/schema\/person\/image\/\",\"url\":\"https:\/\/secure.gravatar.com\/avatar\/03900210afc1f61bce737bcb4a79c02e2c997f171e3eca839b5a4cbe03846c90?s=96&d=blank&r=g\",\"contentUrl\":\"https:\/\/secure.gravatar.com\/avatar\/03900210afc1f61bce737bcb4a79c02e2c997f171e3eca839b5a4cbe03846c90?s=96&d=blank&r=g\",\"caption\":\"David Achell\"}}]}<\/script>\n<!-- \/ Yoast SEO plugin. -->","yoast_head_json":{"title":"Cerramientos para el nuevo ambulatorio de Sant Pere de Ribes - GARCIA FAURA","description":"Arquitectura en Alumini, Inox, Ferro i Vidre","robots":{"index":"index","follow":"follow","max-snippet":"max-snippet:-1","max-image-preview":"max-image-preview:large","max-video-preview":"max-video-preview:-1"},"canonical":"https:\/\/www.garciafaura.com\/es\/cerramientos-para-el-nuevo-ambulatorio-de-sant-pere-de-ribes\/","og_locale":"es_ES","og_type":"article","og_title":"Cerramientos para el nuevo ambulatorio de Sant Pere de Ribes - GARCIA FAURA","og_description":"Arquitectura en Alumini, Inox, Ferro i Vidre","og_url":"https:\/\/www.garciafaura.com\/es\/cerramientos-para-el-nuevo-ambulatorio-de-sant-pere-de-ribes\/","og_site_name":"GARCIA FAURA","article_published_time":"2017-02-20T00:00:00+00:00","article_modified_time":"2019-06-03T12:00:34+00:00","og_image":[{"url":"https:\/\/www.garciafaura.com\/wp-content\/uploads\/2018\/11\/capribes01.jpg","width":1,"height":1,"type":"image\/jpeg"}],"author":"David Achell","twitter_card":"summary_large_image","twitter_misc":{"Escrito por":"David Achell","Tiempo de lectura":"1 minuto"},"schema":{"@context":"https:\/\/schema.org","@graph":[{"@type":"Article","@id":"https:\/\/www.garciafaura.com\/es\/cerramientos-para-el-nuevo-ambulatorio-de-sant-pere-de-ribes\/#article","isPartOf":{"@id":"https:\/\/www.garciafaura.com\/es\/cerramientos-para-el-nuevo-ambulatorio-de-sant-pere-de-ribes\/"},"author":{"name":"David Achell","@id":"https:\/\/www.garciafaura.com\/fr\/#\/schema\/person\/b4b75e69b33fac3446071909bec106b0"},"headline":"Cerramientos para el nuevo ambulatorio de Sant Pere de Ribes","datePublished":"2017-02-20T00:00:00+00:00","dateModified":"2019-06-03T12:00:34+00:00","mainEntityOfPage":{"@id":"https:\/\/www.garciafaura.com\/es\/cerramientos-para-el-nuevo-ambulatorio-de-sant-pere-de-ribes\/"},"wordCount":304,"commentCount":0,"publisher":{"@id":"https:\/\/www.garciafaura.com\/fr\/#organization"},"image":{"@id":"https:\/\/www.garciafaura.com\/es\/cerramientos-para-el-nuevo-ambulatorio-de-sant-pere-de-ribes\/#primaryimage"},"thumbnailUrl":"https:\/\/www.garciafaura.com\/wp-content\/uploads\/2018\/11\/capribes01.jpg","articleSection":["Actualidad"],"inLanguage":"es","potentialAction":[{"@type":"CommentAction","name":"Comment","target":["https:\/\/www.garciafaura.com\/es\/cerramientos-para-el-nuevo-ambulatorio-de-sant-pere-de-ribes\/#respond"]}]},{"@type":"WebPage","@id":"https:\/\/www.garciafaura.com\/es\/cerramientos-para-el-nuevo-ambulatorio-de-sant-pere-de-ribes\/","url":"https:\/\/www.garciafaura.com\/es\/cerramientos-para-el-nuevo-ambulatorio-de-sant-pere-de-ribes\/","name":"Cerramientos para el nuevo ambulatorio de Sant Pere de Ribes - GARCIA FAURA","isPartOf":{"@id":"https:\/\/www.garciafaura.com\/fr\/#website"},"primaryImageOfPage":{"@id":"https:\/\/www.garciafaura.com\/es\/cerramientos-para-el-nuevo-ambulatorio-de-sant-pere-de-ribes\/#primaryimage"},"image":{"@id":"https:\/\/www.garciafaura.com\/es\/cerramientos-para-el-nuevo-ambulatorio-de-sant-pere-de-ribes\/#primaryimage"},"thumbnailUrl":"https:\/\/www.garciafaura.com\/wp-content\/uploads\/2018\/11\/capribes01.jpg","datePublished":"2017-02-20T00:00:00+00:00","dateModified":"2019-06-03T12:00:34+00:00","description":"Arquitectura en Alumini, Inox, Ferro i Vidre","breadcrumb":{"@id":"https:\/\/www.garciafaura.com\/es\/cerramientos-para-el-nuevo-ambulatorio-de-sant-pere-de-ribes\/#breadcrumb"},"inLanguage":"es","potentialAction":[{"@type":"ReadAction","target":["https:\/\/www.garciafaura.com\/es\/cerramientos-para-el-nuevo-ambulatorio-de-sant-pere-de-ribes\/"]}]},{"@type":"ImageObject","inLanguage":"es","@id":"https:\/\/www.garciafaura.com\/es\/cerramientos-para-el-nuevo-ambulatorio-de-sant-pere-de-ribes\/#primaryimage","url":"https:\/\/www.garciafaura.com\/wp-content\/uploads\/2018\/11\/capribes01.jpg","contentUrl":"https:\/\/www.garciafaura.com\/wp-content\/uploads\/2018\/11\/capribes01.jpg"},{"@type":"BreadcrumbList","@id":"https:\/\/www.garciafaura.com\/es\/cerramientos-para-el-nuevo-ambulatorio-de-sant-pere-de-ribes\/#breadcrumb","itemListElement":[{"@type":"ListItem","position":1,"name":"Inici","item":"https:\/\/www.garciafaura.com\/es\/"},{"@type":"ListItem","position":2,"name":"Cerramientos para el nuevo ambulatorio de Sant Pere de Ribes"}]},{"@type":"WebSite","@id":"https:\/\/www.garciafaura.com\/fr\/#website","url":"https:\/\/www.garciafaura.com\/fr\/","name":"GARCIA FAURA","description":"Arquitectura en Alumini, Inox, Ferro i Vidre","publisher":{"@id":"https:\/\/www.garciafaura.com\/fr\/#organization"},"potentialAction":[{"@type":"SearchAction","target":{"@type":"EntryPoint","urlTemplate":"https:\/\/www.garciafaura.com\/fr\/?s={search_term_string}"},"query-input":{"@type":"PropertyValueSpecification","valueRequired":true,"valueName":"search_term_string"}}],"inLanguage":"es"},{"@type":"Organization","@id":"https:\/\/www.garciafaura.com\/fr\/#organization","name":"GARCIA FAURA","url":"https:\/\/www.garciafaura.com\/fr\/","logo":{"@type":"ImageObject","inLanguage":"es","@id":"https:\/\/www.garciafaura.com\/fr\/#\/schema\/logo\/image\/","url":"https:\/\/www.garciafaura.com\/wp-content\/uploads\/2018\/09\/Garcia-Faura.png","contentUrl":"https:\/\/www.garciafaura.com\/wp-content\/uploads\/2018\/09\/Garcia-Faura.png","width":512,"height":512,"caption":"GARCIA FAURA"},"image":{"@id":"https:\/\/www.garciafaura.com\/fr\/#\/schema\/logo\/image\/"},"sameAs":["https:\/\/www.youtube.com\/user\/GARCIAFAURA"]},{"@type":"Person","@id":"https:\/\/www.garciafaura.com\/fr\/#\/schema\/person\/b4b75e69b33fac3446071909bec106b0","name":"David Achell","image":{"@type":"ImageObject","inLanguage":"es","@id":"https:\/\/www.garciafaura.com\/fr\/#\/schema\/person\/image\/","url":"https:\/\/secure.gravatar.com\/avatar\/03900210afc1f61bce737bcb4a79c02e2c997f171e3eca839b5a4cbe03846c90?s=96&d=blank&r=g","contentUrl":"https:\/\/secure.gravatar.com\/avatar\/03900210afc1f61bce737bcb4a79c02e2c997f171e3eca839b5a4cbe03846c90?s=96&d=blank&r=g","caption":"David Achell"}}]}},"_links":{"self":[{"href":"https:\/\/www.garciafaura.com\/es\/wp-json\/wp\/v2\/posts\/6717","targetHints":{"allow":["GET"]}}],"collection":[{"href":"https:\/\/www.garciafaura.com\/es\/wp-json\/wp\/v2\/posts"}],"about":[{"href":"https:\/\/www.garciafaura.com\/es\/wp-json\/wp\/v2\/types\/post"}],"author":[{"embeddable":true,"href":"https:\/\/www.garciafaura.com\/es\/wp-json\/wp\/v2\/users\/3"}],"replies":[{"embeddable":true,"href":"https:\/\/www.garciafaura.com\/es\/wp-json\/wp\/v2\/comments?post=6717"}],"version-history":[{"count":1,"href":"https:\/\/www.garciafaura.com\/es\/wp-json\/wp\/v2\/posts\/6717\/revisions"}],"predecessor-version":[{"id":21547,"href":"https:\/\/www.garciafaura.com\/es\/wp-json\/wp\/v2\/posts\/6717\/revisions\/21547"}],"wp:featuredmedia":[{"embeddable":true,"href":"https:\/\/www.garciafaura.com\/es\/wp-json\/wp\/v2\/media\/6701"}],"wp:attachment":[{"href":"https:\/\/www.garciafaura.com\/es\/wp-json\/wp\/v2\/media?parent=6717"}],"wp:term":[{"taxonomy":"category","embeddable":true,"href":"https:\/\/www.garciafaura.com\/es\/wp-json\/wp\/v2\/categories?post=6717"},{"taxonomy":"post_tag","embeddable":true,"href":"https:\/\/www.garciafaura.com\/es\/wp-json\/wp\/v2\/tags?post=6717"},{"taxonomy":"post_series","embeddable":true,"href":"https:\/\/www.garciafaura.com\/es\/wp-json\/wp\/v2\/post_series?post=6717"}],"curies":[{"name":"wp","href":"https:\/\/api.w.org\/{rel}","templated":true}]}}