{"id":6697,"date":"2017-02-17T00:00:00","date_gmt":"2017-02-17T00:00:00","guid":{"rendered":"https:\/\/www.garciafaura.com\/nueva-biblioteca-publica-en-sant-sadurni-danoia\/"},"modified":"2019-06-03T12:01:03","modified_gmt":"2019-06-03T12:01:03","slug":"nueva-biblioteca-publica-en-sant-sadurni-danoia","status":"publish","type":"post","link":"https:\/\/www.garciafaura.com\/es\/nueva-biblioteca-publica-en-sant-sadurni-danoia\/","title":{"rendered":"Nueva biblioteca p\u00fablica en Sant Sadurn\u00ed d\u2019Anoia"},"content":{"rendered":"<p>&nbsp;<\/p>\n<p>El municipio de la comarca del Pened\u00e8s est\u00e1 rehabilitando el edificio de las antiguas escuelas de la Pla\u00e7a Nova para acoger un nuevo equipamiento municipal que, entre otros, acoger\u00e1 las nuevas instalaciones de la Biblioteca p\u00fablica. En concreto se habilita la planta baja y la primera planta para la ubicaci\u00f3n de la biblioteca, mientras que la planta subterr\u00e1nea dar\u00e1 servicio al archivo municipal y dependencias de administraci\u00f3n.<\/p>\n<p>&nbsp;<\/p>\n<p><strong>GARCIA FAURA<\/strong> participa del proceso de construcci\u00f3n de este nuevo equipamiento, habiendo recibido el encargo de fabricar e instalar los cerramientos exteriores, un lucernario, un peque\u00f1o muro cortina y el bloque de mamparas y puertas de vidrio interiores. El conjunto de cerramientos exteriores, que suman 250 metros cuadrados, se desarrollan con perfiler\u00eda de aluminio de hoja oculta, lo que permite minimizar el impacto de volumen de perfil y ganar en m\u00e1xima luminosidad interior. Los cristales, adem\u00e1s, presentan una capa de baja emisividad, lo que confiere a\u00fan mayor confortabilidad al equipamiento. Lo mismo ocurre con el lucernario y el muro cortina, que suman cerca de 210 metros cuadrados y mantienen la est\u00e9tica general del proyecto arquitect\u00f3nico.<\/p>\n<p>&nbsp;<\/p>\n<p>La empresa trabajar\u00e1 a lo largo del primer trimestre del a\u00f1o en este equipamiento para dejar terminada la fase de instalaci\u00f3n dentro de los plazos establecidos por el proyecto.<\/p>\n","protected":false},"excerpt":{"rendered":"<p>GARCIA FAURA ha recibido el encargo de fabricar e instalar los cerramientos exteriores del nuevo equipamiento cultural de la ciudad. Adem\u00e1s, tambi\u00e9n se realizar\u00e1n las tareas de desarrollo e instalaci\u00f3n de un lucernario y una zona de muro cortina que contribuir\u00e1n a dotar a las instalaciones de mayor aprovechamiento de la luz natural y un aumento del confort interior. Los trabajos se llevar\u00e1n a cabo durante el primer trimestre de 2017.<\/p>\n","protected":false},"author":3,"featured_media":6685,"comment_status":"open","ping_status":"open","sticky":false,"template":"","format":"standard","meta":{"footnotes":""},"categories":[3],"tags":[],"post_series":[],"class_list":["post-6697","post","type-post","status-publish","format-standard","has-post-thumbnail","hentry","category-actualidad","entry","has-media"],"yoast_head":"<!-- This site is optimized with the Yoast SEO plugin v26.7 - https:\/\/yoast.com\/wordpress\/plugins\/seo\/ -->\n<title>Nueva biblioteca p\u00fablica en Sant Sadurn\u00ed d\u2019Anoia - GARCIA FAURA<\/title>\n<meta name=\"description\" content=\"Arquitectura en Alumini, Inox, Ferro i Vidre\" \/>\n<meta name=\"robots\" content=\"index, follow, max-snippet:-1, max-image-preview:large, max-video-preview:-1\" \/>\n<link rel=\"canonical\" href=\"https:\/\/www.garciafaura.com\/es\/nueva-biblioteca-publica-en-sant-sadurni-danoia\/\" \/>\n<meta property=\"og:locale\" content=\"es_ES\" \/>\n<meta property=\"og:type\" content=\"article\" \/>\n<meta property=\"og:title\" content=\"Nueva biblioteca p\u00fablica en Sant Sadurn\u00ed d\u2019Anoia - GARCIA FAURA\" \/>\n<meta property=\"og:description\" content=\"Arquitectura en Alumini, Inox, Ferro i Vidre\" \/>\n<meta property=\"og:url\" content=\"https:\/\/www.garciafaura.com\/es\/nueva-biblioteca-publica-en-sant-sadurni-danoia\/\" \/>\n<meta property=\"og:site_name\" content=\"GARCIA FAURA\" \/>\n<meta property=\"article:published_time\" content=\"2017-02-17T00:00:00+00:00\" \/>\n<meta property=\"article:modified_time\" content=\"2019-06-03T12:01:03+00:00\" \/>\n<meta property=\"og:image\" content=\"https:\/\/www.garciafaura.com\/wp-content\/uploads\/2018\/11\/centre_cultural_1.jpg\" \/>\n\t<meta property=\"og:image:width\" content=\"1\" \/>\n\t<meta property=\"og:image:height\" content=\"1\" \/>\n\t<meta property=\"og:image:type\" content=\"image\/jpeg\" \/>\n<meta name=\"author\" content=\"David Achell\" \/>\n<meta name=\"twitter:card\" content=\"summary_large_image\" \/>\n<meta name=\"twitter:label1\" content=\"Escrito por\" \/>\n\t<meta name=\"twitter:data1\" content=\"David Achell\" \/>\n\t<meta name=\"twitter:label2\" content=\"Tiempo de lectura\" \/>\n\t<meta name=\"twitter:data2\" content=\"1 minuto\" \/>\n<script type=\"application\/ld+json\" class=\"yoast-schema-graph\">{\"@context\":\"https:\/\/schema.org\",\"@graph\":[{\"@type\":\"Article\",\"@id\":\"https:\/\/www.garciafaura.com\/es\/nueva-biblioteca-publica-en-sant-sadurni-danoia\/#article\",\"isPartOf\":{\"@id\":\"https:\/\/www.garciafaura.com\/es\/nueva-biblioteca-publica-en-sant-sadurni-danoia\/\"},\"author\":{\"name\":\"David Achell\",\"@id\":\"https:\/\/www.garciafaura.com\/fr\/#\/schema\/person\/b4b75e69b33fac3446071909bec106b0\"},\"headline\":\"Nueva biblioteca p\u00fablica en Sant Sadurn\u00ed d\u2019Anoia\",\"datePublished\":\"2017-02-17T00:00:00+00:00\",\"dateModified\":\"2019-06-03T12:01:03+00:00\",\"mainEntityOfPage\":{\"@id\":\"https:\/\/www.garciafaura.com\/es\/nueva-biblioteca-publica-en-sant-sadurni-danoia\/\"},\"wordCount\":237,\"commentCount\":0,\"publisher\":{\"@id\":\"https:\/\/www.garciafaura.com\/fr\/#organization\"},\"image\":{\"@id\":\"https:\/\/www.garciafaura.com\/es\/nueva-biblioteca-publica-en-sant-sadurni-danoia\/#primaryimage\"},\"thumbnailUrl\":\"https:\/\/www.garciafaura.com\/wp-content\/uploads\/2018\/11\/centre_cultural_1.jpg\",\"articleSection\":[\"Actualidad\"],\"inLanguage\":\"es\",\"potentialAction\":[{\"@type\":\"CommentAction\",\"name\":\"Comment\",\"target\":[\"https:\/\/www.garciafaura.com\/es\/nueva-biblioteca-publica-en-sant-sadurni-danoia\/#respond\"]}]},{\"@type\":\"WebPage\",\"@id\":\"https:\/\/www.garciafaura.com\/es\/nueva-biblioteca-publica-en-sant-sadurni-danoia\/\",\"url\":\"https:\/\/www.garciafaura.com\/es\/nueva-biblioteca-publica-en-sant-sadurni-danoia\/\",\"name\":\"Nueva biblioteca p\u00fablica en Sant Sadurn\u00ed d\u2019Anoia - GARCIA FAURA\",\"isPartOf\":{\"@id\":\"https:\/\/www.garciafaura.com\/fr\/#website\"},\"primaryImageOfPage\":{\"@id\":\"https:\/\/www.garciafaura.com\/es\/nueva-biblioteca-publica-en-sant-sadurni-danoia\/#primaryimage\"},\"image\":{\"@id\":\"https:\/\/www.garciafaura.com\/es\/nueva-biblioteca-publica-en-sant-sadurni-danoia\/#primaryimage\"},\"thumbnailUrl\":\"https:\/\/www.garciafaura.com\/wp-content\/uploads\/2018\/11\/centre_cultural_1.jpg\",\"datePublished\":\"2017-02-17T00:00:00+00:00\",\"dateModified\":\"2019-06-03T12:01:03+00:00\",\"description\":\"Arquitectura en Alumini, Inox, Ferro i Vidre\",\"breadcrumb\":{\"@id\":\"https:\/\/www.garciafaura.com\/es\/nueva-biblioteca-publica-en-sant-sadurni-danoia\/#breadcrumb\"},\"inLanguage\":\"es\",\"potentialAction\":[{\"@type\":\"ReadAction\",\"target\":[\"https:\/\/www.garciafaura.com\/es\/nueva-biblioteca-publica-en-sant-sadurni-danoia\/\"]}]},{\"@type\":\"ImageObject\",\"inLanguage\":\"es\",\"@id\":\"https:\/\/www.garciafaura.com\/es\/nueva-biblioteca-publica-en-sant-sadurni-danoia\/#primaryimage\",\"url\":\"https:\/\/www.garciafaura.com\/wp-content\/uploads\/2018\/11\/centre_cultural_1.jpg\",\"contentUrl\":\"https:\/\/www.garciafaura.com\/wp-content\/uploads\/2018\/11\/centre_cultural_1.jpg\"},{\"@type\":\"BreadcrumbList\",\"@id\":\"https:\/\/www.garciafaura.com\/es\/nueva-biblioteca-publica-en-sant-sadurni-danoia\/#breadcrumb\",\"itemListElement\":[{\"@type\":\"ListItem\",\"position\":1,\"name\":\"Inici\",\"item\":\"https:\/\/www.garciafaura.com\/es\/\"},{\"@type\":\"ListItem\",\"position\":2,\"name\":\"Nueva biblioteca p\u00fablica en Sant Sadurn\u00ed d\u2019Anoia\"}]},{\"@type\":\"WebSite\",\"@id\":\"https:\/\/www.garciafaura.com\/fr\/#website\",\"url\":\"https:\/\/www.garciafaura.com\/fr\/\",\"name\":\"GARCIA FAURA\",\"description\":\"Arquitectura en Alumini, Inox, Ferro i Vidre\",\"publisher\":{\"@id\":\"https:\/\/www.garciafaura.com\/fr\/#organization\"},\"potentialAction\":[{\"@type\":\"SearchAction\",\"target\":{\"@type\":\"EntryPoint\",\"urlTemplate\":\"https:\/\/www.garciafaura.com\/fr\/?s={search_term_string}\"},\"query-input\":{\"@type\":\"PropertyValueSpecification\",\"valueRequired\":true,\"valueName\":\"search_term_string\"}}],\"inLanguage\":\"es\"},{\"@type\":\"Organization\",\"@id\":\"https:\/\/www.garciafaura.com\/fr\/#organization\",\"name\":\"GARCIA FAURA\",\"url\":\"https:\/\/www.garciafaura.com\/fr\/\",\"logo\":{\"@type\":\"ImageObject\",\"inLanguage\":\"es\",\"@id\":\"https:\/\/www.garciafaura.com\/fr\/#\/schema\/logo\/image\/\",\"url\":\"https:\/\/www.garciafaura.com\/wp-content\/uploads\/2018\/09\/Garcia-Faura.png\",\"contentUrl\":\"https:\/\/www.garciafaura.com\/wp-content\/uploads\/2018\/09\/Garcia-Faura.png\",\"width\":512,\"height\":512,\"caption\":\"GARCIA FAURA\"},\"image\":{\"@id\":\"https:\/\/www.garciafaura.com\/fr\/#\/schema\/logo\/image\/\"},\"sameAs\":[\"https:\/\/www.youtube.com\/user\/GARCIAFAURA\"]},{\"@type\":\"Person\",\"@id\":\"https:\/\/www.garciafaura.com\/fr\/#\/schema\/person\/b4b75e69b33fac3446071909bec106b0\",\"name\":\"David Achell\",\"image\":{\"@type\":\"ImageObject\",\"inLanguage\":\"es\",\"@id\":\"https:\/\/www.garciafaura.com\/fr\/#\/schema\/person\/image\/\",\"url\":\"https:\/\/secure.gravatar.com\/avatar\/03900210afc1f61bce737bcb4a79c02e2c997f171e3eca839b5a4cbe03846c90?s=96&d=blank&r=g\",\"contentUrl\":\"https:\/\/secure.gravatar.com\/avatar\/03900210afc1f61bce737bcb4a79c02e2c997f171e3eca839b5a4cbe03846c90?s=96&d=blank&r=g\",\"caption\":\"David Achell\"}}]}<\/script>\n<!-- \/ Yoast SEO plugin. -->","yoast_head_json":{"title":"Nueva biblioteca p\u00fablica en Sant Sadurn\u00ed d\u2019Anoia - GARCIA FAURA","description":"Arquitectura en Alumini, Inox, Ferro i Vidre","robots":{"index":"index","follow":"follow","max-snippet":"max-snippet:-1","max-image-preview":"max-image-preview:large","max-video-preview":"max-video-preview:-1"},"canonical":"https:\/\/www.garciafaura.com\/es\/nueva-biblioteca-publica-en-sant-sadurni-danoia\/","og_locale":"es_ES","og_type":"article","og_title":"Nueva biblioteca p\u00fablica en Sant Sadurn\u00ed d\u2019Anoia - GARCIA FAURA","og_description":"Arquitectura en Alumini, Inox, Ferro i Vidre","og_url":"https:\/\/www.garciafaura.com\/es\/nueva-biblioteca-publica-en-sant-sadurni-danoia\/","og_site_name":"GARCIA FAURA","article_published_time":"2017-02-17T00:00:00+00:00","article_modified_time":"2019-06-03T12:01:03+00:00","og_image":[{"url":"https:\/\/www.garciafaura.com\/wp-content\/uploads\/2018\/11\/centre_cultural_1.jpg","width":1,"height":1,"type":"image\/jpeg"}],"author":"David Achell","twitter_card":"summary_large_image","twitter_misc":{"Escrito por":"David Achell","Tiempo de lectura":"1 minuto"},"schema":{"@context":"https:\/\/schema.org","@graph":[{"@type":"Article","@id":"https:\/\/www.garciafaura.com\/es\/nueva-biblioteca-publica-en-sant-sadurni-danoia\/#article","isPartOf":{"@id":"https:\/\/www.garciafaura.com\/es\/nueva-biblioteca-publica-en-sant-sadurni-danoia\/"},"author":{"name":"David Achell","@id":"https:\/\/www.garciafaura.com\/fr\/#\/schema\/person\/b4b75e69b33fac3446071909bec106b0"},"headline":"Nueva biblioteca p\u00fablica en Sant Sadurn\u00ed d\u2019Anoia","datePublished":"2017-02-17T00:00:00+00:00","dateModified":"2019-06-03T12:01:03+00:00","mainEntityOfPage":{"@id":"https:\/\/www.garciafaura.com\/es\/nueva-biblioteca-publica-en-sant-sadurni-danoia\/"},"wordCount":237,"commentCount":0,"publisher":{"@id":"https:\/\/www.garciafaura.com\/fr\/#organization"},"image":{"@id":"https:\/\/www.garciafaura.com\/es\/nueva-biblioteca-publica-en-sant-sadurni-danoia\/#primaryimage"},"thumbnailUrl":"https:\/\/www.garciafaura.com\/wp-content\/uploads\/2018\/11\/centre_cultural_1.jpg","articleSection":["Actualidad"],"inLanguage":"es","potentialAction":[{"@type":"CommentAction","name":"Comment","target":["https:\/\/www.garciafaura.com\/es\/nueva-biblioteca-publica-en-sant-sadurni-danoia\/#respond"]}]},{"@type":"WebPage","@id":"https:\/\/www.garciafaura.com\/es\/nueva-biblioteca-publica-en-sant-sadurni-danoia\/","url":"https:\/\/www.garciafaura.com\/es\/nueva-biblioteca-publica-en-sant-sadurni-danoia\/","name":"Nueva biblioteca p\u00fablica en Sant Sadurn\u00ed d\u2019Anoia - GARCIA FAURA","isPartOf":{"@id":"https:\/\/www.garciafaura.com\/fr\/#website"},"primaryImageOfPage":{"@id":"https:\/\/www.garciafaura.com\/es\/nueva-biblioteca-publica-en-sant-sadurni-danoia\/#primaryimage"},"image":{"@id":"https:\/\/www.garciafaura.com\/es\/nueva-biblioteca-publica-en-sant-sadurni-danoia\/#primaryimage"},"thumbnailUrl":"https:\/\/www.garciafaura.com\/wp-content\/uploads\/2018\/11\/centre_cultural_1.jpg","datePublished":"2017-02-17T00:00:00+00:00","dateModified":"2019-06-03T12:01:03+00:00","description":"Arquitectura en Alumini, Inox, Ferro i Vidre","breadcrumb":{"@id":"https:\/\/www.garciafaura.com\/es\/nueva-biblioteca-publica-en-sant-sadurni-danoia\/#breadcrumb"},"inLanguage":"es","potentialAction":[{"@type":"ReadAction","target":["https:\/\/www.garciafaura.com\/es\/nueva-biblioteca-publica-en-sant-sadurni-danoia\/"]}]},{"@type":"ImageObject","inLanguage":"es","@id":"https:\/\/www.garciafaura.com\/es\/nueva-biblioteca-publica-en-sant-sadurni-danoia\/#primaryimage","url":"https:\/\/www.garciafaura.com\/wp-content\/uploads\/2018\/11\/centre_cultural_1.jpg","contentUrl":"https:\/\/www.garciafaura.com\/wp-content\/uploads\/2018\/11\/centre_cultural_1.jpg"},{"@type":"BreadcrumbList","@id":"https:\/\/www.garciafaura.com\/es\/nueva-biblioteca-publica-en-sant-sadurni-danoia\/#breadcrumb","itemListElement":[{"@type":"ListItem","position":1,"name":"Inici","item":"https:\/\/www.garciafaura.com\/es\/"},{"@type":"ListItem","position":2,"name":"Nueva biblioteca p\u00fablica en Sant Sadurn\u00ed d\u2019Anoia"}]},{"@type":"WebSite","@id":"https:\/\/www.garciafaura.com\/fr\/#website","url":"https:\/\/www.garciafaura.com\/fr\/","name":"GARCIA FAURA","description":"Arquitectura en Alumini, Inox, Ferro i Vidre","publisher":{"@id":"https:\/\/www.garciafaura.com\/fr\/#organization"},"potentialAction":[{"@type":"SearchAction","target":{"@type":"EntryPoint","urlTemplate":"https:\/\/www.garciafaura.com\/fr\/?s={search_term_string}"},"query-input":{"@type":"PropertyValueSpecification","valueRequired":true,"valueName":"search_term_string"}}],"inLanguage":"es"},{"@type":"Organization","@id":"https:\/\/www.garciafaura.com\/fr\/#organization","name":"GARCIA FAURA","url":"https:\/\/www.garciafaura.com\/fr\/","logo":{"@type":"ImageObject","inLanguage":"es","@id":"https:\/\/www.garciafaura.com\/fr\/#\/schema\/logo\/image\/","url":"https:\/\/www.garciafaura.com\/wp-content\/uploads\/2018\/09\/Garcia-Faura.png","contentUrl":"https:\/\/www.garciafaura.com\/wp-content\/uploads\/2018\/09\/Garcia-Faura.png","width":512,"height":512,"caption":"GARCIA FAURA"},"image":{"@id":"https:\/\/www.garciafaura.com\/fr\/#\/schema\/logo\/image\/"},"sameAs":["https:\/\/www.youtube.com\/user\/GARCIAFAURA"]},{"@type":"Person","@id":"https:\/\/www.garciafaura.com\/fr\/#\/schema\/person\/b4b75e69b33fac3446071909bec106b0","name":"David Achell","image":{"@type":"ImageObject","inLanguage":"es","@id":"https:\/\/www.garciafaura.com\/fr\/#\/schema\/person\/image\/","url":"https:\/\/secure.gravatar.com\/avatar\/03900210afc1f61bce737bcb4a79c02e2c997f171e3eca839b5a4cbe03846c90?s=96&d=blank&r=g","contentUrl":"https:\/\/secure.gravatar.com\/avatar\/03900210afc1f61bce737bcb4a79c02e2c997f171e3eca839b5a4cbe03846c90?s=96&d=blank&r=g","caption":"David Achell"}}]}},"_links":{"self":[{"href":"https:\/\/www.garciafaura.com\/es\/wp-json\/wp\/v2\/posts\/6697","targetHints":{"allow":["GET"]}}],"collection":[{"href":"https:\/\/www.garciafaura.com\/es\/wp-json\/wp\/v2\/posts"}],"about":[{"href":"https:\/\/www.garciafaura.com\/es\/wp-json\/wp\/v2\/types\/post"}],"author":[{"embeddable":true,"href":"https:\/\/www.garciafaura.com\/es\/wp-json\/wp\/v2\/users\/3"}],"replies":[{"embeddable":true,"href":"https:\/\/www.garciafaura.com\/es\/wp-json\/wp\/v2\/comments?post=6697"}],"version-history":[{"count":1,"href":"https:\/\/www.garciafaura.com\/es\/wp-json\/wp\/v2\/posts\/6697\/revisions"}],"predecessor-version":[{"id":21548,"href":"https:\/\/www.garciafaura.com\/es\/wp-json\/wp\/v2\/posts\/6697\/revisions\/21548"}],"wp:featuredmedia":[{"embeddable":true,"href":"https:\/\/www.garciafaura.com\/es\/wp-json\/wp\/v2\/media\/6685"}],"wp:attachment":[{"href":"https:\/\/www.garciafaura.com\/es\/wp-json\/wp\/v2\/media?parent=6697"}],"wp:term":[{"taxonomy":"category","embeddable":true,"href":"https:\/\/www.garciafaura.com\/es\/wp-json\/wp\/v2\/categories?post=6697"},{"taxonomy":"post_tag","embeddable":true,"href":"https:\/\/www.garciafaura.com\/es\/wp-json\/wp\/v2\/tags?post=6697"},{"taxonomy":"post_series","embeddable":true,"href":"https:\/\/www.garciafaura.com\/es\/wp-json\/wp\/v2\/post_series?post=6697"}],"curies":[{"name":"wp","href":"https:\/\/api.w.org\/{rel}","templated":true}]}}