{"id":6681,"date":"2017-02-13T00:00:00","date_gmt":"2017-02-13T00:00:00","guid":{"rendered":"https:\/\/www.garciafaura.com\/finalizados-los-trabajos-del-bloque-de-viviendas-torre-diagonal\/"},"modified":"2019-06-03T12:01:20","modified_gmt":"2019-06-03T12:01:20","slug":"finalizados-los-trabajos-del-bloque-de-viviendas-torre-diagonal","status":"publish","type":"post","link":"https:\/\/www.garciafaura.com\/es\/finalizados-los-trabajos-del-bloque-de-viviendas-torre-diagonal\/","title":{"rendered":"Finalizados los trabajos del bloque de viviendas Torre Diagonal"},"content":{"rendered":"<p>&nbsp;<\/p>\n<p>A lo largo de 2016, la empresa ha sido la encargada de fabricar e instalar 825 cerramientos de aluminio para esta espectacular torre, que contin\u00faa dibujando el nuevo skyline de la ciudad de Barcelona. Se trata de un bloque de 125 viviendas repartidas en un total de 26 plantas de altura, con una zona comunitaria que cuenta, entre otros, con una piscina en la azotea del edificio.<\/p>\n<p>&nbsp;<\/p>\n<p>Por las propias caracter\u00edsticas de la torre, tanto de ubicaci\u00f3n como de altura, <strong>GARCIA FAURA<\/strong> ha\u00a0proyectado puertas y ventanas con rotura de puente t\u00e9rmico y altas prestaciones t\u00e9cnicas, para aumentar sus niveles de aislamiento y resistencia a los fen\u00f3menos meteorol\u00f3gicos. Se combinan aperturas practicables y correderas, en funci\u00f3n del uso de cada cerramiento y su distribuci\u00f3n en el conjunto de la edificaci\u00f3n. Adem\u00e1s, para mantener la est\u00e9tica propia del proyecto, los cerramientos presentan un acabado bicolor, con la perfiler\u00eda interior en blanco y la cara exterior en gris.<\/p>\n<p>&nbsp;<\/p>\n<p>El inter\u00e9s que ha levantado la construcci\u00f3n de este bloque de inmuebles ha sido tal que, antes de finalizar la obra ya se hab\u00edan vendido m\u00e1s del 95% de los pisos. Los nuevos propietarios se trasladar\u00e1n en las pr\u00f3ximas semanas.<\/p>\n","protected":false},"excerpt":{"rendered":"<p>GARCIA FAURA ha completado la instalaci\u00f3n de los m\u00e1s de 800 cerramientos de aluminio que conforman la espectacular Torre Diagonal, el nuevo bloque de vivienda residencial de la avenida Diagonal de Barcelona. Una torre de 26 plantas con 125 pisos exclusivos que disfruta de unas excepcionales vistas sobre toda la ciudad. Los trabajos tambi\u00e9n han contemplado la instalaci\u00f3n de cerca de 3000 metros cuadrados de cristales de fachada.<\/p>\n","protected":false},"author":3,"featured_media":6665,"comment_status":"open","ping_status":"open","sticky":false,"template":"","format":"standard","meta":{"footnotes":""},"categories":[3],"tags":[],"post_series":[],"class_list":["post-6681","post","type-post","status-publish","format-standard","has-post-thumbnail","hentry","category-actualidad","entry","has-media"],"yoast_head":"<!-- This site is optimized with the Yoast SEO plugin v26.7 - https:\/\/yoast.com\/wordpress\/plugins\/seo\/ -->\n<title>Finalizados los trabajos del bloque de viviendas Torre Diagonal - GARCIA FAURA<\/title>\n<meta name=\"description\" content=\"Arquitectura en Alumini, Inox, Ferro i Vidre\" \/>\n<meta name=\"robots\" content=\"index, follow, max-snippet:-1, max-image-preview:large, max-video-preview:-1\" \/>\n<link rel=\"canonical\" href=\"https:\/\/www.garciafaura.com\/es\/finalizados-los-trabajos-del-bloque-de-viviendas-torre-diagonal\/\" \/>\n<meta property=\"og:locale\" content=\"es_ES\" \/>\n<meta property=\"og:type\" content=\"article\" \/>\n<meta property=\"og:title\" content=\"Finalizados los trabajos del bloque de viviendas Torre Diagonal - GARCIA FAURA\" \/>\n<meta property=\"og:description\" content=\"Arquitectura en Alumini, Inox, Ferro i Vidre\" \/>\n<meta property=\"og:url\" content=\"https:\/\/www.garciafaura.com\/es\/finalizados-los-trabajos-del-bloque-de-viviendas-torre-diagonal\/\" \/>\n<meta property=\"og:site_name\" content=\"GARCIA FAURA\" \/>\n<meta property=\"article:published_time\" content=\"2017-02-13T00:00:00+00:00\" \/>\n<meta property=\"article:modified_time\" content=\"2019-06-03T12:01:20+00:00\" \/>\n<meta property=\"og:image\" content=\"https:\/\/www.garciafaura.com\/wp-content\/uploads\/2018\/11\/216-01.jpg\" \/>\n\t<meta property=\"og:image:width\" content=\"1\" \/>\n\t<meta property=\"og:image:height\" content=\"1\" \/>\n\t<meta property=\"og:image:type\" content=\"image\/jpeg\" \/>\n<meta name=\"author\" content=\"David Achell\" \/>\n<meta name=\"twitter:card\" content=\"summary_large_image\" \/>\n<meta name=\"twitter:label1\" content=\"Escrito por\" \/>\n\t<meta name=\"twitter:data1\" content=\"David Achell\" \/>\n\t<meta name=\"twitter:label2\" content=\"Tiempo de lectura\" \/>\n\t<meta name=\"twitter:data2\" content=\"1 minuto\" \/>\n<script type=\"application\/ld+json\" class=\"yoast-schema-graph\">{\"@context\":\"https:\/\/schema.org\",\"@graph\":[{\"@type\":\"Article\",\"@id\":\"https:\/\/www.garciafaura.com\/es\/finalizados-los-trabajos-del-bloque-de-viviendas-torre-diagonal\/#article\",\"isPartOf\":{\"@id\":\"https:\/\/www.garciafaura.com\/es\/finalizados-los-trabajos-del-bloque-de-viviendas-torre-diagonal\/\"},\"author\":{\"name\":\"David Achell\",\"@id\":\"https:\/\/www.garciafaura.com\/fr\/#\/schema\/person\/b4b75e69b33fac3446071909bec106b0\"},\"headline\":\"Finalizados los trabajos del bloque de viviendas Torre Diagonal\",\"datePublished\":\"2017-02-13T00:00:00+00:00\",\"dateModified\":\"2019-06-03T12:01:20+00:00\",\"mainEntityOfPage\":{\"@id\":\"https:\/\/www.garciafaura.com\/es\/finalizados-los-trabajos-del-bloque-de-viviendas-torre-diagonal\/\"},\"wordCount\":222,\"commentCount\":0,\"publisher\":{\"@id\":\"https:\/\/www.garciafaura.com\/fr\/#organization\"},\"image\":{\"@id\":\"https:\/\/www.garciafaura.com\/es\/finalizados-los-trabajos-del-bloque-de-viviendas-torre-diagonal\/#primaryimage\"},\"thumbnailUrl\":\"https:\/\/www.garciafaura.com\/wp-content\/uploads\/2018\/11\/216-01.jpg\",\"articleSection\":[\"Actualidad\"],\"inLanguage\":\"es\",\"potentialAction\":[{\"@type\":\"CommentAction\",\"name\":\"Comment\",\"target\":[\"https:\/\/www.garciafaura.com\/es\/finalizados-los-trabajos-del-bloque-de-viviendas-torre-diagonal\/#respond\"]}]},{\"@type\":\"WebPage\",\"@id\":\"https:\/\/www.garciafaura.com\/es\/finalizados-los-trabajos-del-bloque-de-viviendas-torre-diagonal\/\",\"url\":\"https:\/\/www.garciafaura.com\/es\/finalizados-los-trabajos-del-bloque-de-viviendas-torre-diagonal\/\",\"name\":\"Finalizados los trabajos del bloque de viviendas Torre Diagonal - GARCIA FAURA\",\"isPartOf\":{\"@id\":\"https:\/\/www.garciafaura.com\/fr\/#website\"},\"primaryImageOfPage\":{\"@id\":\"https:\/\/www.garciafaura.com\/es\/finalizados-los-trabajos-del-bloque-de-viviendas-torre-diagonal\/#primaryimage\"},\"image\":{\"@id\":\"https:\/\/www.garciafaura.com\/es\/finalizados-los-trabajos-del-bloque-de-viviendas-torre-diagonal\/#primaryimage\"},\"thumbnailUrl\":\"https:\/\/www.garciafaura.com\/wp-content\/uploads\/2018\/11\/216-01.jpg\",\"datePublished\":\"2017-02-13T00:00:00+00:00\",\"dateModified\":\"2019-06-03T12:01:20+00:00\",\"description\":\"Arquitectura en Alumini, Inox, Ferro i Vidre\",\"breadcrumb\":{\"@id\":\"https:\/\/www.garciafaura.com\/es\/finalizados-los-trabajos-del-bloque-de-viviendas-torre-diagonal\/#breadcrumb\"},\"inLanguage\":\"es\",\"potentialAction\":[{\"@type\":\"ReadAction\",\"target\":[\"https:\/\/www.garciafaura.com\/es\/finalizados-los-trabajos-del-bloque-de-viviendas-torre-diagonal\/\"]}]},{\"@type\":\"ImageObject\",\"inLanguage\":\"es\",\"@id\":\"https:\/\/www.garciafaura.com\/es\/finalizados-los-trabajos-del-bloque-de-viviendas-torre-diagonal\/#primaryimage\",\"url\":\"https:\/\/www.garciafaura.com\/wp-content\/uploads\/2018\/11\/216-01.jpg\",\"contentUrl\":\"https:\/\/www.garciafaura.com\/wp-content\/uploads\/2018\/11\/216-01.jpg\"},{\"@type\":\"BreadcrumbList\",\"@id\":\"https:\/\/www.garciafaura.com\/es\/finalizados-los-trabajos-del-bloque-de-viviendas-torre-diagonal\/#breadcrumb\",\"itemListElement\":[{\"@type\":\"ListItem\",\"position\":1,\"name\":\"Inici\",\"item\":\"https:\/\/www.garciafaura.com\/es\/\"},{\"@type\":\"ListItem\",\"position\":2,\"name\":\"Finalizados los trabajos del bloque de viviendas Torre Diagonal\"}]},{\"@type\":\"WebSite\",\"@id\":\"https:\/\/www.garciafaura.com\/fr\/#website\",\"url\":\"https:\/\/www.garciafaura.com\/fr\/\",\"name\":\"GARCIA FAURA\",\"description\":\"Arquitectura en Alumini, Inox, Ferro i Vidre\",\"publisher\":{\"@id\":\"https:\/\/www.garciafaura.com\/fr\/#organization\"},\"potentialAction\":[{\"@type\":\"SearchAction\",\"target\":{\"@type\":\"EntryPoint\",\"urlTemplate\":\"https:\/\/www.garciafaura.com\/fr\/?s={search_term_string}\"},\"query-input\":{\"@type\":\"PropertyValueSpecification\",\"valueRequired\":true,\"valueName\":\"search_term_string\"}}],\"inLanguage\":\"es\"},{\"@type\":\"Organization\",\"@id\":\"https:\/\/www.garciafaura.com\/fr\/#organization\",\"name\":\"GARCIA FAURA\",\"url\":\"https:\/\/www.garciafaura.com\/fr\/\",\"logo\":{\"@type\":\"ImageObject\",\"inLanguage\":\"es\",\"@id\":\"https:\/\/www.garciafaura.com\/fr\/#\/schema\/logo\/image\/\",\"url\":\"https:\/\/www.garciafaura.com\/wp-content\/uploads\/2018\/09\/Garcia-Faura.png\",\"contentUrl\":\"https:\/\/www.garciafaura.com\/wp-content\/uploads\/2018\/09\/Garcia-Faura.png\",\"width\":512,\"height\":512,\"caption\":\"GARCIA FAURA\"},\"image\":{\"@id\":\"https:\/\/www.garciafaura.com\/fr\/#\/schema\/logo\/image\/\"},\"sameAs\":[\"https:\/\/www.youtube.com\/user\/GARCIAFAURA\"]},{\"@type\":\"Person\",\"@id\":\"https:\/\/www.garciafaura.com\/fr\/#\/schema\/person\/b4b75e69b33fac3446071909bec106b0\",\"name\":\"David Achell\",\"image\":{\"@type\":\"ImageObject\",\"inLanguage\":\"es\",\"@id\":\"https:\/\/www.garciafaura.com\/fr\/#\/schema\/person\/image\/\",\"url\":\"https:\/\/secure.gravatar.com\/avatar\/03900210afc1f61bce737bcb4a79c02e2c997f171e3eca839b5a4cbe03846c90?s=96&d=blank&r=g\",\"contentUrl\":\"https:\/\/secure.gravatar.com\/avatar\/03900210afc1f61bce737bcb4a79c02e2c997f171e3eca839b5a4cbe03846c90?s=96&d=blank&r=g\",\"caption\":\"David Achell\"}}]}<\/script>\n<!-- \/ Yoast SEO plugin. -->","yoast_head_json":{"title":"Finalizados los trabajos del bloque de viviendas Torre Diagonal - GARCIA FAURA","description":"Arquitectura en Alumini, Inox, Ferro i Vidre","robots":{"index":"index","follow":"follow","max-snippet":"max-snippet:-1","max-image-preview":"max-image-preview:large","max-video-preview":"max-video-preview:-1"},"canonical":"https:\/\/www.garciafaura.com\/es\/finalizados-los-trabajos-del-bloque-de-viviendas-torre-diagonal\/","og_locale":"es_ES","og_type":"article","og_title":"Finalizados los trabajos del bloque de viviendas Torre Diagonal - GARCIA FAURA","og_description":"Arquitectura en Alumini, Inox, Ferro i Vidre","og_url":"https:\/\/www.garciafaura.com\/es\/finalizados-los-trabajos-del-bloque-de-viviendas-torre-diagonal\/","og_site_name":"GARCIA FAURA","article_published_time":"2017-02-13T00:00:00+00:00","article_modified_time":"2019-06-03T12:01:20+00:00","og_image":[{"url":"https:\/\/www.garciafaura.com\/wp-content\/uploads\/2018\/11\/216-01.jpg","width":1,"height":1,"type":"image\/jpeg"}],"author":"David Achell","twitter_card":"summary_large_image","twitter_misc":{"Escrito por":"David Achell","Tiempo de lectura":"1 minuto"},"schema":{"@context":"https:\/\/schema.org","@graph":[{"@type":"Article","@id":"https:\/\/www.garciafaura.com\/es\/finalizados-los-trabajos-del-bloque-de-viviendas-torre-diagonal\/#article","isPartOf":{"@id":"https:\/\/www.garciafaura.com\/es\/finalizados-los-trabajos-del-bloque-de-viviendas-torre-diagonal\/"},"author":{"name":"David Achell","@id":"https:\/\/www.garciafaura.com\/fr\/#\/schema\/person\/b4b75e69b33fac3446071909bec106b0"},"headline":"Finalizados los trabajos del bloque de viviendas Torre Diagonal","datePublished":"2017-02-13T00:00:00+00:00","dateModified":"2019-06-03T12:01:20+00:00","mainEntityOfPage":{"@id":"https:\/\/www.garciafaura.com\/es\/finalizados-los-trabajos-del-bloque-de-viviendas-torre-diagonal\/"},"wordCount":222,"commentCount":0,"publisher":{"@id":"https:\/\/www.garciafaura.com\/fr\/#organization"},"image":{"@id":"https:\/\/www.garciafaura.com\/es\/finalizados-los-trabajos-del-bloque-de-viviendas-torre-diagonal\/#primaryimage"},"thumbnailUrl":"https:\/\/www.garciafaura.com\/wp-content\/uploads\/2018\/11\/216-01.jpg","articleSection":["Actualidad"],"inLanguage":"es","potentialAction":[{"@type":"CommentAction","name":"Comment","target":["https:\/\/www.garciafaura.com\/es\/finalizados-los-trabajos-del-bloque-de-viviendas-torre-diagonal\/#respond"]}]},{"@type":"WebPage","@id":"https:\/\/www.garciafaura.com\/es\/finalizados-los-trabajos-del-bloque-de-viviendas-torre-diagonal\/","url":"https:\/\/www.garciafaura.com\/es\/finalizados-los-trabajos-del-bloque-de-viviendas-torre-diagonal\/","name":"Finalizados los trabajos del bloque de viviendas Torre Diagonal - GARCIA FAURA","isPartOf":{"@id":"https:\/\/www.garciafaura.com\/fr\/#website"},"primaryImageOfPage":{"@id":"https:\/\/www.garciafaura.com\/es\/finalizados-los-trabajos-del-bloque-de-viviendas-torre-diagonal\/#primaryimage"},"image":{"@id":"https:\/\/www.garciafaura.com\/es\/finalizados-los-trabajos-del-bloque-de-viviendas-torre-diagonal\/#primaryimage"},"thumbnailUrl":"https:\/\/www.garciafaura.com\/wp-content\/uploads\/2018\/11\/216-01.jpg","datePublished":"2017-02-13T00:00:00+00:00","dateModified":"2019-06-03T12:01:20+00:00","description":"Arquitectura en Alumini, Inox, Ferro i Vidre","breadcrumb":{"@id":"https:\/\/www.garciafaura.com\/es\/finalizados-los-trabajos-del-bloque-de-viviendas-torre-diagonal\/#breadcrumb"},"inLanguage":"es","potentialAction":[{"@type":"ReadAction","target":["https:\/\/www.garciafaura.com\/es\/finalizados-los-trabajos-del-bloque-de-viviendas-torre-diagonal\/"]}]},{"@type":"ImageObject","inLanguage":"es","@id":"https:\/\/www.garciafaura.com\/es\/finalizados-los-trabajos-del-bloque-de-viviendas-torre-diagonal\/#primaryimage","url":"https:\/\/www.garciafaura.com\/wp-content\/uploads\/2018\/11\/216-01.jpg","contentUrl":"https:\/\/www.garciafaura.com\/wp-content\/uploads\/2018\/11\/216-01.jpg"},{"@type":"BreadcrumbList","@id":"https:\/\/www.garciafaura.com\/es\/finalizados-los-trabajos-del-bloque-de-viviendas-torre-diagonal\/#breadcrumb","itemListElement":[{"@type":"ListItem","position":1,"name":"Inici","item":"https:\/\/www.garciafaura.com\/es\/"},{"@type":"ListItem","position":2,"name":"Finalizados los trabajos del bloque de viviendas Torre Diagonal"}]},{"@type":"WebSite","@id":"https:\/\/www.garciafaura.com\/fr\/#website","url":"https:\/\/www.garciafaura.com\/fr\/","name":"GARCIA FAURA","description":"Arquitectura en Alumini, Inox, Ferro i Vidre","publisher":{"@id":"https:\/\/www.garciafaura.com\/fr\/#organization"},"potentialAction":[{"@type":"SearchAction","target":{"@type":"EntryPoint","urlTemplate":"https:\/\/www.garciafaura.com\/fr\/?s={search_term_string}"},"query-input":{"@type":"PropertyValueSpecification","valueRequired":true,"valueName":"search_term_string"}}],"inLanguage":"es"},{"@type":"Organization","@id":"https:\/\/www.garciafaura.com\/fr\/#organization","name":"GARCIA FAURA","url":"https:\/\/www.garciafaura.com\/fr\/","logo":{"@type":"ImageObject","inLanguage":"es","@id":"https:\/\/www.garciafaura.com\/fr\/#\/schema\/logo\/image\/","url":"https:\/\/www.garciafaura.com\/wp-content\/uploads\/2018\/09\/Garcia-Faura.png","contentUrl":"https:\/\/www.garciafaura.com\/wp-content\/uploads\/2018\/09\/Garcia-Faura.png","width":512,"height":512,"caption":"GARCIA FAURA"},"image":{"@id":"https:\/\/www.garciafaura.com\/fr\/#\/schema\/logo\/image\/"},"sameAs":["https:\/\/www.youtube.com\/user\/GARCIAFAURA"]},{"@type":"Person","@id":"https:\/\/www.garciafaura.com\/fr\/#\/schema\/person\/b4b75e69b33fac3446071909bec106b0","name":"David Achell","image":{"@type":"ImageObject","inLanguage":"es","@id":"https:\/\/www.garciafaura.com\/fr\/#\/schema\/person\/image\/","url":"https:\/\/secure.gravatar.com\/avatar\/03900210afc1f61bce737bcb4a79c02e2c997f171e3eca839b5a4cbe03846c90?s=96&d=blank&r=g","contentUrl":"https:\/\/secure.gravatar.com\/avatar\/03900210afc1f61bce737bcb4a79c02e2c997f171e3eca839b5a4cbe03846c90?s=96&d=blank&r=g","caption":"David Achell"}}]}},"_links":{"self":[{"href":"https:\/\/www.garciafaura.com\/es\/wp-json\/wp\/v2\/posts\/6681","targetHints":{"allow":["GET"]}}],"collection":[{"href":"https:\/\/www.garciafaura.com\/es\/wp-json\/wp\/v2\/posts"}],"about":[{"href":"https:\/\/www.garciafaura.com\/es\/wp-json\/wp\/v2\/types\/post"}],"author":[{"embeddable":true,"href":"https:\/\/www.garciafaura.com\/es\/wp-json\/wp\/v2\/users\/3"}],"replies":[{"embeddable":true,"href":"https:\/\/www.garciafaura.com\/es\/wp-json\/wp\/v2\/comments?post=6681"}],"version-history":[{"count":1,"href":"https:\/\/www.garciafaura.com\/es\/wp-json\/wp\/v2\/posts\/6681\/revisions"}],"predecessor-version":[{"id":21549,"href":"https:\/\/www.garciafaura.com\/es\/wp-json\/wp\/v2\/posts\/6681\/revisions\/21549"}],"wp:featuredmedia":[{"embeddable":true,"href":"https:\/\/www.garciafaura.com\/es\/wp-json\/wp\/v2\/media\/6665"}],"wp:attachment":[{"href":"https:\/\/www.garciafaura.com\/es\/wp-json\/wp\/v2\/media?parent=6681"}],"wp:term":[{"taxonomy":"category","embeddable":true,"href":"https:\/\/www.garciafaura.com\/es\/wp-json\/wp\/v2\/categories?post=6681"},{"taxonomy":"post_tag","embeddable":true,"href":"https:\/\/www.garciafaura.com\/es\/wp-json\/wp\/v2\/tags?post=6681"},{"taxonomy":"post_series","embeddable":true,"href":"https:\/\/www.garciafaura.com\/es\/wp-json\/wp\/v2\/post_series?post=6681"}],"curies":[{"name":"wp","href":"https:\/\/api.w.org\/{rel}","templated":true}]}}