{"id":6637,"date":"2016-11-18T00:00:00","date_gmt":"2016-11-18T00:00:00","guid":{"rendered":"https:\/\/www.garciafaura.com\/nuevo-edificio-asistencial-para-mutua-de-terrassa\/"},"modified":"2019-06-03T12:02:48","modified_gmt":"2019-06-03T12:02:48","slug":"nuevo-edificio-asistencial-para-mutua-de-terrassa","status":"publish","type":"post","link":"https:\/\/www.garciafaura.com\/es\/nuevo-edificio-asistencial-para-mutua-de-terrassa\/","title":{"rendered":"Nuevo edificio asistencial para M\u00fatua de Terrassa"},"content":{"rendered":"<p>&nbsp;<\/p>\n<p>El Hospital Universitario Mutua de Terrassa, ubicado en el centro hist\u00f3rico de la ciudad, est\u00e1 en constante ampliaci\u00f3n mediante la adquisici\u00f3n de edificios contiguos. El proyecto arquitect\u00f3nico desarrollado por el despacho Duran Arquitectos prev\u00e9 la construcci\u00f3n de un nuevo edificio de Consultas Externas, Rehabilitaci\u00f3n y Contact Center ubicados sobre la actual Estaci\u00f3n Universidad-Vallparad\u00eds de los Ferrocarriles de la Generalitat de Catalunya. Una gran pasillo de cristal situado bajo el puente de Vallparad\u00eds servir\u00e1 para conectar los nuevos edificios con el complejo ya existente. Esta vidriada se acabar\u00e1 abriendo en un\u00a0gran balc\u00f3n volado por encima del parque. Adem\u00e1s estas obras tambi\u00e9n prev\u00e9n la construcci\u00f3n de un n\u00facleo de comunicaciones vertical, donde habr\u00e1 que instalar escaleras mec\u00e1nicas y ascensores para comunicar la plaza dels Drets Humans con las nuevas dependencias m\u00e9dicas de la Mutua.<\/p>\n<p>&nbsp;<\/p>\n<p>Para este proyecto <strong>GARCIA FAURA<\/strong> fabricar\u00e1 e instalar\u00e1 cerca de 700m2 de cerramientos exteriores de fachada de altas prestaciones t\u00e9rmicas y ac\u00fasticas, en pro del m\u00e1ximo aislamiento requerido para un equipamiento hospitalario de estas caracter\u00edsticas. Los trabajos tambi\u00e9n contemplan el conjunto de cerramientos interiores as\u00ed como 300m2 de mamparas de vidrio sobre perfil de inoxidable.<\/p>\n<p>&nbsp;<\/p>\n<p>Dada la proximidad al Parque de Vallparad\u00eds, la estrechez de las calles y el encaje de casas cercanas al complejo, el proyecto ha supuesto un estudio minucioso y cuidadoso para conseguir que las nuevas instalaciones encajen en este entorno hist\u00f3rico de Terrassa.<\/p>\n","protected":false},"excerpt":{"rendered":"<p>La M\u00fatua de Terrassa llevar\u00e1 a cabo una ampliaci\u00f3n de sus instalaciones ubicadas en el Hospital Universitario de la capital del Vall\u00e8s, y en las cuales intervendr\u00e1 GARCIA FAURA. Estas obras incrementar\u00e1n la superficie en m\u00e1s de 14.000m2 y forman parte de los trabajos de ampliaci\u00f3n y mejora continua de este equipamiento sanitario. Se prev\u00e9 tenerlas finalizadas a lo largo de 2017.<\/p>\n","protected":false},"author":3,"featured_media":6625,"comment_status":"open","ping_status":"open","sticky":false,"template":"","format":"standard","meta":{"footnotes":""},"categories":[3],"tags":[],"post_series":[],"class_list":["post-6637","post","type-post","status-publish","format-standard","has-post-thumbnail","hentry","category-actualidad","entry","has-media"],"yoast_head":"<!-- This site is optimized with the Yoast SEO plugin v26.7 - https:\/\/yoast.com\/wordpress\/plugins\/seo\/ -->\n<title>Nuevo edificio asistencial para M\u00fatua de Terrassa - GARCIA FAURA<\/title>\n<meta name=\"description\" content=\"Arquitectura en Alumini, Inox, Ferro i Vidre\" \/>\n<meta name=\"robots\" content=\"index, follow, max-snippet:-1, max-image-preview:large, max-video-preview:-1\" \/>\n<link rel=\"canonical\" href=\"https:\/\/www.garciafaura.com\/es\/nuevo-edificio-asistencial-para-mutua-de-terrassa\/\" \/>\n<meta property=\"og:locale\" content=\"es_ES\" \/>\n<meta property=\"og:type\" content=\"article\" \/>\n<meta property=\"og:title\" content=\"Nuevo edificio asistencial para M\u00fatua de Terrassa - GARCIA FAURA\" \/>\n<meta property=\"og:description\" content=\"Arquitectura en Alumini, Inox, Ferro i Vidre\" \/>\n<meta property=\"og:url\" content=\"https:\/\/www.garciafaura.com\/es\/nuevo-edificio-asistencial-para-mutua-de-terrassa\/\" \/>\n<meta property=\"og:site_name\" content=\"GARCIA FAURA\" \/>\n<meta property=\"article:published_time\" content=\"2016-11-18T00:00:00+00:00\" \/>\n<meta property=\"article:modified_time\" content=\"2019-06-03T12:02:48+00:00\" \/>\n<meta property=\"og:image\" content=\"https:\/\/www.garciafaura.com\/wp-content\/uploads\/2018\/11\/mutuaterrassa01.jpg\" \/>\n\t<meta property=\"og:image:width\" content=\"1\" \/>\n\t<meta property=\"og:image:height\" content=\"1\" \/>\n\t<meta property=\"og:image:type\" content=\"image\/jpeg\" \/>\n<meta name=\"author\" content=\"David Achell\" \/>\n<meta name=\"twitter:card\" content=\"summary_large_image\" \/>\n<meta name=\"twitter:label1\" content=\"Escrito por\" \/>\n\t<meta name=\"twitter:data1\" content=\"David Achell\" \/>\n\t<meta name=\"twitter:label2\" content=\"Tiempo de lectura\" \/>\n\t<meta name=\"twitter:data2\" content=\"1 minuto\" \/>\n<script type=\"application\/ld+json\" class=\"yoast-schema-graph\">{\"@context\":\"https:\/\/schema.org\",\"@graph\":[{\"@type\":\"Article\",\"@id\":\"https:\/\/www.garciafaura.com\/es\/nuevo-edificio-asistencial-para-mutua-de-terrassa\/#article\",\"isPartOf\":{\"@id\":\"https:\/\/www.garciafaura.com\/es\/nuevo-edificio-asistencial-para-mutua-de-terrassa\/\"},\"author\":{\"name\":\"David Achell\",\"@id\":\"https:\/\/www.garciafaura.com\/fr\/#\/schema\/person\/b4b75e69b33fac3446071909bec106b0\"},\"headline\":\"Nuevo edificio asistencial para M\u00fatua de Terrassa\",\"datePublished\":\"2016-11-18T00:00:00+00:00\",\"dateModified\":\"2019-06-03T12:02:48+00:00\",\"mainEntityOfPage\":{\"@id\":\"https:\/\/www.garciafaura.com\/es\/nuevo-edificio-asistencial-para-mutua-de-terrassa\/\"},\"wordCount\":265,\"commentCount\":0,\"publisher\":{\"@id\":\"https:\/\/www.garciafaura.com\/fr\/#organization\"},\"image\":{\"@id\":\"https:\/\/www.garciafaura.com\/es\/nuevo-edificio-asistencial-para-mutua-de-terrassa\/#primaryimage\"},\"thumbnailUrl\":\"https:\/\/www.garciafaura.com\/wp-content\/uploads\/2018\/11\/mutuaterrassa01.jpg\",\"articleSection\":[\"Actualidad\"],\"inLanguage\":\"es\",\"potentialAction\":[{\"@type\":\"CommentAction\",\"name\":\"Comment\",\"target\":[\"https:\/\/www.garciafaura.com\/es\/nuevo-edificio-asistencial-para-mutua-de-terrassa\/#respond\"]}]},{\"@type\":\"WebPage\",\"@id\":\"https:\/\/www.garciafaura.com\/es\/nuevo-edificio-asistencial-para-mutua-de-terrassa\/\",\"url\":\"https:\/\/www.garciafaura.com\/es\/nuevo-edificio-asistencial-para-mutua-de-terrassa\/\",\"name\":\"Nuevo edificio asistencial para M\u00fatua de Terrassa - GARCIA FAURA\",\"isPartOf\":{\"@id\":\"https:\/\/www.garciafaura.com\/fr\/#website\"},\"primaryImageOfPage\":{\"@id\":\"https:\/\/www.garciafaura.com\/es\/nuevo-edificio-asistencial-para-mutua-de-terrassa\/#primaryimage\"},\"image\":{\"@id\":\"https:\/\/www.garciafaura.com\/es\/nuevo-edificio-asistencial-para-mutua-de-terrassa\/#primaryimage\"},\"thumbnailUrl\":\"https:\/\/www.garciafaura.com\/wp-content\/uploads\/2018\/11\/mutuaterrassa01.jpg\",\"datePublished\":\"2016-11-18T00:00:00+00:00\",\"dateModified\":\"2019-06-03T12:02:48+00:00\",\"description\":\"Arquitectura en Alumini, Inox, Ferro i Vidre\",\"breadcrumb\":{\"@id\":\"https:\/\/www.garciafaura.com\/es\/nuevo-edificio-asistencial-para-mutua-de-terrassa\/#breadcrumb\"},\"inLanguage\":\"es\",\"potentialAction\":[{\"@type\":\"ReadAction\",\"target\":[\"https:\/\/www.garciafaura.com\/es\/nuevo-edificio-asistencial-para-mutua-de-terrassa\/\"]}]},{\"@type\":\"ImageObject\",\"inLanguage\":\"es\",\"@id\":\"https:\/\/www.garciafaura.com\/es\/nuevo-edificio-asistencial-para-mutua-de-terrassa\/#primaryimage\",\"url\":\"https:\/\/www.garciafaura.com\/wp-content\/uploads\/2018\/11\/mutuaterrassa01.jpg\",\"contentUrl\":\"https:\/\/www.garciafaura.com\/wp-content\/uploads\/2018\/11\/mutuaterrassa01.jpg\"},{\"@type\":\"BreadcrumbList\",\"@id\":\"https:\/\/www.garciafaura.com\/es\/nuevo-edificio-asistencial-para-mutua-de-terrassa\/#breadcrumb\",\"itemListElement\":[{\"@type\":\"ListItem\",\"position\":1,\"name\":\"Inici\",\"item\":\"https:\/\/www.garciafaura.com\/es\/\"},{\"@type\":\"ListItem\",\"position\":2,\"name\":\"Nuevo edificio asistencial para M\u00fatua de Terrassa\"}]},{\"@type\":\"WebSite\",\"@id\":\"https:\/\/www.garciafaura.com\/fr\/#website\",\"url\":\"https:\/\/www.garciafaura.com\/fr\/\",\"name\":\"GARCIA FAURA\",\"description\":\"Arquitectura en Alumini, Inox, Ferro i Vidre\",\"publisher\":{\"@id\":\"https:\/\/www.garciafaura.com\/fr\/#organization\"},\"potentialAction\":[{\"@type\":\"SearchAction\",\"target\":{\"@type\":\"EntryPoint\",\"urlTemplate\":\"https:\/\/www.garciafaura.com\/fr\/?s={search_term_string}\"},\"query-input\":{\"@type\":\"PropertyValueSpecification\",\"valueRequired\":true,\"valueName\":\"search_term_string\"}}],\"inLanguage\":\"es\"},{\"@type\":\"Organization\",\"@id\":\"https:\/\/www.garciafaura.com\/fr\/#organization\",\"name\":\"GARCIA FAURA\",\"url\":\"https:\/\/www.garciafaura.com\/fr\/\",\"logo\":{\"@type\":\"ImageObject\",\"inLanguage\":\"es\",\"@id\":\"https:\/\/www.garciafaura.com\/fr\/#\/schema\/logo\/image\/\",\"url\":\"https:\/\/www.garciafaura.com\/wp-content\/uploads\/2018\/09\/Garcia-Faura.png\",\"contentUrl\":\"https:\/\/www.garciafaura.com\/wp-content\/uploads\/2018\/09\/Garcia-Faura.png\",\"width\":512,\"height\":512,\"caption\":\"GARCIA FAURA\"},\"image\":{\"@id\":\"https:\/\/www.garciafaura.com\/fr\/#\/schema\/logo\/image\/\"},\"sameAs\":[\"https:\/\/www.youtube.com\/user\/GARCIAFAURA\"]},{\"@type\":\"Person\",\"@id\":\"https:\/\/www.garciafaura.com\/fr\/#\/schema\/person\/b4b75e69b33fac3446071909bec106b0\",\"name\":\"David Achell\",\"image\":{\"@type\":\"ImageObject\",\"inLanguage\":\"es\",\"@id\":\"https:\/\/www.garciafaura.com\/fr\/#\/schema\/person\/image\/\",\"url\":\"https:\/\/secure.gravatar.com\/avatar\/03900210afc1f61bce737bcb4a79c02e2c997f171e3eca839b5a4cbe03846c90?s=96&d=blank&r=g\",\"contentUrl\":\"https:\/\/secure.gravatar.com\/avatar\/03900210afc1f61bce737bcb4a79c02e2c997f171e3eca839b5a4cbe03846c90?s=96&d=blank&r=g\",\"caption\":\"David Achell\"}}]}<\/script>\n<!-- \/ Yoast SEO plugin. -->","yoast_head_json":{"title":"Nuevo edificio asistencial para M\u00fatua de Terrassa - GARCIA FAURA","description":"Arquitectura en Alumini, Inox, Ferro i Vidre","robots":{"index":"index","follow":"follow","max-snippet":"max-snippet:-1","max-image-preview":"max-image-preview:large","max-video-preview":"max-video-preview:-1"},"canonical":"https:\/\/www.garciafaura.com\/es\/nuevo-edificio-asistencial-para-mutua-de-terrassa\/","og_locale":"es_ES","og_type":"article","og_title":"Nuevo edificio asistencial para M\u00fatua de Terrassa - GARCIA FAURA","og_description":"Arquitectura en Alumini, Inox, Ferro i Vidre","og_url":"https:\/\/www.garciafaura.com\/es\/nuevo-edificio-asistencial-para-mutua-de-terrassa\/","og_site_name":"GARCIA FAURA","article_published_time":"2016-11-18T00:00:00+00:00","article_modified_time":"2019-06-03T12:02:48+00:00","og_image":[{"url":"https:\/\/www.garciafaura.com\/wp-content\/uploads\/2018\/11\/mutuaterrassa01.jpg","width":1,"height":1,"type":"image\/jpeg"}],"author":"David Achell","twitter_card":"summary_large_image","twitter_misc":{"Escrito por":"David Achell","Tiempo de lectura":"1 minuto"},"schema":{"@context":"https:\/\/schema.org","@graph":[{"@type":"Article","@id":"https:\/\/www.garciafaura.com\/es\/nuevo-edificio-asistencial-para-mutua-de-terrassa\/#article","isPartOf":{"@id":"https:\/\/www.garciafaura.com\/es\/nuevo-edificio-asistencial-para-mutua-de-terrassa\/"},"author":{"name":"David Achell","@id":"https:\/\/www.garciafaura.com\/fr\/#\/schema\/person\/b4b75e69b33fac3446071909bec106b0"},"headline":"Nuevo edificio asistencial para M\u00fatua de Terrassa","datePublished":"2016-11-18T00:00:00+00:00","dateModified":"2019-06-03T12:02:48+00:00","mainEntityOfPage":{"@id":"https:\/\/www.garciafaura.com\/es\/nuevo-edificio-asistencial-para-mutua-de-terrassa\/"},"wordCount":265,"commentCount":0,"publisher":{"@id":"https:\/\/www.garciafaura.com\/fr\/#organization"},"image":{"@id":"https:\/\/www.garciafaura.com\/es\/nuevo-edificio-asistencial-para-mutua-de-terrassa\/#primaryimage"},"thumbnailUrl":"https:\/\/www.garciafaura.com\/wp-content\/uploads\/2018\/11\/mutuaterrassa01.jpg","articleSection":["Actualidad"],"inLanguage":"es","potentialAction":[{"@type":"CommentAction","name":"Comment","target":["https:\/\/www.garciafaura.com\/es\/nuevo-edificio-asistencial-para-mutua-de-terrassa\/#respond"]}]},{"@type":"WebPage","@id":"https:\/\/www.garciafaura.com\/es\/nuevo-edificio-asistencial-para-mutua-de-terrassa\/","url":"https:\/\/www.garciafaura.com\/es\/nuevo-edificio-asistencial-para-mutua-de-terrassa\/","name":"Nuevo edificio asistencial para M\u00fatua de Terrassa - GARCIA FAURA","isPartOf":{"@id":"https:\/\/www.garciafaura.com\/fr\/#website"},"primaryImageOfPage":{"@id":"https:\/\/www.garciafaura.com\/es\/nuevo-edificio-asistencial-para-mutua-de-terrassa\/#primaryimage"},"image":{"@id":"https:\/\/www.garciafaura.com\/es\/nuevo-edificio-asistencial-para-mutua-de-terrassa\/#primaryimage"},"thumbnailUrl":"https:\/\/www.garciafaura.com\/wp-content\/uploads\/2018\/11\/mutuaterrassa01.jpg","datePublished":"2016-11-18T00:00:00+00:00","dateModified":"2019-06-03T12:02:48+00:00","description":"Arquitectura en Alumini, Inox, Ferro i Vidre","breadcrumb":{"@id":"https:\/\/www.garciafaura.com\/es\/nuevo-edificio-asistencial-para-mutua-de-terrassa\/#breadcrumb"},"inLanguage":"es","potentialAction":[{"@type":"ReadAction","target":["https:\/\/www.garciafaura.com\/es\/nuevo-edificio-asistencial-para-mutua-de-terrassa\/"]}]},{"@type":"ImageObject","inLanguage":"es","@id":"https:\/\/www.garciafaura.com\/es\/nuevo-edificio-asistencial-para-mutua-de-terrassa\/#primaryimage","url":"https:\/\/www.garciafaura.com\/wp-content\/uploads\/2018\/11\/mutuaterrassa01.jpg","contentUrl":"https:\/\/www.garciafaura.com\/wp-content\/uploads\/2018\/11\/mutuaterrassa01.jpg"},{"@type":"BreadcrumbList","@id":"https:\/\/www.garciafaura.com\/es\/nuevo-edificio-asistencial-para-mutua-de-terrassa\/#breadcrumb","itemListElement":[{"@type":"ListItem","position":1,"name":"Inici","item":"https:\/\/www.garciafaura.com\/es\/"},{"@type":"ListItem","position":2,"name":"Nuevo edificio asistencial para M\u00fatua de Terrassa"}]},{"@type":"WebSite","@id":"https:\/\/www.garciafaura.com\/fr\/#website","url":"https:\/\/www.garciafaura.com\/fr\/","name":"GARCIA FAURA","description":"Arquitectura en Alumini, Inox, Ferro i Vidre","publisher":{"@id":"https:\/\/www.garciafaura.com\/fr\/#organization"},"potentialAction":[{"@type":"SearchAction","target":{"@type":"EntryPoint","urlTemplate":"https:\/\/www.garciafaura.com\/fr\/?s={search_term_string}"},"query-input":{"@type":"PropertyValueSpecification","valueRequired":true,"valueName":"search_term_string"}}],"inLanguage":"es"},{"@type":"Organization","@id":"https:\/\/www.garciafaura.com\/fr\/#organization","name":"GARCIA FAURA","url":"https:\/\/www.garciafaura.com\/fr\/","logo":{"@type":"ImageObject","inLanguage":"es","@id":"https:\/\/www.garciafaura.com\/fr\/#\/schema\/logo\/image\/","url":"https:\/\/www.garciafaura.com\/wp-content\/uploads\/2018\/09\/Garcia-Faura.png","contentUrl":"https:\/\/www.garciafaura.com\/wp-content\/uploads\/2018\/09\/Garcia-Faura.png","width":512,"height":512,"caption":"GARCIA FAURA"},"image":{"@id":"https:\/\/www.garciafaura.com\/fr\/#\/schema\/logo\/image\/"},"sameAs":["https:\/\/www.youtube.com\/user\/GARCIAFAURA"]},{"@type":"Person","@id":"https:\/\/www.garciafaura.com\/fr\/#\/schema\/person\/b4b75e69b33fac3446071909bec106b0","name":"David Achell","image":{"@type":"ImageObject","inLanguage":"es","@id":"https:\/\/www.garciafaura.com\/fr\/#\/schema\/person\/image\/","url":"https:\/\/secure.gravatar.com\/avatar\/03900210afc1f61bce737bcb4a79c02e2c997f171e3eca839b5a4cbe03846c90?s=96&d=blank&r=g","contentUrl":"https:\/\/secure.gravatar.com\/avatar\/03900210afc1f61bce737bcb4a79c02e2c997f171e3eca839b5a4cbe03846c90?s=96&d=blank&r=g","caption":"David Achell"}}]}},"_links":{"self":[{"href":"https:\/\/www.garciafaura.com\/es\/wp-json\/wp\/v2\/posts\/6637","targetHints":{"allow":["GET"]}}],"collection":[{"href":"https:\/\/www.garciafaura.com\/es\/wp-json\/wp\/v2\/posts"}],"about":[{"href":"https:\/\/www.garciafaura.com\/es\/wp-json\/wp\/v2\/types\/post"}],"author":[{"embeddable":true,"href":"https:\/\/www.garciafaura.com\/es\/wp-json\/wp\/v2\/users\/3"}],"replies":[{"embeddable":true,"href":"https:\/\/www.garciafaura.com\/es\/wp-json\/wp\/v2\/comments?post=6637"}],"version-history":[{"count":1,"href":"https:\/\/www.garciafaura.com\/es\/wp-json\/wp\/v2\/posts\/6637\/revisions"}],"predecessor-version":[{"id":21551,"href":"https:\/\/www.garciafaura.com\/es\/wp-json\/wp\/v2\/posts\/6637\/revisions\/21551"}],"wp:featuredmedia":[{"embeddable":true,"href":"https:\/\/www.garciafaura.com\/es\/wp-json\/wp\/v2\/media\/6625"}],"wp:attachment":[{"href":"https:\/\/www.garciafaura.com\/es\/wp-json\/wp\/v2\/media?parent=6637"}],"wp:term":[{"taxonomy":"category","embeddable":true,"href":"https:\/\/www.garciafaura.com\/es\/wp-json\/wp\/v2\/categories?post=6637"},{"taxonomy":"post_tag","embeddable":true,"href":"https:\/\/www.garciafaura.com\/es\/wp-json\/wp\/v2\/tags?post=6637"},{"taxonomy":"post_series","embeddable":true,"href":"https:\/\/www.garciafaura.com\/es\/wp-json\/wp\/v2\/post_series?post=6637"}],"curies":[{"name":"wp","href":"https:\/\/api.w.org\/{rel}","templated":true}]}}