{"id":6621,"date":"2016-10-31T00:00:00","date_gmt":"2016-10-31T00:00:00","guid":{"rendered":"https:\/\/www.garciafaura.com\/el-antiguo-edificio-de-telefonica-alojara-200-viviendas-y-un-hotel\/"},"modified":"2019-06-03T12:03:03","modified_gmt":"2019-06-03T12:03:03","slug":"el-antiguo-edificio-de-telefonica-alojara-200-viviendas-y-un-hotel","status":"publish","type":"post","link":"https:\/\/www.garciafaura.com\/es\/el-antiguo-edificio-de-telefonica-alojara-200-viviendas-y-un-hotel\/","title":{"rendered":"El antiguo edificio de Telef\u00f3nica alojar\u00e1 200 viviendas y un hotel."},"content":{"rendered":"<p>&nbsp;<\/p>\n<p>A ra\u00edz de la crisis y los cambios de propietarios, el proyecto de remodelaci\u00f3n de la antigua sede de Telef\u00f3nica en la avenida de Roma de Barcelona estuvo detenido m\u00e1s de cuatro a\u00f1os, sufriendo actos de vandalismo y provocando incertidumbre entre los vecinos sobre el futuro de las instalaciones. Finalmente el grupo Platinum Estates ha impulsado un proyecto donde se prev\u00e9 la remodelaci\u00f3n de este emblem\u00e1tico edificio para convertirlo en dos unidades diferentes, una de ellas con un uso residencial integrando\u00a0195 apartamentos, y un segundo edificio de ocho plantas donde se ubicar\u00e1 un hotel de cinco estrellas.<\/p>\n<p>&nbsp;<\/p>\n<p>El grupo inversor ha ideado una remodelaci\u00f3n que destaca por un complejo revestimiento exterior y para el que <strong>GARCIA FAURA <\/strong>ha sido contratada para aportar toda su experiencia. Los principales trabajos que llevar\u00e1 a cabo la empresa en este proyecto los conforma el muro cortina mixto que se desarrollar\u00e1, con una soluci\u00f3n especialmente dise\u00f1ada para este proyecto, que suma m\u00e1s de 12.000 m\u00b2. Adem\u00e1s tambi\u00e9n se ejecutar\u00e1n los trabajos de fabricaci\u00f3n e instalaci\u00f3n de los cerramientos exteriores, con cerca de 15.000 m\u00b2 as\u00ed como 12.600m\u00b2 de estructuras de acero salientes de fachada y forradas con panel composite. Los trabajos se completar\u00e1n con la realizaci\u00f3n de una exterior compuesta por perfiles de aluminio y vidrio.<\/p>\n<p>&nbsp;<\/p>\n<p>Debido a los diferentes usos que se le dar\u00e1 al edificio, as\u00ed como tambi\u00e9n al destacado papel est\u00e9tico y de innovaci\u00f3n que conllevar\u00e1 el proyecto, <strong>GARCIA FAURA<\/strong> crear\u00e1 l\u00edneas de trabajo espec\u00edficas para esta obra, instalando materiales de primeras marcas y de alta durabilidad, con el objetivo final de que los residentes disfruten de la m\u00e1xima calidad de vida y comodidad.<\/p>\n","protected":false},"excerpt":{"rendered":"<p>Despu\u00e9s de un cambio de propietarios y varios a\u00f1os para iniciar la remodelaci\u00f3n del edificio, todo apunta a que durante el 2017 las obras se finalizar\u00e1n. GARCIA FAURA ha sido la empresa contratada para llevar a cabo diferentes trabajos como son las fachadas, cierres, diversas estructuras de acero y una p\u00e9rgola de de 700m\u00b2.<\/p>\n","protected":false},"author":3,"featured_media":6609,"comment_status":"open","ping_status":"open","sticky":false,"template":"","format":"standard","meta":{"footnotes":""},"categories":[3],"tags":[],"post_series":[],"class_list":["post-6621","post","type-post","status-publish","format-standard","has-post-thumbnail","hentry","category-actualidad","entry","has-media"],"yoast_head":"<!-- This site is optimized with the Yoast SEO plugin v26.7 - https:\/\/yoast.com\/wordpress\/plugins\/seo\/ -->\n<title>El antiguo edificio de Telef\u00f3nica alojar\u00e1 200 viviendas y un hotel. - GARCIA FAURA<\/title>\n<meta name=\"description\" content=\"Arquitectura en Alumini, Inox, Ferro i Vidre\" \/>\n<meta name=\"robots\" content=\"index, follow, max-snippet:-1, max-image-preview:large, max-video-preview:-1\" \/>\n<link rel=\"canonical\" href=\"https:\/\/www.garciafaura.com\/es\/el-antiguo-edificio-de-telefonica-alojara-200-viviendas-y-un-hotel\/\" \/>\n<meta property=\"og:locale\" content=\"es_ES\" \/>\n<meta property=\"og:type\" content=\"article\" \/>\n<meta property=\"og:title\" content=\"El antiguo edificio de Telef\u00f3nica alojar\u00e1 200 viviendas y un hotel. - GARCIA FAURA\" \/>\n<meta property=\"og:description\" content=\"Arquitectura en Alumini, Inox, Ferro i Vidre\" \/>\n<meta property=\"og:url\" content=\"https:\/\/www.garciafaura.com\/es\/el-antiguo-edificio-de-telefonica-alojara-200-viviendas-y-un-hotel\/\" \/>\n<meta property=\"og:site_name\" content=\"GARCIA FAURA\" \/>\n<meta property=\"article:published_time\" content=\"2016-10-31T00:00:00+00:00\" \/>\n<meta property=\"article:modified_time\" content=\"2019-06-03T12:03:03+00:00\" \/>\n<meta property=\"og:image\" content=\"https:\/\/www.garciafaura.com\/wp-content\/uploads\/2018\/11\/edificireformaestel1.jpg\" \/>\n\t<meta property=\"og:image:width\" content=\"1\" \/>\n\t<meta property=\"og:image:height\" content=\"1\" \/>\n\t<meta property=\"og:image:type\" content=\"image\/jpeg\" \/>\n<meta name=\"author\" content=\"David Achell\" \/>\n<meta name=\"twitter:card\" content=\"summary_large_image\" \/>\n<meta name=\"twitter:label1\" content=\"Escrito por\" \/>\n\t<meta name=\"twitter:data1\" content=\"David Achell\" \/>\n\t<meta name=\"twitter:label2\" content=\"Tiempo de lectura\" \/>\n\t<meta name=\"twitter:data2\" content=\"1 minuto\" \/>\n<script type=\"application\/ld+json\" class=\"yoast-schema-graph\">{\"@context\":\"https:\/\/schema.org\",\"@graph\":[{\"@type\":\"Article\",\"@id\":\"https:\/\/www.garciafaura.com\/es\/el-antiguo-edificio-de-telefonica-alojara-200-viviendas-y-un-hotel\/#article\",\"isPartOf\":{\"@id\":\"https:\/\/www.garciafaura.com\/es\/el-antiguo-edificio-de-telefonica-alojara-200-viviendas-y-un-hotel\/\"},\"author\":{\"name\":\"David Achell\",\"@id\":\"https:\/\/www.garciafaura.com\/fr\/#\/schema\/person\/b4b75e69b33fac3446071909bec106b0\"},\"headline\":\"El antiguo edificio de Telef\u00f3nica alojar\u00e1 200 viviendas y un hotel.\",\"datePublished\":\"2016-10-31T00:00:00+00:00\",\"dateModified\":\"2019-06-03T12:03:03+00:00\",\"mainEntityOfPage\":{\"@id\":\"https:\/\/www.garciafaura.com\/es\/el-antiguo-edificio-de-telefonica-alojara-200-viviendas-y-un-hotel\/\"},\"wordCount\":308,\"commentCount\":0,\"publisher\":{\"@id\":\"https:\/\/www.garciafaura.com\/fr\/#organization\"},\"image\":{\"@id\":\"https:\/\/www.garciafaura.com\/es\/el-antiguo-edificio-de-telefonica-alojara-200-viviendas-y-un-hotel\/#primaryimage\"},\"thumbnailUrl\":\"https:\/\/www.garciafaura.com\/wp-content\/uploads\/2018\/11\/edificireformaestel1.jpg\",\"articleSection\":[\"Actualidad\"],\"inLanguage\":\"es\",\"potentialAction\":[{\"@type\":\"CommentAction\",\"name\":\"Comment\",\"target\":[\"https:\/\/www.garciafaura.com\/es\/el-antiguo-edificio-de-telefonica-alojara-200-viviendas-y-un-hotel\/#respond\"]}]},{\"@type\":\"WebPage\",\"@id\":\"https:\/\/www.garciafaura.com\/es\/el-antiguo-edificio-de-telefonica-alojara-200-viviendas-y-un-hotel\/\",\"url\":\"https:\/\/www.garciafaura.com\/es\/el-antiguo-edificio-de-telefonica-alojara-200-viviendas-y-un-hotel\/\",\"name\":\"El antiguo edificio de Telef\u00f3nica alojar\u00e1 200 viviendas y un hotel. - GARCIA FAURA\",\"isPartOf\":{\"@id\":\"https:\/\/www.garciafaura.com\/fr\/#website\"},\"primaryImageOfPage\":{\"@id\":\"https:\/\/www.garciafaura.com\/es\/el-antiguo-edificio-de-telefonica-alojara-200-viviendas-y-un-hotel\/#primaryimage\"},\"image\":{\"@id\":\"https:\/\/www.garciafaura.com\/es\/el-antiguo-edificio-de-telefonica-alojara-200-viviendas-y-un-hotel\/#primaryimage\"},\"thumbnailUrl\":\"https:\/\/www.garciafaura.com\/wp-content\/uploads\/2018\/11\/edificireformaestel1.jpg\",\"datePublished\":\"2016-10-31T00:00:00+00:00\",\"dateModified\":\"2019-06-03T12:03:03+00:00\",\"description\":\"Arquitectura en Alumini, Inox, Ferro i Vidre\",\"breadcrumb\":{\"@id\":\"https:\/\/www.garciafaura.com\/es\/el-antiguo-edificio-de-telefonica-alojara-200-viviendas-y-un-hotel\/#breadcrumb\"},\"inLanguage\":\"es\",\"potentialAction\":[{\"@type\":\"ReadAction\",\"target\":[\"https:\/\/www.garciafaura.com\/es\/el-antiguo-edificio-de-telefonica-alojara-200-viviendas-y-un-hotel\/\"]}]},{\"@type\":\"ImageObject\",\"inLanguage\":\"es\",\"@id\":\"https:\/\/www.garciafaura.com\/es\/el-antiguo-edificio-de-telefonica-alojara-200-viviendas-y-un-hotel\/#primaryimage\",\"url\":\"https:\/\/www.garciafaura.com\/wp-content\/uploads\/2018\/11\/edificireformaestel1.jpg\",\"contentUrl\":\"https:\/\/www.garciafaura.com\/wp-content\/uploads\/2018\/11\/edificireformaestel1.jpg\"},{\"@type\":\"BreadcrumbList\",\"@id\":\"https:\/\/www.garciafaura.com\/es\/el-antiguo-edificio-de-telefonica-alojara-200-viviendas-y-un-hotel\/#breadcrumb\",\"itemListElement\":[{\"@type\":\"ListItem\",\"position\":1,\"name\":\"Inici\",\"item\":\"https:\/\/www.garciafaura.com\/es\/\"},{\"@type\":\"ListItem\",\"position\":2,\"name\":\"El antiguo edificio de Telef\u00f3nica alojar\u00e1 200 viviendas y un hotel.\"}]},{\"@type\":\"WebSite\",\"@id\":\"https:\/\/www.garciafaura.com\/fr\/#website\",\"url\":\"https:\/\/www.garciafaura.com\/fr\/\",\"name\":\"GARCIA FAURA\",\"description\":\"Arquitectura en Alumini, Inox, Ferro i Vidre\",\"publisher\":{\"@id\":\"https:\/\/www.garciafaura.com\/fr\/#organization\"},\"potentialAction\":[{\"@type\":\"SearchAction\",\"target\":{\"@type\":\"EntryPoint\",\"urlTemplate\":\"https:\/\/www.garciafaura.com\/fr\/?s={search_term_string}\"},\"query-input\":{\"@type\":\"PropertyValueSpecification\",\"valueRequired\":true,\"valueName\":\"search_term_string\"}}],\"inLanguage\":\"es\"},{\"@type\":\"Organization\",\"@id\":\"https:\/\/www.garciafaura.com\/fr\/#organization\",\"name\":\"GARCIA FAURA\",\"url\":\"https:\/\/www.garciafaura.com\/fr\/\",\"logo\":{\"@type\":\"ImageObject\",\"inLanguage\":\"es\",\"@id\":\"https:\/\/www.garciafaura.com\/fr\/#\/schema\/logo\/image\/\",\"url\":\"https:\/\/www.garciafaura.com\/wp-content\/uploads\/2018\/09\/Garcia-Faura.png\",\"contentUrl\":\"https:\/\/www.garciafaura.com\/wp-content\/uploads\/2018\/09\/Garcia-Faura.png\",\"width\":512,\"height\":512,\"caption\":\"GARCIA FAURA\"},\"image\":{\"@id\":\"https:\/\/www.garciafaura.com\/fr\/#\/schema\/logo\/image\/\"},\"sameAs\":[\"https:\/\/www.youtube.com\/user\/GARCIAFAURA\"]},{\"@type\":\"Person\",\"@id\":\"https:\/\/www.garciafaura.com\/fr\/#\/schema\/person\/b4b75e69b33fac3446071909bec106b0\",\"name\":\"David Achell\",\"image\":{\"@type\":\"ImageObject\",\"inLanguage\":\"es\",\"@id\":\"https:\/\/www.garciafaura.com\/fr\/#\/schema\/person\/image\/\",\"url\":\"https:\/\/secure.gravatar.com\/avatar\/03900210afc1f61bce737bcb4a79c02e2c997f171e3eca839b5a4cbe03846c90?s=96&d=blank&r=g\",\"contentUrl\":\"https:\/\/secure.gravatar.com\/avatar\/03900210afc1f61bce737bcb4a79c02e2c997f171e3eca839b5a4cbe03846c90?s=96&d=blank&r=g\",\"caption\":\"David Achell\"}}]}<\/script>\n<!-- \/ Yoast SEO plugin. -->","yoast_head_json":{"title":"El antiguo edificio de Telef\u00f3nica alojar\u00e1 200 viviendas y un hotel. - GARCIA FAURA","description":"Arquitectura en Alumini, Inox, Ferro i Vidre","robots":{"index":"index","follow":"follow","max-snippet":"max-snippet:-1","max-image-preview":"max-image-preview:large","max-video-preview":"max-video-preview:-1"},"canonical":"https:\/\/www.garciafaura.com\/es\/el-antiguo-edificio-de-telefonica-alojara-200-viviendas-y-un-hotel\/","og_locale":"es_ES","og_type":"article","og_title":"El antiguo edificio de Telef\u00f3nica alojar\u00e1 200 viviendas y un hotel. - GARCIA FAURA","og_description":"Arquitectura en Alumini, Inox, Ferro i Vidre","og_url":"https:\/\/www.garciafaura.com\/es\/el-antiguo-edificio-de-telefonica-alojara-200-viviendas-y-un-hotel\/","og_site_name":"GARCIA FAURA","article_published_time":"2016-10-31T00:00:00+00:00","article_modified_time":"2019-06-03T12:03:03+00:00","og_image":[{"url":"https:\/\/www.garciafaura.com\/wp-content\/uploads\/2018\/11\/edificireformaestel1.jpg","width":1,"height":1,"type":"image\/jpeg"}],"author":"David Achell","twitter_card":"summary_large_image","twitter_misc":{"Escrito por":"David Achell","Tiempo de lectura":"1 minuto"},"schema":{"@context":"https:\/\/schema.org","@graph":[{"@type":"Article","@id":"https:\/\/www.garciafaura.com\/es\/el-antiguo-edificio-de-telefonica-alojara-200-viviendas-y-un-hotel\/#article","isPartOf":{"@id":"https:\/\/www.garciafaura.com\/es\/el-antiguo-edificio-de-telefonica-alojara-200-viviendas-y-un-hotel\/"},"author":{"name":"David Achell","@id":"https:\/\/www.garciafaura.com\/fr\/#\/schema\/person\/b4b75e69b33fac3446071909bec106b0"},"headline":"El antiguo edificio de Telef\u00f3nica alojar\u00e1 200 viviendas y un hotel.","datePublished":"2016-10-31T00:00:00+00:00","dateModified":"2019-06-03T12:03:03+00:00","mainEntityOfPage":{"@id":"https:\/\/www.garciafaura.com\/es\/el-antiguo-edificio-de-telefonica-alojara-200-viviendas-y-un-hotel\/"},"wordCount":308,"commentCount":0,"publisher":{"@id":"https:\/\/www.garciafaura.com\/fr\/#organization"},"image":{"@id":"https:\/\/www.garciafaura.com\/es\/el-antiguo-edificio-de-telefonica-alojara-200-viviendas-y-un-hotel\/#primaryimage"},"thumbnailUrl":"https:\/\/www.garciafaura.com\/wp-content\/uploads\/2018\/11\/edificireformaestel1.jpg","articleSection":["Actualidad"],"inLanguage":"es","potentialAction":[{"@type":"CommentAction","name":"Comment","target":["https:\/\/www.garciafaura.com\/es\/el-antiguo-edificio-de-telefonica-alojara-200-viviendas-y-un-hotel\/#respond"]}]},{"@type":"WebPage","@id":"https:\/\/www.garciafaura.com\/es\/el-antiguo-edificio-de-telefonica-alojara-200-viviendas-y-un-hotel\/","url":"https:\/\/www.garciafaura.com\/es\/el-antiguo-edificio-de-telefonica-alojara-200-viviendas-y-un-hotel\/","name":"El antiguo edificio de Telef\u00f3nica alojar\u00e1 200 viviendas y un hotel. - GARCIA FAURA","isPartOf":{"@id":"https:\/\/www.garciafaura.com\/fr\/#website"},"primaryImageOfPage":{"@id":"https:\/\/www.garciafaura.com\/es\/el-antiguo-edificio-de-telefonica-alojara-200-viviendas-y-un-hotel\/#primaryimage"},"image":{"@id":"https:\/\/www.garciafaura.com\/es\/el-antiguo-edificio-de-telefonica-alojara-200-viviendas-y-un-hotel\/#primaryimage"},"thumbnailUrl":"https:\/\/www.garciafaura.com\/wp-content\/uploads\/2018\/11\/edificireformaestel1.jpg","datePublished":"2016-10-31T00:00:00+00:00","dateModified":"2019-06-03T12:03:03+00:00","description":"Arquitectura en Alumini, Inox, Ferro i Vidre","breadcrumb":{"@id":"https:\/\/www.garciafaura.com\/es\/el-antiguo-edificio-de-telefonica-alojara-200-viviendas-y-un-hotel\/#breadcrumb"},"inLanguage":"es","potentialAction":[{"@type":"ReadAction","target":["https:\/\/www.garciafaura.com\/es\/el-antiguo-edificio-de-telefonica-alojara-200-viviendas-y-un-hotel\/"]}]},{"@type":"ImageObject","inLanguage":"es","@id":"https:\/\/www.garciafaura.com\/es\/el-antiguo-edificio-de-telefonica-alojara-200-viviendas-y-un-hotel\/#primaryimage","url":"https:\/\/www.garciafaura.com\/wp-content\/uploads\/2018\/11\/edificireformaestel1.jpg","contentUrl":"https:\/\/www.garciafaura.com\/wp-content\/uploads\/2018\/11\/edificireformaestel1.jpg"},{"@type":"BreadcrumbList","@id":"https:\/\/www.garciafaura.com\/es\/el-antiguo-edificio-de-telefonica-alojara-200-viviendas-y-un-hotel\/#breadcrumb","itemListElement":[{"@type":"ListItem","position":1,"name":"Inici","item":"https:\/\/www.garciafaura.com\/es\/"},{"@type":"ListItem","position":2,"name":"El antiguo edificio de Telef\u00f3nica alojar\u00e1 200 viviendas y un hotel."}]},{"@type":"WebSite","@id":"https:\/\/www.garciafaura.com\/fr\/#website","url":"https:\/\/www.garciafaura.com\/fr\/","name":"GARCIA FAURA","description":"Arquitectura en Alumini, Inox, Ferro i Vidre","publisher":{"@id":"https:\/\/www.garciafaura.com\/fr\/#organization"},"potentialAction":[{"@type":"SearchAction","target":{"@type":"EntryPoint","urlTemplate":"https:\/\/www.garciafaura.com\/fr\/?s={search_term_string}"},"query-input":{"@type":"PropertyValueSpecification","valueRequired":true,"valueName":"search_term_string"}}],"inLanguage":"es"},{"@type":"Organization","@id":"https:\/\/www.garciafaura.com\/fr\/#organization","name":"GARCIA FAURA","url":"https:\/\/www.garciafaura.com\/fr\/","logo":{"@type":"ImageObject","inLanguage":"es","@id":"https:\/\/www.garciafaura.com\/fr\/#\/schema\/logo\/image\/","url":"https:\/\/www.garciafaura.com\/wp-content\/uploads\/2018\/09\/Garcia-Faura.png","contentUrl":"https:\/\/www.garciafaura.com\/wp-content\/uploads\/2018\/09\/Garcia-Faura.png","width":512,"height":512,"caption":"GARCIA FAURA"},"image":{"@id":"https:\/\/www.garciafaura.com\/fr\/#\/schema\/logo\/image\/"},"sameAs":["https:\/\/www.youtube.com\/user\/GARCIAFAURA"]},{"@type":"Person","@id":"https:\/\/www.garciafaura.com\/fr\/#\/schema\/person\/b4b75e69b33fac3446071909bec106b0","name":"David Achell","image":{"@type":"ImageObject","inLanguage":"es","@id":"https:\/\/www.garciafaura.com\/fr\/#\/schema\/person\/image\/","url":"https:\/\/secure.gravatar.com\/avatar\/03900210afc1f61bce737bcb4a79c02e2c997f171e3eca839b5a4cbe03846c90?s=96&d=blank&r=g","contentUrl":"https:\/\/secure.gravatar.com\/avatar\/03900210afc1f61bce737bcb4a79c02e2c997f171e3eca839b5a4cbe03846c90?s=96&d=blank&r=g","caption":"David Achell"}}]}},"_links":{"self":[{"href":"https:\/\/www.garciafaura.com\/es\/wp-json\/wp\/v2\/posts\/6621","targetHints":{"allow":["GET"]}}],"collection":[{"href":"https:\/\/www.garciafaura.com\/es\/wp-json\/wp\/v2\/posts"}],"about":[{"href":"https:\/\/www.garciafaura.com\/es\/wp-json\/wp\/v2\/types\/post"}],"author":[{"embeddable":true,"href":"https:\/\/www.garciafaura.com\/es\/wp-json\/wp\/v2\/users\/3"}],"replies":[{"embeddable":true,"href":"https:\/\/www.garciafaura.com\/es\/wp-json\/wp\/v2\/comments?post=6621"}],"version-history":[{"count":1,"href":"https:\/\/www.garciafaura.com\/es\/wp-json\/wp\/v2\/posts\/6621\/revisions"}],"predecessor-version":[{"id":21552,"href":"https:\/\/www.garciafaura.com\/es\/wp-json\/wp\/v2\/posts\/6621\/revisions\/21552"}],"wp:featuredmedia":[{"embeddable":true,"href":"https:\/\/www.garciafaura.com\/es\/wp-json\/wp\/v2\/media\/6609"}],"wp:attachment":[{"href":"https:\/\/www.garciafaura.com\/es\/wp-json\/wp\/v2\/media?parent=6621"}],"wp:term":[{"taxonomy":"category","embeddable":true,"href":"https:\/\/www.garciafaura.com\/es\/wp-json\/wp\/v2\/categories?post=6621"},{"taxonomy":"post_tag","embeddable":true,"href":"https:\/\/www.garciafaura.com\/es\/wp-json\/wp\/v2\/tags?post=6621"},{"taxonomy":"post_series","embeddable":true,"href":"https:\/\/www.garciafaura.com\/es\/wp-json\/wp\/v2\/post_series?post=6621"}],"curies":[{"name":"wp","href":"https:\/\/api.w.org\/{rel}","templated":true}]}}