{"id":6605,"date":"2016-09-28T00:00:00","date_gmt":"2016-09-28T00:00:00","guid":{"rendered":"https:\/\/www.garciafaura.com\/finalizadas-las-nuevas-estaciones-de-ferrocarrils-en-sabadell\/"},"modified":"2019-06-03T12:03:19","modified_gmt":"2019-06-03T12:03:19","slug":"finalizadas-las-nuevas-estaciones-de-ferrocarrils-en-sabadell","status":"publish","type":"post","link":"https:\/\/www.garciafaura.com\/es\/finalizadas-las-nuevas-estaciones-de-ferrocarrils-en-sabadell\/","title":{"rendered":"Finalizadas las nuevas estaciones de Ferrocarrils en Sabadell."},"content":{"rendered":"<p>&nbsp;<\/p>\n<p>Dentro del proyecto de prolongaci\u00f3n de la l\u00ednea S2 de los Ferrocarriles de la Generalitat, se contemplaba la construcci\u00f3n y mejora de las instalaciones ferroviarias en la ciudad de Sabadell. En esta fase del proyecto, se han construido las estaciones de Sabadell-Plaza Mayor y Sabadell-Can Feu, con todo lo que representa la creaci\u00f3n de nuevas infraestructuras subterr\u00e1neas: construcci\u00f3n de divisorias y cerramientos, pavimentos, revestimientos, la instalaci\u00f3n de escaleras mec\u00e1nicas y ascensores as\u00ed como la implantaci\u00f3n de los sistemas de alumbrado, ventilaci\u00f3n y saneamiento.<\/p>\n<p>Los trabajos de <strong>GARCIA FAURA<\/strong> destacan por el complejo forrado con inclinaci\u00f3n de los t\u00faneles que conforman las escaleras de acceso a los andenes del tren. Este forrado tiene una composici\u00f3n de llagas adaptado con mucha precisi\u00f3n a la estructura tubular existente, que conlleva un montaje perimetral de gran dificultad. Tambi\u00e9n es destacable el trabajo realizado en las torres de ventilaci\u00f3n, forradas con composite de dos rales diferentes en consonancia con el pavimento de los andenes. La actuaci\u00f3n se completa con revestimientos mediante chapa damero lacada (paramentos verticales, horizontales, puertas de acceso, de emergencias, &#8230;) y la parrilla de pilares y j\u00e1cenas en la entrada desde el exterior a la estaci\u00f3n, con forrados de composite y chapa damero de alta complejidad.<\/p>\n<p>&nbsp;<\/p>\n<p>Para esta obra <strong>GARCIA FAURA<\/strong> ha aplicado unos materiales de alta durabilidad con el objetivo de hacer frente al elevado nivel de exposici\u00f3n al uso cotidiano que siempre representa una estaci\u00f3n.<\/p>\n","protected":false},"excerpt":{"rendered":"<p>Las nuevas estaciones proyectadas por Pere Roda y David Viaplana han entrado en funcionamiento este septiembre. Para estas dos estaciones GARCIA FAURA ha aportado su experiencia en el revestimiento de paredes, escaleras, j\u00e1cenas y pilares cubriendo en total m\u00e1s de 1900m\u00b2 de panel composite y 2200m\u00b2 m\u00e1s con chapa de aluminio damero.<\/p>\n","protected":false},"author":3,"featured_media":6589,"comment_status":"open","ping_status":"open","sticky":false,"template":"","format":"standard","meta":{"footnotes":""},"categories":[3],"tags":[],"post_series":[],"class_list":["post-6605","post","type-post","status-publish","format-standard","has-post-thumbnail","hentry","category-actualidad","entry","has-media"],"yoast_head":"<!-- This site is optimized with the Yoast SEO plugin v26.7 - https:\/\/yoast.com\/wordpress\/plugins\/seo\/ -->\n<title>Finalizadas las nuevas estaciones de Ferrocarrils en Sabadell. - GARCIA FAURA<\/title>\n<meta name=\"description\" content=\"Arquitectura en Alumini, Inox, Ferro i Vidre\" \/>\n<meta name=\"robots\" content=\"index, follow, max-snippet:-1, max-image-preview:large, max-video-preview:-1\" \/>\n<link rel=\"canonical\" href=\"https:\/\/www.garciafaura.com\/es\/finalizadas-las-nuevas-estaciones-de-ferrocarrils-en-sabadell\/\" \/>\n<meta property=\"og:locale\" content=\"es_ES\" \/>\n<meta property=\"og:type\" content=\"article\" \/>\n<meta property=\"og:title\" content=\"Finalizadas las nuevas estaciones de Ferrocarrils en Sabadell. - GARCIA FAURA\" \/>\n<meta property=\"og:description\" content=\"Arquitectura en Alumini, Inox, Ferro i Vidre\" \/>\n<meta property=\"og:url\" content=\"https:\/\/www.garciafaura.com\/es\/finalizadas-las-nuevas-estaciones-de-ferrocarrils-en-sabadell\/\" \/>\n<meta property=\"og:site_name\" content=\"GARCIA FAURA\" \/>\n<meta property=\"article:published_time\" content=\"2016-09-28T00:00:00+00:00\" \/>\n<meta property=\"article:modified_time\" content=\"2019-06-03T12:03:19+00:00\" \/>\n<meta property=\"og:image\" content=\"https:\/\/www.garciafaura.com\/wp-content\/uploads\/2018\/11\/dsc_0049.jpg\" \/>\n\t<meta property=\"og:image:width\" content=\"1\" \/>\n\t<meta property=\"og:image:height\" content=\"1\" \/>\n\t<meta property=\"og:image:type\" content=\"image\/jpeg\" \/>\n<meta name=\"author\" content=\"David Achell\" \/>\n<meta name=\"twitter:card\" content=\"summary_large_image\" \/>\n<meta name=\"twitter:label1\" content=\"Escrito por\" \/>\n\t<meta name=\"twitter:data1\" content=\"David Achell\" \/>\n\t<meta name=\"twitter:label2\" content=\"Tiempo de lectura\" \/>\n\t<meta name=\"twitter:data2\" content=\"1 minuto\" \/>\n<script type=\"application\/ld+json\" class=\"yoast-schema-graph\">{\"@context\":\"https:\/\/schema.org\",\"@graph\":[{\"@type\":\"Article\",\"@id\":\"https:\/\/www.garciafaura.com\/es\/finalizadas-las-nuevas-estaciones-de-ferrocarrils-en-sabadell\/#article\",\"isPartOf\":{\"@id\":\"https:\/\/www.garciafaura.com\/es\/finalizadas-las-nuevas-estaciones-de-ferrocarrils-en-sabadell\/\"},\"author\":{\"name\":\"David Achell\",\"@id\":\"https:\/\/www.garciafaura.com\/fr\/#\/schema\/person\/b4b75e69b33fac3446071909bec106b0\"},\"headline\":\"Finalizadas las nuevas estaciones de Ferrocarrils en Sabadell.\",\"datePublished\":\"2016-09-28T00:00:00+00:00\",\"dateModified\":\"2019-06-03T12:03:19+00:00\",\"mainEntityOfPage\":{\"@id\":\"https:\/\/www.garciafaura.com\/es\/finalizadas-las-nuevas-estaciones-de-ferrocarrils-en-sabadell\/\"},\"wordCount\":265,\"commentCount\":0,\"publisher\":{\"@id\":\"https:\/\/www.garciafaura.com\/fr\/#organization\"},\"image\":{\"@id\":\"https:\/\/www.garciafaura.com\/es\/finalizadas-las-nuevas-estaciones-de-ferrocarrils-en-sabadell\/#primaryimage\"},\"thumbnailUrl\":\"https:\/\/www.garciafaura.com\/wp-content\/uploads\/2018\/11\/dsc_0049.jpg\",\"articleSection\":[\"Actualidad\"],\"inLanguage\":\"es\",\"potentialAction\":[{\"@type\":\"CommentAction\",\"name\":\"Comment\",\"target\":[\"https:\/\/www.garciafaura.com\/es\/finalizadas-las-nuevas-estaciones-de-ferrocarrils-en-sabadell\/#respond\"]}]},{\"@type\":\"WebPage\",\"@id\":\"https:\/\/www.garciafaura.com\/es\/finalizadas-las-nuevas-estaciones-de-ferrocarrils-en-sabadell\/\",\"url\":\"https:\/\/www.garciafaura.com\/es\/finalizadas-las-nuevas-estaciones-de-ferrocarrils-en-sabadell\/\",\"name\":\"Finalizadas las nuevas estaciones de Ferrocarrils en Sabadell. - GARCIA FAURA\",\"isPartOf\":{\"@id\":\"https:\/\/www.garciafaura.com\/fr\/#website\"},\"primaryImageOfPage\":{\"@id\":\"https:\/\/www.garciafaura.com\/es\/finalizadas-las-nuevas-estaciones-de-ferrocarrils-en-sabadell\/#primaryimage\"},\"image\":{\"@id\":\"https:\/\/www.garciafaura.com\/es\/finalizadas-las-nuevas-estaciones-de-ferrocarrils-en-sabadell\/#primaryimage\"},\"thumbnailUrl\":\"https:\/\/www.garciafaura.com\/wp-content\/uploads\/2018\/11\/dsc_0049.jpg\",\"datePublished\":\"2016-09-28T00:00:00+00:00\",\"dateModified\":\"2019-06-03T12:03:19+00:00\",\"description\":\"Arquitectura en Alumini, Inox, Ferro i Vidre\",\"breadcrumb\":{\"@id\":\"https:\/\/www.garciafaura.com\/es\/finalizadas-las-nuevas-estaciones-de-ferrocarrils-en-sabadell\/#breadcrumb\"},\"inLanguage\":\"es\",\"potentialAction\":[{\"@type\":\"ReadAction\",\"target\":[\"https:\/\/www.garciafaura.com\/es\/finalizadas-las-nuevas-estaciones-de-ferrocarrils-en-sabadell\/\"]}]},{\"@type\":\"ImageObject\",\"inLanguage\":\"es\",\"@id\":\"https:\/\/www.garciafaura.com\/es\/finalizadas-las-nuevas-estaciones-de-ferrocarrils-en-sabadell\/#primaryimage\",\"url\":\"https:\/\/www.garciafaura.com\/wp-content\/uploads\/2018\/11\/dsc_0049.jpg\",\"contentUrl\":\"https:\/\/www.garciafaura.com\/wp-content\/uploads\/2018\/11\/dsc_0049.jpg\"},{\"@type\":\"BreadcrumbList\",\"@id\":\"https:\/\/www.garciafaura.com\/es\/finalizadas-las-nuevas-estaciones-de-ferrocarrils-en-sabadell\/#breadcrumb\",\"itemListElement\":[{\"@type\":\"ListItem\",\"position\":1,\"name\":\"Inici\",\"item\":\"https:\/\/www.garciafaura.com\/es\/\"},{\"@type\":\"ListItem\",\"position\":2,\"name\":\"Finalizadas las nuevas estaciones de Ferrocarrils en Sabadell.\"}]},{\"@type\":\"WebSite\",\"@id\":\"https:\/\/www.garciafaura.com\/fr\/#website\",\"url\":\"https:\/\/www.garciafaura.com\/fr\/\",\"name\":\"GARCIA FAURA\",\"description\":\"Arquitectura en Alumini, Inox, Ferro i Vidre\",\"publisher\":{\"@id\":\"https:\/\/www.garciafaura.com\/fr\/#organization\"},\"potentialAction\":[{\"@type\":\"SearchAction\",\"target\":{\"@type\":\"EntryPoint\",\"urlTemplate\":\"https:\/\/www.garciafaura.com\/fr\/?s={search_term_string}\"},\"query-input\":{\"@type\":\"PropertyValueSpecification\",\"valueRequired\":true,\"valueName\":\"search_term_string\"}}],\"inLanguage\":\"es\"},{\"@type\":\"Organization\",\"@id\":\"https:\/\/www.garciafaura.com\/fr\/#organization\",\"name\":\"GARCIA FAURA\",\"url\":\"https:\/\/www.garciafaura.com\/fr\/\",\"logo\":{\"@type\":\"ImageObject\",\"inLanguage\":\"es\",\"@id\":\"https:\/\/www.garciafaura.com\/fr\/#\/schema\/logo\/image\/\",\"url\":\"https:\/\/www.garciafaura.com\/wp-content\/uploads\/2018\/09\/Garcia-Faura.png\",\"contentUrl\":\"https:\/\/www.garciafaura.com\/wp-content\/uploads\/2018\/09\/Garcia-Faura.png\",\"width\":512,\"height\":512,\"caption\":\"GARCIA FAURA\"},\"image\":{\"@id\":\"https:\/\/www.garciafaura.com\/fr\/#\/schema\/logo\/image\/\"},\"sameAs\":[\"https:\/\/www.youtube.com\/user\/GARCIAFAURA\"]},{\"@type\":\"Person\",\"@id\":\"https:\/\/www.garciafaura.com\/fr\/#\/schema\/person\/b4b75e69b33fac3446071909bec106b0\",\"name\":\"David Achell\",\"image\":{\"@type\":\"ImageObject\",\"inLanguage\":\"es\",\"@id\":\"https:\/\/www.garciafaura.com\/fr\/#\/schema\/person\/image\/\",\"url\":\"https:\/\/secure.gravatar.com\/avatar\/03900210afc1f61bce737bcb4a79c02e2c997f171e3eca839b5a4cbe03846c90?s=96&d=blank&r=g\",\"contentUrl\":\"https:\/\/secure.gravatar.com\/avatar\/03900210afc1f61bce737bcb4a79c02e2c997f171e3eca839b5a4cbe03846c90?s=96&d=blank&r=g\",\"caption\":\"David Achell\"}}]}<\/script>\n<!-- \/ Yoast SEO plugin. -->","yoast_head_json":{"title":"Finalizadas las nuevas estaciones de Ferrocarrils en Sabadell. - GARCIA FAURA","description":"Arquitectura en Alumini, Inox, Ferro i Vidre","robots":{"index":"index","follow":"follow","max-snippet":"max-snippet:-1","max-image-preview":"max-image-preview:large","max-video-preview":"max-video-preview:-1"},"canonical":"https:\/\/www.garciafaura.com\/es\/finalizadas-las-nuevas-estaciones-de-ferrocarrils-en-sabadell\/","og_locale":"es_ES","og_type":"article","og_title":"Finalizadas las nuevas estaciones de Ferrocarrils en Sabadell. - GARCIA FAURA","og_description":"Arquitectura en Alumini, Inox, Ferro i Vidre","og_url":"https:\/\/www.garciafaura.com\/es\/finalizadas-las-nuevas-estaciones-de-ferrocarrils-en-sabadell\/","og_site_name":"GARCIA FAURA","article_published_time":"2016-09-28T00:00:00+00:00","article_modified_time":"2019-06-03T12:03:19+00:00","og_image":[{"url":"https:\/\/www.garciafaura.com\/wp-content\/uploads\/2018\/11\/dsc_0049.jpg","width":1,"height":1,"type":"image\/jpeg"}],"author":"David Achell","twitter_card":"summary_large_image","twitter_misc":{"Escrito por":"David Achell","Tiempo de lectura":"1 minuto"},"schema":{"@context":"https:\/\/schema.org","@graph":[{"@type":"Article","@id":"https:\/\/www.garciafaura.com\/es\/finalizadas-las-nuevas-estaciones-de-ferrocarrils-en-sabadell\/#article","isPartOf":{"@id":"https:\/\/www.garciafaura.com\/es\/finalizadas-las-nuevas-estaciones-de-ferrocarrils-en-sabadell\/"},"author":{"name":"David Achell","@id":"https:\/\/www.garciafaura.com\/fr\/#\/schema\/person\/b4b75e69b33fac3446071909bec106b0"},"headline":"Finalizadas las nuevas estaciones de Ferrocarrils en Sabadell.","datePublished":"2016-09-28T00:00:00+00:00","dateModified":"2019-06-03T12:03:19+00:00","mainEntityOfPage":{"@id":"https:\/\/www.garciafaura.com\/es\/finalizadas-las-nuevas-estaciones-de-ferrocarrils-en-sabadell\/"},"wordCount":265,"commentCount":0,"publisher":{"@id":"https:\/\/www.garciafaura.com\/fr\/#organization"},"image":{"@id":"https:\/\/www.garciafaura.com\/es\/finalizadas-las-nuevas-estaciones-de-ferrocarrils-en-sabadell\/#primaryimage"},"thumbnailUrl":"https:\/\/www.garciafaura.com\/wp-content\/uploads\/2018\/11\/dsc_0049.jpg","articleSection":["Actualidad"],"inLanguage":"es","potentialAction":[{"@type":"CommentAction","name":"Comment","target":["https:\/\/www.garciafaura.com\/es\/finalizadas-las-nuevas-estaciones-de-ferrocarrils-en-sabadell\/#respond"]}]},{"@type":"WebPage","@id":"https:\/\/www.garciafaura.com\/es\/finalizadas-las-nuevas-estaciones-de-ferrocarrils-en-sabadell\/","url":"https:\/\/www.garciafaura.com\/es\/finalizadas-las-nuevas-estaciones-de-ferrocarrils-en-sabadell\/","name":"Finalizadas las nuevas estaciones de Ferrocarrils en Sabadell. - GARCIA FAURA","isPartOf":{"@id":"https:\/\/www.garciafaura.com\/fr\/#website"},"primaryImageOfPage":{"@id":"https:\/\/www.garciafaura.com\/es\/finalizadas-las-nuevas-estaciones-de-ferrocarrils-en-sabadell\/#primaryimage"},"image":{"@id":"https:\/\/www.garciafaura.com\/es\/finalizadas-las-nuevas-estaciones-de-ferrocarrils-en-sabadell\/#primaryimage"},"thumbnailUrl":"https:\/\/www.garciafaura.com\/wp-content\/uploads\/2018\/11\/dsc_0049.jpg","datePublished":"2016-09-28T00:00:00+00:00","dateModified":"2019-06-03T12:03:19+00:00","description":"Arquitectura en Alumini, Inox, Ferro i Vidre","breadcrumb":{"@id":"https:\/\/www.garciafaura.com\/es\/finalizadas-las-nuevas-estaciones-de-ferrocarrils-en-sabadell\/#breadcrumb"},"inLanguage":"es","potentialAction":[{"@type":"ReadAction","target":["https:\/\/www.garciafaura.com\/es\/finalizadas-las-nuevas-estaciones-de-ferrocarrils-en-sabadell\/"]}]},{"@type":"ImageObject","inLanguage":"es","@id":"https:\/\/www.garciafaura.com\/es\/finalizadas-las-nuevas-estaciones-de-ferrocarrils-en-sabadell\/#primaryimage","url":"https:\/\/www.garciafaura.com\/wp-content\/uploads\/2018\/11\/dsc_0049.jpg","contentUrl":"https:\/\/www.garciafaura.com\/wp-content\/uploads\/2018\/11\/dsc_0049.jpg"},{"@type":"BreadcrumbList","@id":"https:\/\/www.garciafaura.com\/es\/finalizadas-las-nuevas-estaciones-de-ferrocarrils-en-sabadell\/#breadcrumb","itemListElement":[{"@type":"ListItem","position":1,"name":"Inici","item":"https:\/\/www.garciafaura.com\/es\/"},{"@type":"ListItem","position":2,"name":"Finalizadas las nuevas estaciones de Ferrocarrils en Sabadell."}]},{"@type":"WebSite","@id":"https:\/\/www.garciafaura.com\/fr\/#website","url":"https:\/\/www.garciafaura.com\/fr\/","name":"GARCIA FAURA","description":"Arquitectura en Alumini, Inox, Ferro i Vidre","publisher":{"@id":"https:\/\/www.garciafaura.com\/fr\/#organization"},"potentialAction":[{"@type":"SearchAction","target":{"@type":"EntryPoint","urlTemplate":"https:\/\/www.garciafaura.com\/fr\/?s={search_term_string}"},"query-input":{"@type":"PropertyValueSpecification","valueRequired":true,"valueName":"search_term_string"}}],"inLanguage":"es"},{"@type":"Organization","@id":"https:\/\/www.garciafaura.com\/fr\/#organization","name":"GARCIA FAURA","url":"https:\/\/www.garciafaura.com\/fr\/","logo":{"@type":"ImageObject","inLanguage":"es","@id":"https:\/\/www.garciafaura.com\/fr\/#\/schema\/logo\/image\/","url":"https:\/\/www.garciafaura.com\/wp-content\/uploads\/2018\/09\/Garcia-Faura.png","contentUrl":"https:\/\/www.garciafaura.com\/wp-content\/uploads\/2018\/09\/Garcia-Faura.png","width":512,"height":512,"caption":"GARCIA FAURA"},"image":{"@id":"https:\/\/www.garciafaura.com\/fr\/#\/schema\/logo\/image\/"},"sameAs":["https:\/\/www.youtube.com\/user\/GARCIAFAURA"]},{"@type":"Person","@id":"https:\/\/www.garciafaura.com\/fr\/#\/schema\/person\/b4b75e69b33fac3446071909bec106b0","name":"David Achell","image":{"@type":"ImageObject","inLanguage":"es","@id":"https:\/\/www.garciafaura.com\/fr\/#\/schema\/person\/image\/","url":"https:\/\/secure.gravatar.com\/avatar\/03900210afc1f61bce737bcb4a79c02e2c997f171e3eca839b5a4cbe03846c90?s=96&d=blank&r=g","contentUrl":"https:\/\/secure.gravatar.com\/avatar\/03900210afc1f61bce737bcb4a79c02e2c997f171e3eca839b5a4cbe03846c90?s=96&d=blank&r=g","caption":"David Achell"}}]}},"_links":{"self":[{"href":"https:\/\/www.garciafaura.com\/es\/wp-json\/wp\/v2\/posts\/6605","targetHints":{"allow":["GET"]}}],"collection":[{"href":"https:\/\/www.garciafaura.com\/es\/wp-json\/wp\/v2\/posts"}],"about":[{"href":"https:\/\/www.garciafaura.com\/es\/wp-json\/wp\/v2\/types\/post"}],"author":[{"embeddable":true,"href":"https:\/\/www.garciafaura.com\/es\/wp-json\/wp\/v2\/users\/3"}],"replies":[{"embeddable":true,"href":"https:\/\/www.garciafaura.com\/es\/wp-json\/wp\/v2\/comments?post=6605"}],"version-history":[{"count":1,"href":"https:\/\/www.garciafaura.com\/es\/wp-json\/wp\/v2\/posts\/6605\/revisions"}],"predecessor-version":[{"id":21553,"href":"https:\/\/www.garciafaura.com\/es\/wp-json\/wp\/v2\/posts\/6605\/revisions\/21553"}],"wp:featuredmedia":[{"embeddable":true,"href":"https:\/\/www.garciafaura.com\/es\/wp-json\/wp\/v2\/media\/6589"}],"wp:attachment":[{"href":"https:\/\/www.garciafaura.com\/es\/wp-json\/wp\/v2\/media?parent=6605"}],"wp:term":[{"taxonomy":"category","embeddable":true,"href":"https:\/\/www.garciafaura.com\/es\/wp-json\/wp\/v2\/categories?post=6605"},{"taxonomy":"post_tag","embeddable":true,"href":"https:\/\/www.garciafaura.com\/es\/wp-json\/wp\/v2\/tags?post=6605"},{"taxonomy":"post_series","embeddable":true,"href":"https:\/\/www.garciafaura.com\/es\/wp-json\/wp\/v2\/post_series?post=6605"}],"curies":[{"name":"wp","href":"https:\/\/api.w.org\/{rel}","templated":true}]}}