{"id":6585,"date":"2016-09-07T00:00:00","date_gmt":"2016-09-07T00:00:00","guid":{"rendered":"https:\/\/www.garciafaura.com\/un-verano-trabajando-en-nuevos-equipamientos-escolares\/"},"modified":"2019-06-03T12:03:35","modified_gmt":"2019-06-03T12:03:35","slug":"un-verano-trabajando-en-nuevos-equipamientos-escolares","status":"publish","type":"post","link":"https:\/\/www.garciafaura.com\/es\/un-verano-trabajando-en-nuevos-equipamientos-escolares\/","title":{"rendered":"Un verano trabajando en nuevos equipamientos escolares."},"content":{"rendered":"<p>&nbsp;<\/p>\n<p>El nuevo Instituto La Atalaya de Segur de Calafell y la rehabilitaci\u00f3n de la Escuela Pau Casals ubicada en Rub\u00ed deben abrir puertas de manera inminente. En la nueva escuela del municipio tarraconense<strong>, GARCIA FAURA<\/strong> ha terminado ya el conjunto de cerramientos de aluminio contemplados en un edificio que cuenta con diferentes instalaciones repartidas en m\u00e1s de 7.400 metros cuadrados.\u00a0<span style=\"font-size: 16px;\">Por su parte la Escuela Pau Casals del municipio rubinense plane\u00f3 reacondicionar sus instalaciones para mejorar el d\u00eda a d\u00eda de los estudiantes y tambi\u00e9n de todo el personal trabajador del centro. Aqu\u00ed las tareas contin\u00faan todav\u00eda activas.<\/span><\/p>\n<p>&nbsp;<\/p>\n<p>Paralelamente a estos dos centros,<strong> GARCIA FAURA <\/strong>contin\u00faa trabajando en el nuevo edificio del Centro Municipal de Arte y Dise\u00f1o La Massana, en Barcelona. Proyectado por Carme Pin\u00f3s, constar\u00e1 de m\u00e1s de 11.000 metros cuadrados repartidos en dos cuerpos y conectados con los espacios exteriores.<\/p>\n<p>&nbsp;<\/p>\n<p>En una fase m\u00e1s avanzada est\u00e1n las tareas a la ampliaci\u00f3n de la Facultad de Derecho de la UB, proyectada por Enric Soria y Juan Ignacio Quintana, y que estar\u00e1 formada por un edificio de cuatro cuerpos donde podremos encontrar diferentes equipamientos, como por ejemplo , una veintena de aulas, un espacio de mediaci\u00f3n o una sala destinada a la simulaci\u00f3n de juicios. Aqu\u00ed, la empresa ha desarrollado el conjunto de fachadas del edificio, que lo dotar\u00e1n de gran singularidad exterior, convirti\u00e9ndose en nota se\u00f1a de identidad de la facultad.<\/p>\n<p>&nbsp;<\/p>\n<p><span style=\"font-size: 16px;\">Para todos y cada uno de estos proyectos <\/span><strong style=\"font-size: 16px;\">GARCIA FAURA<\/strong><span style=\"font-size: 16px;\"> ha desarrollado, trabajado y creado materiales \u00fanicos y totalmente diferentes, con un total de m\u00e1s de 11.700 metros cuadrados de fachada repartidos entre muros, fachada de vidrio y diferentes cubiertas met\u00e1licas. Asimismo se han fabricado e instalado tambi\u00e9n m\u00e1s de 550 cierres como ventanas, puertas y salidas de emergencia.<\/span><\/p>\n<p>&nbsp;<\/p>\n<p>Para cada caso, se han desarrollado soluciones \u00fanicas donde lo m\u00e1s importante era conjugar las posibilidades presupuestarias con una alta calidad de producto, para que los usuarios finales disfruten de la m\u00e1xima calidad de uso de las instalaciones.<\/p>\n","protected":false},"excerpt":{"rendered":"<p>Con la llegada del nuevo curso escolar algunos de estos edificios inaugurar\u00e1n instalaciones, mientras que otros tendr\u00e1n que esperar todav\u00eda unos meses poder entrar en funcionamiento. GARCIA FAURA ha continuado trabajando este verano para cumplir con cada uno de los plazos de obra, y que aquellos que tuvieran previsi\u00f3n de apertura para este septiembre pudieran estar terminados antes del inicio de la actividad escolar.<\/p>\n","protected":false},"author":3,"featured_media":6565,"comment_status":"open","ping_status":"open","sticky":false,"template":"","format":"standard","meta":{"footnotes":""},"categories":[3],"tags":[],"post_series":[],"class_list":["post-6585","post","type-post","status-publish","format-standard","has-post-thumbnail","hentry","category-actualidad","entry","has-media"],"yoast_head":"<!-- This site is optimized with the Yoast SEO plugin v26.7 - https:\/\/yoast.com\/wordpress\/plugins\/seo\/ -->\n<title>Un verano trabajando en nuevos equipamientos escolares. - GARCIA FAURA<\/title>\n<meta name=\"description\" content=\"Arquitectura en Alumini, Inox, Ferro i Vidre\" \/>\n<meta name=\"robots\" content=\"index, follow, max-snippet:-1, max-image-preview:large, max-video-preview:-1\" \/>\n<link rel=\"canonical\" href=\"https:\/\/www.garciafaura.com\/es\/un-verano-trabajando-en-nuevos-equipamientos-escolares\/\" \/>\n<meta property=\"og:locale\" content=\"es_ES\" \/>\n<meta property=\"og:type\" content=\"article\" \/>\n<meta property=\"og:title\" content=\"Un verano trabajando en nuevos equipamientos escolares. - GARCIA FAURA\" \/>\n<meta property=\"og:description\" content=\"Arquitectura en Alumini, Inox, Ferro i Vidre\" \/>\n<meta property=\"og:url\" content=\"https:\/\/www.garciafaura.com\/es\/un-verano-trabajando-en-nuevos-equipamientos-escolares\/\" \/>\n<meta property=\"og:site_name\" content=\"GARCIA FAURA\" \/>\n<meta property=\"article:published_time\" content=\"2016-09-07T00:00:00+00:00\" \/>\n<meta property=\"article:modified_time\" content=\"2019-06-03T12:03:35+00:00\" \/>\n<meta property=\"og:image\" content=\"https:\/\/www.garciafaura.com\/wp-content\/uploads\/2018\/11\/institut_la_talaia_02-2.jpg\" \/>\n\t<meta property=\"og:image:width\" content=\"1\" \/>\n\t<meta property=\"og:image:height\" content=\"1\" \/>\n\t<meta property=\"og:image:type\" content=\"image\/jpeg\" \/>\n<meta name=\"author\" content=\"David Achell\" \/>\n<meta name=\"twitter:card\" content=\"summary_large_image\" \/>\n<meta name=\"twitter:label1\" content=\"Escrito por\" \/>\n\t<meta name=\"twitter:data1\" content=\"David Achell\" \/>\n\t<meta name=\"twitter:label2\" content=\"Tiempo de lectura\" \/>\n\t<meta name=\"twitter:data2\" content=\"2 minutos\" \/>\n<script type=\"application\/ld+json\" class=\"yoast-schema-graph\">{\"@context\":\"https:\/\/schema.org\",\"@graph\":[{\"@type\":\"Article\",\"@id\":\"https:\/\/www.garciafaura.com\/es\/un-verano-trabajando-en-nuevos-equipamientos-escolares\/#article\",\"isPartOf\":{\"@id\":\"https:\/\/www.garciafaura.com\/es\/un-verano-trabajando-en-nuevos-equipamientos-escolares\/\"},\"author\":{\"name\":\"David Achell\",\"@id\":\"https:\/\/www.garciafaura.com\/fr\/#\/schema\/person\/b4b75e69b33fac3446071909bec106b0\"},\"headline\":\"Un verano trabajando en nuevos equipamientos escolares.\",\"datePublished\":\"2016-09-07T00:00:00+00:00\",\"dateModified\":\"2019-06-03T12:03:35+00:00\",\"mainEntityOfPage\":{\"@id\":\"https:\/\/www.garciafaura.com\/es\/un-verano-trabajando-en-nuevos-equipamientos-escolares\/\"},\"wordCount\":362,\"commentCount\":0,\"publisher\":{\"@id\":\"https:\/\/www.garciafaura.com\/fr\/#organization\"},\"image\":{\"@id\":\"https:\/\/www.garciafaura.com\/es\/un-verano-trabajando-en-nuevos-equipamientos-escolares\/#primaryimage\"},\"thumbnailUrl\":\"https:\/\/www.garciafaura.com\/wp-content\/uploads\/2018\/11\/institut_la_talaia_02-2.jpg\",\"articleSection\":[\"Actualidad\"],\"inLanguage\":\"es\",\"potentialAction\":[{\"@type\":\"CommentAction\",\"name\":\"Comment\",\"target\":[\"https:\/\/www.garciafaura.com\/es\/un-verano-trabajando-en-nuevos-equipamientos-escolares\/#respond\"]}]},{\"@type\":\"WebPage\",\"@id\":\"https:\/\/www.garciafaura.com\/es\/un-verano-trabajando-en-nuevos-equipamientos-escolares\/\",\"url\":\"https:\/\/www.garciafaura.com\/es\/un-verano-trabajando-en-nuevos-equipamientos-escolares\/\",\"name\":\"Un verano trabajando en nuevos equipamientos escolares. - GARCIA FAURA\",\"isPartOf\":{\"@id\":\"https:\/\/www.garciafaura.com\/fr\/#website\"},\"primaryImageOfPage\":{\"@id\":\"https:\/\/www.garciafaura.com\/es\/un-verano-trabajando-en-nuevos-equipamientos-escolares\/#primaryimage\"},\"image\":{\"@id\":\"https:\/\/www.garciafaura.com\/es\/un-verano-trabajando-en-nuevos-equipamientos-escolares\/#primaryimage\"},\"thumbnailUrl\":\"https:\/\/www.garciafaura.com\/wp-content\/uploads\/2018\/11\/institut_la_talaia_02-2.jpg\",\"datePublished\":\"2016-09-07T00:00:00+00:00\",\"dateModified\":\"2019-06-03T12:03:35+00:00\",\"description\":\"Arquitectura en Alumini, Inox, Ferro i Vidre\",\"breadcrumb\":{\"@id\":\"https:\/\/www.garciafaura.com\/es\/un-verano-trabajando-en-nuevos-equipamientos-escolares\/#breadcrumb\"},\"inLanguage\":\"es\",\"potentialAction\":[{\"@type\":\"ReadAction\",\"target\":[\"https:\/\/www.garciafaura.com\/es\/un-verano-trabajando-en-nuevos-equipamientos-escolares\/\"]}]},{\"@type\":\"ImageObject\",\"inLanguage\":\"es\",\"@id\":\"https:\/\/www.garciafaura.com\/es\/un-verano-trabajando-en-nuevos-equipamientos-escolares\/#primaryimage\",\"url\":\"https:\/\/www.garciafaura.com\/wp-content\/uploads\/2018\/11\/institut_la_talaia_02-2.jpg\",\"contentUrl\":\"https:\/\/www.garciafaura.com\/wp-content\/uploads\/2018\/11\/institut_la_talaia_02-2.jpg\"},{\"@type\":\"BreadcrumbList\",\"@id\":\"https:\/\/www.garciafaura.com\/es\/un-verano-trabajando-en-nuevos-equipamientos-escolares\/#breadcrumb\",\"itemListElement\":[{\"@type\":\"ListItem\",\"position\":1,\"name\":\"Inici\",\"item\":\"https:\/\/www.garciafaura.com\/es\/\"},{\"@type\":\"ListItem\",\"position\":2,\"name\":\"Un verano trabajando en nuevos equipamientos escolares.\"}]},{\"@type\":\"WebSite\",\"@id\":\"https:\/\/www.garciafaura.com\/fr\/#website\",\"url\":\"https:\/\/www.garciafaura.com\/fr\/\",\"name\":\"GARCIA FAURA\",\"description\":\"Arquitectura en Alumini, Inox, Ferro i Vidre\",\"publisher\":{\"@id\":\"https:\/\/www.garciafaura.com\/fr\/#organization\"},\"potentialAction\":[{\"@type\":\"SearchAction\",\"target\":{\"@type\":\"EntryPoint\",\"urlTemplate\":\"https:\/\/www.garciafaura.com\/fr\/?s={search_term_string}\"},\"query-input\":{\"@type\":\"PropertyValueSpecification\",\"valueRequired\":true,\"valueName\":\"search_term_string\"}}],\"inLanguage\":\"es\"},{\"@type\":\"Organization\",\"@id\":\"https:\/\/www.garciafaura.com\/fr\/#organization\",\"name\":\"GARCIA FAURA\",\"url\":\"https:\/\/www.garciafaura.com\/fr\/\",\"logo\":{\"@type\":\"ImageObject\",\"inLanguage\":\"es\",\"@id\":\"https:\/\/www.garciafaura.com\/fr\/#\/schema\/logo\/image\/\",\"url\":\"https:\/\/www.garciafaura.com\/wp-content\/uploads\/2018\/09\/Garcia-Faura.png\",\"contentUrl\":\"https:\/\/www.garciafaura.com\/wp-content\/uploads\/2018\/09\/Garcia-Faura.png\",\"width\":512,\"height\":512,\"caption\":\"GARCIA FAURA\"},\"image\":{\"@id\":\"https:\/\/www.garciafaura.com\/fr\/#\/schema\/logo\/image\/\"},\"sameAs\":[\"https:\/\/www.youtube.com\/user\/GARCIAFAURA\"]},{\"@type\":\"Person\",\"@id\":\"https:\/\/www.garciafaura.com\/fr\/#\/schema\/person\/b4b75e69b33fac3446071909bec106b0\",\"name\":\"David Achell\",\"image\":{\"@type\":\"ImageObject\",\"inLanguage\":\"es\",\"@id\":\"https:\/\/www.garciafaura.com\/fr\/#\/schema\/person\/image\/\",\"url\":\"https:\/\/secure.gravatar.com\/avatar\/03900210afc1f61bce737bcb4a79c02e2c997f171e3eca839b5a4cbe03846c90?s=96&d=blank&r=g\",\"contentUrl\":\"https:\/\/secure.gravatar.com\/avatar\/03900210afc1f61bce737bcb4a79c02e2c997f171e3eca839b5a4cbe03846c90?s=96&d=blank&r=g\",\"caption\":\"David Achell\"}}]}<\/script>\n<!-- \/ Yoast SEO plugin. -->","yoast_head_json":{"title":"Un verano trabajando en nuevos equipamientos escolares. - GARCIA FAURA","description":"Arquitectura en Alumini, Inox, Ferro i Vidre","robots":{"index":"index","follow":"follow","max-snippet":"max-snippet:-1","max-image-preview":"max-image-preview:large","max-video-preview":"max-video-preview:-1"},"canonical":"https:\/\/www.garciafaura.com\/es\/un-verano-trabajando-en-nuevos-equipamientos-escolares\/","og_locale":"es_ES","og_type":"article","og_title":"Un verano trabajando en nuevos equipamientos escolares. - GARCIA FAURA","og_description":"Arquitectura en Alumini, Inox, Ferro i Vidre","og_url":"https:\/\/www.garciafaura.com\/es\/un-verano-trabajando-en-nuevos-equipamientos-escolares\/","og_site_name":"GARCIA FAURA","article_published_time":"2016-09-07T00:00:00+00:00","article_modified_time":"2019-06-03T12:03:35+00:00","og_image":[{"url":"https:\/\/www.garciafaura.com\/wp-content\/uploads\/2018\/11\/institut_la_talaia_02-2.jpg","width":1,"height":1,"type":"image\/jpeg"}],"author":"David Achell","twitter_card":"summary_large_image","twitter_misc":{"Escrito por":"David Achell","Tiempo de lectura":"2 minutos"},"schema":{"@context":"https:\/\/schema.org","@graph":[{"@type":"Article","@id":"https:\/\/www.garciafaura.com\/es\/un-verano-trabajando-en-nuevos-equipamientos-escolares\/#article","isPartOf":{"@id":"https:\/\/www.garciafaura.com\/es\/un-verano-trabajando-en-nuevos-equipamientos-escolares\/"},"author":{"name":"David Achell","@id":"https:\/\/www.garciafaura.com\/fr\/#\/schema\/person\/b4b75e69b33fac3446071909bec106b0"},"headline":"Un verano trabajando en nuevos equipamientos escolares.","datePublished":"2016-09-07T00:00:00+00:00","dateModified":"2019-06-03T12:03:35+00:00","mainEntityOfPage":{"@id":"https:\/\/www.garciafaura.com\/es\/un-verano-trabajando-en-nuevos-equipamientos-escolares\/"},"wordCount":362,"commentCount":0,"publisher":{"@id":"https:\/\/www.garciafaura.com\/fr\/#organization"},"image":{"@id":"https:\/\/www.garciafaura.com\/es\/un-verano-trabajando-en-nuevos-equipamientos-escolares\/#primaryimage"},"thumbnailUrl":"https:\/\/www.garciafaura.com\/wp-content\/uploads\/2018\/11\/institut_la_talaia_02-2.jpg","articleSection":["Actualidad"],"inLanguage":"es","potentialAction":[{"@type":"CommentAction","name":"Comment","target":["https:\/\/www.garciafaura.com\/es\/un-verano-trabajando-en-nuevos-equipamientos-escolares\/#respond"]}]},{"@type":"WebPage","@id":"https:\/\/www.garciafaura.com\/es\/un-verano-trabajando-en-nuevos-equipamientos-escolares\/","url":"https:\/\/www.garciafaura.com\/es\/un-verano-trabajando-en-nuevos-equipamientos-escolares\/","name":"Un verano trabajando en nuevos equipamientos escolares. - GARCIA FAURA","isPartOf":{"@id":"https:\/\/www.garciafaura.com\/fr\/#website"},"primaryImageOfPage":{"@id":"https:\/\/www.garciafaura.com\/es\/un-verano-trabajando-en-nuevos-equipamientos-escolares\/#primaryimage"},"image":{"@id":"https:\/\/www.garciafaura.com\/es\/un-verano-trabajando-en-nuevos-equipamientos-escolares\/#primaryimage"},"thumbnailUrl":"https:\/\/www.garciafaura.com\/wp-content\/uploads\/2018\/11\/institut_la_talaia_02-2.jpg","datePublished":"2016-09-07T00:00:00+00:00","dateModified":"2019-06-03T12:03:35+00:00","description":"Arquitectura en Alumini, Inox, Ferro i Vidre","breadcrumb":{"@id":"https:\/\/www.garciafaura.com\/es\/un-verano-trabajando-en-nuevos-equipamientos-escolares\/#breadcrumb"},"inLanguage":"es","potentialAction":[{"@type":"ReadAction","target":["https:\/\/www.garciafaura.com\/es\/un-verano-trabajando-en-nuevos-equipamientos-escolares\/"]}]},{"@type":"ImageObject","inLanguage":"es","@id":"https:\/\/www.garciafaura.com\/es\/un-verano-trabajando-en-nuevos-equipamientos-escolares\/#primaryimage","url":"https:\/\/www.garciafaura.com\/wp-content\/uploads\/2018\/11\/institut_la_talaia_02-2.jpg","contentUrl":"https:\/\/www.garciafaura.com\/wp-content\/uploads\/2018\/11\/institut_la_talaia_02-2.jpg"},{"@type":"BreadcrumbList","@id":"https:\/\/www.garciafaura.com\/es\/un-verano-trabajando-en-nuevos-equipamientos-escolares\/#breadcrumb","itemListElement":[{"@type":"ListItem","position":1,"name":"Inici","item":"https:\/\/www.garciafaura.com\/es\/"},{"@type":"ListItem","position":2,"name":"Un verano trabajando en nuevos equipamientos escolares."}]},{"@type":"WebSite","@id":"https:\/\/www.garciafaura.com\/fr\/#website","url":"https:\/\/www.garciafaura.com\/fr\/","name":"GARCIA FAURA","description":"Arquitectura en Alumini, Inox, Ferro i Vidre","publisher":{"@id":"https:\/\/www.garciafaura.com\/fr\/#organization"},"potentialAction":[{"@type":"SearchAction","target":{"@type":"EntryPoint","urlTemplate":"https:\/\/www.garciafaura.com\/fr\/?s={search_term_string}"},"query-input":{"@type":"PropertyValueSpecification","valueRequired":true,"valueName":"search_term_string"}}],"inLanguage":"es"},{"@type":"Organization","@id":"https:\/\/www.garciafaura.com\/fr\/#organization","name":"GARCIA FAURA","url":"https:\/\/www.garciafaura.com\/fr\/","logo":{"@type":"ImageObject","inLanguage":"es","@id":"https:\/\/www.garciafaura.com\/fr\/#\/schema\/logo\/image\/","url":"https:\/\/www.garciafaura.com\/wp-content\/uploads\/2018\/09\/Garcia-Faura.png","contentUrl":"https:\/\/www.garciafaura.com\/wp-content\/uploads\/2018\/09\/Garcia-Faura.png","width":512,"height":512,"caption":"GARCIA FAURA"},"image":{"@id":"https:\/\/www.garciafaura.com\/fr\/#\/schema\/logo\/image\/"},"sameAs":["https:\/\/www.youtube.com\/user\/GARCIAFAURA"]},{"@type":"Person","@id":"https:\/\/www.garciafaura.com\/fr\/#\/schema\/person\/b4b75e69b33fac3446071909bec106b0","name":"David Achell","image":{"@type":"ImageObject","inLanguage":"es","@id":"https:\/\/www.garciafaura.com\/fr\/#\/schema\/person\/image\/","url":"https:\/\/secure.gravatar.com\/avatar\/03900210afc1f61bce737bcb4a79c02e2c997f171e3eca839b5a4cbe03846c90?s=96&d=blank&r=g","contentUrl":"https:\/\/secure.gravatar.com\/avatar\/03900210afc1f61bce737bcb4a79c02e2c997f171e3eca839b5a4cbe03846c90?s=96&d=blank&r=g","caption":"David Achell"}}]}},"_links":{"self":[{"href":"https:\/\/www.garciafaura.com\/es\/wp-json\/wp\/v2\/posts\/6585","targetHints":{"allow":["GET"]}}],"collection":[{"href":"https:\/\/www.garciafaura.com\/es\/wp-json\/wp\/v2\/posts"}],"about":[{"href":"https:\/\/www.garciafaura.com\/es\/wp-json\/wp\/v2\/types\/post"}],"author":[{"embeddable":true,"href":"https:\/\/www.garciafaura.com\/es\/wp-json\/wp\/v2\/users\/3"}],"replies":[{"embeddable":true,"href":"https:\/\/www.garciafaura.com\/es\/wp-json\/wp\/v2\/comments?post=6585"}],"version-history":[{"count":1,"href":"https:\/\/www.garciafaura.com\/es\/wp-json\/wp\/v2\/posts\/6585\/revisions"}],"predecessor-version":[{"id":21554,"href":"https:\/\/www.garciafaura.com\/es\/wp-json\/wp\/v2\/posts\/6585\/revisions\/21554"}],"wp:featuredmedia":[{"embeddable":true,"href":"https:\/\/www.garciafaura.com\/es\/wp-json\/wp\/v2\/media\/6565"}],"wp:attachment":[{"href":"https:\/\/www.garciafaura.com\/es\/wp-json\/wp\/v2\/media?parent=6585"}],"wp:term":[{"taxonomy":"category","embeddable":true,"href":"https:\/\/www.garciafaura.com\/es\/wp-json\/wp\/v2\/categories?post=6585"},{"taxonomy":"post_tag","embeddable":true,"href":"https:\/\/www.garciafaura.com\/es\/wp-json\/wp\/v2\/tags?post=6585"},{"taxonomy":"post_series","embeddable":true,"href":"https:\/\/www.garciafaura.com\/es\/wp-json\/wp\/v2\/post_series?post=6585"}],"curies":[{"name":"wp","href":"https:\/\/api.w.org\/{rel}","templated":true}]}}