{"id":6545,"date":"2016-06-18T00:00:00","date_gmt":"2016-06-18T00:00:00","guid":{"rendered":"https:\/\/www.garciafaura.com\/rehabilitacion-de-la-escuela-pau-casals\/"},"modified":"2019-06-03T12:04:01","modified_gmt":"2019-06-03T12:04:01","slug":"rehabilitacion-de-la-escuela-pau-casals","status":"publish","type":"post","link":"https:\/\/www.garciafaura.com\/es\/rehabilitacion-de-la-escuela-pau-casals\/","title":{"rendered":"Rehabilitaci\u00f3n de la escuela Pau Casals."},"content":{"rendered":"<p>&nbsp;<\/p>\n<p>Con esta rehabilitaci\u00f3n el ayuntamiento espera satisfacer y sobre todo mejorar la calidad de los alumnos que dar\u00e1n uso a las instalaciones el pr\u00f3ximo curso. En una primera fase, el trabajo que se ha llevado a cabo dentro de la escuela ha pasado por la remodelaci\u00f3n de la conserjer\u00eda, los aseos, los pavimentos y carpinter\u00edas interiores del edificio as\u00ed como la mejora de la instalaci\u00f3n el\u00e9ctrica y la calefacci\u00f3n, entre otros. Este verano se inicia la segunda fase, con el fin de mejorar la fachada y habilitar un ascensor en el centro. Las obras se dise\u00f1aron con el objetivo de evitar al m\u00e1ximo posible las molestias a ni\u00f1os y docentes. Es por ello que desde la direcci\u00f3n del centro se ha querido agradecer el esfuerzo a las empresas para adaptarse a los horarios acad\u00e9micos.<\/p>\n<p><strong>GARCIA FAURA<\/strong> interviene en la segunda fase de esta obra instalando las ventanas tanto de las fachadas sur y norte. Se decidi\u00f3 fabricar ventanas con rotura de puente t\u00e9rmico que destacan por un mayor aislamiento que garantizar\u00e1 el confort a los usuarios del centro. La empresa cuenta con una larga trayectoria tanto en rehabilitaci\u00f3n como en obra nueva destinada a usos docentes, siendo especialmente efectiva cuando estos trabajos suelen realizarse en \u00e9poca de vacaciones escolares.<\/p>\n<p>&nbsp;<\/p>\n<p>Las obras de esta rehabilitaci\u00f3n estar\u00e1n finalizadas antes del inicio escolar para as\u00ed evitar entorpecer el d\u00eda a d\u00eda de alumnado y profesorado.<\/p>\n<p>&nbsp;<\/p>\n","protected":false},"excerpt":{"rendered":"<p>El ayuntamiento de Rub\u00ed inici\u00f3 en 2015 la rehabilitaci\u00f3n de la escuela Pau Casals, que espera poder finalizar este a\u00f1o 2016. Se trata de unos trabajos de acondicionamiento largamente reivindicados por la poblaci\u00f3n y que ver\u00e1n la luz el pr\u00f3ximo curso escolar . GARCIA FAURA aportar\u00e1 su experiencia y trayectoria en el proyecto instalando m\u00e1s de 200 nuevas ventanas de aluminio que sustituir\u00e1n a los viejos cerramientos de la escuela.<\/p>\n","protected":false},"author":3,"featured_media":6529,"comment_status":"open","ping_status":"open","sticky":false,"template":"","format":"standard","meta":{"footnotes":""},"categories":[3],"tags":[],"post_series":[],"class_list":["post-6545","post","type-post","status-publish","format-standard","has-post-thumbnail","hentry","category-actualidad","entry","has-media"],"yoast_head":"<!-- This site is optimized with the Yoast SEO plugin v26.7 - https:\/\/yoast.com\/wordpress\/plugins\/seo\/ -->\n<title>Rehabilitaci\u00f3n de la escuela Pau Casals. - GARCIA FAURA<\/title>\n<meta name=\"description\" content=\"Arquitectura en Alumini, Inox, Ferro i Vidre\" \/>\n<meta name=\"robots\" content=\"index, follow, max-snippet:-1, max-image-preview:large, max-video-preview:-1\" \/>\n<link rel=\"canonical\" href=\"https:\/\/www.garciafaura.com\/es\/rehabilitacion-de-la-escuela-pau-casals\/\" \/>\n<meta property=\"og:locale\" content=\"es_ES\" \/>\n<meta property=\"og:type\" content=\"article\" \/>\n<meta property=\"og:title\" content=\"Rehabilitaci\u00f3n de la escuela Pau Casals. - GARCIA FAURA\" \/>\n<meta property=\"og:description\" content=\"Arquitectura en Alumini, Inox, Ferro i Vidre\" \/>\n<meta property=\"og:url\" content=\"https:\/\/www.garciafaura.com\/es\/rehabilitacion-de-la-escuela-pau-casals\/\" \/>\n<meta property=\"og:site_name\" content=\"GARCIA FAURA\" \/>\n<meta property=\"article:published_time\" content=\"2016-06-18T00:00:00+00:00\" \/>\n<meta property=\"article:modified_time\" content=\"2019-06-03T12:04:01+00:00\" \/>\n<meta property=\"og:image\" content=\"https:\/\/www.garciafaura.com\/wp-content\/uploads\/2018\/11\/escola_pau_casals_rubi_foto_rubi_informa.jpg\" \/>\n\t<meta property=\"og:image:width\" content=\"1\" \/>\n\t<meta property=\"og:image:height\" content=\"1\" \/>\n\t<meta property=\"og:image:type\" content=\"image\/jpeg\" \/>\n<meta name=\"author\" content=\"David Achell\" \/>\n<meta name=\"twitter:card\" content=\"summary_large_image\" \/>\n<meta name=\"twitter:label1\" content=\"Escrito por\" \/>\n\t<meta name=\"twitter:data1\" content=\"David Achell\" \/>\n\t<meta name=\"twitter:label2\" content=\"Tiempo de lectura\" \/>\n\t<meta name=\"twitter:data2\" content=\"1 minuto\" \/>\n<script type=\"application\/ld+json\" class=\"yoast-schema-graph\">{\"@context\":\"https:\/\/schema.org\",\"@graph\":[{\"@type\":\"Article\",\"@id\":\"https:\/\/www.garciafaura.com\/es\/rehabilitacion-de-la-escuela-pau-casals\/#article\",\"isPartOf\":{\"@id\":\"https:\/\/www.garciafaura.com\/es\/rehabilitacion-de-la-escuela-pau-casals\/\"},\"author\":{\"name\":\"David Achell\",\"@id\":\"https:\/\/www.garciafaura.com\/fr\/#\/schema\/person\/b4b75e69b33fac3446071909bec106b0\"},\"headline\":\"Rehabilitaci\u00f3n de la escuela Pau Casals.\",\"datePublished\":\"2016-06-18T00:00:00+00:00\",\"dateModified\":\"2019-06-03T12:04:01+00:00\",\"mainEntityOfPage\":{\"@id\":\"https:\/\/www.garciafaura.com\/es\/rehabilitacion-de-la-escuela-pau-casals\/\"},\"wordCount\":262,\"commentCount\":0,\"publisher\":{\"@id\":\"https:\/\/www.garciafaura.com\/fr\/#organization\"},\"image\":{\"@id\":\"https:\/\/www.garciafaura.com\/es\/rehabilitacion-de-la-escuela-pau-casals\/#primaryimage\"},\"thumbnailUrl\":\"https:\/\/www.garciafaura.com\/wp-content\/uploads\/2018\/11\/escola_pau_casals_rubi_foto_rubi_informa.jpg\",\"articleSection\":[\"Actualidad\"],\"inLanguage\":\"es\",\"potentialAction\":[{\"@type\":\"CommentAction\",\"name\":\"Comment\",\"target\":[\"https:\/\/www.garciafaura.com\/es\/rehabilitacion-de-la-escuela-pau-casals\/#respond\"]}]},{\"@type\":\"WebPage\",\"@id\":\"https:\/\/www.garciafaura.com\/es\/rehabilitacion-de-la-escuela-pau-casals\/\",\"url\":\"https:\/\/www.garciafaura.com\/es\/rehabilitacion-de-la-escuela-pau-casals\/\",\"name\":\"Rehabilitaci\u00f3n de la escuela Pau Casals. - GARCIA FAURA\",\"isPartOf\":{\"@id\":\"https:\/\/www.garciafaura.com\/fr\/#website\"},\"primaryImageOfPage\":{\"@id\":\"https:\/\/www.garciafaura.com\/es\/rehabilitacion-de-la-escuela-pau-casals\/#primaryimage\"},\"image\":{\"@id\":\"https:\/\/www.garciafaura.com\/es\/rehabilitacion-de-la-escuela-pau-casals\/#primaryimage\"},\"thumbnailUrl\":\"https:\/\/www.garciafaura.com\/wp-content\/uploads\/2018\/11\/escola_pau_casals_rubi_foto_rubi_informa.jpg\",\"datePublished\":\"2016-06-18T00:00:00+00:00\",\"dateModified\":\"2019-06-03T12:04:01+00:00\",\"description\":\"Arquitectura en Alumini, Inox, Ferro i Vidre\",\"breadcrumb\":{\"@id\":\"https:\/\/www.garciafaura.com\/es\/rehabilitacion-de-la-escuela-pau-casals\/#breadcrumb\"},\"inLanguage\":\"es\",\"potentialAction\":[{\"@type\":\"ReadAction\",\"target\":[\"https:\/\/www.garciafaura.com\/es\/rehabilitacion-de-la-escuela-pau-casals\/\"]}]},{\"@type\":\"ImageObject\",\"inLanguage\":\"es\",\"@id\":\"https:\/\/www.garciafaura.com\/es\/rehabilitacion-de-la-escuela-pau-casals\/#primaryimage\",\"url\":\"https:\/\/www.garciafaura.com\/wp-content\/uploads\/2018\/11\/escola_pau_casals_rubi_foto_rubi_informa.jpg\",\"contentUrl\":\"https:\/\/www.garciafaura.com\/wp-content\/uploads\/2018\/11\/escola_pau_casals_rubi_foto_rubi_informa.jpg\"},{\"@type\":\"BreadcrumbList\",\"@id\":\"https:\/\/www.garciafaura.com\/es\/rehabilitacion-de-la-escuela-pau-casals\/#breadcrumb\",\"itemListElement\":[{\"@type\":\"ListItem\",\"position\":1,\"name\":\"Inici\",\"item\":\"https:\/\/www.garciafaura.com\/es\/\"},{\"@type\":\"ListItem\",\"position\":2,\"name\":\"Rehabilitaci\u00f3n de la escuela Pau Casals.\"}]},{\"@type\":\"WebSite\",\"@id\":\"https:\/\/www.garciafaura.com\/fr\/#website\",\"url\":\"https:\/\/www.garciafaura.com\/fr\/\",\"name\":\"GARCIA FAURA\",\"description\":\"Arquitectura en Alumini, Inox, Ferro i Vidre\",\"publisher\":{\"@id\":\"https:\/\/www.garciafaura.com\/fr\/#organization\"},\"potentialAction\":[{\"@type\":\"SearchAction\",\"target\":{\"@type\":\"EntryPoint\",\"urlTemplate\":\"https:\/\/www.garciafaura.com\/fr\/?s={search_term_string}\"},\"query-input\":{\"@type\":\"PropertyValueSpecification\",\"valueRequired\":true,\"valueName\":\"search_term_string\"}}],\"inLanguage\":\"es\"},{\"@type\":\"Organization\",\"@id\":\"https:\/\/www.garciafaura.com\/fr\/#organization\",\"name\":\"GARCIA FAURA\",\"url\":\"https:\/\/www.garciafaura.com\/fr\/\",\"logo\":{\"@type\":\"ImageObject\",\"inLanguage\":\"es\",\"@id\":\"https:\/\/www.garciafaura.com\/fr\/#\/schema\/logo\/image\/\",\"url\":\"https:\/\/www.garciafaura.com\/wp-content\/uploads\/2018\/09\/Garcia-Faura.png\",\"contentUrl\":\"https:\/\/www.garciafaura.com\/wp-content\/uploads\/2018\/09\/Garcia-Faura.png\",\"width\":512,\"height\":512,\"caption\":\"GARCIA FAURA\"},\"image\":{\"@id\":\"https:\/\/www.garciafaura.com\/fr\/#\/schema\/logo\/image\/\"},\"sameAs\":[\"https:\/\/www.youtube.com\/user\/GARCIAFAURA\"]},{\"@type\":\"Person\",\"@id\":\"https:\/\/www.garciafaura.com\/fr\/#\/schema\/person\/b4b75e69b33fac3446071909bec106b0\",\"name\":\"David Achell\",\"image\":{\"@type\":\"ImageObject\",\"inLanguage\":\"es\",\"@id\":\"https:\/\/www.garciafaura.com\/fr\/#\/schema\/person\/image\/\",\"url\":\"https:\/\/secure.gravatar.com\/avatar\/03900210afc1f61bce737bcb4a79c02e2c997f171e3eca839b5a4cbe03846c90?s=96&d=blank&r=g\",\"contentUrl\":\"https:\/\/secure.gravatar.com\/avatar\/03900210afc1f61bce737bcb4a79c02e2c997f171e3eca839b5a4cbe03846c90?s=96&d=blank&r=g\",\"caption\":\"David Achell\"}}]}<\/script>\n<!-- \/ Yoast SEO plugin. -->","yoast_head_json":{"title":"Rehabilitaci\u00f3n de la escuela Pau Casals. - GARCIA FAURA","description":"Arquitectura en Alumini, Inox, Ferro i Vidre","robots":{"index":"index","follow":"follow","max-snippet":"max-snippet:-1","max-image-preview":"max-image-preview:large","max-video-preview":"max-video-preview:-1"},"canonical":"https:\/\/www.garciafaura.com\/es\/rehabilitacion-de-la-escuela-pau-casals\/","og_locale":"es_ES","og_type":"article","og_title":"Rehabilitaci\u00f3n de la escuela Pau Casals. - GARCIA FAURA","og_description":"Arquitectura en Alumini, Inox, Ferro i Vidre","og_url":"https:\/\/www.garciafaura.com\/es\/rehabilitacion-de-la-escuela-pau-casals\/","og_site_name":"GARCIA FAURA","article_published_time":"2016-06-18T00:00:00+00:00","article_modified_time":"2019-06-03T12:04:01+00:00","og_image":[{"url":"https:\/\/www.garciafaura.com\/wp-content\/uploads\/2018\/11\/escola_pau_casals_rubi_foto_rubi_informa.jpg","width":1,"height":1,"type":"image\/jpeg"}],"author":"David Achell","twitter_card":"summary_large_image","twitter_misc":{"Escrito por":"David Achell","Tiempo de lectura":"1 minuto"},"schema":{"@context":"https:\/\/schema.org","@graph":[{"@type":"Article","@id":"https:\/\/www.garciafaura.com\/es\/rehabilitacion-de-la-escuela-pau-casals\/#article","isPartOf":{"@id":"https:\/\/www.garciafaura.com\/es\/rehabilitacion-de-la-escuela-pau-casals\/"},"author":{"name":"David Achell","@id":"https:\/\/www.garciafaura.com\/fr\/#\/schema\/person\/b4b75e69b33fac3446071909bec106b0"},"headline":"Rehabilitaci\u00f3n de la escuela Pau Casals.","datePublished":"2016-06-18T00:00:00+00:00","dateModified":"2019-06-03T12:04:01+00:00","mainEntityOfPage":{"@id":"https:\/\/www.garciafaura.com\/es\/rehabilitacion-de-la-escuela-pau-casals\/"},"wordCount":262,"commentCount":0,"publisher":{"@id":"https:\/\/www.garciafaura.com\/fr\/#organization"},"image":{"@id":"https:\/\/www.garciafaura.com\/es\/rehabilitacion-de-la-escuela-pau-casals\/#primaryimage"},"thumbnailUrl":"https:\/\/www.garciafaura.com\/wp-content\/uploads\/2018\/11\/escola_pau_casals_rubi_foto_rubi_informa.jpg","articleSection":["Actualidad"],"inLanguage":"es","potentialAction":[{"@type":"CommentAction","name":"Comment","target":["https:\/\/www.garciafaura.com\/es\/rehabilitacion-de-la-escuela-pau-casals\/#respond"]}]},{"@type":"WebPage","@id":"https:\/\/www.garciafaura.com\/es\/rehabilitacion-de-la-escuela-pau-casals\/","url":"https:\/\/www.garciafaura.com\/es\/rehabilitacion-de-la-escuela-pau-casals\/","name":"Rehabilitaci\u00f3n de la escuela Pau Casals. - GARCIA FAURA","isPartOf":{"@id":"https:\/\/www.garciafaura.com\/fr\/#website"},"primaryImageOfPage":{"@id":"https:\/\/www.garciafaura.com\/es\/rehabilitacion-de-la-escuela-pau-casals\/#primaryimage"},"image":{"@id":"https:\/\/www.garciafaura.com\/es\/rehabilitacion-de-la-escuela-pau-casals\/#primaryimage"},"thumbnailUrl":"https:\/\/www.garciafaura.com\/wp-content\/uploads\/2018\/11\/escola_pau_casals_rubi_foto_rubi_informa.jpg","datePublished":"2016-06-18T00:00:00+00:00","dateModified":"2019-06-03T12:04:01+00:00","description":"Arquitectura en Alumini, Inox, Ferro i Vidre","breadcrumb":{"@id":"https:\/\/www.garciafaura.com\/es\/rehabilitacion-de-la-escuela-pau-casals\/#breadcrumb"},"inLanguage":"es","potentialAction":[{"@type":"ReadAction","target":["https:\/\/www.garciafaura.com\/es\/rehabilitacion-de-la-escuela-pau-casals\/"]}]},{"@type":"ImageObject","inLanguage":"es","@id":"https:\/\/www.garciafaura.com\/es\/rehabilitacion-de-la-escuela-pau-casals\/#primaryimage","url":"https:\/\/www.garciafaura.com\/wp-content\/uploads\/2018\/11\/escola_pau_casals_rubi_foto_rubi_informa.jpg","contentUrl":"https:\/\/www.garciafaura.com\/wp-content\/uploads\/2018\/11\/escola_pau_casals_rubi_foto_rubi_informa.jpg"},{"@type":"BreadcrumbList","@id":"https:\/\/www.garciafaura.com\/es\/rehabilitacion-de-la-escuela-pau-casals\/#breadcrumb","itemListElement":[{"@type":"ListItem","position":1,"name":"Inici","item":"https:\/\/www.garciafaura.com\/es\/"},{"@type":"ListItem","position":2,"name":"Rehabilitaci\u00f3n de la escuela Pau Casals."}]},{"@type":"WebSite","@id":"https:\/\/www.garciafaura.com\/fr\/#website","url":"https:\/\/www.garciafaura.com\/fr\/","name":"GARCIA FAURA","description":"Arquitectura en Alumini, Inox, Ferro i Vidre","publisher":{"@id":"https:\/\/www.garciafaura.com\/fr\/#organization"},"potentialAction":[{"@type":"SearchAction","target":{"@type":"EntryPoint","urlTemplate":"https:\/\/www.garciafaura.com\/fr\/?s={search_term_string}"},"query-input":{"@type":"PropertyValueSpecification","valueRequired":true,"valueName":"search_term_string"}}],"inLanguage":"es"},{"@type":"Organization","@id":"https:\/\/www.garciafaura.com\/fr\/#organization","name":"GARCIA FAURA","url":"https:\/\/www.garciafaura.com\/fr\/","logo":{"@type":"ImageObject","inLanguage":"es","@id":"https:\/\/www.garciafaura.com\/fr\/#\/schema\/logo\/image\/","url":"https:\/\/www.garciafaura.com\/wp-content\/uploads\/2018\/09\/Garcia-Faura.png","contentUrl":"https:\/\/www.garciafaura.com\/wp-content\/uploads\/2018\/09\/Garcia-Faura.png","width":512,"height":512,"caption":"GARCIA FAURA"},"image":{"@id":"https:\/\/www.garciafaura.com\/fr\/#\/schema\/logo\/image\/"},"sameAs":["https:\/\/www.youtube.com\/user\/GARCIAFAURA"]},{"@type":"Person","@id":"https:\/\/www.garciafaura.com\/fr\/#\/schema\/person\/b4b75e69b33fac3446071909bec106b0","name":"David Achell","image":{"@type":"ImageObject","inLanguage":"es","@id":"https:\/\/www.garciafaura.com\/fr\/#\/schema\/person\/image\/","url":"https:\/\/secure.gravatar.com\/avatar\/03900210afc1f61bce737bcb4a79c02e2c997f171e3eca839b5a4cbe03846c90?s=96&d=blank&r=g","contentUrl":"https:\/\/secure.gravatar.com\/avatar\/03900210afc1f61bce737bcb4a79c02e2c997f171e3eca839b5a4cbe03846c90?s=96&d=blank&r=g","caption":"David Achell"}}]}},"_links":{"self":[{"href":"https:\/\/www.garciafaura.com\/es\/wp-json\/wp\/v2\/posts\/6545","targetHints":{"allow":["GET"]}}],"collection":[{"href":"https:\/\/www.garciafaura.com\/es\/wp-json\/wp\/v2\/posts"}],"about":[{"href":"https:\/\/www.garciafaura.com\/es\/wp-json\/wp\/v2\/types\/post"}],"author":[{"embeddable":true,"href":"https:\/\/www.garciafaura.com\/es\/wp-json\/wp\/v2\/users\/3"}],"replies":[{"embeddable":true,"href":"https:\/\/www.garciafaura.com\/es\/wp-json\/wp\/v2\/comments?post=6545"}],"version-history":[{"count":1,"href":"https:\/\/www.garciafaura.com\/es\/wp-json\/wp\/v2\/posts\/6545\/revisions"}],"predecessor-version":[{"id":21556,"href":"https:\/\/www.garciafaura.com\/es\/wp-json\/wp\/v2\/posts\/6545\/revisions\/21556"}],"wp:featuredmedia":[{"embeddable":true,"href":"https:\/\/www.garciafaura.com\/es\/wp-json\/wp\/v2\/media\/6529"}],"wp:attachment":[{"href":"https:\/\/www.garciafaura.com\/es\/wp-json\/wp\/v2\/media?parent=6545"}],"wp:term":[{"taxonomy":"category","embeddable":true,"href":"https:\/\/www.garciafaura.com\/es\/wp-json\/wp\/v2\/categories?post=6545"},{"taxonomy":"post_tag","embeddable":true,"href":"https:\/\/www.garciafaura.com\/es\/wp-json\/wp\/v2\/tags?post=6545"},{"taxonomy":"post_series","embeddable":true,"href":"https:\/\/www.garciafaura.com\/es\/wp-json\/wp\/v2\/post_series?post=6545"}],"curies":[{"name":"wp","href":"https:\/\/api.w.org\/{rel}","templated":true}]}}