{"id":6525,"date":"2016-05-17T00:00:00","date_gmt":"2016-05-17T00:00:00","guid":{"rendered":"https:\/\/www.garciafaura.com\/un-nuevo-edificio-para-la-futura-calle-cal-ciso-del-barrio-de-la-marina-en-barcelona\/"},"modified":"2019-06-03T12:04:15","modified_gmt":"2019-06-03T12:04:15","slug":"un-nuevo-edificio-para-la-futura-calle-cal-ciso-del-barrio-de-la-marina-en-barcelona","status":"publish","type":"post","link":"https:\/\/www.garciafaura.com\/es\/un-nuevo-edificio-para-la-futura-calle-cal-ciso-del-barrio-de-la-marina-en-barcelona\/","title":{"rendered":"Un nuevo edificio para la futura calle Cal Cis\u00f3 del barrio de la Marina en Barcelona."},"content":{"rendered":"<p>&nbsp;<\/p>\n<p>El suburbio de la Marina se extiende sobre unas 80 hect\u00e1reas al pie de Montjuic y est\u00e1 delimitada por la Gran V\u00eda de Hospitalet y el recinto 2 de Fira de Barcelona. Dicha barriada ha sido dise\u00f1ada para poder acoger un total de 30.000 inmuebles, de los cuales un 47% (casi 12.000 de estas residencias) ser\u00e1n de protecci\u00f3n oficial.<\/p>\n<p>&nbsp;<\/p>\n<p>El equipo de arquitectos del proyecto ha dise\u00f1ado un edificio de seis plantas y seis escaleras que contendr\u00e1n un total de 68 viviendas, donde 44 de ellas ser\u00e1n de protecci\u00f3n oficial y otras 18 destinadas a familias de la Guardia Civil, seg\u00fan un convenio firmado entre el Consorcio de la Zona Franca y el Ministerio del Interior, a ra\u00edz de la afectaci\u00f3n que han sufrido las familias durante el proceso de urbanizaci\u00f3n del \u00e1rea.<\/p>\n<p>Por su parte <strong>GARCIA FAURA<\/strong> trabajar\u00e1 para realizar el cerramiento del edificio con m\u00e1s de 250 ventanas que destacan sobre todo para ofrecer los m\u00e1ximos niveles de estanqueidad, ahorro energ\u00e9tico y protecci\u00f3n ac\u00fastica gracias a un cristal de c\u00e1mara y la rotura de puente t\u00e9rmico que ofrece la perfiler\u00eda de aluminio. Asimismo estas ventanas ofrecen el sistema de microventilaci\u00f3n, que supone un m\u00e9todo pr\u00e1ctico y efectivo a la hora de regenerar el aire interior de las viviendas, adem\u00e1s de convertirse en una medida complementaria de seguridad. Aparte de las ventanas la empresa se encarga de instalar 16 puertas de alta resistencia.<\/p>\n<p>&nbsp;<\/p>\n<p>La obra iniciada en enero de este a\u00f1o 2016 mantiene la previsi\u00f3n de finalizar a principios del 2017 para darle uso lo antes posible, reubicando las familias afectadas y poder dar entrada a nuevos habitantes en el barrio.<\/p>\n","protected":false},"excerpt":{"rendered":"<p>El barrio barcelon\u00e9s sufrir\u00e1 un cambio radical en los pr\u00f3ximos a\u00f1os pasando de ser una zona industrial a darle un uso residencial y de actividades econ\u00f3micas. GARCIA FAURA participa de esta transformaci\u00f3n urban\u00edstica con la fabricaci\u00f3n y la instalaci\u00f3n del conjunto de cerramientos para este primer edificio de viviendas de promoci\u00f3n p\u00fablica que se ubica en la nueva calle de Cal Cis\u00f3. Los trabajos finalizar\u00e1n este a\u00f1o 2016.<\/p>\n","protected":false},"author":3,"featured_media":6509,"comment_status":"open","ping_status":"open","sticky":false,"template":"","format":"standard","meta":{"footnotes":""},"categories":[3],"tags":[],"post_series":[],"class_list":["post-6525","post","type-post","status-publish","format-standard","has-post-thumbnail","hentry","category-actualidad","entry","has-media"],"yoast_head":"<!-- This site is optimized with the Yoast SEO plugin v26.7 - https:\/\/yoast.com\/wordpress\/plugins\/seo\/ -->\n<title>Un nuevo edificio para la futura calle Cal Cis\u00f3 del barrio de la Marina en Barcelona. - GARCIA FAURA<\/title>\n<meta name=\"description\" content=\"Arquitectura en Alumini, Inox, Ferro i Vidre\" \/>\n<meta name=\"robots\" content=\"index, follow, max-snippet:-1, max-image-preview:large, max-video-preview:-1\" \/>\n<link rel=\"canonical\" href=\"https:\/\/www.garciafaura.com\/es\/un-nuevo-edificio-para-la-futura-calle-cal-ciso-del-barrio-de-la-marina-en-barcelona\/\" \/>\n<meta property=\"og:locale\" content=\"es_ES\" \/>\n<meta property=\"og:type\" content=\"article\" \/>\n<meta property=\"og:title\" content=\"Un nuevo edificio para la futura calle Cal Cis\u00f3 del barrio de la Marina en Barcelona. - GARCIA FAURA\" \/>\n<meta property=\"og:description\" content=\"Arquitectura en Alumini, Inox, Ferro i Vidre\" \/>\n<meta property=\"og:url\" content=\"https:\/\/www.garciafaura.com\/es\/un-nuevo-edificio-para-la-futura-calle-cal-ciso-del-barrio-de-la-marina-en-barcelona\/\" \/>\n<meta property=\"og:site_name\" content=\"GARCIA FAURA\" \/>\n<meta property=\"article:published_time\" content=\"2016-05-17T00:00:00+00:00\" \/>\n<meta property=\"article:modified_time\" content=\"2019-06-03T12:04:15+00:00\" \/>\n<meta property=\"og:image\" content=\"https:\/\/www.garciafaura.com\/wp-content\/uploads\/2018\/11\/calciso03_foto_benito_arno.jpg\" \/>\n\t<meta property=\"og:image:width\" content=\"1\" \/>\n\t<meta property=\"og:image:height\" content=\"1\" \/>\n\t<meta property=\"og:image:type\" content=\"image\/jpeg\" \/>\n<meta name=\"author\" content=\"David Achell\" \/>\n<meta name=\"twitter:card\" content=\"summary_large_image\" \/>\n<meta name=\"twitter:label1\" content=\"Escrito por\" \/>\n\t<meta name=\"twitter:data1\" content=\"David Achell\" \/>\n\t<meta name=\"twitter:label2\" content=\"Tiempo de lectura\" \/>\n\t<meta name=\"twitter:data2\" content=\"1 minuto\" \/>\n<script type=\"application\/ld+json\" class=\"yoast-schema-graph\">{\"@context\":\"https:\/\/schema.org\",\"@graph\":[{\"@type\":\"Article\",\"@id\":\"https:\/\/www.garciafaura.com\/es\/un-nuevo-edificio-para-la-futura-calle-cal-ciso-del-barrio-de-la-marina-en-barcelona\/#article\",\"isPartOf\":{\"@id\":\"https:\/\/www.garciafaura.com\/es\/un-nuevo-edificio-para-la-futura-calle-cal-ciso-del-barrio-de-la-marina-en-barcelona\/\"},\"author\":{\"name\":\"David Achell\",\"@id\":\"https:\/\/www.garciafaura.com\/fr\/#\/schema\/person\/b4b75e69b33fac3446071909bec106b0\"},\"headline\":\"Un nuevo edificio para la futura calle Cal Cis\u00f3 del barrio de la Marina en Barcelona.\",\"datePublished\":\"2016-05-17T00:00:00+00:00\",\"dateModified\":\"2019-06-03T12:04:15+00:00\",\"mainEntityOfPage\":{\"@id\":\"https:\/\/www.garciafaura.com\/es\/un-nuevo-edificio-para-la-futura-calle-cal-ciso-del-barrio-de-la-marina-en-barcelona\/\"},\"wordCount\":306,\"commentCount\":0,\"publisher\":{\"@id\":\"https:\/\/www.garciafaura.com\/fr\/#organization\"},\"image\":{\"@id\":\"https:\/\/www.garciafaura.com\/es\/un-nuevo-edificio-para-la-futura-calle-cal-ciso-del-barrio-de-la-marina-en-barcelona\/#primaryimage\"},\"thumbnailUrl\":\"https:\/\/www.garciafaura.com\/wp-content\/uploads\/2018\/11\/calciso03_foto_benito_arno.jpg\",\"articleSection\":[\"Actualidad\"],\"inLanguage\":\"es\",\"potentialAction\":[{\"@type\":\"CommentAction\",\"name\":\"Comment\",\"target\":[\"https:\/\/www.garciafaura.com\/es\/un-nuevo-edificio-para-la-futura-calle-cal-ciso-del-barrio-de-la-marina-en-barcelona\/#respond\"]}]},{\"@type\":\"WebPage\",\"@id\":\"https:\/\/www.garciafaura.com\/es\/un-nuevo-edificio-para-la-futura-calle-cal-ciso-del-barrio-de-la-marina-en-barcelona\/\",\"url\":\"https:\/\/www.garciafaura.com\/es\/un-nuevo-edificio-para-la-futura-calle-cal-ciso-del-barrio-de-la-marina-en-barcelona\/\",\"name\":\"Un nuevo edificio para la futura calle Cal Cis\u00f3 del barrio de la Marina en Barcelona. - GARCIA FAURA\",\"isPartOf\":{\"@id\":\"https:\/\/www.garciafaura.com\/fr\/#website\"},\"primaryImageOfPage\":{\"@id\":\"https:\/\/www.garciafaura.com\/es\/un-nuevo-edificio-para-la-futura-calle-cal-ciso-del-barrio-de-la-marina-en-barcelona\/#primaryimage\"},\"image\":{\"@id\":\"https:\/\/www.garciafaura.com\/es\/un-nuevo-edificio-para-la-futura-calle-cal-ciso-del-barrio-de-la-marina-en-barcelona\/#primaryimage\"},\"thumbnailUrl\":\"https:\/\/www.garciafaura.com\/wp-content\/uploads\/2018\/11\/calciso03_foto_benito_arno.jpg\",\"datePublished\":\"2016-05-17T00:00:00+00:00\",\"dateModified\":\"2019-06-03T12:04:15+00:00\",\"description\":\"Arquitectura en Alumini, Inox, Ferro i Vidre\",\"breadcrumb\":{\"@id\":\"https:\/\/www.garciafaura.com\/es\/un-nuevo-edificio-para-la-futura-calle-cal-ciso-del-barrio-de-la-marina-en-barcelona\/#breadcrumb\"},\"inLanguage\":\"es\",\"potentialAction\":[{\"@type\":\"ReadAction\",\"target\":[\"https:\/\/www.garciafaura.com\/es\/un-nuevo-edificio-para-la-futura-calle-cal-ciso-del-barrio-de-la-marina-en-barcelona\/\"]}]},{\"@type\":\"ImageObject\",\"inLanguage\":\"es\",\"@id\":\"https:\/\/www.garciafaura.com\/es\/un-nuevo-edificio-para-la-futura-calle-cal-ciso-del-barrio-de-la-marina-en-barcelona\/#primaryimage\",\"url\":\"https:\/\/www.garciafaura.com\/wp-content\/uploads\/2018\/11\/calciso03_foto_benito_arno.jpg\",\"contentUrl\":\"https:\/\/www.garciafaura.com\/wp-content\/uploads\/2018\/11\/calciso03_foto_benito_arno.jpg\"},{\"@type\":\"BreadcrumbList\",\"@id\":\"https:\/\/www.garciafaura.com\/es\/un-nuevo-edificio-para-la-futura-calle-cal-ciso-del-barrio-de-la-marina-en-barcelona\/#breadcrumb\",\"itemListElement\":[{\"@type\":\"ListItem\",\"position\":1,\"name\":\"Inici\",\"item\":\"https:\/\/www.garciafaura.com\/es\/\"},{\"@type\":\"ListItem\",\"position\":2,\"name\":\"Un nuevo edificio para la futura calle Cal Cis\u00f3 del barrio de la Marina en Barcelona.\"}]},{\"@type\":\"WebSite\",\"@id\":\"https:\/\/www.garciafaura.com\/fr\/#website\",\"url\":\"https:\/\/www.garciafaura.com\/fr\/\",\"name\":\"GARCIA FAURA\",\"description\":\"Arquitectura en Alumini, Inox, Ferro i Vidre\",\"publisher\":{\"@id\":\"https:\/\/www.garciafaura.com\/fr\/#organization\"},\"potentialAction\":[{\"@type\":\"SearchAction\",\"target\":{\"@type\":\"EntryPoint\",\"urlTemplate\":\"https:\/\/www.garciafaura.com\/fr\/?s={search_term_string}\"},\"query-input\":{\"@type\":\"PropertyValueSpecification\",\"valueRequired\":true,\"valueName\":\"search_term_string\"}}],\"inLanguage\":\"es\"},{\"@type\":\"Organization\",\"@id\":\"https:\/\/www.garciafaura.com\/fr\/#organization\",\"name\":\"GARCIA FAURA\",\"url\":\"https:\/\/www.garciafaura.com\/fr\/\",\"logo\":{\"@type\":\"ImageObject\",\"inLanguage\":\"es\",\"@id\":\"https:\/\/www.garciafaura.com\/fr\/#\/schema\/logo\/image\/\",\"url\":\"https:\/\/www.garciafaura.com\/wp-content\/uploads\/2018\/09\/Garcia-Faura.png\",\"contentUrl\":\"https:\/\/www.garciafaura.com\/wp-content\/uploads\/2018\/09\/Garcia-Faura.png\",\"width\":512,\"height\":512,\"caption\":\"GARCIA FAURA\"},\"image\":{\"@id\":\"https:\/\/www.garciafaura.com\/fr\/#\/schema\/logo\/image\/\"},\"sameAs\":[\"https:\/\/www.youtube.com\/user\/GARCIAFAURA\"]},{\"@type\":\"Person\",\"@id\":\"https:\/\/www.garciafaura.com\/fr\/#\/schema\/person\/b4b75e69b33fac3446071909bec106b0\",\"name\":\"David Achell\",\"image\":{\"@type\":\"ImageObject\",\"inLanguage\":\"es\",\"@id\":\"https:\/\/www.garciafaura.com\/fr\/#\/schema\/person\/image\/\",\"url\":\"https:\/\/secure.gravatar.com\/avatar\/03900210afc1f61bce737bcb4a79c02e2c997f171e3eca839b5a4cbe03846c90?s=96&d=blank&r=g\",\"contentUrl\":\"https:\/\/secure.gravatar.com\/avatar\/03900210afc1f61bce737bcb4a79c02e2c997f171e3eca839b5a4cbe03846c90?s=96&d=blank&r=g\",\"caption\":\"David Achell\"}}]}<\/script>\n<!-- \/ Yoast SEO plugin. -->","yoast_head_json":{"title":"Un nuevo edificio para la futura calle Cal Cis\u00f3 del barrio de la Marina en Barcelona. - GARCIA FAURA","description":"Arquitectura en Alumini, Inox, Ferro i Vidre","robots":{"index":"index","follow":"follow","max-snippet":"max-snippet:-1","max-image-preview":"max-image-preview:large","max-video-preview":"max-video-preview:-1"},"canonical":"https:\/\/www.garciafaura.com\/es\/un-nuevo-edificio-para-la-futura-calle-cal-ciso-del-barrio-de-la-marina-en-barcelona\/","og_locale":"es_ES","og_type":"article","og_title":"Un nuevo edificio para la futura calle Cal Cis\u00f3 del barrio de la Marina en Barcelona. - GARCIA FAURA","og_description":"Arquitectura en Alumini, Inox, Ferro i Vidre","og_url":"https:\/\/www.garciafaura.com\/es\/un-nuevo-edificio-para-la-futura-calle-cal-ciso-del-barrio-de-la-marina-en-barcelona\/","og_site_name":"GARCIA FAURA","article_published_time":"2016-05-17T00:00:00+00:00","article_modified_time":"2019-06-03T12:04:15+00:00","og_image":[{"url":"https:\/\/www.garciafaura.com\/wp-content\/uploads\/2018\/11\/calciso03_foto_benito_arno.jpg","width":1,"height":1,"type":"image\/jpeg"}],"author":"David Achell","twitter_card":"summary_large_image","twitter_misc":{"Escrito por":"David Achell","Tiempo de lectura":"1 minuto"},"schema":{"@context":"https:\/\/schema.org","@graph":[{"@type":"Article","@id":"https:\/\/www.garciafaura.com\/es\/un-nuevo-edificio-para-la-futura-calle-cal-ciso-del-barrio-de-la-marina-en-barcelona\/#article","isPartOf":{"@id":"https:\/\/www.garciafaura.com\/es\/un-nuevo-edificio-para-la-futura-calle-cal-ciso-del-barrio-de-la-marina-en-barcelona\/"},"author":{"name":"David Achell","@id":"https:\/\/www.garciafaura.com\/fr\/#\/schema\/person\/b4b75e69b33fac3446071909bec106b0"},"headline":"Un nuevo edificio para la futura calle Cal Cis\u00f3 del barrio de la Marina en Barcelona.","datePublished":"2016-05-17T00:00:00+00:00","dateModified":"2019-06-03T12:04:15+00:00","mainEntityOfPage":{"@id":"https:\/\/www.garciafaura.com\/es\/un-nuevo-edificio-para-la-futura-calle-cal-ciso-del-barrio-de-la-marina-en-barcelona\/"},"wordCount":306,"commentCount":0,"publisher":{"@id":"https:\/\/www.garciafaura.com\/fr\/#organization"},"image":{"@id":"https:\/\/www.garciafaura.com\/es\/un-nuevo-edificio-para-la-futura-calle-cal-ciso-del-barrio-de-la-marina-en-barcelona\/#primaryimage"},"thumbnailUrl":"https:\/\/www.garciafaura.com\/wp-content\/uploads\/2018\/11\/calciso03_foto_benito_arno.jpg","articleSection":["Actualidad"],"inLanguage":"es","potentialAction":[{"@type":"CommentAction","name":"Comment","target":["https:\/\/www.garciafaura.com\/es\/un-nuevo-edificio-para-la-futura-calle-cal-ciso-del-barrio-de-la-marina-en-barcelona\/#respond"]}]},{"@type":"WebPage","@id":"https:\/\/www.garciafaura.com\/es\/un-nuevo-edificio-para-la-futura-calle-cal-ciso-del-barrio-de-la-marina-en-barcelona\/","url":"https:\/\/www.garciafaura.com\/es\/un-nuevo-edificio-para-la-futura-calle-cal-ciso-del-barrio-de-la-marina-en-barcelona\/","name":"Un nuevo edificio para la futura calle Cal Cis\u00f3 del barrio de la Marina en Barcelona. - GARCIA FAURA","isPartOf":{"@id":"https:\/\/www.garciafaura.com\/fr\/#website"},"primaryImageOfPage":{"@id":"https:\/\/www.garciafaura.com\/es\/un-nuevo-edificio-para-la-futura-calle-cal-ciso-del-barrio-de-la-marina-en-barcelona\/#primaryimage"},"image":{"@id":"https:\/\/www.garciafaura.com\/es\/un-nuevo-edificio-para-la-futura-calle-cal-ciso-del-barrio-de-la-marina-en-barcelona\/#primaryimage"},"thumbnailUrl":"https:\/\/www.garciafaura.com\/wp-content\/uploads\/2018\/11\/calciso03_foto_benito_arno.jpg","datePublished":"2016-05-17T00:00:00+00:00","dateModified":"2019-06-03T12:04:15+00:00","description":"Arquitectura en Alumini, Inox, Ferro i Vidre","breadcrumb":{"@id":"https:\/\/www.garciafaura.com\/es\/un-nuevo-edificio-para-la-futura-calle-cal-ciso-del-barrio-de-la-marina-en-barcelona\/#breadcrumb"},"inLanguage":"es","potentialAction":[{"@type":"ReadAction","target":["https:\/\/www.garciafaura.com\/es\/un-nuevo-edificio-para-la-futura-calle-cal-ciso-del-barrio-de-la-marina-en-barcelona\/"]}]},{"@type":"ImageObject","inLanguage":"es","@id":"https:\/\/www.garciafaura.com\/es\/un-nuevo-edificio-para-la-futura-calle-cal-ciso-del-barrio-de-la-marina-en-barcelona\/#primaryimage","url":"https:\/\/www.garciafaura.com\/wp-content\/uploads\/2018\/11\/calciso03_foto_benito_arno.jpg","contentUrl":"https:\/\/www.garciafaura.com\/wp-content\/uploads\/2018\/11\/calciso03_foto_benito_arno.jpg"},{"@type":"BreadcrumbList","@id":"https:\/\/www.garciafaura.com\/es\/un-nuevo-edificio-para-la-futura-calle-cal-ciso-del-barrio-de-la-marina-en-barcelona\/#breadcrumb","itemListElement":[{"@type":"ListItem","position":1,"name":"Inici","item":"https:\/\/www.garciafaura.com\/es\/"},{"@type":"ListItem","position":2,"name":"Un nuevo edificio para la futura calle Cal Cis\u00f3 del barrio de la Marina en Barcelona."}]},{"@type":"WebSite","@id":"https:\/\/www.garciafaura.com\/fr\/#website","url":"https:\/\/www.garciafaura.com\/fr\/","name":"GARCIA FAURA","description":"Arquitectura en Alumini, Inox, Ferro i Vidre","publisher":{"@id":"https:\/\/www.garciafaura.com\/fr\/#organization"},"potentialAction":[{"@type":"SearchAction","target":{"@type":"EntryPoint","urlTemplate":"https:\/\/www.garciafaura.com\/fr\/?s={search_term_string}"},"query-input":{"@type":"PropertyValueSpecification","valueRequired":true,"valueName":"search_term_string"}}],"inLanguage":"es"},{"@type":"Organization","@id":"https:\/\/www.garciafaura.com\/fr\/#organization","name":"GARCIA FAURA","url":"https:\/\/www.garciafaura.com\/fr\/","logo":{"@type":"ImageObject","inLanguage":"es","@id":"https:\/\/www.garciafaura.com\/fr\/#\/schema\/logo\/image\/","url":"https:\/\/www.garciafaura.com\/wp-content\/uploads\/2018\/09\/Garcia-Faura.png","contentUrl":"https:\/\/www.garciafaura.com\/wp-content\/uploads\/2018\/09\/Garcia-Faura.png","width":512,"height":512,"caption":"GARCIA FAURA"},"image":{"@id":"https:\/\/www.garciafaura.com\/fr\/#\/schema\/logo\/image\/"},"sameAs":["https:\/\/www.youtube.com\/user\/GARCIAFAURA"]},{"@type":"Person","@id":"https:\/\/www.garciafaura.com\/fr\/#\/schema\/person\/b4b75e69b33fac3446071909bec106b0","name":"David Achell","image":{"@type":"ImageObject","inLanguage":"es","@id":"https:\/\/www.garciafaura.com\/fr\/#\/schema\/person\/image\/","url":"https:\/\/secure.gravatar.com\/avatar\/03900210afc1f61bce737bcb4a79c02e2c997f171e3eca839b5a4cbe03846c90?s=96&d=blank&r=g","contentUrl":"https:\/\/secure.gravatar.com\/avatar\/03900210afc1f61bce737bcb4a79c02e2c997f171e3eca839b5a4cbe03846c90?s=96&d=blank&r=g","caption":"David Achell"}}]}},"_links":{"self":[{"href":"https:\/\/www.garciafaura.com\/es\/wp-json\/wp\/v2\/posts\/6525","targetHints":{"allow":["GET"]}}],"collection":[{"href":"https:\/\/www.garciafaura.com\/es\/wp-json\/wp\/v2\/posts"}],"about":[{"href":"https:\/\/www.garciafaura.com\/es\/wp-json\/wp\/v2\/types\/post"}],"author":[{"embeddable":true,"href":"https:\/\/www.garciafaura.com\/es\/wp-json\/wp\/v2\/users\/3"}],"replies":[{"embeddable":true,"href":"https:\/\/www.garciafaura.com\/es\/wp-json\/wp\/v2\/comments?post=6525"}],"version-history":[{"count":1,"href":"https:\/\/www.garciafaura.com\/es\/wp-json\/wp\/v2\/posts\/6525\/revisions"}],"predecessor-version":[{"id":21557,"href":"https:\/\/www.garciafaura.com\/es\/wp-json\/wp\/v2\/posts\/6525\/revisions\/21557"}],"wp:featuredmedia":[{"embeddable":true,"href":"https:\/\/www.garciafaura.com\/es\/wp-json\/wp\/v2\/media\/6509"}],"wp:attachment":[{"href":"https:\/\/www.garciafaura.com\/es\/wp-json\/wp\/v2\/media?parent=6525"}],"wp:term":[{"taxonomy":"category","embeddable":true,"href":"https:\/\/www.garciafaura.com\/es\/wp-json\/wp\/v2\/categories?post=6525"},{"taxonomy":"post_tag","embeddable":true,"href":"https:\/\/www.garciafaura.com\/es\/wp-json\/wp\/v2\/tags?post=6525"},{"taxonomy":"post_series","embeddable":true,"href":"https:\/\/www.garciafaura.com\/es\/wp-json\/wp\/v2\/post_series?post=6525"}],"curies":[{"name":"wp","href":"https:\/\/api.w.org\/{rel}","templated":true}]}}