{"id":6505,"date":"2016-04-24T00:00:00","date_gmt":"2016-04-24T00:00:00","guid":{"rendered":"https:\/\/www.garciafaura.com\/segur-de-calafell-estrenara-nuevo-instituto-el-proximo-curso-escolar-2016-2017\/"},"modified":"2019-06-03T12:04:30","modified_gmt":"2019-06-03T12:04:30","slug":"segur-de-calafell-estrenara-nuevo-instituto-el-proximo-curso-escolar-2016-2017","status":"publish","type":"post","link":"https:\/\/www.garciafaura.com\/es\/segur-de-calafell-estrenara-nuevo-instituto-el-proximo-curso-escolar-2016-2017\/","title":{"rendered":"Segur de Calafell estrenar\u00e1 nuevo instituto el pr\u00f3ximo curso escolar 2016-2017"},"content":{"rendered":"<p>&nbsp;<\/p>\n<p>El instituto estar\u00e1 ubicado en una parcela de casi 8.000 m\u00b2 y constar\u00e1 de una superficie \u00fatil de 3.200 m\u00b2\u00a0repartidos en cuatro plantas y un patio con pista deportiva de 4.200 m\u00b2, acompa\u00f1ado de una zona de servicio. Aparte de este equipamiento, La Talaia\u00a0contar\u00e1 con aulas de estudio, biblioteca, un gimnasio de unos 380 m\u00b2, sala-teatro, cafeter\u00eda-comedor, conserjer\u00eda y salas. El equipamiento estar\u00e1 disponible en septiembre para complacer las necesidades del equipo docente y escolar, el alumnado y AMPA.<\/p>\n<p>Para este edificio <strong>GARCIA FAURA<\/strong> ha desarrollado un recubrimiento de chapa de aluminio negro de 2217 m\u00b2 que destaca por una gran resistencia y durabilidad, otorgando una est\u00e9tica exterior propia y diferenciada en el edificio. Otro punto a destacar es la instalaci\u00f3n de m\u00e1s de 140 ventanas, puertas y salidas de emergencia pensadas para ofrecer los m\u00e1ximos niveles de estanqueidad, ahorro energ\u00e9tico y protecci\u00f3n ac\u00fastica gracias a un cristal de c\u00e1mara y la rotura de puente t\u00e9rmico que ofrece la perfiler\u00eda de aluminio.<\/p>\n<p>&nbsp;<\/p>\n<p>La fase final de las obras de construcci\u00f3n del nuevo Instituto La Talaia terminar\u00e1 durante el verano, por lo que el equipamiento podr\u00e1 estar operativo para el inicio del pr\u00f3ximo curso escolar. De esta manera el municipio podr\u00e1 estrenar el nuevo instituto con plenas garant\u00edas para la comunidad educativa a la que dar\u00e1 servicio.<\/p>\n","protected":false},"excerpt":{"rendered":"<p>La Generalitat de Catalunya inici\u00f3 en 2013 el proyecto de un nuevo centro educativo para el municipio tarraconense, el cual entrar\u00e1 en funcionamiento este mismo a\u00f1o 2016. GARCIA FAURA ha colaborado en este proyecto constructivo fabricando e instalando el conjunto de carpinter\u00eda met\u00e1lica, formado por m\u00e1s de un centenar de ventanas y cobertura de chapa de fachada.<\/p>\n","protected":false},"author":3,"featured_media":6493,"comment_status":"open","ping_status":"open","sticky":false,"template":"","format":"standard","meta":{"footnotes":""},"categories":[3],"tags":[],"post_series":[],"class_list":["post-6505","post","type-post","status-publish","format-standard","has-post-thumbnail","hentry","category-actualidad","entry","has-media"],"yoast_head":"<!-- This site is optimized with the Yoast SEO plugin v26.7 - https:\/\/yoast.com\/wordpress\/plugins\/seo\/ -->\n<title>Segur de Calafell estrenar\u00e1 nuevo instituto el pr\u00f3ximo curso escolar 2016-2017 - GARCIA FAURA<\/title>\n<meta name=\"description\" content=\"Arquitectura en Alumini, Inox, Ferro i Vidre\" \/>\n<meta name=\"robots\" content=\"index, follow, max-snippet:-1, max-image-preview:large, max-video-preview:-1\" \/>\n<link rel=\"canonical\" href=\"https:\/\/www.garciafaura.com\/es\/segur-de-calafell-estrenara-nuevo-instituto-el-proximo-curso-escolar-2016-2017\/\" \/>\n<meta property=\"og:locale\" content=\"es_ES\" \/>\n<meta property=\"og:type\" content=\"article\" \/>\n<meta property=\"og:title\" content=\"Segur de Calafell estrenar\u00e1 nuevo instituto el pr\u00f3ximo curso escolar 2016-2017 - GARCIA FAURA\" \/>\n<meta property=\"og:description\" content=\"Arquitectura en Alumini, Inox, Ferro i Vidre\" \/>\n<meta property=\"og:url\" content=\"https:\/\/www.garciafaura.com\/es\/segur-de-calafell-estrenara-nuevo-instituto-el-proximo-curso-escolar-2016-2017\/\" \/>\n<meta property=\"og:site_name\" content=\"GARCIA FAURA\" \/>\n<meta property=\"article:published_time\" content=\"2016-04-24T00:00:00+00:00\" \/>\n<meta property=\"article:modified_time\" content=\"2019-06-03T12:04:30+00:00\" \/>\n<meta property=\"og:image\" content=\"https:\/\/www.garciafaura.com\/wp-content\/uploads\/2018\/11\/institut_la_talaia_02.jpg\" \/>\n\t<meta property=\"og:image:width\" content=\"1\" \/>\n\t<meta property=\"og:image:height\" content=\"1\" \/>\n\t<meta property=\"og:image:type\" content=\"image\/jpeg\" \/>\n<meta name=\"author\" content=\"David Achell\" \/>\n<meta name=\"twitter:card\" content=\"summary_large_image\" \/>\n<meta name=\"twitter:label1\" content=\"Escrito por\" \/>\n\t<meta name=\"twitter:data1\" content=\"David Achell\" \/>\n\t<meta name=\"twitter:label2\" content=\"Tiempo de lectura\" \/>\n\t<meta name=\"twitter:data2\" content=\"1 minuto\" \/>\n<script type=\"application\/ld+json\" class=\"yoast-schema-graph\">{\"@context\":\"https:\/\/schema.org\",\"@graph\":[{\"@type\":\"Article\",\"@id\":\"https:\/\/www.garciafaura.com\/es\/segur-de-calafell-estrenara-nuevo-instituto-el-proximo-curso-escolar-2016-2017\/#article\",\"isPartOf\":{\"@id\":\"https:\/\/www.garciafaura.com\/es\/segur-de-calafell-estrenara-nuevo-instituto-el-proximo-curso-escolar-2016-2017\/\"},\"author\":{\"name\":\"David Achell\",\"@id\":\"https:\/\/www.garciafaura.com\/fr\/#\/schema\/person\/b4b75e69b33fac3446071909bec106b0\"},\"headline\":\"Segur de Calafell estrenar\u00e1 nuevo instituto el pr\u00f3ximo curso escolar 2016-2017\",\"datePublished\":\"2016-04-24T00:00:00+00:00\",\"dateModified\":\"2019-06-03T12:04:30+00:00\",\"mainEntityOfPage\":{\"@id\":\"https:\/\/www.garciafaura.com\/es\/segur-de-calafell-estrenara-nuevo-instituto-el-proximo-curso-escolar-2016-2017\/\"},\"wordCount\":242,\"commentCount\":0,\"publisher\":{\"@id\":\"https:\/\/www.garciafaura.com\/fr\/#organization\"},\"image\":{\"@id\":\"https:\/\/www.garciafaura.com\/es\/segur-de-calafell-estrenara-nuevo-instituto-el-proximo-curso-escolar-2016-2017\/#primaryimage\"},\"thumbnailUrl\":\"https:\/\/www.garciafaura.com\/wp-content\/uploads\/2018\/11\/institut_la_talaia_02.jpg\",\"articleSection\":[\"Actualidad\"],\"inLanguage\":\"es\",\"potentialAction\":[{\"@type\":\"CommentAction\",\"name\":\"Comment\",\"target\":[\"https:\/\/www.garciafaura.com\/es\/segur-de-calafell-estrenara-nuevo-instituto-el-proximo-curso-escolar-2016-2017\/#respond\"]}]},{\"@type\":\"WebPage\",\"@id\":\"https:\/\/www.garciafaura.com\/es\/segur-de-calafell-estrenara-nuevo-instituto-el-proximo-curso-escolar-2016-2017\/\",\"url\":\"https:\/\/www.garciafaura.com\/es\/segur-de-calafell-estrenara-nuevo-instituto-el-proximo-curso-escolar-2016-2017\/\",\"name\":\"Segur de Calafell estrenar\u00e1 nuevo instituto el pr\u00f3ximo curso escolar 2016-2017 - GARCIA FAURA\",\"isPartOf\":{\"@id\":\"https:\/\/www.garciafaura.com\/fr\/#website\"},\"primaryImageOfPage\":{\"@id\":\"https:\/\/www.garciafaura.com\/es\/segur-de-calafell-estrenara-nuevo-instituto-el-proximo-curso-escolar-2016-2017\/#primaryimage\"},\"image\":{\"@id\":\"https:\/\/www.garciafaura.com\/es\/segur-de-calafell-estrenara-nuevo-instituto-el-proximo-curso-escolar-2016-2017\/#primaryimage\"},\"thumbnailUrl\":\"https:\/\/www.garciafaura.com\/wp-content\/uploads\/2018\/11\/institut_la_talaia_02.jpg\",\"datePublished\":\"2016-04-24T00:00:00+00:00\",\"dateModified\":\"2019-06-03T12:04:30+00:00\",\"description\":\"Arquitectura en Alumini, Inox, Ferro i Vidre\",\"breadcrumb\":{\"@id\":\"https:\/\/www.garciafaura.com\/es\/segur-de-calafell-estrenara-nuevo-instituto-el-proximo-curso-escolar-2016-2017\/#breadcrumb\"},\"inLanguage\":\"es\",\"potentialAction\":[{\"@type\":\"ReadAction\",\"target\":[\"https:\/\/www.garciafaura.com\/es\/segur-de-calafell-estrenara-nuevo-instituto-el-proximo-curso-escolar-2016-2017\/\"]}]},{\"@type\":\"ImageObject\",\"inLanguage\":\"es\",\"@id\":\"https:\/\/www.garciafaura.com\/es\/segur-de-calafell-estrenara-nuevo-instituto-el-proximo-curso-escolar-2016-2017\/#primaryimage\",\"url\":\"https:\/\/www.garciafaura.com\/wp-content\/uploads\/2018\/11\/institut_la_talaia_02.jpg\",\"contentUrl\":\"https:\/\/www.garciafaura.com\/wp-content\/uploads\/2018\/11\/institut_la_talaia_02.jpg\"},{\"@type\":\"BreadcrumbList\",\"@id\":\"https:\/\/www.garciafaura.com\/es\/segur-de-calafell-estrenara-nuevo-instituto-el-proximo-curso-escolar-2016-2017\/#breadcrumb\",\"itemListElement\":[{\"@type\":\"ListItem\",\"position\":1,\"name\":\"Inici\",\"item\":\"https:\/\/www.garciafaura.com\/es\/\"},{\"@type\":\"ListItem\",\"position\":2,\"name\":\"Segur de Calafell estrenar\u00e1 nuevo instituto el pr\u00f3ximo curso escolar 2016-2017\"}]},{\"@type\":\"WebSite\",\"@id\":\"https:\/\/www.garciafaura.com\/fr\/#website\",\"url\":\"https:\/\/www.garciafaura.com\/fr\/\",\"name\":\"GARCIA FAURA\",\"description\":\"Arquitectura en Alumini, Inox, Ferro i Vidre\",\"publisher\":{\"@id\":\"https:\/\/www.garciafaura.com\/fr\/#organization\"},\"potentialAction\":[{\"@type\":\"SearchAction\",\"target\":{\"@type\":\"EntryPoint\",\"urlTemplate\":\"https:\/\/www.garciafaura.com\/fr\/?s={search_term_string}\"},\"query-input\":{\"@type\":\"PropertyValueSpecification\",\"valueRequired\":true,\"valueName\":\"search_term_string\"}}],\"inLanguage\":\"es\"},{\"@type\":\"Organization\",\"@id\":\"https:\/\/www.garciafaura.com\/fr\/#organization\",\"name\":\"GARCIA FAURA\",\"url\":\"https:\/\/www.garciafaura.com\/fr\/\",\"logo\":{\"@type\":\"ImageObject\",\"inLanguage\":\"es\",\"@id\":\"https:\/\/www.garciafaura.com\/fr\/#\/schema\/logo\/image\/\",\"url\":\"https:\/\/www.garciafaura.com\/wp-content\/uploads\/2018\/09\/Garcia-Faura.png\",\"contentUrl\":\"https:\/\/www.garciafaura.com\/wp-content\/uploads\/2018\/09\/Garcia-Faura.png\",\"width\":512,\"height\":512,\"caption\":\"GARCIA FAURA\"},\"image\":{\"@id\":\"https:\/\/www.garciafaura.com\/fr\/#\/schema\/logo\/image\/\"},\"sameAs\":[\"https:\/\/www.youtube.com\/user\/GARCIAFAURA\"]},{\"@type\":\"Person\",\"@id\":\"https:\/\/www.garciafaura.com\/fr\/#\/schema\/person\/b4b75e69b33fac3446071909bec106b0\",\"name\":\"David Achell\",\"image\":{\"@type\":\"ImageObject\",\"inLanguage\":\"es\",\"@id\":\"https:\/\/www.garciafaura.com\/fr\/#\/schema\/person\/image\/\",\"url\":\"https:\/\/secure.gravatar.com\/avatar\/03900210afc1f61bce737bcb4a79c02e2c997f171e3eca839b5a4cbe03846c90?s=96&d=blank&r=g\",\"contentUrl\":\"https:\/\/secure.gravatar.com\/avatar\/03900210afc1f61bce737bcb4a79c02e2c997f171e3eca839b5a4cbe03846c90?s=96&d=blank&r=g\",\"caption\":\"David Achell\"}}]}<\/script>\n<!-- \/ Yoast SEO plugin. -->","yoast_head_json":{"title":"Segur de Calafell estrenar\u00e1 nuevo instituto el pr\u00f3ximo curso escolar 2016-2017 - GARCIA FAURA","description":"Arquitectura en Alumini, Inox, Ferro i Vidre","robots":{"index":"index","follow":"follow","max-snippet":"max-snippet:-1","max-image-preview":"max-image-preview:large","max-video-preview":"max-video-preview:-1"},"canonical":"https:\/\/www.garciafaura.com\/es\/segur-de-calafell-estrenara-nuevo-instituto-el-proximo-curso-escolar-2016-2017\/","og_locale":"es_ES","og_type":"article","og_title":"Segur de Calafell estrenar\u00e1 nuevo instituto el pr\u00f3ximo curso escolar 2016-2017 - GARCIA FAURA","og_description":"Arquitectura en Alumini, Inox, Ferro i Vidre","og_url":"https:\/\/www.garciafaura.com\/es\/segur-de-calafell-estrenara-nuevo-instituto-el-proximo-curso-escolar-2016-2017\/","og_site_name":"GARCIA FAURA","article_published_time":"2016-04-24T00:00:00+00:00","article_modified_time":"2019-06-03T12:04:30+00:00","og_image":[{"url":"https:\/\/www.garciafaura.com\/wp-content\/uploads\/2018\/11\/institut_la_talaia_02.jpg","width":1,"height":1,"type":"image\/jpeg"}],"author":"David Achell","twitter_card":"summary_large_image","twitter_misc":{"Escrito por":"David Achell","Tiempo de lectura":"1 minuto"},"schema":{"@context":"https:\/\/schema.org","@graph":[{"@type":"Article","@id":"https:\/\/www.garciafaura.com\/es\/segur-de-calafell-estrenara-nuevo-instituto-el-proximo-curso-escolar-2016-2017\/#article","isPartOf":{"@id":"https:\/\/www.garciafaura.com\/es\/segur-de-calafell-estrenara-nuevo-instituto-el-proximo-curso-escolar-2016-2017\/"},"author":{"name":"David Achell","@id":"https:\/\/www.garciafaura.com\/fr\/#\/schema\/person\/b4b75e69b33fac3446071909bec106b0"},"headline":"Segur de Calafell estrenar\u00e1 nuevo instituto el pr\u00f3ximo curso escolar 2016-2017","datePublished":"2016-04-24T00:00:00+00:00","dateModified":"2019-06-03T12:04:30+00:00","mainEntityOfPage":{"@id":"https:\/\/www.garciafaura.com\/es\/segur-de-calafell-estrenara-nuevo-instituto-el-proximo-curso-escolar-2016-2017\/"},"wordCount":242,"commentCount":0,"publisher":{"@id":"https:\/\/www.garciafaura.com\/fr\/#organization"},"image":{"@id":"https:\/\/www.garciafaura.com\/es\/segur-de-calafell-estrenara-nuevo-instituto-el-proximo-curso-escolar-2016-2017\/#primaryimage"},"thumbnailUrl":"https:\/\/www.garciafaura.com\/wp-content\/uploads\/2018\/11\/institut_la_talaia_02.jpg","articleSection":["Actualidad"],"inLanguage":"es","potentialAction":[{"@type":"CommentAction","name":"Comment","target":["https:\/\/www.garciafaura.com\/es\/segur-de-calafell-estrenara-nuevo-instituto-el-proximo-curso-escolar-2016-2017\/#respond"]}]},{"@type":"WebPage","@id":"https:\/\/www.garciafaura.com\/es\/segur-de-calafell-estrenara-nuevo-instituto-el-proximo-curso-escolar-2016-2017\/","url":"https:\/\/www.garciafaura.com\/es\/segur-de-calafell-estrenara-nuevo-instituto-el-proximo-curso-escolar-2016-2017\/","name":"Segur de Calafell estrenar\u00e1 nuevo instituto el pr\u00f3ximo curso escolar 2016-2017 - GARCIA FAURA","isPartOf":{"@id":"https:\/\/www.garciafaura.com\/fr\/#website"},"primaryImageOfPage":{"@id":"https:\/\/www.garciafaura.com\/es\/segur-de-calafell-estrenara-nuevo-instituto-el-proximo-curso-escolar-2016-2017\/#primaryimage"},"image":{"@id":"https:\/\/www.garciafaura.com\/es\/segur-de-calafell-estrenara-nuevo-instituto-el-proximo-curso-escolar-2016-2017\/#primaryimage"},"thumbnailUrl":"https:\/\/www.garciafaura.com\/wp-content\/uploads\/2018\/11\/institut_la_talaia_02.jpg","datePublished":"2016-04-24T00:00:00+00:00","dateModified":"2019-06-03T12:04:30+00:00","description":"Arquitectura en Alumini, Inox, Ferro i Vidre","breadcrumb":{"@id":"https:\/\/www.garciafaura.com\/es\/segur-de-calafell-estrenara-nuevo-instituto-el-proximo-curso-escolar-2016-2017\/#breadcrumb"},"inLanguage":"es","potentialAction":[{"@type":"ReadAction","target":["https:\/\/www.garciafaura.com\/es\/segur-de-calafell-estrenara-nuevo-instituto-el-proximo-curso-escolar-2016-2017\/"]}]},{"@type":"ImageObject","inLanguage":"es","@id":"https:\/\/www.garciafaura.com\/es\/segur-de-calafell-estrenara-nuevo-instituto-el-proximo-curso-escolar-2016-2017\/#primaryimage","url":"https:\/\/www.garciafaura.com\/wp-content\/uploads\/2018\/11\/institut_la_talaia_02.jpg","contentUrl":"https:\/\/www.garciafaura.com\/wp-content\/uploads\/2018\/11\/institut_la_talaia_02.jpg"},{"@type":"BreadcrumbList","@id":"https:\/\/www.garciafaura.com\/es\/segur-de-calafell-estrenara-nuevo-instituto-el-proximo-curso-escolar-2016-2017\/#breadcrumb","itemListElement":[{"@type":"ListItem","position":1,"name":"Inici","item":"https:\/\/www.garciafaura.com\/es\/"},{"@type":"ListItem","position":2,"name":"Segur de Calafell estrenar\u00e1 nuevo instituto el pr\u00f3ximo curso escolar 2016-2017"}]},{"@type":"WebSite","@id":"https:\/\/www.garciafaura.com\/fr\/#website","url":"https:\/\/www.garciafaura.com\/fr\/","name":"GARCIA FAURA","description":"Arquitectura en Alumini, Inox, Ferro i Vidre","publisher":{"@id":"https:\/\/www.garciafaura.com\/fr\/#organization"},"potentialAction":[{"@type":"SearchAction","target":{"@type":"EntryPoint","urlTemplate":"https:\/\/www.garciafaura.com\/fr\/?s={search_term_string}"},"query-input":{"@type":"PropertyValueSpecification","valueRequired":true,"valueName":"search_term_string"}}],"inLanguage":"es"},{"@type":"Organization","@id":"https:\/\/www.garciafaura.com\/fr\/#organization","name":"GARCIA FAURA","url":"https:\/\/www.garciafaura.com\/fr\/","logo":{"@type":"ImageObject","inLanguage":"es","@id":"https:\/\/www.garciafaura.com\/fr\/#\/schema\/logo\/image\/","url":"https:\/\/www.garciafaura.com\/wp-content\/uploads\/2018\/09\/Garcia-Faura.png","contentUrl":"https:\/\/www.garciafaura.com\/wp-content\/uploads\/2018\/09\/Garcia-Faura.png","width":512,"height":512,"caption":"GARCIA FAURA"},"image":{"@id":"https:\/\/www.garciafaura.com\/fr\/#\/schema\/logo\/image\/"},"sameAs":["https:\/\/www.youtube.com\/user\/GARCIAFAURA"]},{"@type":"Person","@id":"https:\/\/www.garciafaura.com\/fr\/#\/schema\/person\/b4b75e69b33fac3446071909bec106b0","name":"David Achell","image":{"@type":"ImageObject","inLanguage":"es","@id":"https:\/\/www.garciafaura.com\/fr\/#\/schema\/person\/image\/","url":"https:\/\/secure.gravatar.com\/avatar\/03900210afc1f61bce737bcb4a79c02e2c997f171e3eca839b5a4cbe03846c90?s=96&d=blank&r=g","contentUrl":"https:\/\/secure.gravatar.com\/avatar\/03900210afc1f61bce737bcb4a79c02e2c997f171e3eca839b5a4cbe03846c90?s=96&d=blank&r=g","caption":"David Achell"}}]}},"_links":{"self":[{"href":"https:\/\/www.garciafaura.com\/es\/wp-json\/wp\/v2\/posts\/6505","targetHints":{"allow":["GET"]}}],"collection":[{"href":"https:\/\/www.garciafaura.com\/es\/wp-json\/wp\/v2\/posts"}],"about":[{"href":"https:\/\/www.garciafaura.com\/es\/wp-json\/wp\/v2\/types\/post"}],"author":[{"embeddable":true,"href":"https:\/\/www.garciafaura.com\/es\/wp-json\/wp\/v2\/users\/3"}],"replies":[{"embeddable":true,"href":"https:\/\/www.garciafaura.com\/es\/wp-json\/wp\/v2\/comments?post=6505"}],"version-history":[{"count":1,"href":"https:\/\/www.garciafaura.com\/es\/wp-json\/wp\/v2\/posts\/6505\/revisions"}],"predecessor-version":[{"id":21558,"href":"https:\/\/www.garciafaura.com\/es\/wp-json\/wp\/v2\/posts\/6505\/revisions\/21558"}],"wp:featuredmedia":[{"embeddable":true,"href":"https:\/\/www.garciafaura.com\/es\/wp-json\/wp\/v2\/media\/6493"}],"wp:attachment":[{"href":"https:\/\/www.garciafaura.com\/es\/wp-json\/wp\/v2\/media?parent=6505"}],"wp:term":[{"taxonomy":"category","embeddable":true,"href":"https:\/\/www.garciafaura.com\/es\/wp-json\/wp\/v2\/categories?post=6505"},{"taxonomy":"post_tag","embeddable":true,"href":"https:\/\/www.garciafaura.com\/es\/wp-json\/wp\/v2\/tags?post=6505"},{"taxonomy":"post_series","embeddable":true,"href":"https:\/\/www.garciafaura.com\/es\/wp-json\/wp\/v2\/post_series?post=6505"}],"curies":[{"name":"wp","href":"https:\/\/api.w.org\/{rel}","templated":true}]}}