{"id":6489,"date":"2016-03-14T00:00:00","date_gmt":"2016-03-14T00:00:00","guid":{"rendered":"https:\/\/www.garciafaura.com\/muro-cortina-y-cerramientos-de-garcia-faura-en-el-nuevo-edificio-de-la-massana\/"},"modified":"2019-06-03T12:04:47","modified_gmt":"2019-06-03T12:04:47","slug":"muro-cortina-y-cerramientos-de-garcia-faura-en-el-nuevo-edificio-de-la-massana","status":"publish","type":"post","link":"https:\/\/www.garciafaura.com\/es\/muro-cortina-y-cerramientos-de-garcia-faura-en-el-nuevo-edificio-de-la-massana\/","title":{"rendered":"Muro cortina y cerramientos de GARCIA FAURA en el nuevo edificio de La Massana"},"content":{"rendered":"<p>&nbsp;<\/p>\n<p>El Ayuntamiento de Barcelona promueve la construcci\u00f3n de la nueva sede del centro municipal de Arte y Dise\u00f1o de la ciudad, que se levanta en la Plaza de a Gardunya, detr\u00e1s del Mercado de la Boqueria. El nuevo edificio, de 11.000 metros cuadrados, permitir\u00e1 abrir la escuela al resto de la ciudad, con salas de exposiciones y espacios para actividades culturales.<\/p>\n<p>&nbsp;<\/p>\n<p>El proyecto es obra del estudio de arquitectura de Carme Pin\u00f3s y se estructura en dos bloques: el primero, con fachada a la plaza de la Gardunya, acoger\u00e1 los talleres y la sala de actos, mientras que el segundo, que da a la calle Hospital, se destina a aulas, despachos y biblioteca. Desde el punto de vista estructural, la zona de talleres se caracteriza por los grandes voladizos y por la soluci\u00f3n singular de los forjados, los cuales quedar\u00e1n vistos parcialmente. La segunda zona, en cambio, se construye con un sistema de pilares y forjados con losa maciza de hormig\u00f3n armado. El edificio est\u00e1 dise\u00f1ado con una serie de terrazas de diferente tama\u00f1o, adem\u00e1s de una cubierta situada en la planta quinta que permitir\u00e1 la realizaci\u00f3n de diferentes actividades al aire libre.<\/p>\n<p>&nbsp;<\/p>\n<p><strong>GARCIA FAURA<\/strong> ha recibido el encargo de fabricar e instalar los casi 2.000 metros cuadrados de cerramientos de aluminio, un total de 170 puertas y ventanas de altas prestaciones t\u00e9cnicas, y con una est\u00e9tica esbelta y un dise\u00f1o contempor\u00e1neo. Aspectos que se han tenido especialmente en cuenta en este proyecto, trat\u00e1ndose de un edificio destinado a la formaci\u00f3n de las artes y el dise\u00f1o. Los trabajos se completan con la ejecuci\u00f3n de una zona de muro cortina y otra dotada de protecciones solares mediante tubos de aluminio.<\/p>\n<p>&nbsp;<\/p>\n<p>La nueva sede de la Escuela Massana tiene un presupuesto global de 11,5 millones de euros y un periodo de ejecuci\u00f3n de 18 meses.<\/p>\n","protected":false},"excerpt":{"rendered":"<p>El Centro Municipal de Arte y Dise\u00f1o de Barcelona estrena nueva sede el pr\u00f3ximo curso escolar. Se trata de un edificio proyectado por Carme Pin\u00f3s y ubicado en la Plaza de la Gardunya muy cerca de la actual escuela. 11.000 metros cuadrados distribuidos en dos cuerpos y que conectar\u00e1n con los espacios exteriores mediante diferentes entradas y zonas de uso p\u00fablico. GARCIA FAURA ejecuta los trabajos de muro cortina, protecciones solares y cerramientos de aluminio.<\/p>\n","protected":false},"author":3,"featured_media":6461,"comment_status":"open","ping_status":"open","sticky":false,"template":"","format":"standard","meta":{"footnotes":""},"categories":[3],"tags":[],"post_series":[],"class_list":["post-6489","post","type-post","status-publish","format-standard","has-post-thumbnail","hentry","category-actualidad","entry","has-media"],"yoast_head":"<!-- This site is optimized with the Yoast SEO plugin v26.7 - https:\/\/yoast.com\/wordpress\/plugins\/seo\/ -->\n<title>Muro cortina y cerramientos de GARCIA FAURA en el nuevo edificio de La Massana - GARCIA FAURA<\/title>\n<meta name=\"description\" content=\"Arquitectura en Alumini, Inox, Ferro i Vidre\" \/>\n<meta name=\"robots\" content=\"index, follow, max-snippet:-1, max-image-preview:large, max-video-preview:-1\" \/>\n<link rel=\"canonical\" href=\"https:\/\/www.garciafaura.com\/es\/muro-cortina-y-cerramientos-de-garcia-faura-en-el-nuevo-edificio-de-la-massana\/\" \/>\n<meta property=\"og:locale\" content=\"es_ES\" \/>\n<meta property=\"og:type\" content=\"article\" \/>\n<meta property=\"og:title\" content=\"Muro cortina y cerramientos de GARCIA FAURA en el nuevo edificio de La Massana - GARCIA FAURA\" \/>\n<meta property=\"og:description\" content=\"Arquitectura en Alumini, Inox, Ferro i Vidre\" \/>\n<meta property=\"og:url\" content=\"https:\/\/www.garciafaura.com\/es\/muro-cortina-y-cerramientos-de-garcia-faura-en-el-nuevo-edificio-de-la-massana\/\" \/>\n<meta property=\"og:site_name\" content=\"GARCIA FAURA\" \/>\n<meta property=\"article:published_time\" content=\"2016-03-14T00:00:00+00:00\" \/>\n<meta property=\"article:modified_time\" content=\"2019-06-03T12:04:47+00:00\" \/>\n<meta property=\"og:image\" content=\"https:\/\/www.garciafaura.com\/wp-content\/uploads\/2018\/11\/massana_00.jpg\" \/>\n\t<meta property=\"og:image:width\" content=\"1\" \/>\n\t<meta property=\"og:image:height\" content=\"1\" \/>\n\t<meta property=\"og:image:type\" content=\"image\/jpeg\" \/>\n<meta name=\"author\" content=\"David Achell\" \/>\n<meta name=\"twitter:card\" content=\"summary_large_image\" \/>\n<meta name=\"twitter:label1\" content=\"Escrito por\" \/>\n\t<meta name=\"twitter:data1\" content=\"David Achell\" \/>\n\t<meta name=\"twitter:label2\" content=\"Tiempo de lectura\" \/>\n\t<meta name=\"twitter:data2\" content=\"2 minutos\" \/>\n<script type=\"application\/ld+json\" class=\"yoast-schema-graph\">{\"@context\":\"https:\/\/schema.org\",\"@graph\":[{\"@type\":\"Article\",\"@id\":\"https:\/\/www.garciafaura.com\/es\/muro-cortina-y-cerramientos-de-garcia-faura-en-el-nuevo-edificio-de-la-massana\/#article\",\"isPartOf\":{\"@id\":\"https:\/\/www.garciafaura.com\/es\/muro-cortina-y-cerramientos-de-garcia-faura-en-el-nuevo-edificio-de-la-massana\/\"},\"author\":{\"name\":\"David Achell\",\"@id\":\"https:\/\/www.garciafaura.com\/fr\/#\/schema\/person\/b4b75e69b33fac3446071909bec106b0\"},\"headline\":\"Muro cortina y cerramientos de GARCIA FAURA en el nuevo edificio de La Massana\",\"datePublished\":\"2016-03-14T00:00:00+00:00\",\"dateModified\":\"2019-06-03T12:04:47+00:00\",\"mainEntityOfPage\":{\"@id\":\"https:\/\/www.garciafaura.com\/es\/muro-cortina-y-cerramientos-de-garcia-faura-en-el-nuevo-edificio-de-la-massana\/\"},\"wordCount\":337,\"commentCount\":0,\"publisher\":{\"@id\":\"https:\/\/www.garciafaura.com\/fr\/#organization\"},\"image\":{\"@id\":\"https:\/\/www.garciafaura.com\/es\/muro-cortina-y-cerramientos-de-garcia-faura-en-el-nuevo-edificio-de-la-massana\/#primaryimage\"},\"thumbnailUrl\":\"https:\/\/www.garciafaura.com\/wp-content\/uploads\/2018\/11\/massana_00.jpg\",\"articleSection\":[\"Actualidad\"],\"inLanguage\":\"es\",\"potentialAction\":[{\"@type\":\"CommentAction\",\"name\":\"Comment\",\"target\":[\"https:\/\/www.garciafaura.com\/es\/muro-cortina-y-cerramientos-de-garcia-faura-en-el-nuevo-edificio-de-la-massana\/#respond\"]}]},{\"@type\":\"WebPage\",\"@id\":\"https:\/\/www.garciafaura.com\/es\/muro-cortina-y-cerramientos-de-garcia-faura-en-el-nuevo-edificio-de-la-massana\/\",\"url\":\"https:\/\/www.garciafaura.com\/es\/muro-cortina-y-cerramientos-de-garcia-faura-en-el-nuevo-edificio-de-la-massana\/\",\"name\":\"Muro cortina y cerramientos de GARCIA FAURA en el nuevo edificio de La Massana - GARCIA FAURA\",\"isPartOf\":{\"@id\":\"https:\/\/www.garciafaura.com\/fr\/#website\"},\"primaryImageOfPage\":{\"@id\":\"https:\/\/www.garciafaura.com\/es\/muro-cortina-y-cerramientos-de-garcia-faura-en-el-nuevo-edificio-de-la-massana\/#primaryimage\"},\"image\":{\"@id\":\"https:\/\/www.garciafaura.com\/es\/muro-cortina-y-cerramientos-de-garcia-faura-en-el-nuevo-edificio-de-la-massana\/#primaryimage\"},\"thumbnailUrl\":\"https:\/\/www.garciafaura.com\/wp-content\/uploads\/2018\/11\/massana_00.jpg\",\"datePublished\":\"2016-03-14T00:00:00+00:00\",\"dateModified\":\"2019-06-03T12:04:47+00:00\",\"description\":\"Arquitectura en Alumini, Inox, Ferro i Vidre\",\"breadcrumb\":{\"@id\":\"https:\/\/www.garciafaura.com\/es\/muro-cortina-y-cerramientos-de-garcia-faura-en-el-nuevo-edificio-de-la-massana\/#breadcrumb\"},\"inLanguage\":\"es\",\"potentialAction\":[{\"@type\":\"ReadAction\",\"target\":[\"https:\/\/www.garciafaura.com\/es\/muro-cortina-y-cerramientos-de-garcia-faura-en-el-nuevo-edificio-de-la-massana\/\"]}]},{\"@type\":\"ImageObject\",\"inLanguage\":\"es\",\"@id\":\"https:\/\/www.garciafaura.com\/es\/muro-cortina-y-cerramientos-de-garcia-faura-en-el-nuevo-edificio-de-la-massana\/#primaryimage\",\"url\":\"https:\/\/www.garciafaura.com\/wp-content\/uploads\/2018\/11\/massana_00.jpg\",\"contentUrl\":\"https:\/\/www.garciafaura.com\/wp-content\/uploads\/2018\/11\/massana_00.jpg\"},{\"@type\":\"BreadcrumbList\",\"@id\":\"https:\/\/www.garciafaura.com\/es\/muro-cortina-y-cerramientos-de-garcia-faura-en-el-nuevo-edificio-de-la-massana\/#breadcrumb\",\"itemListElement\":[{\"@type\":\"ListItem\",\"position\":1,\"name\":\"Inici\",\"item\":\"https:\/\/www.garciafaura.com\/es\/\"},{\"@type\":\"ListItem\",\"position\":2,\"name\":\"Muro cortina y cerramientos de GARCIA FAURA en el nuevo edificio de La Massana\"}]},{\"@type\":\"WebSite\",\"@id\":\"https:\/\/www.garciafaura.com\/fr\/#website\",\"url\":\"https:\/\/www.garciafaura.com\/fr\/\",\"name\":\"GARCIA FAURA\",\"description\":\"Arquitectura en Alumini, Inox, Ferro i Vidre\",\"publisher\":{\"@id\":\"https:\/\/www.garciafaura.com\/fr\/#organization\"},\"potentialAction\":[{\"@type\":\"SearchAction\",\"target\":{\"@type\":\"EntryPoint\",\"urlTemplate\":\"https:\/\/www.garciafaura.com\/fr\/?s={search_term_string}\"},\"query-input\":{\"@type\":\"PropertyValueSpecification\",\"valueRequired\":true,\"valueName\":\"search_term_string\"}}],\"inLanguage\":\"es\"},{\"@type\":\"Organization\",\"@id\":\"https:\/\/www.garciafaura.com\/fr\/#organization\",\"name\":\"GARCIA FAURA\",\"url\":\"https:\/\/www.garciafaura.com\/fr\/\",\"logo\":{\"@type\":\"ImageObject\",\"inLanguage\":\"es\",\"@id\":\"https:\/\/www.garciafaura.com\/fr\/#\/schema\/logo\/image\/\",\"url\":\"https:\/\/www.garciafaura.com\/wp-content\/uploads\/2018\/09\/Garcia-Faura.png\",\"contentUrl\":\"https:\/\/www.garciafaura.com\/wp-content\/uploads\/2018\/09\/Garcia-Faura.png\",\"width\":512,\"height\":512,\"caption\":\"GARCIA FAURA\"},\"image\":{\"@id\":\"https:\/\/www.garciafaura.com\/fr\/#\/schema\/logo\/image\/\"},\"sameAs\":[\"https:\/\/www.youtube.com\/user\/GARCIAFAURA\"]},{\"@type\":\"Person\",\"@id\":\"https:\/\/www.garciafaura.com\/fr\/#\/schema\/person\/b4b75e69b33fac3446071909bec106b0\",\"name\":\"David Achell\",\"image\":{\"@type\":\"ImageObject\",\"inLanguage\":\"es\",\"@id\":\"https:\/\/www.garciafaura.com\/fr\/#\/schema\/person\/image\/\",\"url\":\"https:\/\/secure.gravatar.com\/avatar\/03900210afc1f61bce737bcb4a79c02e2c997f171e3eca839b5a4cbe03846c90?s=96&d=blank&r=g\",\"contentUrl\":\"https:\/\/secure.gravatar.com\/avatar\/03900210afc1f61bce737bcb4a79c02e2c997f171e3eca839b5a4cbe03846c90?s=96&d=blank&r=g\",\"caption\":\"David Achell\"}}]}<\/script>\n<!-- \/ Yoast SEO plugin. -->","yoast_head_json":{"title":"Muro cortina y cerramientos de GARCIA FAURA en el nuevo edificio de La Massana - GARCIA FAURA","description":"Arquitectura en Alumini, Inox, Ferro i Vidre","robots":{"index":"index","follow":"follow","max-snippet":"max-snippet:-1","max-image-preview":"max-image-preview:large","max-video-preview":"max-video-preview:-1"},"canonical":"https:\/\/www.garciafaura.com\/es\/muro-cortina-y-cerramientos-de-garcia-faura-en-el-nuevo-edificio-de-la-massana\/","og_locale":"es_ES","og_type":"article","og_title":"Muro cortina y cerramientos de GARCIA FAURA en el nuevo edificio de La Massana - GARCIA FAURA","og_description":"Arquitectura en Alumini, Inox, Ferro i Vidre","og_url":"https:\/\/www.garciafaura.com\/es\/muro-cortina-y-cerramientos-de-garcia-faura-en-el-nuevo-edificio-de-la-massana\/","og_site_name":"GARCIA FAURA","article_published_time":"2016-03-14T00:00:00+00:00","article_modified_time":"2019-06-03T12:04:47+00:00","og_image":[{"url":"https:\/\/www.garciafaura.com\/wp-content\/uploads\/2018\/11\/massana_00.jpg","width":1,"height":1,"type":"image\/jpeg"}],"author":"David Achell","twitter_card":"summary_large_image","twitter_misc":{"Escrito por":"David Achell","Tiempo de lectura":"2 minutos"},"schema":{"@context":"https:\/\/schema.org","@graph":[{"@type":"Article","@id":"https:\/\/www.garciafaura.com\/es\/muro-cortina-y-cerramientos-de-garcia-faura-en-el-nuevo-edificio-de-la-massana\/#article","isPartOf":{"@id":"https:\/\/www.garciafaura.com\/es\/muro-cortina-y-cerramientos-de-garcia-faura-en-el-nuevo-edificio-de-la-massana\/"},"author":{"name":"David Achell","@id":"https:\/\/www.garciafaura.com\/fr\/#\/schema\/person\/b4b75e69b33fac3446071909bec106b0"},"headline":"Muro cortina y cerramientos de GARCIA FAURA en el nuevo edificio de La Massana","datePublished":"2016-03-14T00:00:00+00:00","dateModified":"2019-06-03T12:04:47+00:00","mainEntityOfPage":{"@id":"https:\/\/www.garciafaura.com\/es\/muro-cortina-y-cerramientos-de-garcia-faura-en-el-nuevo-edificio-de-la-massana\/"},"wordCount":337,"commentCount":0,"publisher":{"@id":"https:\/\/www.garciafaura.com\/fr\/#organization"},"image":{"@id":"https:\/\/www.garciafaura.com\/es\/muro-cortina-y-cerramientos-de-garcia-faura-en-el-nuevo-edificio-de-la-massana\/#primaryimage"},"thumbnailUrl":"https:\/\/www.garciafaura.com\/wp-content\/uploads\/2018\/11\/massana_00.jpg","articleSection":["Actualidad"],"inLanguage":"es","potentialAction":[{"@type":"CommentAction","name":"Comment","target":["https:\/\/www.garciafaura.com\/es\/muro-cortina-y-cerramientos-de-garcia-faura-en-el-nuevo-edificio-de-la-massana\/#respond"]}]},{"@type":"WebPage","@id":"https:\/\/www.garciafaura.com\/es\/muro-cortina-y-cerramientos-de-garcia-faura-en-el-nuevo-edificio-de-la-massana\/","url":"https:\/\/www.garciafaura.com\/es\/muro-cortina-y-cerramientos-de-garcia-faura-en-el-nuevo-edificio-de-la-massana\/","name":"Muro cortina y cerramientos de GARCIA FAURA en el nuevo edificio de La Massana - GARCIA FAURA","isPartOf":{"@id":"https:\/\/www.garciafaura.com\/fr\/#website"},"primaryImageOfPage":{"@id":"https:\/\/www.garciafaura.com\/es\/muro-cortina-y-cerramientos-de-garcia-faura-en-el-nuevo-edificio-de-la-massana\/#primaryimage"},"image":{"@id":"https:\/\/www.garciafaura.com\/es\/muro-cortina-y-cerramientos-de-garcia-faura-en-el-nuevo-edificio-de-la-massana\/#primaryimage"},"thumbnailUrl":"https:\/\/www.garciafaura.com\/wp-content\/uploads\/2018\/11\/massana_00.jpg","datePublished":"2016-03-14T00:00:00+00:00","dateModified":"2019-06-03T12:04:47+00:00","description":"Arquitectura en Alumini, Inox, Ferro i Vidre","breadcrumb":{"@id":"https:\/\/www.garciafaura.com\/es\/muro-cortina-y-cerramientos-de-garcia-faura-en-el-nuevo-edificio-de-la-massana\/#breadcrumb"},"inLanguage":"es","potentialAction":[{"@type":"ReadAction","target":["https:\/\/www.garciafaura.com\/es\/muro-cortina-y-cerramientos-de-garcia-faura-en-el-nuevo-edificio-de-la-massana\/"]}]},{"@type":"ImageObject","inLanguage":"es","@id":"https:\/\/www.garciafaura.com\/es\/muro-cortina-y-cerramientos-de-garcia-faura-en-el-nuevo-edificio-de-la-massana\/#primaryimage","url":"https:\/\/www.garciafaura.com\/wp-content\/uploads\/2018\/11\/massana_00.jpg","contentUrl":"https:\/\/www.garciafaura.com\/wp-content\/uploads\/2018\/11\/massana_00.jpg"},{"@type":"BreadcrumbList","@id":"https:\/\/www.garciafaura.com\/es\/muro-cortina-y-cerramientos-de-garcia-faura-en-el-nuevo-edificio-de-la-massana\/#breadcrumb","itemListElement":[{"@type":"ListItem","position":1,"name":"Inici","item":"https:\/\/www.garciafaura.com\/es\/"},{"@type":"ListItem","position":2,"name":"Muro cortina y cerramientos de GARCIA FAURA en el nuevo edificio de La Massana"}]},{"@type":"WebSite","@id":"https:\/\/www.garciafaura.com\/fr\/#website","url":"https:\/\/www.garciafaura.com\/fr\/","name":"GARCIA FAURA","description":"Arquitectura en Alumini, Inox, Ferro i Vidre","publisher":{"@id":"https:\/\/www.garciafaura.com\/fr\/#organization"},"potentialAction":[{"@type":"SearchAction","target":{"@type":"EntryPoint","urlTemplate":"https:\/\/www.garciafaura.com\/fr\/?s={search_term_string}"},"query-input":{"@type":"PropertyValueSpecification","valueRequired":true,"valueName":"search_term_string"}}],"inLanguage":"es"},{"@type":"Organization","@id":"https:\/\/www.garciafaura.com\/fr\/#organization","name":"GARCIA FAURA","url":"https:\/\/www.garciafaura.com\/fr\/","logo":{"@type":"ImageObject","inLanguage":"es","@id":"https:\/\/www.garciafaura.com\/fr\/#\/schema\/logo\/image\/","url":"https:\/\/www.garciafaura.com\/wp-content\/uploads\/2018\/09\/Garcia-Faura.png","contentUrl":"https:\/\/www.garciafaura.com\/wp-content\/uploads\/2018\/09\/Garcia-Faura.png","width":512,"height":512,"caption":"GARCIA FAURA"},"image":{"@id":"https:\/\/www.garciafaura.com\/fr\/#\/schema\/logo\/image\/"},"sameAs":["https:\/\/www.youtube.com\/user\/GARCIAFAURA"]},{"@type":"Person","@id":"https:\/\/www.garciafaura.com\/fr\/#\/schema\/person\/b4b75e69b33fac3446071909bec106b0","name":"David Achell","image":{"@type":"ImageObject","inLanguage":"es","@id":"https:\/\/www.garciafaura.com\/fr\/#\/schema\/person\/image\/","url":"https:\/\/secure.gravatar.com\/avatar\/03900210afc1f61bce737bcb4a79c02e2c997f171e3eca839b5a4cbe03846c90?s=96&d=blank&r=g","contentUrl":"https:\/\/secure.gravatar.com\/avatar\/03900210afc1f61bce737bcb4a79c02e2c997f171e3eca839b5a4cbe03846c90?s=96&d=blank&r=g","caption":"David Achell"}}]}},"_links":{"self":[{"href":"https:\/\/www.garciafaura.com\/es\/wp-json\/wp\/v2\/posts\/6489","targetHints":{"allow":["GET"]}}],"collection":[{"href":"https:\/\/www.garciafaura.com\/es\/wp-json\/wp\/v2\/posts"}],"about":[{"href":"https:\/\/www.garciafaura.com\/es\/wp-json\/wp\/v2\/types\/post"}],"author":[{"embeddable":true,"href":"https:\/\/www.garciafaura.com\/es\/wp-json\/wp\/v2\/users\/3"}],"replies":[{"embeddable":true,"href":"https:\/\/www.garciafaura.com\/es\/wp-json\/wp\/v2\/comments?post=6489"}],"version-history":[{"count":1,"href":"https:\/\/www.garciafaura.com\/es\/wp-json\/wp\/v2\/posts\/6489\/revisions"}],"predecessor-version":[{"id":21559,"href":"https:\/\/www.garciafaura.com\/es\/wp-json\/wp\/v2\/posts\/6489\/revisions\/21559"}],"wp:featuredmedia":[{"embeddable":true,"href":"https:\/\/www.garciafaura.com\/es\/wp-json\/wp\/v2\/media\/6461"}],"wp:attachment":[{"href":"https:\/\/www.garciafaura.com\/es\/wp-json\/wp\/v2\/media?parent=6489"}],"wp:term":[{"taxonomy":"category","embeddable":true,"href":"https:\/\/www.garciafaura.com\/es\/wp-json\/wp\/v2\/categories?post=6489"},{"taxonomy":"post_tag","embeddable":true,"href":"https:\/\/www.garciafaura.com\/es\/wp-json\/wp\/v2\/tags?post=6489"},{"taxonomy":"post_series","embeddable":true,"href":"https:\/\/www.garciafaura.com\/es\/wp-json\/wp\/v2\/post_series?post=6489"}],"curies":[{"name":"wp","href":"https:\/\/api.w.org\/{rel}","templated":true}]}}