{"id":6457,"date":"2016-02-22T00:00:00","date_gmt":"2016-02-22T00:00:00","guid":{"rendered":"https:\/\/www.garciafaura.com\/garcia-faura-en-la-ampliacion-de-la-facultad-de-derecho-de-la-ub\/"},"modified":"2019-06-03T12:05:02","modified_gmt":"2019-06-03T12:05:02","slug":"garcia-faura-en-la-ampliacion-de-la-facultad-de-derecho-de-la-ub","status":"publish","type":"post","link":"https:\/\/www.garciafaura.com\/es\/garcia-faura-en-la-ampliacion-de-la-facultad-de-derecho-de-la-ub\/","title":{"rendered":"GARCIA FAURA en la ampliaci\u00f3n de la Facultad de Derecho de la UB"},"content":{"rendered":"<p>&nbsp;<\/p>\n<p>Las nuevas instalaciones de la Facultad de Derecho de la UB constar\u00e1n de cuatro plantas y s\u00f3tano, y acoger\u00e1n una veintena de aulas de trabajo, un aula de mediaci\u00f3n y una para la simulaci\u00f3n de juicios, entre otros. La universidad pretende, de este modo, responder a las nuevas necesidades docentes y continuar avanzando en la mejora de la calidad de su actividad acad\u00e9mica. Adem\u00e1s, permitir\u00e1 el traslado de los estudios de Relaciones Laborales, que actualmente se imparten en el campus de Diagonal Sur. Todo ello en un edificio de nueva construcci\u00f3n que sigue la ortogonalidad del edificio hist\u00f3rico, y que se alza en uno de los laterales, perpendicular a la avenida Diagonal.<\/p>\n<p>&nbsp;<\/p>\n<p><strong>GARCIA FAURA<\/strong> ejecuta para este nuevo edificio los m\u00e1s de 7500 metros cuadrados de muro cortina, producidos mediante sistema de aluminio de tipo parrilla, con vidrios serigrafiados y panel composite. La fachada de vidrio regular\u00e1 las condiciones t\u00e9rmicas y de incidencia solar en el interior favoreciendo el m\u00e1ximo aprovechamiento de la luz natural. Los trabajos contemplan tambi\u00e9n la fabricaci\u00f3n e instalaci\u00f3n de m\u00e1s de 250 cerramientos, entre puertas, ventanas practicables y proyectantes. Todo ello en acabado blanco puro, que otorga una est\u00e9tica de luz y simplicidad, en consonancia con el proyecto arquitect\u00f3nico.<\/p>\n<p>&nbsp;<\/p>\n<p>El nuevo edificio que se construye tambi\u00e9n permitir\u00e1 el desarrollo unificado de las iniciativas que impulsan los cuatro grupos de innovaci\u00f3n docente. Y es que las nuevas instalaciones acoger\u00e1n tambi\u00e9n la labor de investigaci\u00f3n de la facultad, as\u00ed como otros servicios acad\u00e9micos y de gesti\u00f3n: 150 despachos para profesores, 14 aulas generales, 4 aulas de inform\u00e1tica, 12 salas de reuniones, 6 salas de trabajo, 4 despachos para asociaciones de estudiantes y 1 sala de profesores. Tambi\u00e9n habr\u00e1 espacios\u00a0para el archivo, el servicio de audiovisuales y un comedor para estudiantes, seg\u00fan ha informado la Universidad de Barcelona.<\/p>\n","protected":false},"excerpt":{"rendered":"<p>La Universidad de Barcelona ampl\u00eda en 16.000 metros cuadrados las instalaciones de la Facultad de Derecho de la avenida Diagonal. La nueva infraestructura, proyectada por Enric Soria y Juan Ignacio Quintana, est\u00e1 formada por un edificio de cuatro cuerpos que busca mantener una continuidad con el edificio hist\u00f3rico de 1958, premio FAD de arquitectura. GARCIA FAURA se encarga del conjunto de fachadas y cerramientos del nuevo edificio.<\/p>\n","protected":false},"author":3,"featured_media":6445,"comment_status":"open","ping_status":"open","sticky":false,"template":"","format":"standard","meta":{"footnotes":""},"categories":[3],"tags":[],"post_series":[],"class_list":["post-6457","post","type-post","status-publish","format-standard","has-post-thumbnail","hentry","category-actualidad","entry","has-media"],"yoast_head":"<!-- This site is optimized with the Yoast SEO plugin v26.7 - https:\/\/yoast.com\/wordpress\/plugins\/seo\/ -->\n<title>GARCIA FAURA en la ampliaci\u00f3n de la Facultad de Derecho de la UB - GARCIA FAURA<\/title>\n<meta name=\"description\" content=\"Arquitectura en Alumini, Inox, Ferro i Vidre\" \/>\n<meta name=\"robots\" content=\"index, follow, max-snippet:-1, max-image-preview:large, max-video-preview:-1\" \/>\n<link rel=\"canonical\" href=\"https:\/\/www.garciafaura.com\/es\/garcia-faura-en-la-ampliacion-de-la-facultad-de-derecho-de-la-ub\/\" \/>\n<meta property=\"og:locale\" content=\"es_ES\" \/>\n<meta property=\"og:type\" content=\"article\" \/>\n<meta property=\"og:title\" content=\"GARCIA FAURA en la ampliaci\u00f3n de la Facultad de Derecho de la UB - GARCIA FAURA\" \/>\n<meta property=\"og:description\" content=\"Arquitectura en Alumini, Inox, Ferro i Vidre\" \/>\n<meta property=\"og:url\" content=\"https:\/\/www.garciafaura.com\/es\/garcia-faura-en-la-ampliacion-de-la-facultad-de-derecho-de-la-ub\/\" \/>\n<meta property=\"og:site_name\" content=\"GARCIA FAURA\" \/>\n<meta property=\"article:published_time\" content=\"2016-02-22T00:00:00+00:00\" \/>\n<meta property=\"article:modified_time\" content=\"2019-06-03T12:05:02+00:00\" \/>\n<meta property=\"og:image\" content=\"https:\/\/www.garciafaura.com\/wp-content\/uploads\/2018\/11\/dret_ub_01.jpg\" \/>\n\t<meta property=\"og:image:width\" content=\"1\" \/>\n\t<meta property=\"og:image:height\" content=\"1\" \/>\n\t<meta property=\"og:image:type\" content=\"image\/jpeg\" \/>\n<meta name=\"author\" content=\"David Achell\" \/>\n<meta name=\"twitter:card\" content=\"summary_large_image\" \/>\n<meta name=\"twitter:label1\" content=\"Escrito por\" \/>\n\t<meta name=\"twitter:data1\" content=\"David Achell\" \/>\n\t<meta name=\"twitter:label2\" content=\"Tiempo de lectura\" \/>\n\t<meta name=\"twitter:data2\" content=\"2 minutos\" \/>\n<script type=\"application\/ld+json\" class=\"yoast-schema-graph\">{\"@context\":\"https:\/\/schema.org\",\"@graph\":[{\"@type\":\"Article\",\"@id\":\"https:\/\/www.garciafaura.com\/es\/garcia-faura-en-la-ampliacion-de-la-facultad-de-derecho-de-la-ub\/#article\",\"isPartOf\":{\"@id\":\"https:\/\/www.garciafaura.com\/es\/garcia-faura-en-la-ampliacion-de-la-facultad-de-derecho-de-la-ub\/\"},\"author\":{\"name\":\"David Achell\",\"@id\":\"https:\/\/www.garciafaura.com\/fr\/#\/schema\/person\/b4b75e69b33fac3446071909bec106b0\"},\"headline\":\"GARCIA FAURA en la ampliaci\u00f3n de la Facultad de Derecho de la UB\",\"datePublished\":\"2016-02-22T00:00:00+00:00\",\"dateModified\":\"2019-06-03T12:05:02+00:00\",\"mainEntityOfPage\":{\"@id\":\"https:\/\/www.garciafaura.com\/es\/garcia-faura-en-la-ampliacion-de-la-facultad-de-derecho-de-la-ub\/\"},\"wordCount\":337,\"commentCount\":0,\"publisher\":{\"@id\":\"https:\/\/www.garciafaura.com\/fr\/#organization\"},\"image\":{\"@id\":\"https:\/\/www.garciafaura.com\/es\/garcia-faura-en-la-ampliacion-de-la-facultad-de-derecho-de-la-ub\/#primaryimage\"},\"thumbnailUrl\":\"https:\/\/www.garciafaura.com\/wp-content\/uploads\/2018\/11\/dret_ub_01.jpg\",\"articleSection\":[\"Actualidad\"],\"inLanguage\":\"es\",\"potentialAction\":[{\"@type\":\"CommentAction\",\"name\":\"Comment\",\"target\":[\"https:\/\/www.garciafaura.com\/es\/garcia-faura-en-la-ampliacion-de-la-facultad-de-derecho-de-la-ub\/#respond\"]}]},{\"@type\":\"WebPage\",\"@id\":\"https:\/\/www.garciafaura.com\/es\/garcia-faura-en-la-ampliacion-de-la-facultad-de-derecho-de-la-ub\/\",\"url\":\"https:\/\/www.garciafaura.com\/es\/garcia-faura-en-la-ampliacion-de-la-facultad-de-derecho-de-la-ub\/\",\"name\":\"GARCIA FAURA en la ampliaci\u00f3n de la Facultad de Derecho de la UB - GARCIA FAURA\",\"isPartOf\":{\"@id\":\"https:\/\/www.garciafaura.com\/fr\/#website\"},\"primaryImageOfPage\":{\"@id\":\"https:\/\/www.garciafaura.com\/es\/garcia-faura-en-la-ampliacion-de-la-facultad-de-derecho-de-la-ub\/#primaryimage\"},\"image\":{\"@id\":\"https:\/\/www.garciafaura.com\/es\/garcia-faura-en-la-ampliacion-de-la-facultad-de-derecho-de-la-ub\/#primaryimage\"},\"thumbnailUrl\":\"https:\/\/www.garciafaura.com\/wp-content\/uploads\/2018\/11\/dret_ub_01.jpg\",\"datePublished\":\"2016-02-22T00:00:00+00:00\",\"dateModified\":\"2019-06-03T12:05:02+00:00\",\"description\":\"Arquitectura en Alumini, Inox, Ferro i Vidre\",\"breadcrumb\":{\"@id\":\"https:\/\/www.garciafaura.com\/es\/garcia-faura-en-la-ampliacion-de-la-facultad-de-derecho-de-la-ub\/#breadcrumb\"},\"inLanguage\":\"es\",\"potentialAction\":[{\"@type\":\"ReadAction\",\"target\":[\"https:\/\/www.garciafaura.com\/es\/garcia-faura-en-la-ampliacion-de-la-facultad-de-derecho-de-la-ub\/\"]}]},{\"@type\":\"ImageObject\",\"inLanguage\":\"es\",\"@id\":\"https:\/\/www.garciafaura.com\/es\/garcia-faura-en-la-ampliacion-de-la-facultad-de-derecho-de-la-ub\/#primaryimage\",\"url\":\"https:\/\/www.garciafaura.com\/wp-content\/uploads\/2018\/11\/dret_ub_01.jpg\",\"contentUrl\":\"https:\/\/www.garciafaura.com\/wp-content\/uploads\/2018\/11\/dret_ub_01.jpg\"},{\"@type\":\"BreadcrumbList\",\"@id\":\"https:\/\/www.garciafaura.com\/es\/garcia-faura-en-la-ampliacion-de-la-facultad-de-derecho-de-la-ub\/#breadcrumb\",\"itemListElement\":[{\"@type\":\"ListItem\",\"position\":1,\"name\":\"Inici\",\"item\":\"https:\/\/www.garciafaura.com\/es\/\"},{\"@type\":\"ListItem\",\"position\":2,\"name\":\"GARCIA FAURA en la ampliaci\u00f3n de la Facultad de Derecho de la UB\"}]},{\"@type\":\"WebSite\",\"@id\":\"https:\/\/www.garciafaura.com\/fr\/#website\",\"url\":\"https:\/\/www.garciafaura.com\/fr\/\",\"name\":\"GARCIA FAURA\",\"description\":\"Arquitectura en Alumini, Inox, Ferro i Vidre\",\"publisher\":{\"@id\":\"https:\/\/www.garciafaura.com\/fr\/#organization\"},\"potentialAction\":[{\"@type\":\"SearchAction\",\"target\":{\"@type\":\"EntryPoint\",\"urlTemplate\":\"https:\/\/www.garciafaura.com\/fr\/?s={search_term_string}\"},\"query-input\":{\"@type\":\"PropertyValueSpecification\",\"valueRequired\":true,\"valueName\":\"search_term_string\"}}],\"inLanguage\":\"es\"},{\"@type\":\"Organization\",\"@id\":\"https:\/\/www.garciafaura.com\/fr\/#organization\",\"name\":\"GARCIA FAURA\",\"url\":\"https:\/\/www.garciafaura.com\/fr\/\",\"logo\":{\"@type\":\"ImageObject\",\"inLanguage\":\"es\",\"@id\":\"https:\/\/www.garciafaura.com\/fr\/#\/schema\/logo\/image\/\",\"url\":\"https:\/\/www.garciafaura.com\/wp-content\/uploads\/2018\/09\/Garcia-Faura.png\",\"contentUrl\":\"https:\/\/www.garciafaura.com\/wp-content\/uploads\/2018\/09\/Garcia-Faura.png\",\"width\":512,\"height\":512,\"caption\":\"GARCIA FAURA\"},\"image\":{\"@id\":\"https:\/\/www.garciafaura.com\/fr\/#\/schema\/logo\/image\/\"},\"sameAs\":[\"https:\/\/www.youtube.com\/user\/GARCIAFAURA\"]},{\"@type\":\"Person\",\"@id\":\"https:\/\/www.garciafaura.com\/fr\/#\/schema\/person\/b4b75e69b33fac3446071909bec106b0\",\"name\":\"David Achell\",\"image\":{\"@type\":\"ImageObject\",\"inLanguage\":\"es\",\"@id\":\"https:\/\/www.garciafaura.com\/fr\/#\/schema\/person\/image\/\",\"url\":\"https:\/\/secure.gravatar.com\/avatar\/03900210afc1f61bce737bcb4a79c02e2c997f171e3eca839b5a4cbe03846c90?s=96&d=blank&r=g\",\"contentUrl\":\"https:\/\/secure.gravatar.com\/avatar\/03900210afc1f61bce737bcb4a79c02e2c997f171e3eca839b5a4cbe03846c90?s=96&d=blank&r=g\",\"caption\":\"David Achell\"}}]}<\/script>\n<!-- \/ Yoast SEO plugin. -->","yoast_head_json":{"title":"GARCIA FAURA en la ampliaci\u00f3n de la Facultad de Derecho de la UB - GARCIA FAURA","description":"Arquitectura en Alumini, Inox, Ferro i Vidre","robots":{"index":"index","follow":"follow","max-snippet":"max-snippet:-1","max-image-preview":"max-image-preview:large","max-video-preview":"max-video-preview:-1"},"canonical":"https:\/\/www.garciafaura.com\/es\/garcia-faura-en-la-ampliacion-de-la-facultad-de-derecho-de-la-ub\/","og_locale":"es_ES","og_type":"article","og_title":"GARCIA FAURA en la ampliaci\u00f3n de la Facultad de Derecho de la UB - GARCIA FAURA","og_description":"Arquitectura en Alumini, Inox, Ferro i Vidre","og_url":"https:\/\/www.garciafaura.com\/es\/garcia-faura-en-la-ampliacion-de-la-facultad-de-derecho-de-la-ub\/","og_site_name":"GARCIA FAURA","article_published_time":"2016-02-22T00:00:00+00:00","article_modified_time":"2019-06-03T12:05:02+00:00","og_image":[{"url":"https:\/\/www.garciafaura.com\/wp-content\/uploads\/2018\/11\/dret_ub_01.jpg","width":1,"height":1,"type":"image\/jpeg"}],"author":"David Achell","twitter_card":"summary_large_image","twitter_misc":{"Escrito por":"David Achell","Tiempo de lectura":"2 minutos"},"schema":{"@context":"https:\/\/schema.org","@graph":[{"@type":"Article","@id":"https:\/\/www.garciafaura.com\/es\/garcia-faura-en-la-ampliacion-de-la-facultad-de-derecho-de-la-ub\/#article","isPartOf":{"@id":"https:\/\/www.garciafaura.com\/es\/garcia-faura-en-la-ampliacion-de-la-facultad-de-derecho-de-la-ub\/"},"author":{"name":"David Achell","@id":"https:\/\/www.garciafaura.com\/fr\/#\/schema\/person\/b4b75e69b33fac3446071909bec106b0"},"headline":"GARCIA FAURA en la ampliaci\u00f3n de la Facultad de Derecho de la UB","datePublished":"2016-02-22T00:00:00+00:00","dateModified":"2019-06-03T12:05:02+00:00","mainEntityOfPage":{"@id":"https:\/\/www.garciafaura.com\/es\/garcia-faura-en-la-ampliacion-de-la-facultad-de-derecho-de-la-ub\/"},"wordCount":337,"commentCount":0,"publisher":{"@id":"https:\/\/www.garciafaura.com\/fr\/#organization"},"image":{"@id":"https:\/\/www.garciafaura.com\/es\/garcia-faura-en-la-ampliacion-de-la-facultad-de-derecho-de-la-ub\/#primaryimage"},"thumbnailUrl":"https:\/\/www.garciafaura.com\/wp-content\/uploads\/2018\/11\/dret_ub_01.jpg","articleSection":["Actualidad"],"inLanguage":"es","potentialAction":[{"@type":"CommentAction","name":"Comment","target":["https:\/\/www.garciafaura.com\/es\/garcia-faura-en-la-ampliacion-de-la-facultad-de-derecho-de-la-ub\/#respond"]}]},{"@type":"WebPage","@id":"https:\/\/www.garciafaura.com\/es\/garcia-faura-en-la-ampliacion-de-la-facultad-de-derecho-de-la-ub\/","url":"https:\/\/www.garciafaura.com\/es\/garcia-faura-en-la-ampliacion-de-la-facultad-de-derecho-de-la-ub\/","name":"GARCIA FAURA en la ampliaci\u00f3n de la Facultad de Derecho de la UB - GARCIA FAURA","isPartOf":{"@id":"https:\/\/www.garciafaura.com\/fr\/#website"},"primaryImageOfPage":{"@id":"https:\/\/www.garciafaura.com\/es\/garcia-faura-en-la-ampliacion-de-la-facultad-de-derecho-de-la-ub\/#primaryimage"},"image":{"@id":"https:\/\/www.garciafaura.com\/es\/garcia-faura-en-la-ampliacion-de-la-facultad-de-derecho-de-la-ub\/#primaryimage"},"thumbnailUrl":"https:\/\/www.garciafaura.com\/wp-content\/uploads\/2018\/11\/dret_ub_01.jpg","datePublished":"2016-02-22T00:00:00+00:00","dateModified":"2019-06-03T12:05:02+00:00","description":"Arquitectura en Alumini, Inox, Ferro i Vidre","breadcrumb":{"@id":"https:\/\/www.garciafaura.com\/es\/garcia-faura-en-la-ampliacion-de-la-facultad-de-derecho-de-la-ub\/#breadcrumb"},"inLanguage":"es","potentialAction":[{"@type":"ReadAction","target":["https:\/\/www.garciafaura.com\/es\/garcia-faura-en-la-ampliacion-de-la-facultad-de-derecho-de-la-ub\/"]}]},{"@type":"ImageObject","inLanguage":"es","@id":"https:\/\/www.garciafaura.com\/es\/garcia-faura-en-la-ampliacion-de-la-facultad-de-derecho-de-la-ub\/#primaryimage","url":"https:\/\/www.garciafaura.com\/wp-content\/uploads\/2018\/11\/dret_ub_01.jpg","contentUrl":"https:\/\/www.garciafaura.com\/wp-content\/uploads\/2018\/11\/dret_ub_01.jpg"},{"@type":"BreadcrumbList","@id":"https:\/\/www.garciafaura.com\/es\/garcia-faura-en-la-ampliacion-de-la-facultad-de-derecho-de-la-ub\/#breadcrumb","itemListElement":[{"@type":"ListItem","position":1,"name":"Inici","item":"https:\/\/www.garciafaura.com\/es\/"},{"@type":"ListItem","position":2,"name":"GARCIA FAURA en la ampliaci\u00f3n de la Facultad de Derecho de la UB"}]},{"@type":"WebSite","@id":"https:\/\/www.garciafaura.com\/fr\/#website","url":"https:\/\/www.garciafaura.com\/fr\/","name":"GARCIA FAURA","description":"Arquitectura en Alumini, Inox, Ferro i Vidre","publisher":{"@id":"https:\/\/www.garciafaura.com\/fr\/#organization"},"potentialAction":[{"@type":"SearchAction","target":{"@type":"EntryPoint","urlTemplate":"https:\/\/www.garciafaura.com\/fr\/?s={search_term_string}"},"query-input":{"@type":"PropertyValueSpecification","valueRequired":true,"valueName":"search_term_string"}}],"inLanguage":"es"},{"@type":"Organization","@id":"https:\/\/www.garciafaura.com\/fr\/#organization","name":"GARCIA FAURA","url":"https:\/\/www.garciafaura.com\/fr\/","logo":{"@type":"ImageObject","inLanguage":"es","@id":"https:\/\/www.garciafaura.com\/fr\/#\/schema\/logo\/image\/","url":"https:\/\/www.garciafaura.com\/wp-content\/uploads\/2018\/09\/Garcia-Faura.png","contentUrl":"https:\/\/www.garciafaura.com\/wp-content\/uploads\/2018\/09\/Garcia-Faura.png","width":512,"height":512,"caption":"GARCIA FAURA"},"image":{"@id":"https:\/\/www.garciafaura.com\/fr\/#\/schema\/logo\/image\/"},"sameAs":["https:\/\/www.youtube.com\/user\/GARCIAFAURA"]},{"@type":"Person","@id":"https:\/\/www.garciafaura.com\/fr\/#\/schema\/person\/b4b75e69b33fac3446071909bec106b0","name":"David Achell","image":{"@type":"ImageObject","inLanguage":"es","@id":"https:\/\/www.garciafaura.com\/fr\/#\/schema\/person\/image\/","url":"https:\/\/secure.gravatar.com\/avatar\/03900210afc1f61bce737bcb4a79c02e2c997f171e3eca839b5a4cbe03846c90?s=96&d=blank&r=g","contentUrl":"https:\/\/secure.gravatar.com\/avatar\/03900210afc1f61bce737bcb4a79c02e2c997f171e3eca839b5a4cbe03846c90?s=96&d=blank&r=g","caption":"David Achell"}}]}},"_links":{"self":[{"href":"https:\/\/www.garciafaura.com\/es\/wp-json\/wp\/v2\/posts\/6457","targetHints":{"allow":["GET"]}}],"collection":[{"href":"https:\/\/www.garciafaura.com\/es\/wp-json\/wp\/v2\/posts"}],"about":[{"href":"https:\/\/www.garciafaura.com\/es\/wp-json\/wp\/v2\/types\/post"}],"author":[{"embeddable":true,"href":"https:\/\/www.garciafaura.com\/es\/wp-json\/wp\/v2\/users\/3"}],"replies":[{"embeddable":true,"href":"https:\/\/www.garciafaura.com\/es\/wp-json\/wp\/v2\/comments?post=6457"}],"version-history":[{"count":1,"href":"https:\/\/www.garciafaura.com\/es\/wp-json\/wp\/v2\/posts\/6457\/revisions"}],"predecessor-version":[{"id":21560,"href":"https:\/\/www.garciafaura.com\/es\/wp-json\/wp\/v2\/posts\/6457\/revisions\/21560"}],"wp:featuredmedia":[{"embeddable":true,"href":"https:\/\/www.garciafaura.com\/es\/wp-json\/wp\/v2\/media\/6445"}],"wp:attachment":[{"href":"https:\/\/www.garciafaura.com\/es\/wp-json\/wp\/v2\/media?parent=6457"}],"wp:term":[{"taxonomy":"category","embeddable":true,"href":"https:\/\/www.garciafaura.com\/es\/wp-json\/wp\/v2\/categories?post=6457"},{"taxonomy":"post_tag","embeddable":true,"href":"https:\/\/www.garciafaura.com\/es\/wp-json\/wp\/v2\/tags?post=6457"},{"taxonomy":"post_series","embeddable":true,"href":"https:\/\/www.garciafaura.com\/es\/wp-json\/wp\/v2\/post_series?post=6457"}],"curies":[{"name":"wp","href":"https:\/\/api.w.org\/{rel}","templated":true}]}}