{"id":6425,"date":"2015-11-18T00:00:00","date_gmt":"2015-11-18T00:00:00","guid":{"rendered":"https:\/\/www.garciafaura.com\/trabajando-en-nuevos-equipamientos-del-tejido-economico-y-productivo\/"},"modified":"2019-06-03T12:05:30","modified_gmt":"2019-06-03T12:05:30","slug":"trabajando-en-nuevos-equipamientos-del-tejido-economico-y-productivo","status":"publish","type":"post","link":"https:\/\/www.garciafaura.com\/es\/trabajando-en-nuevos-equipamientos-del-tejido-economico-y-productivo\/","title":{"rendered":"Trabajando en nuevos equipamientos del tejido econ\u00f3mico y productivo"},"content":{"rendered":"<p>&nbsp;<\/p>\n<p>En Parets del Vall\u00e9s, la multinacional catalana <u>Gr\u00edfols<\/u> construye una nueva planta destinada a la producci\u00f3n de un medicamento elaborado a partir de una prote\u00edna extra\u00edda del plasma. Con este nuevo edificio, Gr\u00edfols sigue apostando por el desarrollo de su complejo industrial del Vall\u00e9s, posicionando la firma como una de las compa\u00f1\u00edas l\u00edderes en la producci\u00f3n de medicamentos biol\u00f3gicos derivados del plasma.<\/p>\n<p>&nbsp;<\/p>\n<p><strong>GARCIA FAURA<\/strong> est\u00e1 ejecutando los trabajos de fabricaci\u00f3n e instalaci\u00f3n de cerca de 300 cerramientos de aluminio que combinan puertas, correderas y fijos. El encargo incluye tambi\u00e9n la ejecuci\u00f3n de m\u00e1s de 1.000 metros cuadrados de trabajos de fachada, mediante la combinaci\u00f3n de cristales, chapas y paneles de tipo <em>composite<\/em>.<\/p>\n<p>&nbsp;<\/p>\n<p>Tambi\u00e9n en el campo farmac\u00e9utico, y a pocos kil\u00f3metros de distancia, <strong>GARCIA FAURA<\/strong> ultima los detalles del nuevo edificio Lift + para la multinacional <u>B|Braun<\/u> en Rub\u00ed. Aqu\u00ed se han fabricado e instalado m\u00e1s de 2.000 metros cuadrados de muro cortina, 2.500 metros cuadrados m\u00e1s de panel <em>composite<\/em> y unos 200 cerramientos de aluminio de apertura proyectante integrados en la propia fachada de vidrio, de altas prestaciones t\u00e9cnicas .<\/p>\n<p>&nbsp;<\/p>\n<p>El nuevo edificio, de 23.000 metros cuadrados, permitir\u00e1 la instalaci\u00f3n de nuevas l\u00edneas productivas as\u00ed como el traslado de las oficinas corporativas de la compa\u00f1\u00eda. El edificio ha sido proyectado por IDP, referente en el sector de edificaci\u00f3n farmac\u00e9utica, que se ha ocupado tambi\u00e9n de la direcci\u00f3n facultativa y <em>project management<\/em> de la obra.<\/p>\n<p>&nbsp;<\/p>\n<p>Por su parte, el fabricante de productos magn\u00e9ticos <u>IMA<\/u> ha invertido 3 millones de euros en la construcci\u00f3n de su nueva nave en Ripollet. El edificio tendr\u00e1 m\u00e1s de 5.000 metros cuadrados y contar\u00e1 con las mejores innovaciones tecnol\u00f3gicas para seguir siendo empresa de referencia en el sector. No en vano, IMA se ha convertido en el mayor fabricante de imanes de Espa\u00f1a, con filiales productivas en China e Italia. La compa\u00f1\u00eda exporta el 50% de su volumen de negocio a m\u00e1s de 60 pa\u00edses.<\/p>\n<p>&nbsp;<\/p>\n<p>Para este nuevo edificio industrial, <strong>GARCIA FAURA<\/strong> fabrica e instala m\u00e1s de 200 metros cuadrados de muro cortina de tipo <em>stick<\/em>, con cristales de seguridad y de altas prestaciones t\u00e9rmicas. Los trabajos tambi\u00e9n contemplan la ejecuci\u00f3n de 115 metros cuadrados de cerramientos de aluminio y aplacados y revestimientos de panel <em>composite<\/em>.<\/p>\n","protected":false},"excerpt":{"rendered":"<p>GARCIA FAURA trabaja estos meses, de forma simult\u00e1nea, en el desarrollo, fabricaci\u00f3n e instalaci\u00f3n de fachadas y cerramientos de varios edificios corporativos e industriales del territorio. Empresas que apuestan por invertir en su propio futuro y que han confiado en GARCIA FAURA para la ejecuci\u00f3n de este tipo de trabajos. Es el caso de las nuevas instalaciones de B|Braun, Gr\u00edfols o IMA, entre otros.<\/p>\n","protected":false},"author":3,"featured_media":6409,"comment_status":"open","ping_status":"open","sticky":false,"template":"","format":"standard","meta":{"footnotes":""},"categories":[3],"tags":[],"post_series":[],"class_list":["post-6425","post","type-post","status-publish","format-standard","has-post-thumbnail","hentry","category-actualidad","entry","has-media"],"yoast_head":"<!-- This site is optimized with the Yoast SEO plugin v26.7 - https:\/\/yoast.com\/wordpress\/plugins\/seo\/ -->\n<title>Trabajando en nuevos equipamientos del tejido econ\u00f3mico y productivo - GARCIA FAURA<\/title>\n<meta name=\"description\" content=\"Arquitectura en Alumini, Inox, Ferro i Vidre\" \/>\n<meta name=\"robots\" content=\"index, follow, max-snippet:-1, max-image-preview:large, max-video-preview:-1\" \/>\n<link rel=\"canonical\" href=\"https:\/\/www.garciafaura.com\/es\/trabajando-en-nuevos-equipamientos-del-tejido-economico-y-productivo\/\" \/>\n<meta property=\"og:locale\" content=\"es_ES\" \/>\n<meta property=\"og:type\" content=\"article\" \/>\n<meta property=\"og:title\" content=\"Trabajando en nuevos equipamientos del tejido econ\u00f3mico y productivo - GARCIA FAURA\" \/>\n<meta property=\"og:description\" content=\"Arquitectura en Alumini, Inox, Ferro i Vidre\" \/>\n<meta property=\"og:url\" content=\"https:\/\/www.garciafaura.com\/es\/trabajando-en-nuevos-equipamientos-del-tejido-economico-y-productivo\/\" \/>\n<meta property=\"og:site_name\" content=\"GARCIA FAURA\" \/>\n<meta property=\"article:published_time\" content=\"2015-11-18T00:00:00+00:00\" \/>\n<meta property=\"article:modified_time\" content=\"2019-06-03T12:05:30+00:00\" \/>\n<meta property=\"og:image\" content=\"https:\/\/www.garciafaura.com\/wp-content\/uploads\/2018\/11\/01.jpg\" \/>\n\t<meta property=\"og:image:width\" content=\"1\" \/>\n\t<meta property=\"og:image:height\" content=\"1\" \/>\n\t<meta property=\"og:image:type\" content=\"image\/jpeg\" \/>\n<meta name=\"author\" content=\"David Achell\" \/>\n<meta name=\"twitter:card\" content=\"summary_large_image\" \/>\n<meta name=\"twitter:label1\" content=\"Escrito por\" \/>\n\t<meta name=\"twitter:data1\" content=\"David Achell\" \/>\n\t<meta name=\"twitter:label2\" content=\"Tiempo de lectura\" \/>\n\t<meta name=\"twitter:data2\" content=\"2 minutos\" \/>\n<script type=\"application\/ld+json\" class=\"yoast-schema-graph\">{\"@context\":\"https:\/\/schema.org\",\"@graph\":[{\"@type\":\"Article\",\"@id\":\"https:\/\/www.garciafaura.com\/es\/trabajando-en-nuevos-equipamientos-del-tejido-economico-y-productivo\/#article\",\"isPartOf\":{\"@id\":\"https:\/\/www.garciafaura.com\/es\/trabajando-en-nuevos-equipamientos-del-tejido-economico-y-productivo\/\"},\"author\":{\"name\":\"David Achell\",\"@id\":\"https:\/\/www.garciafaura.com\/fr\/#\/schema\/person\/b4b75e69b33fac3446071909bec106b0\"},\"headline\":\"Trabajando en nuevos equipamientos del tejido econ\u00f3mico y productivo\",\"datePublished\":\"2015-11-18T00:00:00+00:00\",\"dateModified\":\"2019-06-03T12:05:30+00:00\",\"mainEntityOfPage\":{\"@id\":\"https:\/\/www.garciafaura.com\/es\/trabajando-en-nuevos-equipamientos-del-tejido-economico-y-productivo\/\"},\"wordCount\":416,\"commentCount\":0,\"publisher\":{\"@id\":\"https:\/\/www.garciafaura.com\/fr\/#organization\"},\"image\":{\"@id\":\"https:\/\/www.garciafaura.com\/es\/trabajando-en-nuevos-equipamientos-del-tejido-economico-y-productivo\/#primaryimage\"},\"thumbnailUrl\":\"https:\/\/www.garciafaura.com\/wp-content\/uploads\/2018\/11\/01.jpg\",\"articleSection\":[\"Actualidad\"],\"inLanguage\":\"es\",\"potentialAction\":[{\"@type\":\"CommentAction\",\"name\":\"Comment\",\"target\":[\"https:\/\/www.garciafaura.com\/es\/trabajando-en-nuevos-equipamientos-del-tejido-economico-y-productivo\/#respond\"]}]},{\"@type\":\"WebPage\",\"@id\":\"https:\/\/www.garciafaura.com\/es\/trabajando-en-nuevos-equipamientos-del-tejido-economico-y-productivo\/\",\"url\":\"https:\/\/www.garciafaura.com\/es\/trabajando-en-nuevos-equipamientos-del-tejido-economico-y-productivo\/\",\"name\":\"Trabajando en nuevos equipamientos del tejido econ\u00f3mico y productivo - GARCIA FAURA\",\"isPartOf\":{\"@id\":\"https:\/\/www.garciafaura.com\/fr\/#website\"},\"primaryImageOfPage\":{\"@id\":\"https:\/\/www.garciafaura.com\/es\/trabajando-en-nuevos-equipamientos-del-tejido-economico-y-productivo\/#primaryimage\"},\"image\":{\"@id\":\"https:\/\/www.garciafaura.com\/es\/trabajando-en-nuevos-equipamientos-del-tejido-economico-y-productivo\/#primaryimage\"},\"thumbnailUrl\":\"https:\/\/www.garciafaura.com\/wp-content\/uploads\/2018\/11\/01.jpg\",\"datePublished\":\"2015-11-18T00:00:00+00:00\",\"dateModified\":\"2019-06-03T12:05:30+00:00\",\"description\":\"Arquitectura en Alumini, Inox, Ferro i Vidre\",\"breadcrumb\":{\"@id\":\"https:\/\/www.garciafaura.com\/es\/trabajando-en-nuevos-equipamientos-del-tejido-economico-y-productivo\/#breadcrumb\"},\"inLanguage\":\"es\",\"potentialAction\":[{\"@type\":\"ReadAction\",\"target\":[\"https:\/\/www.garciafaura.com\/es\/trabajando-en-nuevos-equipamientos-del-tejido-economico-y-productivo\/\"]}]},{\"@type\":\"ImageObject\",\"inLanguage\":\"es\",\"@id\":\"https:\/\/www.garciafaura.com\/es\/trabajando-en-nuevos-equipamientos-del-tejido-economico-y-productivo\/#primaryimage\",\"url\":\"https:\/\/www.garciafaura.com\/wp-content\/uploads\/2018\/11\/01.jpg\",\"contentUrl\":\"https:\/\/www.garciafaura.com\/wp-content\/uploads\/2018\/11\/01.jpg\"},{\"@type\":\"BreadcrumbList\",\"@id\":\"https:\/\/www.garciafaura.com\/es\/trabajando-en-nuevos-equipamientos-del-tejido-economico-y-productivo\/#breadcrumb\",\"itemListElement\":[{\"@type\":\"ListItem\",\"position\":1,\"name\":\"Inici\",\"item\":\"https:\/\/www.garciafaura.com\/es\/\"},{\"@type\":\"ListItem\",\"position\":2,\"name\":\"Trabajando en nuevos equipamientos del tejido econ\u00f3mico y productivo\"}]},{\"@type\":\"WebSite\",\"@id\":\"https:\/\/www.garciafaura.com\/fr\/#website\",\"url\":\"https:\/\/www.garciafaura.com\/fr\/\",\"name\":\"GARCIA FAURA\",\"description\":\"Arquitectura en Alumini, Inox, Ferro i Vidre\",\"publisher\":{\"@id\":\"https:\/\/www.garciafaura.com\/fr\/#organization\"},\"potentialAction\":[{\"@type\":\"SearchAction\",\"target\":{\"@type\":\"EntryPoint\",\"urlTemplate\":\"https:\/\/www.garciafaura.com\/fr\/?s={search_term_string}\"},\"query-input\":{\"@type\":\"PropertyValueSpecification\",\"valueRequired\":true,\"valueName\":\"search_term_string\"}}],\"inLanguage\":\"es\"},{\"@type\":\"Organization\",\"@id\":\"https:\/\/www.garciafaura.com\/fr\/#organization\",\"name\":\"GARCIA FAURA\",\"url\":\"https:\/\/www.garciafaura.com\/fr\/\",\"logo\":{\"@type\":\"ImageObject\",\"inLanguage\":\"es\",\"@id\":\"https:\/\/www.garciafaura.com\/fr\/#\/schema\/logo\/image\/\",\"url\":\"https:\/\/www.garciafaura.com\/wp-content\/uploads\/2018\/09\/Garcia-Faura.png\",\"contentUrl\":\"https:\/\/www.garciafaura.com\/wp-content\/uploads\/2018\/09\/Garcia-Faura.png\",\"width\":512,\"height\":512,\"caption\":\"GARCIA FAURA\"},\"image\":{\"@id\":\"https:\/\/www.garciafaura.com\/fr\/#\/schema\/logo\/image\/\"},\"sameAs\":[\"https:\/\/www.youtube.com\/user\/GARCIAFAURA\"]},{\"@type\":\"Person\",\"@id\":\"https:\/\/www.garciafaura.com\/fr\/#\/schema\/person\/b4b75e69b33fac3446071909bec106b0\",\"name\":\"David Achell\",\"image\":{\"@type\":\"ImageObject\",\"inLanguage\":\"es\",\"@id\":\"https:\/\/www.garciafaura.com\/fr\/#\/schema\/person\/image\/\",\"url\":\"https:\/\/secure.gravatar.com\/avatar\/03900210afc1f61bce737bcb4a79c02e2c997f171e3eca839b5a4cbe03846c90?s=96&d=blank&r=g\",\"contentUrl\":\"https:\/\/secure.gravatar.com\/avatar\/03900210afc1f61bce737bcb4a79c02e2c997f171e3eca839b5a4cbe03846c90?s=96&d=blank&r=g\",\"caption\":\"David Achell\"}}]}<\/script>\n<!-- \/ Yoast SEO plugin. -->","yoast_head_json":{"title":"Trabajando en nuevos equipamientos del tejido econ\u00f3mico y productivo - GARCIA FAURA","description":"Arquitectura en Alumini, Inox, Ferro i Vidre","robots":{"index":"index","follow":"follow","max-snippet":"max-snippet:-1","max-image-preview":"max-image-preview:large","max-video-preview":"max-video-preview:-1"},"canonical":"https:\/\/www.garciafaura.com\/es\/trabajando-en-nuevos-equipamientos-del-tejido-economico-y-productivo\/","og_locale":"es_ES","og_type":"article","og_title":"Trabajando en nuevos equipamientos del tejido econ\u00f3mico y productivo - GARCIA FAURA","og_description":"Arquitectura en Alumini, Inox, Ferro i Vidre","og_url":"https:\/\/www.garciafaura.com\/es\/trabajando-en-nuevos-equipamientos-del-tejido-economico-y-productivo\/","og_site_name":"GARCIA FAURA","article_published_time":"2015-11-18T00:00:00+00:00","article_modified_time":"2019-06-03T12:05:30+00:00","og_image":[{"url":"https:\/\/www.garciafaura.com\/wp-content\/uploads\/2018\/11\/01.jpg","width":1,"height":1,"type":"image\/jpeg"}],"author":"David Achell","twitter_card":"summary_large_image","twitter_misc":{"Escrito por":"David Achell","Tiempo de lectura":"2 minutos"},"schema":{"@context":"https:\/\/schema.org","@graph":[{"@type":"Article","@id":"https:\/\/www.garciafaura.com\/es\/trabajando-en-nuevos-equipamientos-del-tejido-economico-y-productivo\/#article","isPartOf":{"@id":"https:\/\/www.garciafaura.com\/es\/trabajando-en-nuevos-equipamientos-del-tejido-economico-y-productivo\/"},"author":{"name":"David Achell","@id":"https:\/\/www.garciafaura.com\/fr\/#\/schema\/person\/b4b75e69b33fac3446071909bec106b0"},"headline":"Trabajando en nuevos equipamientos del tejido econ\u00f3mico y productivo","datePublished":"2015-11-18T00:00:00+00:00","dateModified":"2019-06-03T12:05:30+00:00","mainEntityOfPage":{"@id":"https:\/\/www.garciafaura.com\/es\/trabajando-en-nuevos-equipamientos-del-tejido-economico-y-productivo\/"},"wordCount":416,"commentCount":0,"publisher":{"@id":"https:\/\/www.garciafaura.com\/fr\/#organization"},"image":{"@id":"https:\/\/www.garciafaura.com\/es\/trabajando-en-nuevos-equipamientos-del-tejido-economico-y-productivo\/#primaryimage"},"thumbnailUrl":"https:\/\/www.garciafaura.com\/wp-content\/uploads\/2018\/11\/01.jpg","articleSection":["Actualidad"],"inLanguage":"es","potentialAction":[{"@type":"CommentAction","name":"Comment","target":["https:\/\/www.garciafaura.com\/es\/trabajando-en-nuevos-equipamientos-del-tejido-economico-y-productivo\/#respond"]}]},{"@type":"WebPage","@id":"https:\/\/www.garciafaura.com\/es\/trabajando-en-nuevos-equipamientos-del-tejido-economico-y-productivo\/","url":"https:\/\/www.garciafaura.com\/es\/trabajando-en-nuevos-equipamientos-del-tejido-economico-y-productivo\/","name":"Trabajando en nuevos equipamientos del tejido econ\u00f3mico y productivo - GARCIA FAURA","isPartOf":{"@id":"https:\/\/www.garciafaura.com\/fr\/#website"},"primaryImageOfPage":{"@id":"https:\/\/www.garciafaura.com\/es\/trabajando-en-nuevos-equipamientos-del-tejido-economico-y-productivo\/#primaryimage"},"image":{"@id":"https:\/\/www.garciafaura.com\/es\/trabajando-en-nuevos-equipamientos-del-tejido-economico-y-productivo\/#primaryimage"},"thumbnailUrl":"https:\/\/www.garciafaura.com\/wp-content\/uploads\/2018\/11\/01.jpg","datePublished":"2015-11-18T00:00:00+00:00","dateModified":"2019-06-03T12:05:30+00:00","description":"Arquitectura en Alumini, Inox, Ferro i Vidre","breadcrumb":{"@id":"https:\/\/www.garciafaura.com\/es\/trabajando-en-nuevos-equipamientos-del-tejido-economico-y-productivo\/#breadcrumb"},"inLanguage":"es","potentialAction":[{"@type":"ReadAction","target":["https:\/\/www.garciafaura.com\/es\/trabajando-en-nuevos-equipamientos-del-tejido-economico-y-productivo\/"]}]},{"@type":"ImageObject","inLanguage":"es","@id":"https:\/\/www.garciafaura.com\/es\/trabajando-en-nuevos-equipamientos-del-tejido-economico-y-productivo\/#primaryimage","url":"https:\/\/www.garciafaura.com\/wp-content\/uploads\/2018\/11\/01.jpg","contentUrl":"https:\/\/www.garciafaura.com\/wp-content\/uploads\/2018\/11\/01.jpg"},{"@type":"BreadcrumbList","@id":"https:\/\/www.garciafaura.com\/es\/trabajando-en-nuevos-equipamientos-del-tejido-economico-y-productivo\/#breadcrumb","itemListElement":[{"@type":"ListItem","position":1,"name":"Inici","item":"https:\/\/www.garciafaura.com\/es\/"},{"@type":"ListItem","position":2,"name":"Trabajando en nuevos equipamientos del tejido econ\u00f3mico y productivo"}]},{"@type":"WebSite","@id":"https:\/\/www.garciafaura.com\/fr\/#website","url":"https:\/\/www.garciafaura.com\/fr\/","name":"GARCIA FAURA","description":"Arquitectura en Alumini, Inox, Ferro i Vidre","publisher":{"@id":"https:\/\/www.garciafaura.com\/fr\/#organization"},"potentialAction":[{"@type":"SearchAction","target":{"@type":"EntryPoint","urlTemplate":"https:\/\/www.garciafaura.com\/fr\/?s={search_term_string}"},"query-input":{"@type":"PropertyValueSpecification","valueRequired":true,"valueName":"search_term_string"}}],"inLanguage":"es"},{"@type":"Organization","@id":"https:\/\/www.garciafaura.com\/fr\/#organization","name":"GARCIA FAURA","url":"https:\/\/www.garciafaura.com\/fr\/","logo":{"@type":"ImageObject","inLanguage":"es","@id":"https:\/\/www.garciafaura.com\/fr\/#\/schema\/logo\/image\/","url":"https:\/\/www.garciafaura.com\/wp-content\/uploads\/2018\/09\/Garcia-Faura.png","contentUrl":"https:\/\/www.garciafaura.com\/wp-content\/uploads\/2018\/09\/Garcia-Faura.png","width":512,"height":512,"caption":"GARCIA FAURA"},"image":{"@id":"https:\/\/www.garciafaura.com\/fr\/#\/schema\/logo\/image\/"},"sameAs":["https:\/\/www.youtube.com\/user\/GARCIAFAURA"]},{"@type":"Person","@id":"https:\/\/www.garciafaura.com\/fr\/#\/schema\/person\/b4b75e69b33fac3446071909bec106b0","name":"David Achell","image":{"@type":"ImageObject","inLanguage":"es","@id":"https:\/\/www.garciafaura.com\/fr\/#\/schema\/person\/image\/","url":"https:\/\/secure.gravatar.com\/avatar\/03900210afc1f61bce737bcb4a79c02e2c997f171e3eca839b5a4cbe03846c90?s=96&d=blank&r=g","contentUrl":"https:\/\/secure.gravatar.com\/avatar\/03900210afc1f61bce737bcb4a79c02e2c997f171e3eca839b5a4cbe03846c90?s=96&d=blank&r=g","caption":"David Achell"}}]}},"_links":{"self":[{"href":"https:\/\/www.garciafaura.com\/es\/wp-json\/wp\/v2\/posts\/6425","targetHints":{"allow":["GET"]}}],"collection":[{"href":"https:\/\/www.garciafaura.com\/es\/wp-json\/wp\/v2\/posts"}],"about":[{"href":"https:\/\/www.garciafaura.com\/es\/wp-json\/wp\/v2\/types\/post"}],"author":[{"embeddable":true,"href":"https:\/\/www.garciafaura.com\/es\/wp-json\/wp\/v2\/users\/3"}],"replies":[{"embeddable":true,"href":"https:\/\/www.garciafaura.com\/es\/wp-json\/wp\/v2\/comments?post=6425"}],"version-history":[{"count":1,"href":"https:\/\/www.garciafaura.com\/es\/wp-json\/wp\/v2\/posts\/6425\/revisions"}],"predecessor-version":[{"id":21562,"href":"https:\/\/www.garciafaura.com\/es\/wp-json\/wp\/v2\/posts\/6425\/revisions\/21562"}],"wp:featuredmedia":[{"embeddable":true,"href":"https:\/\/www.garciafaura.com\/es\/wp-json\/wp\/v2\/media\/6409"}],"wp:attachment":[{"href":"https:\/\/www.garciafaura.com\/es\/wp-json\/wp\/v2\/media?parent=6425"}],"wp:term":[{"taxonomy":"category","embeddable":true,"href":"https:\/\/www.garciafaura.com\/es\/wp-json\/wp\/v2\/categories?post=6425"},{"taxonomy":"post_tag","embeddable":true,"href":"https:\/\/www.garciafaura.com\/es\/wp-json\/wp\/v2\/tags?post=6425"},{"taxonomy":"post_series","embeddable":true,"href":"https:\/\/www.garciafaura.com\/es\/wp-json\/wp\/v2\/post_series?post=6425"}],"curies":[{"name":"wp","href":"https:\/\/api.w.org\/{rel}","templated":true}]}}