{"id":6405,"date":"2015-10-28T00:00:00","date_gmt":"2015-10-28T00:00:00","guid":{"rendered":"https:\/\/www.garciafaura.com\/premio-palmares-technal-para-una-obra-de-garcia-faura\/"},"modified":"2019-06-03T12:05:44","modified_gmt":"2019-06-03T12:05:44","slug":"premio-palmares-technal-para-una-obra-de-garcia-faura","status":"publish","type":"post","link":"https:\/\/www.garciafaura.com\/es\/premio-palmares-technal-para-una-obra-de-garcia-faura\/","title":{"rendered":"Premio Palmar\u00e9s Technal para una obra de GARCIA FAURA"},"content":{"rendered":"<p>&nbsp;<\/p>\n<p>Los galardones del Palmar\u00e9s Architecture Aluminium Technal premian los proyectos m\u00e1s singulares desarrollados en los \u00e1mbitos de la vivienda, la rehabilitaci\u00f3n, los equipamientos y los edificios corporativos. El jurado de este a\u00f1o estaba formado por Antonio Ortiz, arquitecto del despacho Cruz y Ortiz; Fernando Correa, arquitecto y subdirector de la Escuela Universtaria das Artes de Coimbra; Ignacio Fern\u00e1ndez Solla, arquitecto y consultor de fachadas de ARUP; Soledad Lorenzo, directora de la revista Arquitectura y Dise\u00f1o; y Ricardo Batista, director de la revista Construir.<\/p>\n<p>&nbsp;<\/p>\n<p>De los 77 proyectos presentados, el jurado ha premiado en la categor\u00eda \u00abHabitar\u00bb la obra H.05 TR House de Barcelona, \u200b\u200bun proyecto desarrollado por el equipo de PMMT Forward Thinking Healthcare Architecture y con cerramientos de <strong>GARCIA FAURA<\/strong>. El jurado ha destacado de la obra \u00absu especialidad, criterio y rigor en el dise\u00f1o y la gran expresividad en la aplicaci\u00f3n de los materiales, destacando por la protecci\u00f3n de su contenido y su perfecta integraci\u00f3n en el entorno\u00bb.<\/p>\n<p>&nbsp;<\/p>\n<p>El galard\u00f3n fue entregado el 31 de octubre en el transcurso de la Convenci\u00f3n Anual de Technal, firma promotora de los galardones, que buscan reconocer los proyectos m\u00e1s singulares ejecutados durante el \u00faltimo a\u00f1o en Espa\u00f1a y Portugal con sistemas de aluminio de este fabricante, uno de los m\u00e1s prestigiosos y reconocidos a nivel europeo.<\/p>\n","protected":false},"excerpt":{"rendered":"<p>El jurado del certamen ha decidido otorgar el premio de la categor\u00eda Habitar al proyecto H.05 TR House. Una vivienda unifamiliar proyectada por PMMT Forward Thinking Healthcare Architecture, construida en Barcelona y para la que GARCIA FAURA ejecut\u00f3 el conjunto de cerramientos de aluminio y vidrier\u00eda. Los galardones premian la labor conjunta de arquitectos e industriales en el desarrollo de proyectos arquitect\u00f3nicos en la pen\u00ednsula.<\/p>\n","protected":false},"author":3,"featured_media":6393,"comment_status":"open","ping_status":"open","sticky":false,"template":"","format":"standard","meta":{"footnotes":""},"categories":[3],"tags":[],"post_series":[],"class_list":["post-6405","post","type-post","status-publish","format-standard","has-post-thumbnail","hentry","category-actualidad","entry","has-media"],"yoast_head":"<!-- This site is optimized with the Yoast SEO plugin v26.7 - https:\/\/yoast.com\/wordpress\/plugins\/seo\/ -->\n<title>Premio Palmar\u00e9s Technal para una obra de GARCIA FAURA - GARCIA FAURA<\/title>\n<meta name=\"description\" content=\"Arquitectura en Alumini, Inox, Ferro i Vidre\" \/>\n<meta name=\"robots\" content=\"index, follow, max-snippet:-1, max-image-preview:large, max-video-preview:-1\" \/>\n<link rel=\"canonical\" href=\"https:\/\/www.garciafaura.com\/es\/premio-palmares-technal-para-una-obra-de-garcia-faura\/\" \/>\n<meta property=\"og:locale\" content=\"es_ES\" \/>\n<meta property=\"og:type\" content=\"article\" \/>\n<meta property=\"og:title\" content=\"Premio Palmar\u00e9s Technal para una obra de GARCIA FAURA - GARCIA FAURA\" \/>\n<meta property=\"og:description\" content=\"Arquitectura en Alumini, Inox, Ferro i Vidre\" \/>\n<meta property=\"og:url\" content=\"https:\/\/www.garciafaura.com\/es\/premio-palmares-technal-para-una-obra-de-garcia-faura\/\" \/>\n<meta property=\"og:site_name\" content=\"GARCIA FAURA\" \/>\n<meta property=\"article:published_time\" content=\"2015-10-28T00:00:00+00:00\" \/>\n<meta property=\"article:modified_time\" content=\"2019-06-03T12:05:44+00:00\" \/>\n<meta property=\"og:image\" content=\"https:\/\/www.garciafaura.com\/wp-content\/uploads\/2018\/11\/technal-_palmares_2015-tr_house.jpg\" \/>\n\t<meta property=\"og:image:width\" content=\"1\" \/>\n\t<meta property=\"og:image:height\" content=\"1\" \/>\n\t<meta property=\"og:image:type\" content=\"image\/jpeg\" \/>\n<meta name=\"author\" content=\"David Achell\" \/>\n<meta name=\"twitter:card\" content=\"summary_large_image\" \/>\n<meta name=\"twitter:label1\" content=\"Escrito por\" \/>\n\t<meta name=\"twitter:data1\" content=\"David Achell\" \/>\n\t<meta name=\"twitter:label2\" content=\"Tiempo de lectura\" \/>\n\t<meta name=\"twitter:data2\" content=\"1 minuto\" \/>\n<script type=\"application\/ld+json\" class=\"yoast-schema-graph\">{\"@context\":\"https:\/\/schema.org\",\"@graph\":[{\"@type\":\"Article\",\"@id\":\"https:\/\/www.garciafaura.com\/es\/premio-palmares-technal-para-una-obra-de-garcia-faura\/#article\",\"isPartOf\":{\"@id\":\"https:\/\/www.garciafaura.com\/es\/premio-palmares-technal-para-una-obra-de-garcia-faura\/\"},\"author\":{\"name\":\"David Achell\",\"@id\":\"https:\/\/www.garciafaura.com\/fr\/#\/schema\/person\/b4b75e69b33fac3446071909bec106b0\"},\"headline\":\"Premio Palmar\u00e9s Technal para una obra de GARCIA FAURA\",\"datePublished\":\"2015-10-28T00:00:00+00:00\",\"dateModified\":\"2019-06-03T12:05:44+00:00\",\"mainEntityOfPage\":{\"@id\":\"https:\/\/www.garciafaura.com\/es\/premio-palmares-technal-para-una-obra-de-garcia-faura\/\"},\"wordCount\":243,\"commentCount\":0,\"publisher\":{\"@id\":\"https:\/\/www.garciafaura.com\/fr\/#organization\"},\"image\":{\"@id\":\"https:\/\/www.garciafaura.com\/es\/premio-palmares-technal-para-una-obra-de-garcia-faura\/#primaryimage\"},\"thumbnailUrl\":\"https:\/\/www.garciafaura.com\/wp-content\/uploads\/2018\/11\/technal-_palmares_2015-tr_house.jpg\",\"articleSection\":[\"Actualidad\"],\"inLanguage\":\"es\",\"potentialAction\":[{\"@type\":\"CommentAction\",\"name\":\"Comment\",\"target\":[\"https:\/\/www.garciafaura.com\/es\/premio-palmares-technal-para-una-obra-de-garcia-faura\/#respond\"]}]},{\"@type\":\"WebPage\",\"@id\":\"https:\/\/www.garciafaura.com\/es\/premio-palmares-technal-para-una-obra-de-garcia-faura\/\",\"url\":\"https:\/\/www.garciafaura.com\/es\/premio-palmares-technal-para-una-obra-de-garcia-faura\/\",\"name\":\"Premio Palmar\u00e9s Technal para una obra de GARCIA FAURA - GARCIA FAURA\",\"isPartOf\":{\"@id\":\"https:\/\/www.garciafaura.com\/fr\/#website\"},\"primaryImageOfPage\":{\"@id\":\"https:\/\/www.garciafaura.com\/es\/premio-palmares-technal-para-una-obra-de-garcia-faura\/#primaryimage\"},\"image\":{\"@id\":\"https:\/\/www.garciafaura.com\/es\/premio-palmares-technal-para-una-obra-de-garcia-faura\/#primaryimage\"},\"thumbnailUrl\":\"https:\/\/www.garciafaura.com\/wp-content\/uploads\/2018\/11\/technal-_palmares_2015-tr_house.jpg\",\"datePublished\":\"2015-10-28T00:00:00+00:00\",\"dateModified\":\"2019-06-03T12:05:44+00:00\",\"description\":\"Arquitectura en Alumini, Inox, Ferro i Vidre\",\"breadcrumb\":{\"@id\":\"https:\/\/www.garciafaura.com\/es\/premio-palmares-technal-para-una-obra-de-garcia-faura\/#breadcrumb\"},\"inLanguage\":\"es\",\"potentialAction\":[{\"@type\":\"ReadAction\",\"target\":[\"https:\/\/www.garciafaura.com\/es\/premio-palmares-technal-para-una-obra-de-garcia-faura\/\"]}]},{\"@type\":\"ImageObject\",\"inLanguage\":\"es\",\"@id\":\"https:\/\/www.garciafaura.com\/es\/premio-palmares-technal-para-una-obra-de-garcia-faura\/#primaryimage\",\"url\":\"https:\/\/www.garciafaura.com\/wp-content\/uploads\/2018\/11\/technal-_palmares_2015-tr_house.jpg\",\"contentUrl\":\"https:\/\/www.garciafaura.com\/wp-content\/uploads\/2018\/11\/technal-_palmares_2015-tr_house.jpg\"},{\"@type\":\"BreadcrumbList\",\"@id\":\"https:\/\/www.garciafaura.com\/es\/premio-palmares-technal-para-una-obra-de-garcia-faura\/#breadcrumb\",\"itemListElement\":[{\"@type\":\"ListItem\",\"position\":1,\"name\":\"Inici\",\"item\":\"https:\/\/www.garciafaura.com\/es\/\"},{\"@type\":\"ListItem\",\"position\":2,\"name\":\"Premio Palmar\u00e9s Technal para una obra de GARCIA FAURA\"}]},{\"@type\":\"WebSite\",\"@id\":\"https:\/\/www.garciafaura.com\/fr\/#website\",\"url\":\"https:\/\/www.garciafaura.com\/fr\/\",\"name\":\"GARCIA FAURA\",\"description\":\"Arquitectura en Alumini, Inox, Ferro i Vidre\",\"publisher\":{\"@id\":\"https:\/\/www.garciafaura.com\/fr\/#organization\"},\"potentialAction\":[{\"@type\":\"SearchAction\",\"target\":{\"@type\":\"EntryPoint\",\"urlTemplate\":\"https:\/\/www.garciafaura.com\/fr\/?s={search_term_string}\"},\"query-input\":{\"@type\":\"PropertyValueSpecification\",\"valueRequired\":true,\"valueName\":\"search_term_string\"}}],\"inLanguage\":\"es\"},{\"@type\":\"Organization\",\"@id\":\"https:\/\/www.garciafaura.com\/fr\/#organization\",\"name\":\"GARCIA FAURA\",\"url\":\"https:\/\/www.garciafaura.com\/fr\/\",\"logo\":{\"@type\":\"ImageObject\",\"inLanguage\":\"es\",\"@id\":\"https:\/\/www.garciafaura.com\/fr\/#\/schema\/logo\/image\/\",\"url\":\"https:\/\/www.garciafaura.com\/wp-content\/uploads\/2018\/09\/Garcia-Faura.png\",\"contentUrl\":\"https:\/\/www.garciafaura.com\/wp-content\/uploads\/2018\/09\/Garcia-Faura.png\",\"width\":512,\"height\":512,\"caption\":\"GARCIA FAURA\"},\"image\":{\"@id\":\"https:\/\/www.garciafaura.com\/fr\/#\/schema\/logo\/image\/\"},\"sameAs\":[\"https:\/\/www.youtube.com\/user\/GARCIAFAURA\"]},{\"@type\":\"Person\",\"@id\":\"https:\/\/www.garciafaura.com\/fr\/#\/schema\/person\/b4b75e69b33fac3446071909bec106b0\",\"name\":\"David Achell\",\"image\":{\"@type\":\"ImageObject\",\"inLanguage\":\"es\",\"@id\":\"https:\/\/www.garciafaura.com\/fr\/#\/schema\/person\/image\/\",\"url\":\"https:\/\/secure.gravatar.com\/avatar\/03900210afc1f61bce737bcb4a79c02e2c997f171e3eca839b5a4cbe03846c90?s=96&d=blank&r=g\",\"contentUrl\":\"https:\/\/secure.gravatar.com\/avatar\/03900210afc1f61bce737bcb4a79c02e2c997f171e3eca839b5a4cbe03846c90?s=96&d=blank&r=g\",\"caption\":\"David Achell\"}}]}<\/script>\n<!-- \/ Yoast SEO plugin. -->","yoast_head_json":{"title":"Premio Palmar\u00e9s Technal para una obra de GARCIA FAURA - GARCIA FAURA","description":"Arquitectura en Alumini, Inox, Ferro i Vidre","robots":{"index":"index","follow":"follow","max-snippet":"max-snippet:-1","max-image-preview":"max-image-preview:large","max-video-preview":"max-video-preview:-1"},"canonical":"https:\/\/www.garciafaura.com\/es\/premio-palmares-technal-para-una-obra-de-garcia-faura\/","og_locale":"es_ES","og_type":"article","og_title":"Premio Palmar\u00e9s Technal para una obra de GARCIA FAURA - GARCIA FAURA","og_description":"Arquitectura en Alumini, Inox, Ferro i Vidre","og_url":"https:\/\/www.garciafaura.com\/es\/premio-palmares-technal-para-una-obra-de-garcia-faura\/","og_site_name":"GARCIA FAURA","article_published_time":"2015-10-28T00:00:00+00:00","article_modified_time":"2019-06-03T12:05:44+00:00","og_image":[{"url":"https:\/\/www.garciafaura.com\/wp-content\/uploads\/2018\/11\/technal-_palmares_2015-tr_house.jpg","width":1,"height":1,"type":"image\/jpeg"}],"author":"David Achell","twitter_card":"summary_large_image","twitter_misc":{"Escrito por":"David Achell","Tiempo de lectura":"1 minuto"},"schema":{"@context":"https:\/\/schema.org","@graph":[{"@type":"Article","@id":"https:\/\/www.garciafaura.com\/es\/premio-palmares-technal-para-una-obra-de-garcia-faura\/#article","isPartOf":{"@id":"https:\/\/www.garciafaura.com\/es\/premio-palmares-technal-para-una-obra-de-garcia-faura\/"},"author":{"name":"David Achell","@id":"https:\/\/www.garciafaura.com\/fr\/#\/schema\/person\/b4b75e69b33fac3446071909bec106b0"},"headline":"Premio Palmar\u00e9s Technal para una obra de GARCIA FAURA","datePublished":"2015-10-28T00:00:00+00:00","dateModified":"2019-06-03T12:05:44+00:00","mainEntityOfPage":{"@id":"https:\/\/www.garciafaura.com\/es\/premio-palmares-technal-para-una-obra-de-garcia-faura\/"},"wordCount":243,"commentCount":0,"publisher":{"@id":"https:\/\/www.garciafaura.com\/fr\/#organization"},"image":{"@id":"https:\/\/www.garciafaura.com\/es\/premio-palmares-technal-para-una-obra-de-garcia-faura\/#primaryimage"},"thumbnailUrl":"https:\/\/www.garciafaura.com\/wp-content\/uploads\/2018\/11\/technal-_palmares_2015-tr_house.jpg","articleSection":["Actualidad"],"inLanguage":"es","potentialAction":[{"@type":"CommentAction","name":"Comment","target":["https:\/\/www.garciafaura.com\/es\/premio-palmares-technal-para-una-obra-de-garcia-faura\/#respond"]}]},{"@type":"WebPage","@id":"https:\/\/www.garciafaura.com\/es\/premio-palmares-technal-para-una-obra-de-garcia-faura\/","url":"https:\/\/www.garciafaura.com\/es\/premio-palmares-technal-para-una-obra-de-garcia-faura\/","name":"Premio Palmar\u00e9s Technal para una obra de GARCIA FAURA - GARCIA FAURA","isPartOf":{"@id":"https:\/\/www.garciafaura.com\/fr\/#website"},"primaryImageOfPage":{"@id":"https:\/\/www.garciafaura.com\/es\/premio-palmares-technal-para-una-obra-de-garcia-faura\/#primaryimage"},"image":{"@id":"https:\/\/www.garciafaura.com\/es\/premio-palmares-technal-para-una-obra-de-garcia-faura\/#primaryimage"},"thumbnailUrl":"https:\/\/www.garciafaura.com\/wp-content\/uploads\/2018\/11\/technal-_palmares_2015-tr_house.jpg","datePublished":"2015-10-28T00:00:00+00:00","dateModified":"2019-06-03T12:05:44+00:00","description":"Arquitectura en Alumini, Inox, Ferro i Vidre","breadcrumb":{"@id":"https:\/\/www.garciafaura.com\/es\/premio-palmares-technal-para-una-obra-de-garcia-faura\/#breadcrumb"},"inLanguage":"es","potentialAction":[{"@type":"ReadAction","target":["https:\/\/www.garciafaura.com\/es\/premio-palmares-technal-para-una-obra-de-garcia-faura\/"]}]},{"@type":"ImageObject","inLanguage":"es","@id":"https:\/\/www.garciafaura.com\/es\/premio-palmares-technal-para-una-obra-de-garcia-faura\/#primaryimage","url":"https:\/\/www.garciafaura.com\/wp-content\/uploads\/2018\/11\/technal-_palmares_2015-tr_house.jpg","contentUrl":"https:\/\/www.garciafaura.com\/wp-content\/uploads\/2018\/11\/technal-_palmares_2015-tr_house.jpg"},{"@type":"BreadcrumbList","@id":"https:\/\/www.garciafaura.com\/es\/premio-palmares-technal-para-una-obra-de-garcia-faura\/#breadcrumb","itemListElement":[{"@type":"ListItem","position":1,"name":"Inici","item":"https:\/\/www.garciafaura.com\/es\/"},{"@type":"ListItem","position":2,"name":"Premio Palmar\u00e9s Technal para una obra de GARCIA FAURA"}]},{"@type":"WebSite","@id":"https:\/\/www.garciafaura.com\/fr\/#website","url":"https:\/\/www.garciafaura.com\/fr\/","name":"GARCIA FAURA","description":"Arquitectura en Alumini, Inox, Ferro i Vidre","publisher":{"@id":"https:\/\/www.garciafaura.com\/fr\/#organization"},"potentialAction":[{"@type":"SearchAction","target":{"@type":"EntryPoint","urlTemplate":"https:\/\/www.garciafaura.com\/fr\/?s={search_term_string}"},"query-input":{"@type":"PropertyValueSpecification","valueRequired":true,"valueName":"search_term_string"}}],"inLanguage":"es"},{"@type":"Organization","@id":"https:\/\/www.garciafaura.com\/fr\/#organization","name":"GARCIA FAURA","url":"https:\/\/www.garciafaura.com\/fr\/","logo":{"@type":"ImageObject","inLanguage":"es","@id":"https:\/\/www.garciafaura.com\/fr\/#\/schema\/logo\/image\/","url":"https:\/\/www.garciafaura.com\/wp-content\/uploads\/2018\/09\/Garcia-Faura.png","contentUrl":"https:\/\/www.garciafaura.com\/wp-content\/uploads\/2018\/09\/Garcia-Faura.png","width":512,"height":512,"caption":"GARCIA FAURA"},"image":{"@id":"https:\/\/www.garciafaura.com\/fr\/#\/schema\/logo\/image\/"},"sameAs":["https:\/\/www.youtube.com\/user\/GARCIAFAURA"]},{"@type":"Person","@id":"https:\/\/www.garciafaura.com\/fr\/#\/schema\/person\/b4b75e69b33fac3446071909bec106b0","name":"David Achell","image":{"@type":"ImageObject","inLanguage":"es","@id":"https:\/\/www.garciafaura.com\/fr\/#\/schema\/person\/image\/","url":"https:\/\/secure.gravatar.com\/avatar\/03900210afc1f61bce737bcb4a79c02e2c997f171e3eca839b5a4cbe03846c90?s=96&d=blank&r=g","contentUrl":"https:\/\/secure.gravatar.com\/avatar\/03900210afc1f61bce737bcb4a79c02e2c997f171e3eca839b5a4cbe03846c90?s=96&d=blank&r=g","caption":"David Achell"}}]}},"_links":{"self":[{"href":"https:\/\/www.garciafaura.com\/es\/wp-json\/wp\/v2\/posts\/6405","targetHints":{"allow":["GET"]}}],"collection":[{"href":"https:\/\/www.garciafaura.com\/es\/wp-json\/wp\/v2\/posts"}],"about":[{"href":"https:\/\/www.garciafaura.com\/es\/wp-json\/wp\/v2\/types\/post"}],"author":[{"embeddable":true,"href":"https:\/\/www.garciafaura.com\/es\/wp-json\/wp\/v2\/users\/3"}],"replies":[{"embeddable":true,"href":"https:\/\/www.garciafaura.com\/es\/wp-json\/wp\/v2\/comments?post=6405"}],"version-history":[{"count":1,"href":"https:\/\/www.garciafaura.com\/es\/wp-json\/wp\/v2\/posts\/6405\/revisions"}],"predecessor-version":[{"id":21563,"href":"https:\/\/www.garciafaura.com\/es\/wp-json\/wp\/v2\/posts\/6405\/revisions\/21563"}],"wp:featuredmedia":[{"embeddable":true,"href":"https:\/\/www.garciafaura.com\/es\/wp-json\/wp\/v2\/media\/6393"}],"wp:attachment":[{"href":"https:\/\/www.garciafaura.com\/es\/wp-json\/wp\/v2\/media?parent=6405"}],"wp:term":[{"taxonomy":"category","embeddable":true,"href":"https:\/\/www.garciafaura.com\/es\/wp-json\/wp\/v2\/categories?post=6405"},{"taxonomy":"post_tag","embeddable":true,"href":"https:\/\/www.garciafaura.com\/es\/wp-json\/wp\/v2\/tags?post=6405"},{"taxonomy":"post_series","embeddable":true,"href":"https:\/\/www.garciafaura.com\/es\/wp-json\/wp\/v2\/post_series?post=6405"}],"curies":[{"name":"wp","href":"https:\/\/api.w.org\/{rel}","templated":true}]}}