{"id":6377,"date":"2015-09-09T00:00:00","date_gmt":"2015-09-09T00:00:00","guid":{"rendered":"https:\/\/www.garciafaura.com\/cerramientos-de-garcia-faura-en-el-nuevo-mercagava\/"},"modified":"2019-06-03T12:06:11","modified_gmt":"2019-06-03T12:06:11","slug":"cerramientos-de-garcia-faura-en-el-nuevo-mercagava","status":"publish","type":"post","link":"https:\/\/www.garciafaura.com\/es\/cerramientos-de-garcia-faura-en-el-nuevo-mercagava\/","title":{"rendered":"Cerramientos de GARCIA FAURA en el nuevo MercaGav\u00e0"},"content":{"rendered":"<p>&nbsp;<\/p>\n<p>El Ayuntamiento de Gav\u00e0 promueve la construcci\u00f3n del nuevo Mercado Municipal de la Plaza de Catalunya. El equipamiento se alza en el solar que ocupaba el antiguo MercaGav\u00e0, contar\u00e1 con una superficie comercial de 2.500 metros cuadrados, de los cuales 1.000 se destinar\u00e1n a las paradas de proximidad y el resto los ocupar\u00e1 un nuevo supermercado de la cadena Mercadona. El resto de la superficie de actuaci\u00f3n, hasta 12000 metros cuadrados, se destinar\u00e1n a aparcamiento subterr\u00e1neo, log\u00edstica, servicios y accesos.<\/p>\n<p>&nbsp;<\/p>\n<p><strong>GARCIA FAURA<\/strong> ha recibido el encargo de fabricar e instalar los cerramientos exteriores del nuevo edificio. Casi un centenar de puertas, ventanas y, principalmente, cerramientos fijos que dotar\u00e1n el equipamiento de mucha luminosidad, conectando los espacios interiores y exteriores para integrar el espacio comercial en el conjunto urbano. En total ser\u00e1n m\u00e1s de 230 metros cuadrados proyectados en perfiler\u00eda de aluminio con rotura de puerto t\u00e9rmico, as\u00ed como las puertas autom\u00e1ticas de accesos. El proyecto tiene un especial significado para la empresa, no tanto por su magnitud como por el hecho de que se alce en Gav\u00e0, ciudad que acoge tambi\u00e9n la sede de <strong>GARCIA FAURA<\/strong>. Por este motivo la empresa se muestra especialmente ilusionada por desarrollar un proyecto de especial inter\u00e9s social y comercial para su ciudad.<\/p>\n<p>&nbsp;<\/p>\n<p>El proyecto de mejora y modernizaci\u00f3n de MercaGav\u00e0 incluye tambi\u00e9n la urbanizaci\u00f3n de las calles perimetrales, de modo que el nuevo mercado se integrar\u00e1 mejor en el entorno urbano y supondr\u00e1 ganar nuevos espacios de tr\u00e1nsito peatonal. Los trabajos deben finalizar en este tramo final de 2015.<\/p>\n","protected":false},"excerpt":{"rendered":"<p>La empresa ha resultado adjudicataria de los trabajos de accesos autom\u00e1ticos y cerramientos exteriores del nuevo mercado municipal de Gav\u00e0. El nuevo edificio, que sustituye a la antigua sede del mercado norte de la ciudad, est\u00e1 desarrollado por el estudio Ona Architects. Su concepci\u00f3n arquitect\u00f3nica proyecta una mayor continuidad entre espacios interiores y exteriores, a trav\u00e9s del conjunto de cerramientos de aluminio y vidrio que fabricar\u00e1 e instalar\u00e1 GARCIA FAURA.<\/p>\n","protected":false},"author":3,"featured_media":6361,"comment_status":"open","ping_status":"open","sticky":false,"template":"","format":"standard","meta":{"footnotes":""},"categories":[3],"tags":[],"post_series":[],"class_list":["post-6377","post","type-post","status-publish","format-standard","has-post-thumbnail","hentry","category-actualidad","entry","has-media"],"yoast_head":"<!-- This site is optimized with the Yoast SEO plugin v26.7 - https:\/\/yoast.com\/wordpress\/plugins\/seo\/ -->\n<title>Cerramientos de GARCIA FAURA en el nuevo MercaGav\u00e0 - GARCIA FAURA<\/title>\n<meta name=\"description\" content=\"Arquitectura en Alumini, Inox, Ferro i Vidre\" \/>\n<meta name=\"robots\" content=\"index, follow, max-snippet:-1, max-image-preview:large, max-video-preview:-1\" \/>\n<link rel=\"canonical\" href=\"https:\/\/www.garciafaura.com\/es\/cerramientos-de-garcia-faura-en-el-nuevo-mercagava\/\" \/>\n<meta property=\"og:locale\" content=\"es_ES\" \/>\n<meta property=\"og:type\" content=\"article\" \/>\n<meta property=\"og:title\" content=\"Cerramientos de GARCIA FAURA en el nuevo MercaGav\u00e0 - GARCIA FAURA\" \/>\n<meta property=\"og:description\" content=\"Arquitectura en Alumini, Inox, Ferro i Vidre\" \/>\n<meta property=\"og:url\" content=\"https:\/\/www.garciafaura.com\/es\/cerramientos-de-garcia-faura-en-el-nuevo-mercagava\/\" \/>\n<meta property=\"og:site_name\" content=\"GARCIA FAURA\" \/>\n<meta property=\"article:published_time\" content=\"2015-09-09T00:00:00+00:00\" \/>\n<meta property=\"article:modified_time\" content=\"2019-06-03T12:06:11+00:00\" \/>\n<meta property=\"og:image\" content=\"https:\/\/www.garciafaura.com\/wp-content\/uploads\/2018\/11\/mercagava_01.jpg\" \/>\n\t<meta property=\"og:image:width\" content=\"1\" \/>\n\t<meta property=\"og:image:height\" content=\"1\" \/>\n\t<meta property=\"og:image:type\" content=\"image\/jpeg\" \/>\n<meta name=\"author\" content=\"David Achell\" \/>\n<meta name=\"twitter:card\" content=\"summary_large_image\" \/>\n<meta name=\"twitter:label1\" content=\"Escrito por\" \/>\n\t<meta name=\"twitter:data1\" content=\"David Achell\" \/>\n\t<meta name=\"twitter:label2\" content=\"Tiempo de lectura\" \/>\n\t<meta name=\"twitter:data2\" content=\"1 minuto\" \/>\n<script type=\"application\/ld+json\" class=\"yoast-schema-graph\">{\"@context\":\"https:\/\/schema.org\",\"@graph\":[{\"@type\":\"Article\",\"@id\":\"https:\/\/www.garciafaura.com\/es\/cerramientos-de-garcia-faura-en-el-nuevo-mercagava\/#article\",\"isPartOf\":{\"@id\":\"https:\/\/www.garciafaura.com\/es\/cerramientos-de-garcia-faura-en-el-nuevo-mercagava\/\"},\"author\":{\"name\":\"David Achell\",\"@id\":\"https:\/\/www.garciafaura.com\/fr\/#\/schema\/person\/b4b75e69b33fac3446071909bec106b0\"},\"headline\":\"Cerramientos de GARCIA FAURA en el nuevo MercaGav\u00e0\",\"datePublished\":\"2015-09-09T00:00:00+00:00\",\"dateModified\":\"2019-06-03T12:06:11+00:00\",\"mainEntityOfPage\":{\"@id\":\"https:\/\/www.garciafaura.com\/es\/cerramientos-de-garcia-faura-en-el-nuevo-mercagava\/\"},\"wordCount\":279,\"commentCount\":0,\"publisher\":{\"@id\":\"https:\/\/www.garciafaura.com\/fr\/#organization\"},\"image\":{\"@id\":\"https:\/\/www.garciafaura.com\/es\/cerramientos-de-garcia-faura-en-el-nuevo-mercagava\/#primaryimage\"},\"thumbnailUrl\":\"https:\/\/www.garciafaura.com\/wp-content\/uploads\/2018\/11\/mercagava_01.jpg\",\"articleSection\":[\"Actualidad\"],\"inLanguage\":\"es\",\"potentialAction\":[{\"@type\":\"CommentAction\",\"name\":\"Comment\",\"target\":[\"https:\/\/www.garciafaura.com\/es\/cerramientos-de-garcia-faura-en-el-nuevo-mercagava\/#respond\"]}]},{\"@type\":\"WebPage\",\"@id\":\"https:\/\/www.garciafaura.com\/es\/cerramientos-de-garcia-faura-en-el-nuevo-mercagava\/\",\"url\":\"https:\/\/www.garciafaura.com\/es\/cerramientos-de-garcia-faura-en-el-nuevo-mercagava\/\",\"name\":\"Cerramientos de GARCIA FAURA en el nuevo MercaGav\u00e0 - GARCIA FAURA\",\"isPartOf\":{\"@id\":\"https:\/\/www.garciafaura.com\/fr\/#website\"},\"primaryImageOfPage\":{\"@id\":\"https:\/\/www.garciafaura.com\/es\/cerramientos-de-garcia-faura-en-el-nuevo-mercagava\/#primaryimage\"},\"image\":{\"@id\":\"https:\/\/www.garciafaura.com\/es\/cerramientos-de-garcia-faura-en-el-nuevo-mercagava\/#primaryimage\"},\"thumbnailUrl\":\"https:\/\/www.garciafaura.com\/wp-content\/uploads\/2018\/11\/mercagava_01.jpg\",\"datePublished\":\"2015-09-09T00:00:00+00:00\",\"dateModified\":\"2019-06-03T12:06:11+00:00\",\"description\":\"Arquitectura en Alumini, Inox, Ferro i Vidre\",\"breadcrumb\":{\"@id\":\"https:\/\/www.garciafaura.com\/es\/cerramientos-de-garcia-faura-en-el-nuevo-mercagava\/#breadcrumb\"},\"inLanguage\":\"es\",\"potentialAction\":[{\"@type\":\"ReadAction\",\"target\":[\"https:\/\/www.garciafaura.com\/es\/cerramientos-de-garcia-faura-en-el-nuevo-mercagava\/\"]}]},{\"@type\":\"ImageObject\",\"inLanguage\":\"es\",\"@id\":\"https:\/\/www.garciafaura.com\/es\/cerramientos-de-garcia-faura-en-el-nuevo-mercagava\/#primaryimage\",\"url\":\"https:\/\/www.garciafaura.com\/wp-content\/uploads\/2018\/11\/mercagava_01.jpg\",\"contentUrl\":\"https:\/\/www.garciafaura.com\/wp-content\/uploads\/2018\/11\/mercagava_01.jpg\"},{\"@type\":\"BreadcrumbList\",\"@id\":\"https:\/\/www.garciafaura.com\/es\/cerramientos-de-garcia-faura-en-el-nuevo-mercagava\/#breadcrumb\",\"itemListElement\":[{\"@type\":\"ListItem\",\"position\":1,\"name\":\"Inici\",\"item\":\"https:\/\/www.garciafaura.com\/es\/\"},{\"@type\":\"ListItem\",\"position\":2,\"name\":\"Cerramientos de GARCIA FAURA en el nuevo MercaGav\u00e0\"}]},{\"@type\":\"WebSite\",\"@id\":\"https:\/\/www.garciafaura.com\/fr\/#website\",\"url\":\"https:\/\/www.garciafaura.com\/fr\/\",\"name\":\"GARCIA FAURA\",\"description\":\"Arquitectura en Alumini, Inox, Ferro i Vidre\",\"publisher\":{\"@id\":\"https:\/\/www.garciafaura.com\/fr\/#organization\"},\"potentialAction\":[{\"@type\":\"SearchAction\",\"target\":{\"@type\":\"EntryPoint\",\"urlTemplate\":\"https:\/\/www.garciafaura.com\/fr\/?s={search_term_string}\"},\"query-input\":{\"@type\":\"PropertyValueSpecification\",\"valueRequired\":true,\"valueName\":\"search_term_string\"}}],\"inLanguage\":\"es\"},{\"@type\":\"Organization\",\"@id\":\"https:\/\/www.garciafaura.com\/fr\/#organization\",\"name\":\"GARCIA FAURA\",\"url\":\"https:\/\/www.garciafaura.com\/fr\/\",\"logo\":{\"@type\":\"ImageObject\",\"inLanguage\":\"es\",\"@id\":\"https:\/\/www.garciafaura.com\/fr\/#\/schema\/logo\/image\/\",\"url\":\"https:\/\/www.garciafaura.com\/wp-content\/uploads\/2018\/09\/Garcia-Faura.png\",\"contentUrl\":\"https:\/\/www.garciafaura.com\/wp-content\/uploads\/2018\/09\/Garcia-Faura.png\",\"width\":512,\"height\":512,\"caption\":\"GARCIA FAURA\"},\"image\":{\"@id\":\"https:\/\/www.garciafaura.com\/fr\/#\/schema\/logo\/image\/\"},\"sameAs\":[\"https:\/\/www.youtube.com\/user\/GARCIAFAURA\"]},{\"@type\":\"Person\",\"@id\":\"https:\/\/www.garciafaura.com\/fr\/#\/schema\/person\/b4b75e69b33fac3446071909bec106b0\",\"name\":\"David Achell\",\"image\":{\"@type\":\"ImageObject\",\"inLanguage\":\"es\",\"@id\":\"https:\/\/www.garciafaura.com\/fr\/#\/schema\/person\/image\/\",\"url\":\"https:\/\/secure.gravatar.com\/avatar\/03900210afc1f61bce737bcb4a79c02e2c997f171e3eca839b5a4cbe03846c90?s=96&d=blank&r=g\",\"contentUrl\":\"https:\/\/secure.gravatar.com\/avatar\/03900210afc1f61bce737bcb4a79c02e2c997f171e3eca839b5a4cbe03846c90?s=96&d=blank&r=g\",\"caption\":\"David Achell\"}}]}<\/script>\n<!-- \/ Yoast SEO plugin. -->","yoast_head_json":{"title":"Cerramientos de GARCIA FAURA en el nuevo MercaGav\u00e0 - GARCIA FAURA","description":"Arquitectura en Alumini, Inox, Ferro i Vidre","robots":{"index":"index","follow":"follow","max-snippet":"max-snippet:-1","max-image-preview":"max-image-preview:large","max-video-preview":"max-video-preview:-1"},"canonical":"https:\/\/www.garciafaura.com\/es\/cerramientos-de-garcia-faura-en-el-nuevo-mercagava\/","og_locale":"es_ES","og_type":"article","og_title":"Cerramientos de GARCIA FAURA en el nuevo MercaGav\u00e0 - GARCIA FAURA","og_description":"Arquitectura en Alumini, Inox, Ferro i Vidre","og_url":"https:\/\/www.garciafaura.com\/es\/cerramientos-de-garcia-faura-en-el-nuevo-mercagava\/","og_site_name":"GARCIA FAURA","article_published_time":"2015-09-09T00:00:00+00:00","article_modified_time":"2019-06-03T12:06:11+00:00","og_image":[{"url":"https:\/\/www.garciafaura.com\/wp-content\/uploads\/2018\/11\/mercagava_01.jpg","width":1,"height":1,"type":"image\/jpeg"}],"author":"David Achell","twitter_card":"summary_large_image","twitter_misc":{"Escrito por":"David Achell","Tiempo de lectura":"1 minuto"},"schema":{"@context":"https:\/\/schema.org","@graph":[{"@type":"Article","@id":"https:\/\/www.garciafaura.com\/es\/cerramientos-de-garcia-faura-en-el-nuevo-mercagava\/#article","isPartOf":{"@id":"https:\/\/www.garciafaura.com\/es\/cerramientos-de-garcia-faura-en-el-nuevo-mercagava\/"},"author":{"name":"David Achell","@id":"https:\/\/www.garciafaura.com\/fr\/#\/schema\/person\/b4b75e69b33fac3446071909bec106b0"},"headline":"Cerramientos de GARCIA FAURA en el nuevo MercaGav\u00e0","datePublished":"2015-09-09T00:00:00+00:00","dateModified":"2019-06-03T12:06:11+00:00","mainEntityOfPage":{"@id":"https:\/\/www.garciafaura.com\/es\/cerramientos-de-garcia-faura-en-el-nuevo-mercagava\/"},"wordCount":279,"commentCount":0,"publisher":{"@id":"https:\/\/www.garciafaura.com\/fr\/#organization"},"image":{"@id":"https:\/\/www.garciafaura.com\/es\/cerramientos-de-garcia-faura-en-el-nuevo-mercagava\/#primaryimage"},"thumbnailUrl":"https:\/\/www.garciafaura.com\/wp-content\/uploads\/2018\/11\/mercagava_01.jpg","articleSection":["Actualidad"],"inLanguage":"es","potentialAction":[{"@type":"CommentAction","name":"Comment","target":["https:\/\/www.garciafaura.com\/es\/cerramientos-de-garcia-faura-en-el-nuevo-mercagava\/#respond"]}]},{"@type":"WebPage","@id":"https:\/\/www.garciafaura.com\/es\/cerramientos-de-garcia-faura-en-el-nuevo-mercagava\/","url":"https:\/\/www.garciafaura.com\/es\/cerramientos-de-garcia-faura-en-el-nuevo-mercagava\/","name":"Cerramientos de GARCIA FAURA en el nuevo MercaGav\u00e0 - GARCIA FAURA","isPartOf":{"@id":"https:\/\/www.garciafaura.com\/fr\/#website"},"primaryImageOfPage":{"@id":"https:\/\/www.garciafaura.com\/es\/cerramientos-de-garcia-faura-en-el-nuevo-mercagava\/#primaryimage"},"image":{"@id":"https:\/\/www.garciafaura.com\/es\/cerramientos-de-garcia-faura-en-el-nuevo-mercagava\/#primaryimage"},"thumbnailUrl":"https:\/\/www.garciafaura.com\/wp-content\/uploads\/2018\/11\/mercagava_01.jpg","datePublished":"2015-09-09T00:00:00+00:00","dateModified":"2019-06-03T12:06:11+00:00","description":"Arquitectura en Alumini, Inox, Ferro i Vidre","breadcrumb":{"@id":"https:\/\/www.garciafaura.com\/es\/cerramientos-de-garcia-faura-en-el-nuevo-mercagava\/#breadcrumb"},"inLanguage":"es","potentialAction":[{"@type":"ReadAction","target":["https:\/\/www.garciafaura.com\/es\/cerramientos-de-garcia-faura-en-el-nuevo-mercagava\/"]}]},{"@type":"ImageObject","inLanguage":"es","@id":"https:\/\/www.garciafaura.com\/es\/cerramientos-de-garcia-faura-en-el-nuevo-mercagava\/#primaryimage","url":"https:\/\/www.garciafaura.com\/wp-content\/uploads\/2018\/11\/mercagava_01.jpg","contentUrl":"https:\/\/www.garciafaura.com\/wp-content\/uploads\/2018\/11\/mercagava_01.jpg"},{"@type":"BreadcrumbList","@id":"https:\/\/www.garciafaura.com\/es\/cerramientos-de-garcia-faura-en-el-nuevo-mercagava\/#breadcrumb","itemListElement":[{"@type":"ListItem","position":1,"name":"Inici","item":"https:\/\/www.garciafaura.com\/es\/"},{"@type":"ListItem","position":2,"name":"Cerramientos de GARCIA FAURA en el nuevo MercaGav\u00e0"}]},{"@type":"WebSite","@id":"https:\/\/www.garciafaura.com\/fr\/#website","url":"https:\/\/www.garciafaura.com\/fr\/","name":"GARCIA FAURA","description":"Arquitectura en Alumini, Inox, Ferro i Vidre","publisher":{"@id":"https:\/\/www.garciafaura.com\/fr\/#organization"},"potentialAction":[{"@type":"SearchAction","target":{"@type":"EntryPoint","urlTemplate":"https:\/\/www.garciafaura.com\/fr\/?s={search_term_string}"},"query-input":{"@type":"PropertyValueSpecification","valueRequired":true,"valueName":"search_term_string"}}],"inLanguage":"es"},{"@type":"Organization","@id":"https:\/\/www.garciafaura.com\/fr\/#organization","name":"GARCIA FAURA","url":"https:\/\/www.garciafaura.com\/fr\/","logo":{"@type":"ImageObject","inLanguage":"es","@id":"https:\/\/www.garciafaura.com\/fr\/#\/schema\/logo\/image\/","url":"https:\/\/www.garciafaura.com\/wp-content\/uploads\/2018\/09\/Garcia-Faura.png","contentUrl":"https:\/\/www.garciafaura.com\/wp-content\/uploads\/2018\/09\/Garcia-Faura.png","width":512,"height":512,"caption":"GARCIA FAURA"},"image":{"@id":"https:\/\/www.garciafaura.com\/fr\/#\/schema\/logo\/image\/"},"sameAs":["https:\/\/www.youtube.com\/user\/GARCIAFAURA"]},{"@type":"Person","@id":"https:\/\/www.garciafaura.com\/fr\/#\/schema\/person\/b4b75e69b33fac3446071909bec106b0","name":"David Achell","image":{"@type":"ImageObject","inLanguage":"es","@id":"https:\/\/www.garciafaura.com\/fr\/#\/schema\/person\/image\/","url":"https:\/\/secure.gravatar.com\/avatar\/03900210afc1f61bce737bcb4a79c02e2c997f171e3eca839b5a4cbe03846c90?s=96&d=blank&r=g","contentUrl":"https:\/\/secure.gravatar.com\/avatar\/03900210afc1f61bce737bcb4a79c02e2c997f171e3eca839b5a4cbe03846c90?s=96&d=blank&r=g","caption":"David Achell"}}]}},"_links":{"self":[{"href":"https:\/\/www.garciafaura.com\/es\/wp-json\/wp\/v2\/posts\/6377","targetHints":{"allow":["GET"]}}],"collection":[{"href":"https:\/\/www.garciafaura.com\/es\/wp-json\/wp\/v2\/posts"}],"about":[{"href":"https:\/\/www.garciafaura.com\/es\/wp-json\/wp\/v2\/types\/post"}],"author":[{"embeddable":true,"href":"https:\/\/www.garciafaura.com\/es\/wp-json\/wp\/v2\/users\/3"}],"replies":[{"embeddable":true,"href":"https:\/\/www.garciafaura.com\/es\/wp-json\/wp\/v2\/comments?post=6377"}],"version-history":[{"count":1,"href":"https:\/\/www.garciafaura.com\/es\/wp-json\/wp\/v2\/posts\/6377\/revisions"}],"predecessor-version":[{"id":21565,"href":"https:\/\/www.garciafaura.com\/es\/wp-json\/wp\/v2\/posts\/6377\/revisions\/21565"}],"wp:featuredmedia":[{"embeddable":true,"href":"https:\/\/www.garciafaura.com\/es\/wp-json\/wp\/v2\/media\/6361"}],"wp:attachment":[{"href":"https:\/\/www.garciafaura.com\/es\/wp-json\/wp\/v2\/media?parent=6377"}],"wp:term":[{"taxonomy":"category","embeddable":true,"href":"https:\/\/www.garciafaura.com\/es\/wp-json\/wp\/v2\/categories?post=6377"},{"taxonomy":"post_tag","embeddable":true,"href":"https:\/\/www.garciafaura.com\/es\/wp-json\/wp\/v2\/tags?post=6377"},{"taxonomy":"post_series","embeddable":true,"href":"https:\/\/www.garciafaura.com\/es\/wp-json\/wp\/v2\/post_series?post=6377"}],"curies":[{"name":"wp","href":"https:\/\/api.w.org\/{rel}","templated":true}]}}