{"id":6357,"date":"2015-09-04T00:00:00","date_gmt":"2015-09-04T00:00:00","guid":{"rendered":"https:\/\/www.garciafaura.com\/barcelona-recupera-el-edificio-calabria-66-para-usos-ciudadanos\/"},"modified":"2019-06-03T12:06:39","modified_gmt":"2019-06-03T12:06:39","slug":"barcelona-recupera-el-edificio-calabria-66-para-usos-ciudadanos","status":"publish","type":"post","link":"https:\/\/www.garciafaura.com\/es\/barcelona-recupera-el-edificio-calabria-66-para-usos-ciudadanos\/","title":{"rendered":"Barcelona recupera el edificio Calabria 66 para usos ciudadanos"},"content":{"rendered":"<p>&nbsp;<\/p>\n<p>Las obras de remodelaci\u00f3n de la antigua sede de ONCE comenzaron en mayo de 2014, despu\u00e9s que el Ayuntamiento adquiriera el edificio para destinarlo a servicios municipales y equipamientos para el barrio de Sant Antoni. El vecindario se organiz\u00f3 en una comisi\u00f3n c\u00edvica formada por una cincuentena de entidades del barrio que han definido el modelo de usos de los espacios compartidos del equipamiento, que ocupar\u00e1n el 40% de la superficie total del inmueble.<\/p>\n<p>&nbsp;<\/p>\n<p>Las obras han supuesto el refuerzo y modificaci\u00f3n de la estructura existente de acuerdo con la ubicaci\u00f3n de los nuevos n\u00facleos de comunicaci\u00f3n vertical, una nueva cubierta e instalaciones, as\u00ed como la rehabilitaci\u00f3n integral del conjunto de fachadas, que generar\u00e1n un ahorro energ\u00e9tico en el edificio del 25%. En este \u00e1mbito de actuaci\u00f3n <strong>GARCIA FAURA<\/strong> ha ejecutado sus trabajos, que han consistido en la fabricaci\u00f3n e instalaci\u00f3n de 250 unidades de marcos formados por perfiles perimetrales de aluminio extrusionado de grandes dimensiones, 300 metros cuadrados de revestimientos verticales de aluminio anodizado y m\u00e1s de 800 metros lineales de remates, chapas, cubiertas y coronaciones. La actuaci\u00f3n tambi\u00e9n ha supuesto la instalaci\u00f3n de 1.700 metros cuadrados de vidrio c\u00e1mara de altas prestaciones t\u00e9cnicas.<\/p>\n<p>&nbsp;<\/p>\n<p>El nuevo edificio Calabria 66 acoger\u00e1 la sede de la empresa Barcelona Serveis Municipals y la Direcci\u00f3n de Atenci\u00f3n al Ciudadano, as\u00ed como el Centro de Formaci\u00f3n de Adultos Pere Calders, el Centro de Normalizaci\u00f3n Ling\u00fc\u00edstica y las actividades de entidades vecinales, culturales , c\u00edvicas y art\u00edsticas. Un espacio de convivencia ciudadana llamado a convertirse en referente en la ciudad.<\/p>\n","protected":false},"excerpt":{"rendered":"<p>Tras a\u00f1os cerrada, la antigua sede de ONCE en el Barrio de Sant Antoni est\u00e1 a punto para convertirse en un nuevo polo de equipamientos sociales, culturales y vecinales. 11.000 metros cuadrados de superficie llamados a convertirse en un centro de intercambio de inquietudes ciudadanas, con espacio para los servicios municipales, equipamientos para el barrio y espacios de cogesti\u00f3n. GARCIA FAURA ha realizado los trabajos de remodelaci\u00f3n de las fachadas dando una nueva cara a este emblem\u00e1tico edificio barcelon\u00e9s.<\/p>\n","protected":false},"author":3,"featured_media":6349,"comment_status":"open","ping_status":"open","sticky":false,"template":"","format":"standard","meta":{"footnotes":""},"categories":[3],"tags":[],"post_series":[],"class_list":["post-6357","post","type-post","status-publish","format-standard","has-post-thumbnail","hentry","category-actualidad","entry","has-media"],"yoast_head":"<!-- This site is optimized with the Yoast SEO plugin v26.7 - https:\/\/yoast.com\/wordpress\/plugins\/seo\/ -->\n<title>Barcelona recupera el edificio Calabria 66 para usos ciudadanos - GARCIA FAURA<\/title>\n<meta name=\"description\" content=\"Arquitectura en Alumini, Inox, Ferro i Vidre\" \/>\n<meta name=\"robots\" content=\"index, follow, max-snippet:-1, max-image-preview:large, max-video-preview:-1\" \/>\n<link rel=\"canonical\" href=\"https:\/\/www.garciafaura.com\/es\/barcelona-recupera-el-edificio-calabria-66-para-usos-ciudadanos\/\" \/>\n<meta property=\"og:locale\" content=\"es_ES\" \/>\n<meta property=\"og:type\" content=\"article\" \/>\n<meta property=\"og:title\" content=\"Barcelona recupera el edificio Calabria 66 para usos ciudadanos - GARCIA FAURA\" \/>\n<meta property=\"og:description\" content=\"Arquitectura en Alumini, Inox, Ferro i Vidre\" \/>\n<meta property=\"og:url\" content=\"https:\/\/www.garciafaura.com\/es\/barcelona-recupera-el-edificio-calabria-66-para-usos-ciudadanos\/\" \/>\n<meta property=\"og:site_name\" content=\"GARCIA FAURA\" \/>\n<meta property=\"article:published_time\" content=\"2015-09-04T00:00:00+00:00\" \/>\n<meta property=\"article:modified_time\" content=\"2019-06-03T12:06:39+00:00\" \/>\n<meta property=\"og:image\" content=\"https:\/\/www.garciafaura.com\/wp-content\/uploads\/2018\/11\/ute_calabria_02.jpg\" \/>\n\t<meta property=\"og:image:width\" content=\"1\" \/>\n\t<meta property=\"og:image:height\" content=\"1\" \/>\n\t<meta property=\"og:image:type\" content=\"image\/jpeg\" \/>\n<meta name=\"author\" content=\"David Achell\" \/>\n<meta name=\"twitter:card\" content=\"summary_large_image\" \/>\n<meta name=\"twitter:label1\" content=\"Escrito por\" \/>\n\t<meta name=\"twitter:data1\" content=\"David Achell\" \/>\n\t<meta name=\"twitter:label2\" content=\"Tiempo de lectura\" \/>\n\t<meta name=\"twitter:data2\" content=\"1 minuto\" \/>\n<script type=\"application\/ld+json\" class=\"yoast-schema-graph\">{\"@context\":\"https:\/\/schema.org\",\"@graph\":[{\"@type\":\"Article\",\"@id\":\"https:\/\/www.garciafaura.com\/es\/barcelona-recupera-el-edificio-calabria-66-para-usos-ciudadanos\/#article\",\"isPartOf\":{\"@id\":\"https:\/\/www.garciafaura.com\/es\/barcelona-recupera-el-edificio-calabria-66-para-usos-ciudadanos\/\"},\"author\":{\"name\":\"David Achell\",\"@id\":\"https:\/\/www.garciafaura.com\/fr\/#\/schema\/person\/b4b75e69b33fac3446071909bec106b0\"},\"headline\":\"Barcelona recupera el edificio Calabria 66 para usos ciudadanos\",\"datePublished\":\"2015-09-04T00:00:00+00:00\",\"dateModified\":\"2019-06-03T12:06:39+00:00\",\"mainEntityOfPage\":{\"@id\":\"https:\/\/www.garciafaura.com\/es\/barcelona-recupera-el-edificio-calabria-66-para-usos-ciudadanos\/\"},\"wordCount\":285,\"commentCount\":0,\"publisher\":{\"@id\":\"https:\/\/www.garciafaura.com\/fr\/#organization\"},\"image\":{\"@id\":\"https:\/\/www.garciafaura.com\/es\/barcelona-recupera-el-edificio-calabria-66-para-usos-ciudadanos\/#primaryimage\"},\"thumbnailUrl\":\"https:\/\/www.garciafaura.com\/wp-content\/uploads\/2018\/11\/ute_calabria_02.jpg\",\"articleSection\":[\"Actualidad\"],\"inLanguage\":\"es\",\"potentialAction\":[{\"@type\":\"CommentAction\",\"name\":\"Comment\",\"target\":[\"https:\/\/www.garciafaura.com\/es\/barcelona-recupera-el-edificio-calabria-66-para-usos-ciudadanos\/#respond\"]}]},{\"@type\":\"WebPage\",\"@id\":\"https:\/\/www.garciafaura.com\/es\/barcelona-recupera-el-edificio-calabria-66-para-usos-ciudadanos\/\",\"url\":\"https:\/\/www.garciafaura.com\/es\/barcelona-recupera-el-edificio-calabria-66-para-usos-ciudadanos\/\",\"name\":\"Barcelona recupera el edificio Calabria 66 para usos ciudadanos - GARCIA FAURA\",\"isPartOf\":{\"@id\":\"https:\/\/www.garciafaura.com\/fr\/#website\"},\"primaryImageOfPage\":{\"@id\":\"https:\/\/www.garciafaura.com\/es\/barcelona-recupera-el-edificio-calabria-66-para-usos-ciudadanos\/#primaryimage\"},\"image\":{\"@id\":\"https:\/\/www.garciafaura.com\/es\/barcelona-recupera-el-edificio-calabria-66-para-usos-ciudadanos\/#primaryimage\"},\"thumbnailUrl\":\"https:\/\/www.garciafaura.com\/wp-content\/uploads\/2018\/11\/ute_calabria_02.jpg\",\"datePublished\":\"2015-09-04T00:00:00+00:00\",\"dateModified\":\"2019-06-03T12:06:39+00:00\",\"description\":\"Arquitectura en Alumini, Inox, Ferro i Vidre\",\"breadcrumb\":{\"@id\":\"https:\/\/www.garciafaura.com\/es\/barcelona-recupera-el-edificio-calabria-66-para-usos-ciudadanos\/#breadcrumb\"},\"inLanguage\":\"es\",\"potentialAction\":[{\"@type\":\"ReadAction\",\"target\":[\"https:\/\/www.garciafaura.com\/es\/barcelona-recupera-el-edificio-calabria-66-para-usos-ciudadanos\/\"]}]},{\"@type\":\"ImageObject\",\"inLanguage\":\"es\",\"@id\":\"https:\/\/www.garciafaura.com\/es\/barcelona-recupera-el-edificio-calabria-66-para-usos-ciudadanos\/#primaryimage\",\"url\":\"https:\/\/www.garciafaura.com\/wp-content\/uploads\/2018\/11\/ute_calabria_02.jpg\",\"contentUrl\":\"https:\/\/www.garciafaura.com\/wp-content\/uploads\/2018\/11\/ute_calabria_02.jpg\"},{\"@type\":\"BreadcrumbList\",\"@id\":\"https:\/\/www.garciafaura.com\/es\/barcelona-recupera-el-edificio-calabria-66-para-usos-ciudadanos\/#breadcrumb\",\"itemListElement\":[{\"@type\":\"ListItem\",\"position\":1,\"name\":\"Inici\",\"item\":\"https:\/\/www.garciafaura.com\/es\/\"},{\"@type\":\"ListItem\",\"position\":2,\"name\":\"Barcelona recupera el edificio Calabria 66 para usos ciudadanos\"}]},{\"@type\":\"WebSite\",\"@id\":\"https:\/\/www.garciafaura.com\/fr\/#website\",\"url\":\"https:\/\/www.garciafaura.com\/fr\/\",\"name\":\"GARCIA FAURA\",\"description\":\"Arquitectura en Alumini, Inox, Ferro i Vidre\",\"publisher\":{\"@id\":\"https:\/\/www.garciafaura.com\/fr\/#organization\"},\"potentialAction\":[{\"@type\":\"SearchAction\",\"target\":{\"@type\":\"EntryPoint\",\"urlTemplate\":\"https:\/\/www.garciafaura.com\/fr\/?s={search_term_string}\"},\"query-input\":{\"@type\":\"PropertyValueSpecification\",\"valueRequired\":true,\"valueName\":\"search_term_string\"}}],\"inLanguage\":\"es\"},{\"@type\":\"Organization\",\"@id\":\"https:\/\/www.garciafaura.com\/fr\/#organization\",\"name\":\"GARCIA FAURA\",\"url\":\"https:\/\/www.garciafaura.com\/fr\/\",\"logo\":{\"@type\":\"ImageObject\",\"inLanguage\":\"es\",\"@id\":\"https:\/\/www.garciafaura.com\/fr\/#\/schema\/logo\/image\/\",\"url\":\"https:\/\/www.garciafaura.com\/wp-content\/uploads\/2018\/09\/Garcia-Faura.png\",\"contentUrl\":\"https:\/\/www.garciafaura.com\/wp-content\/uploads\/2018\/09\/Garcia-Faura.png\",\"width\":512,\"height\":512,\"caption\":\"GARCIA FAURA\"},\"image\":{\"@id\":\"https:\/\/www.garciafaura.com\/fr\/#\/schema\/logo\/image\/\"},\"sameAs\":[\"https:\/\/www.youtube.com\/user\/GARCIAFAURA\"]},{\"@type\":\"Person\",\"@id\":\"https:\/\/www.garciafaura.com\/fr\/#\/schema\/person\/b4b75e69b33fac3446071909bec106b0\",\"name\":\"David Achell\",\"image\":{\"@type\":\"ImageObject\",\"inLanguage\":\"es\",\"@id\":\"https:\/\/www.garciafaura.com\/fr\/#\/schema\/person\/image\/\",\"url\":\"https:\/\/secure.gravatar.com\/avatar\/03900210afc1f61bce737bcb4a79c02e2c997f171e3eca839b5a4cbe03846c90?s=96&d=blank&r=g\",\"contentUrl\":\"https:\/\/secure.gravatar.com\/avatar\/03900210afc1f61bce737bcb4a79c02e2c997f171e3eca839b5a4cbe03846c90?s=96&d=blank&r=g\",\"caption\":\"David Achell\"}}]}<\/script>\n<!-- \/ Yoast SEO plugin. -->","yoast_head_json":{"title":"Barcelona recupera el edificio Calabria 66 para usos ciudadanos - GARCIA FAURA","description":"Arquitectura en Alumini, Inox, Ferro i Vidre","robots":{"index":"index","follow":"follow","max-snippet":"max-snippet:-1","max-image-preview":"max-image-preview:large","max-video-preview":"max-video-preview:-1"},"canonical":"https:\/\/www.garciafaura.com\/es\/barcelona-recupera-el-edificio-calabria-66-para-usos-ciudadanos\/","og_locale":"es_ES","og_type":"article","og_title":"Barcelona recupera el edificio Calabria 66 para usos ciudadanos - GARCIA FAURA","og_description":"Arquitectura en Alumini, Inox, Ferro i Vidre","og_url":"https:\/\/www.garciafaura.com\/es\/barcelona-recupera-el-edificio-calabria-66-para-usos-ciudadanos\/","og_site_name":"GARCIA FAURA","article_published_time":"2015-09-04T00:00:00+00:00","article_modified_time":"2019-06-03T12:06:39+00:00","og_image":[{"url":"https:\/\/www.garciafaura.com\/wp-content\/uploads\/2018\/11\/ute_calabria_02.jpg","width":1,"height":1,"type":"image\/jpeg"}],"author":"David Achell","twitter_card":"summary_large_image","twitter_misc":{"Escrito por":"David Achell","Tiempo de lectura":"1 minuto"},"schema":{"@context":"https:\/\/schema.org","@graph":[{"@type":"Article","@id":"https:\/\/www.garciafaura.com\/es\/barcelona-recupera-el-edificio-calabria-66-para-usos-ciudadanos\/#article","isPartOf":{"@id":"https:\/\/www.garciafaura.com\/es\/barcelona-recupera-el-edificio-calabria-66-para-usos-ciudadanos\/"},"author":{"name":"David Achell","@id":"https:\/\/www.garciafaura.com\/fr\/#\/schema\/person\/b4b75e69b33fac3446071909bec106b0"},"headline":"Barcelona recupera el edificio Calabria 66 para usos ciudadanos","datePublished":"2015-09-04T00:00:00+00:00","dateModified":"2019-06-03T12:06:39+00:00","mainEntityOfPage":{"@id":"https:\/\/www.garciafaura.com\/es\/barcelona-recupera-el-edificio-calabria-66-para-usos-ciudadanos\/"},"wordCount":285,"commentCount":0,"publisher":{"@id":"https:\/\/www.garciafaura.com\/fr\/#organization"},"image":{"@id":"https:\/\/www.garciafaura.com\/es\/barcelona-recupera-el-edificio-calabria-66-para-usos-ciudadanos\/#primaryimage"},"thumbnailUrl":"https:\/\/www.garciafaura.com\/wp-content\/uploads\/2018\/11\/ute_calabria_02.jpg","articleSection":["Actualidad"],"inLanguage":"es","potentialAction":[{"@type":"CommentAction","name":"Comment","target":["https:\/\/www.garciafaura.com\/es\/barcelona-recupera-el-edificio-calabria-66-para-usos-ciudadanos\/#respond"]}]},{"@type":"WebPage","@id":"https:\/\/www.garciafaura.com\/es\/barcelona-recupera-el-edificio-calabria-66-para-usos-ciudadanos\/","url":"https:\/\/www.garciafaura.com\/es\/barcelona-recupera-el-edificio-calabria-66-para-usos-ciudadanos\/","name":"Barcelona recupera el edificio Calabria 66 para usos ciudadanos - GARCIA FAURA","isPartOf":{"@id":"https:\/\/www.garciafaura.com\/fr\/#website"},"primaryImageOfPage":{"@id":"https:\/\/www.garciafaura.com\/es\/barcelona-recupera-el-edificio-calabria-66-para-usos-ciudadanos\/#primaryimage"},"image":{"@id":"https:\/\/www.garciafaura.com\/es\/barcelona-recupera-el-edificio-calabria-66-para-usos-ciudadanos\/#primaryimage"},"thumbnailUrl":"https:\/\/www.garciafaura.com\/wp-content\/uploads\/2018\/11\/ute_calabria_02.jpg","datePublished":"2015-09-04T00:00:00+00:00","dateModified":"2019-06-03T12:06:39+00:00","description":"Arquitectura en Alumini, Inox, Ferro i Vidre","breadcrumb":{"@id":"https:\/\/www.garciafaura.com\/es\/barcelona-recupera-el-edificio-calabria-66-para-usos-ciudadanos\/#breadcrumb"},"inLanguage":"es","potentialAction":[{"@type":"ReadAction","target":["https:\/\/www.garciafaura.com\/es\/barcelona-recupera-el-edificio-calabria-66-para-usos-ciudadanos\/"]}]},{"@type":"ImageObject","inLanguage":"es","@id":"https:\/\/www.garciafaura.com\/es\/barcelona-recupera-el-edificio-calabria-66-para-usos-ciudadanos\/#primaryimage","url":"https:\/\/www.garciafaura.com\/wp-content\/uploads\/2018\/11\/ute_calabria_02.jpg","contentUrl":"https:\/\/www.garciafaura.com\/wp-content\/uploads\/2018\/11\/ute_calabria_02.jpg"},{"@type":"BreadcrumbList","@id":"https:\/\/www.garciafaura.com\/es\/barcelona-recupera-el-edificio-calabria-66-para-usos-ciudadanos\/#breadcrumb","itemListElement":[{"@type":"ListItem","position":1,"name":"Inici","item":"https:\/\/www.garciafaura.com\/es\/"},{"@type":"ListItem","position":2,"name":"Barcelona recupera el edificio Calabria 66 para usos ciudadanos"}]},{"@type":"WebSite","@id":"https:\/\/www.garciafaura.com\/fr\/#website","url":"https:\/\/www.garciafaura.com\/fr\/","name":"GARCIA FAURA","description":"Arquitectura en Alumini, Inox, Ferro i Vidre","publisher":{"@id":"https:\/\/www.garciafaura.com\/fr\/#organization"},"potentialAction":[{"@type":"SearchAction","target":{"@type":"EntryPoint","urlTemplate":"https:\/\/www.garciafaura.com\/fr\/?s={search_term_string}"},"query-input":{"@type":"PropertyValueSpecification","valueRequired":true,"valueName":"search_term_string"}}],"inLanguage":"es"},{"@type":"Organization","@id":"https:\/\/www.garciafaura.com\/fr\/#organization","name":"GARCIA FAURA","url":"https:\/\/www.garciafaura.com\/fr\/","logo":{"@type":"ImageObject","inLanguage":"es","@id":"https:\/\/www.garciafaura.com\/fr\/#\/schema\/logo\/image\/","url":"https:\/\/www.garciafaura.com\/wp-content\/uploads\/2018\/09\/Garcia-Faura.png","contentUrl":"https:\/\/www.garciafaura.com\/wp-content\/uploads\/2018\/09\/Garcia-Faura.png","width":512,"height":512,"caption":"GARCIA FAURA"},"image":{"@id":"https:\/\/www.garciafaura.com\/fr\/#\/schema\/logo\/image\/"},"sameAs":["https:\/\/www.youtube.com\/user\/GARCIAFAURA"]},{"@type":"Person","@id":"https:\/\/www.garciafaura.com\/fr\/#\/schema\/person\/b4b75e69b33fac3446071909bec106b0","name":"David Achell","image":{"@type":"ImageObject","inLanguage":"es","@id":"https:\/\/www.garciafaura.com\/fr\/#\/schema\/person\/image\/","url":"https:\/\/secure.gravatar.com\/avatar\/03900210afc1f61bce737bcb4a79c02e2c997f171e3eca839b5a4cbe03846c90?s=96&d=blank&r=g","contentUrl":"https:\/\/secure.gravatar.com\/avatar\/03900210afc1f61bce737bcb4a79c02e2c997f171e3eca839b5a4cbe03846c90?s=96&d=blank&r=g","caption":"David Achell"}}]}},"_links":{"self":[{"href":"https:\/\/www.garciafaura.com\/es\/wp-json\/wp\/v2\/posts\/6357","targetHints":{"allow":["GET"]}}],"collection":[{"href":"https:\/\/www.garciafaura.com\/es\/wp-json\/wp\/v2\/posts"}],"about":[{"href":"https:\/\/www.garciafaura.com\/es\/wp-json\/wp\/v2\/types\/post"}],"author":[{"embeddable":true,"href":"https:\/\/www.garciafaura.com\/es\/wp-json\/wp\/v2\/users\/3"}],"replies":[{"embeddable":true,"href":"https:\/\/www.garciafaura.com\/es\/wp-json\/wp\/v2\/comments?post=6357"}],"version-history":[{"count":1,"href":"https:\/\/www.garciafaura.com\/es\/wp-json\/wp\/v2\/posts\/6357\/revisions"}],"predecessor-version":[{"id":21567,"href":"https:\/\/www.garciafaura.com\/es\/wp-json\/wp\/v2\/posts\/6357\/revisions\/21567"}],"wp:featuredmedia":[{"embeddable":true,"href":"https:\/\/www.garciafaura.com\/es\/wp-json\/wp\/v2\/media\/6349"}],"wp:attachment":[{"href":"https:\/\/www.garciafaura.com\/es\/wp-json\/wp\/v2\/media?parent=6357"}],"wp:term":[{"taxonomy":"category","embeddable":true,"href":"https:\/\/www.garciafaura.com\/es\/wp-json\/wp\/v2\/categories?post=6357"},{"taxonomy":"post_tag","embeddable":true,"href":"https:\/\/www.garciafaura.com\/es\/wp-json\/wp\/v2\/tags?post=6357"},{"taxonomy":"post_series","embeddable":true,"href":"https:\/\/www.garciafaura.com\/es\/wp-json\/wp\/v2\/post_series?post=6357"}],"curies":[{"name":"wp","href":"https:\/\/api.w.org\/{rel}","templated":true}]}}