{"id":6345,"date":"2015-09-04T00:00:00","date_gmt":"2015-09-04T00:00:00","guid":{"rendered":"https:\/\/www.garciafaura.com\/un-nuevo-curso-para-nuevos-equipamientos-educativos\/"},"modified":"2019-06-03T12:06:24","modified_gmt":"2019-06-03T12:06:24","slug":"un-nuevo-curso-para-nuevos-equipamientos-educativos","status":"publish","type":"post","link":"https:\/\/www.garciafaura.com\/es\/un-nuevo-curso-para-nuevos-equipamientos-educativos\/","title":{"rendered":"Un nuevo curso para nuevos equipamientos educativos"},"content":{"rendered":"<p>&nbsp;<\/p>\n<p>La obra m\u00e1s emblem\u00e1tica est\u00e1 siendo el nuevo complejo educativo de la <u>Escuela Hamelin Internacional Laie<\/u> en Montgat. Aqu\u00ed se han fabricado e instalado cerca de 3000 metros cuadrados de cerramientos de aluminio con rotura de puente t\u00e9rmico, as\u00ed como otros trabajos de fachada, vidrier\u00eda y acabados. Las nuevas instalaciones, con una superficie total de 15.000 metros cuadrados, encaran la recta final de las obras, con el objetivo puesto en trasladar la actividad al nuevo edificio durante los pr\u00f3ximos meses.<\/p>\n<p>&nbsp;<\/p>\n<p>Quien s\u00ed que estrena curso en un nuevo edificio son los alumnos del <u>Instituto Esteve Albert<\/u> de Sant Vicen\u00e7 de Montalt. El nuevo instituto tiene una superficie construida de 4425 m2, divididos en tres plantas, un gimnasio y una pista deportiva exterior. <strong>GARCIA FAURA<\/strong> ha fabricado e instalado un centenar de cerramientos de aluminio entre puertas, ventanas, m\u00f3dulos y fijos. Todos ellos con altas garant\u00edas t\u00e9rmicas y elevadas prestaciones de aislamiento ac\u00fastico. En Ullastrell, tambi\u00e9n empiezan curso en el nuevo edificio de la <u>Escuela Serralavella<\/u>, aunque aqu\u00ed las instalaciones ya se inauguraron durante el pasado semestre.<\/p>\n<p>&nbsp;<\/p>\n<p>Finalmente la empresa trabaja a\u00fan a d\u00eda de hoy, seg\u00fan el calendario previsto, en dos centros m\u00e1s: la <u>Escuela La Benaula<\/u>, en Caldes de Malavella, y la <u>Escuela Els Vinyals<\/u>, en Lli\u00e7\u00e0 de Vall. En ambos casos <strong>GARCIA FAURA<\/strong> ejecuta la partida de cerramientos y chapados. M\u00e1s de 200 m\u00f3dulos de apertura practicable y corredera que ya se est\u00e1n instalando por parte de los equipos destinados por la empresa en cada uno de los centros. Estas dos escuelas deben quedar terminadas a lo largo del curso que ahora comienza.<\/p>\n","protected":false},"excerpt":{"rendered":"<p>Este septiembre no representa un inicio de curso normal para varios centros educativos que estrenan instalaciones o bien lo har\u00e1n a lo largo del semestre. GARCIA FAURA ha trabajado los \u00faltimos meses para finalizar los trabajos en equipamientos educativos que abren una nueva etapa de formaci\u00f3n. Esparcidos por todo el territorio, los trabajos de la empresa supondr\u00e1n una mejora sustancial de las condiciones de estudio de ni\u00f1os y j\u00f3venes del pa\u00eds.<\/p>\n","protected":false},"author":3,"featured_media":6329,"comment_status":"open","ping_status":"open","sticky":false,"template":"","format":"standard","meta":{"footnotes":""},"categories":[3],"tags":[],"post_series":[],"class_list":["post-6345","post","type-post","status-publish","format-standard","has-post-thumbnail","hentry","category-actualidad","entry","has-media"],"yoast_head":"<!-- This site is optimized with the Yoast SEO plugin v26.7 - https:\/\/yoast.com\/wordpress\/plugins\/seo\/ -->\n<title>Un nuevo curso para nuevos equipamientos educativos - GARCIA FAURA<\/title>\n<meta name=\"description\" content=\"Arquitectura en Alumini, Inox, Ferro i Vidre\" \/>\n<meta name=\"robots\" content=\"index, follow, max-snippet:-1, max-image-preview:large, max-video-preview:-1\" \/>\n<link rel=\"canonical\" href=\"https:\/\/www.garciafaura.com\/es\/un-nuevo-curso-para-nuevos-equipamientos-educativos\/\" \/>\n<meta property=\"og:locale\" content=\"es_ES\" \/>\n<meta property=\"og:type\" content=\"article\" \/>\n<meta property=\"og:title\" content=\"Un nuevo curso para nuevos equipamientos educativos - GARCIA FAURA\" \/>\n<meta property=\"og:description\" content=\"Arquitectura en Alumini, Inox, Ferro i Vidre\" \/>\n<meta property=\"og:url\" content=\"https:\/\/www.garciafaura.com\/es\/un-nuevo-curso-para-nuevos-equipamientos-educativos\/\" \/>\n<meta property=\"og:site_name\" content=\"GARCIA FAURA\" \/>\n<meta property=\"article:published_time\" content=\"2015-09-04T00:00:00+00:00\" \/>\n<meta property=\"article:modified_time\" content=\"2019-06-03T12:06:24+00:00\" \/>\n<meta property=\"og:image\" content=\"https:\/\/www.garciafaura.com\/wp-content\/uploads\/2018\/11\/insmontalt_fotoajuntamentstvicencmontalt.jpg\" \/>\n\t<meta property=\"og:image:width\" content=\"1\" \/>\n\t<meta property=\"og:image:height\" content=\"1\" \/>\n\t<meta property=\"og:image:type\" content=\"image\/jpeg\" \/>\n<meta name=\"author\" content=\"David Achell\" \/>\n<meta name=\"twitter:card\" content=\"summary_large_image\" \/>\n<meta name=\"twitter:label1\" content=\"Escrito por\" \/>\n\t<meta name=\"twitter:data1\" content=\"David Achell\" \/>\n\t<meta name=\"twitter:label2\" content=\"Tiempo de lectura\" \/>\n\t<meta name=\"twitter:data2\" content=\"1 minuto\" \/>\n<script type=\"application\/ld+json\" class=\"yoast-schema-graph\">{\"@context\":\"https:\/\/schema.org\",\"@graph\":[{\"@type\":\"Article\",\"@id\":\"https:\/\/www.garciafaura.com\/es\/un-nuevo-curso-para-nuevos-equipamientos-educativos\/#article\",\"isPartOf\":{\"@id\":\"https:\/\/www.garciafaura.com\/es\/un-nuevo-curso-para-nuevos-equipamientos-educativos\/\"},\"author\":{\"name\":\"David Achell\",\"@id\":\"https:\/\/www.garciafaura.com\/fr\/#\/schema\/person\/b4b75e69b33fac3446071909bec106b0\"},\"headline\":\"Un nuevo curso para nuevos equipamientos educativos\",\"datePublished\":\"2015-09-04T00:00:00+00:00\",\"dateModified\":\"2019-06-03T12:06:24+00:00\",\"mainEntityOfPage\":{\"@id\":\"https:\/\/www.garciafaura.com\/es\/un-nuevo-curso-para-nuevos-equipamientos-educativos\/\"},\"wordCount\":288,\"commentCount\":0,\"publisher\":{\"@id\":\"https:\/\/www.garciafaura.com\/fr\/#organization\"},\"image\":{\"@id\":\"https:\/\/www.garciafaura.com\/es\/un-nuevo-curso-para-nuevos-equipamientos-educativos\/#primaryimage\"},\"thumbnailUrl\":\"https:\/\/www.garciafaura.com\/wp-content\/uploads\/2018\/11\/insmontalt_fotoajuntamentstvicencmontalt.jpg\",\"articleSection\":[\"Actualidad\"],\"inLanguage\":\"es\",\"potentialAction\":[{\"@type\":\"CommentAction\",\"name\":\"Comment\",\"target\":[\"https:\/\/www.garciafaura.com\/es\/un-nuevo-curso-para-nuevos-equipamientos-educativos\/#respond\"]}]},{\"@type\":\"WebPage\",\"@id\":\"https:\/\/www.garciafaura.com\/es\/un-nuevo-curso-para-nuevos-equipamientos-educativos\/\",\"url\":\"https:\/\/www.garciafaura.com\/es\/un-nuevo-curso-para-nuevos-equipamientos-educativos\/\",\"name\":\"Un nuevo curso para nuevos equipamientos educativos - GARCIA FAURA\",\"isPartOf\":{\"@id\":\"https:\/\/www.garciafaura.com\/fr\/#website\"},\"primaryImageOfPage\":{\"@id\":\"https:\/\/www.garciafaura.com\/es\/un-nuevo-curso-para-nuevos-equipamientos-educativos\/#primaryimage\"},\"image\":{\"@id\":\"https:\/\/www.garciafaura.com\/es\/un-nuevo-curso-para-nuevos-equipamientos-educativos\/#primaryimage\"},\"thumbnailUrl\":\"https:\/\/www.garciafaura.com\/wp-content\/uploads\/2018\/11\/insmontalt_fotoajuntamentstvicencmontalt.jpg\",\"datePublished\":\"2015-09-04T00:00:00+00:00\",\"dateModified\":\"2019-06-03T12:06:24+00:00\",\"description\":\"Arquitectura en Alumini, Inox, Ferro i Vidre\",\"breadcrumb\":{\"@id\":\"https:\/\/www.garciafaura.com\/es\/un-nuevo-curso-para-nuevos-equipamientos-educativos\/#breadcrumb\"},\"inLanguage\":\"es\",\"potentialAction\":[{\"@type\":\"ReadAction\",\"target\":[\"https:\/\/www.garciafaura.com\/es\/un-nuevo-curso-para-nuevos-equipamientos-educativos\/\"]}]},{\"@type\":\"ImageObject\",\"inLanguage\":\"es\",\"@id\":\"https:\/\/www.garciafaura.com\/es\/un-nuevo-curso-para-nuevos-equipamientos-educativos\/#primaryimage\",\"url\":\"https:\/\/www.garciafaura.com\/wp-content\/uploads\/2018\/11\/insmontalt_fotoajuntamentstvicencmontalt.jpg\",\"contentUrl\":\"https:\/\/www.garciafaura.com\/wp-content\/uploads\/2018\/11\/insmontalt_fotoajuntamentstvicencmontalt.jpg\"},{\"@type\":\"BreadcrumbList\",\"@id\":\"https:\/\/www.garciafaura.com\/es\/un-nuevo-curso-para-nuevos-equipamientos-educativos\/#breadcrumb\",\"itemListElement\":[{\"@type\":\"ListItem\",\"position\":1,\"name\":\"Inici\",\"item\":\"https:\/\/www.garciafaura.com\/es\/\"},{\"@type\":\"ListItem\",\"position\":2,\"name\":\"Un nuevo curso para nuevos equipamientos educativos\"}]},{\"@type\":\"WebSite\",\"@id\":\"https:\/\/www.garciafaura.com\/fr\/#website\",\"url\":\"https:\/\/www.garciafaura.com\/fr\/\",\"name\":\"GARCIA FAURA\",\"description\":\"Arquitectura en Alumini, Inox, Ferro i Vidre\",\"publisher\":{\"@id\":\"https:\/\/www.garciafaura.com\/fr\/#organization\"},\"potentialAction\":[{\"@type\":\"SearchAction\",\"target\":{\"@type\":\"EntryPoint\",\"urlTemplate\":\"https:\/\/www.garciafaura.com\/fr\/?s={search_term_string}\"},\"query-input\":{\"@type\":\"PropertyValueSpecification\",\"valueRequired\":true,\"valueName\":\"search_term_string\"}}],\"inLanguage\":\"es\"},{\"@type\":\"Organization\",\"@id\":\"https:\/\/www.garciafaura.com\/fr\/#organization\",\"name\":\"GARCIA FAURA\",\"url\":\"https:\/\/www.garciafaura.com\/fr\/\",\"logo\":{\"@type\":\"ImageObject\",\"inLanguage\":\"es\",\"@id\":\"https:\/\/www.garciafaura.com\/fr\/#\/schema\/logo\/image\/\",\"url\":\"https:\/\/www.garciafaura.com\/wp-content\/uploads\/2018\/09\/Garcia-Faura.png\",\"contentUrl\":\"https:\/\/www.garciafaura.com\/wp-content\/uploads\/2018\/09\/Garcia-Faura.png\",\"width\":512,\"height\":512,\"caption\":\"GARCIA FAURA\"},\"image\":{\"@id\":\"https:\/\/www.garciafaura.com\/fr\/#\/schema\/logo\/image\/\"},\"sameAs\":[\"https:\/\/www.youtube.com\/user\/GARCIAFAURA\"]},{\"@type\":\"Person\",\"@id\":\"https:\/\/www.garciafaura.com\/fr\/#\/schema\/person\/b4b75e69b33fac3446071909bec106b0\",\"name\":\"David Achell\",\"image\":{\"@type\":\"ImageObject\",\"inLanguage\":\"es\",\"@id\":\"https:\/\/www.garciafaura.com\/fr\/#\/schema\/person\/image\/\",\"url\":\"https:\/\/secure.gravatar.com\/avatar\/03900210afc1f61bce737bcb4a79c02e2c997f171e3eca839b5a4cbe03846c90?s=96&d=blank&r=g\",\"contentUrl\":\"https:\/\/secure.gravatar.com\/avatar\/03900210afc1f61bce737bcb4a79c02e2c997f171e3eca839b5a4cbe03846c90?s=96&d=blank&r=g\",\"caption\":\"David Achell\"}}]}<\/script>\n<!-- \/ Yoast SEO plugin. -->","yoast_head_json":{"title":"Un nuevo curso para nuevos equipamientos educativos - GARCIA FAURA","description":"Arquitectura en Alumini, Inox, Ferro i Vidre","robots":{"index":"index","follow":"follow","max-snippet":"max-snippet:-1","max-image-preview":"max-image-preview:large","max-video-preview":"max-video-preview:-1"},"canonical":"https:\/\/www.garciafaura.com\/es\/un-nuevo-curso-para-nuevos-equipamientos-educativos\/","og_locale":"es_ES","og_type":"article","og_title":"Un nuevo curso para nuevos equipamientos educativos - GARCIA FAURA","og_description":"Arquitectura en Alumini, Inox, Ferro i Vidre","og_url":"https:\/\/www.garciafaura.com\/es\/un-nuevo-curso-para-nuevos-equipamientos-educativos\/","og_site_name":"GARCIA FAURA","article_published_time":"2015-09-04T00:00:00+00:00","article_modified_time":"2019-06-03T12:06:24+00:00","og_image":[{"url":"https:\/\/www.garciafaura.com\/wp-content\/uploads\/2018\/11\/insmontalt_fotoajuntamentstvicencmontalt.jpg","width":1,"height":1,"type":"image\/jpeg"}],"author":"David Achell","twitter_card":"summary_large_image","twitter_misc":{"Escrito por":"David Achell","Tiempo de lectura":"1 minuto"},"schema":{"@context":"https:\/\/schema.org","@graph":[{"@type":"Article","@id":"https:\/\/www.garciafaura.com\/es\/un-nuevo-curso-para-nuevos-equipamientos-educativos\/#article","isPartOf":{"@id":"https:\/\/www.garciafaura.com\/es\/un-nuevo-curso-para-nuevos-equipamientos-educativos\/"},"author":{"name":"David Achell","@id":"https:\/\/www.garciafaura.com\/fr\/#\/schema\/person\/b4b75e69b33fac3446071909bec106b0"},"headline":"Un nuevo curso para nuevos equipamientos educativos","datePublished":"2015-09-04T00:00:00+00:00","dateModified":"2019-06-03T12:06:24+00:00","mainEntityOfPage":{"@id":"https:\/\/www.garciafaura.com\/es\/un-nuevo-curso-para-nuevos-equipamientos-educativos\/"},"wordCount":288,"commentCount":0,"publisher":{"@id":"https:\/\/www.garciafaura.com\/fr\/#organization"},"image":{"@id":"https:\/\/www.garciafaura.com\/es\/un-nuevo-curso-para-nuevos-equipamientos-educativos\/#primaryimage"},"thumbnailUrl":"https:\/\/www.garciafaura.com\/wp-content\/uploads\/2018\/11\/insmontalt_fotoajuntamentstvicencmontalt.jpg","articleSection":["Actualidad"],"inLanguage":"es","potentialAction":[{"@type":"CommentAction","name":"Comment","target":["https:\/\/www.garciafaura.com\/es\/un-nuevo-curso-para-nuevos-equipamientos-educativos\/#respond"]}]},{"@type":"WebPage","@id":"https:\/\/www.garciafaura.com\/es\/un-nuevo-curso-para-nuevos-equipamientos-educativos\/","url":"https:\/\/www.garciafaura.com\/es\/un-nuevo-curso-para-nuevos-equipamientos-educativos\/","name":"Un nuevo curso para nuevos equipamientos educativos - GARCIA FAURA","isPartOf":{"@id":"https:\/\/www.garciafaura.com\/fr\/#website"},"primaryImageOfPage":{"@id":"https:\/\/www.garciafaura.com\/es\/un-nuevo-curso-para-nuevos-equipamientos-educativos\/#primaryimage"},"image":{"@id":"https:\/\/www.garciafaura.com\/es\/un-nuevo-curso-para-nuevos-equipamientos-educativos\/#primaryimage"},"thumbnailUrl":"https:\/\/www.garciafaura.com\/wp-content\/uploads\/2018\/11\/insmontalt_fotoajuntamentstvicencmontalt.jpg","datePublished":"2015-09-04T00:00:00+00:00","dateModified":"2019-06-03T12:06:24+00:00","description":"Arquitectura en Alumini, Inox, Ferro i Vidre","breadcrumb":{"@id":"https:\/\/www.garciafaura.com\/es\/un-nuevo-curso-para-nuevos-equipamientos-educativos\/#breadcrumb"},"inLanguage":"es","potentialAction":[{"@type":"ReadAction","target":["https:\/\/www.garciafaura.com\/es\/un-nuevo-curso-para-nuevos-equipamientos-educativos\/"]}]},{"@type":"ImageObject","inLanguage":"es","@id":"https:\/\/www.garciafaura.com\/es\/un-nuevo-curso-para-nuevos-equipamientos-educativos\/#primaryimage","url":"https:\/\/www.garciafaura.com\/wp-content\/uploads\/2018\/11\/insmontalt_fotoajuntamentstvicencmontalt.jpg","contentUrl":"https:\/\/www.garciafaura.com\/wp-content\/uploads\/2018\/11\/insmontalt_fotoajuntamentstvicencmontalt.jpg"},{"@type":"BreadcrumbList","@id":"https:\/\/www.garciafaura.com\/es\/un-nuevo-curso-para-nuevos-equipamientos-educativos\/#breadcrumb","itemListElement":[{"@type":"ListItem","position":1,"name":"Inici","item":"https:\/\/www.garciafaura.com\/es\/"},{"@type":"ListItem","position":2,"name":"Un nuevo curso para nuevos equipamientos educativos"}]},{"@type":"WebSite","@id":"https:\/\/www.garciafaura.com\/fr\/#website","url":"https:\/\/www.garciafaura.com\/fr\/","name":"GARCIA FAURA","description":"Arquitectura en Alumini, Inox, Ferro i Vidre","publisher":{"@id":"https:\/\/www.garciafaura.com\/fr\/#organization"},"potentialAction":[{"@type":"SearchAction","target":{"@type":"EntryPoint","urlTemplate":"https:\/\/www.garciafaura.com\/fr\/?s={search_term_string}"},"query-input":{"@type":"PropertyValueSpecification","valueRequired":true,"valueName":"search_term_string"}}],"inLanguage":"es"},{"@type":"Organization","@id":"https:\/\/www.garciafaura.com\/fr\/#organization","name":"GARCIA FAURA","url":"https:\/\/www.garciafaura.com\/fr\/","logo":{"@type":"ImageObject","inLanguage":"es","@id":"https:\/\/www.garciafaura.com\/fr\/#\/schema\/logo\/image\/","url":"https:\/\/www.garciafaura.com\/wp-content\/uploads\/2018\/09\/Garcia-Faura.png","contentUrl":"https:\/\/www.garciafaura.com\/wp-content\/uploads\/2018\/09\/Garcia-Faura.png","width":512,"height":512,"caption":"GARCIA FAURA"},"image":{"@id":"https:\/\/www.garciafaura.com\/fr\/#\/schema\/logo\/image\/"},"sameAs":["https:\/\/www.youtube.com\/user\/GARCIAFAURA"]},{"@type":"Person","@id":"https:\/\/www.garciafaura.com\/fr\/#\/schema\/person\/b4b75e69b33fac3446071909bec106b0","name":"David Achell","image":{"@type":"ImageObject","inLanguage":"es","@id":"https:\/\/www.garciafaura.com\/fr\/#\/schema\/person\/image\/","url":"https:\/\/secure.gravatar.com\/avatar\/03900210afc1f61bce737bcb4a79c02e2c997f171e3eca839b5a4cbe03846c90?s=96&d=blank&r=g","contentUrl":"https:\/\/secure.gravatar.com\/avatar\/03900210afc1f61bce737bcb4a79c02e2c997f171e3eca839b5a4cbe03846c90?s=96&d=blank&r=g","caption":"David Achell"}}]}},"_links":{"self":[{"href":"https:\/\/www.garciafaura.com\/es\/wp-json\/wp\/v2\/posts\/6345","targetHints":{"allow":["GET"]}}],"collection":[{"href":"https:\/\/www.garciafaura.com\/es\/wp-json\/wp\/v2\/posts"}],"about":[{"href":"https:\/\/www.garciafaura.com\/es\/wp-json\/wp\/v2\/types\/post"}],"author":[{"embeddable":true,"href":"https:\/\/www.garciafaura.com\/es\/wp-json\/wp\/v2\/users\/3"}],"replies":[{"embeddable":true,"href":"https:\/\/www.garciafaura.com\/es\/wp-json\/wp\/v2\/comments?post=6345"}],"version-history":[{"count":1,"href":"https:\/\/www.garciafaura.com\/es\/wp-json\/wp\/v2\/posts\/6345\/revisions"}],"predecessor-version":[{"id":21566,"href":"https:\/\/www.garciafaura.com\/es\/wp-json\/wp\/v2\/posts\/6345\/revisions\/21566"}],"wp:featuredmedia":[{"embeddable":true,"href":"https:\/\/www.garciafaura.com\/es\/wp-json\/wp\/v2\/media\/6329"}],"wp:attachment":[{"href":"https:\/\/www.garciafaura.com\/es\/wp-json\/wp\/v2\/media?parent=6345"}],"wp:term":[{"taxonomy":"category","embeddable":true,"href":"https:\/\/www.garciafaura.com\/es\/wp-json\/wp\/v2\/categories?post=6345"},{"taxonomy":"post_tag","embeddable":true,"href":"https:\/\/www.garciafaura.com\/es\/wp-json\/wp\/v2\/tags?post=6345"},{"taxonomy":"post_series","embeddable":true,"href":"https:\/\/www.garciafaura.com\/es\/wp-json\/wp\/v2\/post_series?post=6345"}],"curies":[{"name":"wp","href":"https:\/\/api.w.org\/{rel}","templated":true}]}}