{"id":6325,"date":"2015-09-03T00:00:00","date_gmt":"2015-09-03T00:00:00","guid":{"rendered":"https:\/\/www.garciafaura.com\/adjudicada-la-torre-vitrvm-de-richard-meier-a-garcia-faura-colombia-2\/"},"modified":"2019-06-03T12:07:04","modified_gmt":"2019-06-03T12:07:04","slug":"adjudicada-la-torre-vitrvm-de-richard-meier-a-garcia-faura-colombia-2","status":"publish","type":"post","link":"https:\/\/www.garciafaura.com\/es\/adjudicada-la-torre-vitrvm-de-richard-meier-a-garcia-faura-colombia-2\/","title":{"rendered":"Adjudicada la Torre Vitrvm de Richard Meier a GARCIA FAURA COLOMBIA"},"content":{"rendered":"<p>&nbsp;<\/p>\n<p>Torre Vitrvm es el primer proyecto en Colombia dise\u00f1ado por Richard Meier &amp; Partners. El proyecto est\u00e1 contextualmente inspirado por la belleza de su entorno inmediato y su objetivo es reflexionar, respetar y participar de la naturaleza que converge en el lugar. La construcci\u00f3n se caracteriza por su forma singular, prism\u00e1tica y claramente articulada por pliegues, planos y superficies talladas que responden a las funciones internas, en relaci\u00f3n con el contexto inmediato, la orientaci\u00f3n a las vistas y la privacidad de cada unidad.<\/p>\n<p>&nbsp;<\/p>\n<p><strong>GARCIA FAURA<\/strong> desarrolla para este singular proyecto dos tipos de fachadas ligeras: 7000 metros cuadrados de vidrio y 5000 metros cuadrados de panel de aluminio. La perfiler\u00eda con la que se ejecutar\u00e1 la estructura de fachada, de desarrollo y extrusi\u00f3n alemanas, cuenta con altas prestaciones t\u00e9cnicas y unas calidades de primer orden. Los vidrios, producidos expresamente para el proyecto, est\u00e1n formados por una luna extraclara exterior, una capa de control solar y una luna interior con capa baja emisiva. Esta combinaci\u00f3n permite una gran reducci\u00f3n de la transmitancia t\u00e9rmica y un elevado control del factor solar, creando una gran sensaci\u00f3n de confort interior y manteniendo la m\u00e1xima transparencia visual que persigue el proyecto arquitect\u00f3nico.<\/p>\n<p>&nbsp;<\/p>\n<p>Los trabajos a ejecutar por <strong>GARCIA FAURA<\/strong> incluyen otras zonas de acristalamiento con vidrios serigrafiados y opacados. Tambi\u00e9n diferentes oberturas de tipo practicable, oscilobatiente y corredero, con perfiles de aluminio con rotura de puente t\u00e9rmico y est\u00e9tica de hoja oculta. \u00a0Los sistemas de fachada y la ventaner\u00eda de alta especificaci\u00f3n han sido calculados y ensayados para conseguir una alta atenuaci\u00f3n ac\u00fastica y una total impermeabilizaci\u00f3n. Adem\u00e1s, todos los sistemas que se utilizar\u00e1n han sido homologados seg\u00fan normas de estandarizaci\u00f3n europeas y americanas.<\/p>\n<p>&nbsp;<\/p>\n<p>El proyecto se completa con una serie de equipamientos para los residentes, incluyendo un sal\u00f3n de usos m\u00faltiples, jardines, piscina cubierta, gimnasio y sala de juegos para ni\u00f1os. El dise\u00f1o interior responde a los principios proyectados por Richard Meier, incorporando una paleta de materiales ricos en texturas y colores sutiles, que interact\u00faan con el control de la luz, las sombras, los llenos y vac\u00edos. La arquitectura al servicio del bienestar de las personas.<\/p>\n","protected":false},"excerpt":{"rendered":"<p>Icono Urbano ha confiado a GARCIA FAURA la ejecuci\u00f3n de los trabajos de fachada y ventaner\u00eda para su proyecto m\u00e1s emblem\u00e1tico en Colombia. Vitrvm est\u00e1 localizado en un sitio prominente en una de las avenidas m\u00e1s importantes de la secci\u00f3n norte de Bogot\u00e1. Cuenta con 2 cuerpos de 13 y 11 pisos destinadas a apartamentos de entre 267 y 395 metros cuadrados. GARCIA FAURA ejecutar\u00e1 los trabajos con materiales de primer orden y altas calidades.<\/p>\n","protected":false},"author":3,"featured_media":6297,"comment_status":"open","ping_status":"open","sticky":false,"template":"","format":"standard","meta":{"footnotes":""},"categories":[3],"tags":[],"post_series":[],"class_list":["post-6325","post","type-post","status-publish","format-standard","has-post-thumbnail","hentry","category-actualidad","entry","has-media"],"yoast_head":"<!-- This site is optimized with the Yoast SEO plugin v26.7 - https:\/\/yoast.com\/wordpress\/plugins\/seo\/ -->\n<title>Adjudicada la Torre Vitrvm de Richard Meier a GARCIA FAURA COLOMBIA - GARCIA FAURA<\/title>\n<meta name=\"description\" content=\"Arquitectura en Alumini, Inox, Ferro i Vidre\" \/>\n<meta name=\"robots\" content=\"index, follow, max-snippet:-1, max-image-preview:large, max-video-preview:-1\" \/>\n<link rel=\"canonical\" href=\"https:\/\/www.garciafaura.com\/es\/adjudicada-la-torre-vitrvm-de-richard-meier-a-garcia-faura-colombia-2\/\" \/>\n<meta property=\"og:locale\" content=\"es_ES\" \/>\n<meta property=\"og:type\" content=\"article\" \/>\n<meta property=\"og:title\" content=\"Adjudicada la Torre Vitrvm de Richard Meier a GARCIA FAURA COLOMBIA - GARCIA FAURA\" \/>\n<meta property=\"og:description\" content=\"Arquitectura en Alumini, Inox, Ferro i Vidre\" \/>\n<meta property=\"og:url\" content=\"https:\/\/www.garciafaura.com\/es\/adjudicada-la-torre-vitrvm-de-richard-meier-a-garcia-faura-colombia-2\/\" \/>\n<meta property=\"og:site_name\" content=\"GARCIA FAURA\" \/>\n<meta property=\"article:published_time\" content=\"2015-09-03T00:00:00+00:00\" \/>\n<meta property=\"article:modified_time\" content=\"2019-06-03T12:07:04+00:00\" \/>\n<meta property=\"og:image\" content=\"https:\/\/www.garciafaura.com\/wp-content\/uploads\/2018\/11\/vitrvm_00.jpg\" \/>\n\t<meta property=\"og:image:width\" content=\"1\" \/>\n\t<meta property=\"og:image:height\" content=\"1\" \/>\n\t<meta property=\"og:image:type\" content=\"image\/jpeg\" \/>\n<meta name=\"author\" content=\"David Achell\" \/>\n<meta name=\"twitter:card\" content=\"summary_large_image\" \/>\n<meta name=\"twitter:label1\" content=\"Escrito por\" \/>\n\t<meta name=\"twitter:data1\" content=\"David Achell\" \/>\n\t<meta name=\"twitter:label2\" content=\"Tiempo de lectura\" \/>\n\t<meta name=\"twitter:data2\" content=\"2 minutos\" \/>\n<script type=\"application\/ld+json\" class=\"yoast-schema-graph\">{\"@context\":\"https:\/\/schema.org\",\"@graph\":[{\"@type\":\"Article\",\"@id\":\"https:\/\/www.garciafaura.com\/es\/adjudicada-la-torre-vitrvm-de-richard-meier-a-garcia-faura-colombia-2\/#article\",\"isPartOf\":{\"@id\":\"https:\/\/www.garciafaura.com\/es\/adjudicada-la-torre-vitrvm-de-richard-meier-a-garcia-faura-colombia-2\/\"},\"author\":{\"name\":\"David Achell\",\"@id\":\"https:\/\/www.garciafaura.com\/fr\/#\/schema\/person\/b4b75e69b33fac3446071909bec106b0\"},\"headline\":\"Adjudicada la Torre Vitrvm de Richard Meier a GARCIA FAURA COLOMBIA\",\"datePublished\":\"2015-09-03T00:00:00+00:00\",\"dateModified\":\"2019-06-03T12:07:04+00:00\",\"mainEntityOfPage\":{\"@id\":\"https:\/\/www.garciafaura.com\/es\/adjudicada-la-torre-vitrvm-de-richard-meier-a-garcia-faura-colombia-2\/\"},\"wordCount\":398,\"commentCount\":0,\"publisher\":{\"@id\":\"https:\/\/www.garciafaura.com\/fr\/#organization\"},\"image\":{\"@id\":\"https:\/\/www.garciafaura.com\/es\/adjudicada-la-torre-vitrvm-de-richard-meier-a-garcia-faura-colombia-2\/#primaryimage\"},\"thumbnailUrl\":\"https:\/\/www.garciafaura.com\/wp-content\/uploads\/2018\/11\/vitrvm_00.jpg\",\"articleSection\":[\"Actualidad\"],\"inLanguage\":\"es\",\"potentialAction\":[{\"@type\":\"CommentAction\",\"name\":\"Comment\",\"target\":[\"https:\/\/www.garciafaura.com\/es\/adjudicada-la-torre-vitrvm-de-richard-meier-a-garcia-faura-colombia-2\/#respond\"]}]},{\"@type\":\"WebPage\",\"@id\":\"https:\/\/www.garciafaura.com\/es\/adjudicada-la-torre-vitrvm-de-richard-meier-a-garcia-faura-colombia-2\/\",\"url\":\"https:\/\/www.garciafaura.com\/es\/adjudicada-la-torre-vitrvm-de-richard-meier-a-garcia-faura-colombia-2\/\",\"name\":\"Adjudicada la Torre Vitrvm de Richard Meier a GARCIA FAURA COLOMBIA - GARCIA FAURA\",\"isPartOf\":{\"@id\":\"https:\/\/www.garciafaura.com\/fr\/#website\"},\"primaryImageOfPage\":{\"@id\":\"https:\/\/www.garciafaura.com\/es\/adjudicada-la-torre-vitrvm-de-richard-meier-a-garcia-faura-colombia-2\/#primaryimage\"},\"image\":{\"@id\":\"https:\/\/www.garciafaura.com\/es\/adjudicada-la-torre-vitrvm-de-richard-meier-a-garcia-faura-colombia-2\/#primaryimage\"},\"thumbnailUrl\":\"https:\/\/www.garciafaura.com\/wp-content\/uploads\/2018\/11\/vitrvm_00.jpg\",\"datePublished\":\"2015-09-03T00:00:00+00:00\",\"dateModified\":\"2019-06-03T12:07:04+00:00\",\"description\":\"Arquitectura en Alumini, Inox, Ferro i Vidre\",\"breadcrumb\":{\"@id\":\"https:\/\/www.garciafaura.com\/es\/adjudicada-la-torre-vitrvm-de-richard-meier-a-garcia-faura-colombia-2\/#breadcrumb\"},\"inLanguage\":\"es\",\"potentialAction\":[{\"@type\":\"ReadAction\",\"target\":[\"https:\/\/www.garciafaura.com\/es\/adjudicada-la-torre-vitrvm-de-richard-meier-a-garcia-faura-colombia-2\/\"]}]},{\"@type\":\"ImageObject\",\"inLanguage\":\"es\",\"@id\":\"https:\/\/www.garciafaura.com\/es\/adjudicada-la-torre-vitrvm-de-richard-meier-a-garcia-faura-colombia-2\/#primaryimage\",\"url\":\"https:\/\/www.garciafaura.com\/wp-content\/uploads\/2018\/11\/vitrvm_00.jpg\",\"contentUrl\":\"https:\/\/www.garciafaura.com\/wp-content\/uploads\/2018\/11\/vitrvm_00.jpg\"},{\"@type\":\"BreadcrumbList\",\"@id\":\"https:\/\/www.garciafaura.com\/es\/adjudicada-la-torre-vitrvm-de-richard-meier-a-garcia-faura-colombia-2\/#breadcrumb\",\"itemListElement\":[{\"@type\":\"ListItem\",\"position\":1,\"name\":\"Inici\",\"item\":\"https:\/\/www.garciafaura.com\/es\/\"},{\"@type\":\"ListItem\",\"position\":2,\"name\":\"Adjudicada la Torre Vitrvm de Richard Meier a GARCIA FAURA COLOMBIA\"}]},{\"@type\":\"WebSite\",\"@id\":\"https:\/\/www.garciafaura.com\/fr\/#website\",\"url\":\"https:\/\/www.garciafaura.com\/fr\/\",\"name\":\"GARCIA FAURA\",\"description\":\"Arquitectura en Alumini, Inox, Ferro i Vidre\",\"publisher\":{\"@id\":\"https:\/\/www.garciafaura.com\/fr\/#organization\"},\"potentialAction\":[{\"@type\":\"SearchAction\",\"target\":{\"@type\":\"EntryPoint\",\"urlTemplate\":\"https:\/\/www.garciafaura.com\/fr\/?s={search_term_string}\"},\"query-input\":{\"@type\":\"PropertyValueSpecification\",\"valueRequired\":true,\"valueName\":\"search_term_string\"}}],\"inLanguage\":\"es\"},{\"@type\":\"Organization\",\"@id\":\"https:\/\/www.garciafaura.com\/fr\/#organization\",\"name\":\"GARCIA FAURA\",\"url\":\"https:\/\/www.garciafaura.com\/fr\/\",\"logo\":{\"@type\":\"ImageObject\",\"inLanguage\":\"es\",\"@id\":\"https:\/\/www.garciafaura.com\/fr\/#\/schema\/logo\/image\/\",\"url\":\"https:\/\/www.garciafaura.com\/wp-content\/uploads\/2018\/09\/Garcia-Faura.png\",\"contentUrl\":\"https:\/\/www.garciafaura.com\/wp-content\/uploads\/2018\/09\/Garcia-Faura.png\",\"width\":512,\"height\":512,\"caption\":\"GARCIA FAURA\"},\"image\":{\"@id\":\"https:\/\/www.garciafaura.com\/fr\/#\/schema\/logo\/image\/\"},\"sameAs\":[\"https:\/\/www.youtube.com\/user\/GARCIAFAURA\"]},{\"@type\":\"Person\",\"@id\":\"https:\/\/www.garciafaura.com\/fr\/#\/schema\/person\/b4b75e69b33fac3446071909bec106b0\",\"name\":\"David Achell\",\"image\":{\"@type\":\"ImageObject\",\"inLanguage\":\"es\",\"@id\":\"https:\/\/www.garciafaura.com\/fr\/#\/schema\/person\/image\/\",\"url\":\"https:\/\/secure.gravatar.com\/avatar\/03900210afc1f61bce737bcb4a79c02e2c997f171e3eca839b5a4cbe03846c90?s=96&d=blank&r=g\",\"contentUrl\":\"https:\/\/secure.gravatar.com\/avatar\/03900210afc1f61bce737bcb4a79c02e2c997f171e3eca839b5a4cbe03846c90?s=96&d=blank&r=g\",\"caption\":\"David Achell\"}}]}<\/script>\n<!-- \/ Yoast SEO plugin. -->","yoast_head_json":{"title":"Adjudicada la Torre Vitrvm de Richard Meier a GARCIA FAURA COLOMBIA - GARCIA FAURA","description":"Arquitectura en Alumini, Inox, Ferro i Vidre","robots":{"index":"index","follow":"follow","max-snippet":"max-snippet:-1","max-image-preview":"max-image-preview:large","max-video-preview":"max-video-preview:-1"},"canonical":"https:\/\/www.garciafaura.com\/es\/adjudicada-la-torre-vitrvm-de-richard-meier-a-garcia-faura-colombia-2\/","og_locale":"es_ES","og_type":"article","og_title":"Adjudicada la Torre Vitrvm de Richard Meier a GARCIA FAURA COLOMBIA - GARCIA FAURA","og_description":"Arquitectura en Alumini, Inox, Ferro i Vidre","og_url":"https:\/\/www.garciafaura.com\/es\/adjudicada-la-torre-vitrvm-de-richard-meier-a-garcia-faura-colombia-2\/","og_site_name":"GARCIA FAURA","article_published_time":"2015-09-03T00:00:00+00:00","article_modified_time":"2019-06-03T12:07:04+00:00","og_image":[{"url":"https:\/\/www.garciafaura.com\/wp-content\/uploads\/2018\/11\/vitrvm_00.jpg","width":1,"height":1,"type":"image\/jpeg"}],"author":"David Achell","twitter_card":"summary_large_image","twitter_misc":{"Escrito por":"David Achell","Tiempo de lectura":"2 minutos"},"schema":{"@context":"https:\/\/schema.org","@graph":[{"@type":"Article","@id":"https:\/\/www.garciafaura.com\/es\/adjudicada-la-torre-vitrvm-de-richard-meier-a-garcia-faura-colombia-2\/#article","isPartOf":{"@id":"https:\/\/www.garciafaura.com\/es\/adjudicada-la-torre-vitrvm-de-richard-meier-a-garcia-faura-colombia-2\/"},"author":{"name":"David Achell","@id":"https:\/\/www.garciafaura.com\/fr\/#\/schema\/person\/b4b75e69b33fac3446071909bec106b0"},"headline":"Adjudicada la Torre Vitrvm de Richard Meier a GARCIA FAURA COLOMBIA","datePublished":"2015-09-03T00:00:00+00:00","dateModified":"2019-06-03T12:07:04+00:00","mainEntityOfPage":{"@id":"https:\/\/www.garciafaura.com\/es\/adjudicada-la-torre-vitrvm-de-richard-meier-a-garcia-faura-colombia-2\/"},"wordCount":398,"commentCount":0,"publisher":{"@id":"https:\/\/www.garciafaura.com\/fr\/#organization"},"image":{"@id":"https:\/\/www.garciafaura.com\/es\/adjudicada-la-torre-vitrvm-de-richard-meier-a-garcia-faura-colombia-2\/#primaryimage"},"thumbnailUrl":"https:\/\/www.garciafaura.com\/wp-content\/uploads\/2018\/11\/vitrvm_00.jpg","articleSection":["Actualidad"],"inLanguage":"es","potentialAction":[{"@type":"CommentAction","name":"Comment","target":["https:\/\/www.garciafaura.com\/es\/adjudicada-la-torre-vitrvm-de-richard-meier-a-garcia-faura-colombia-2\/#respond"]}]},{"@type":"WebPage","@id":"https:\/\/www.garciafaura.com\/es\/adjudicada-la-torre-vitrvm-de-richard-meier-a-garcia-faura-colombia-2\/","url":"https:\/\/www.garciafaura.com\/es\/adjudicada-la-torre-vitrvm-de-richard-meier-a-garcia-faura-colombia-2\/","name":"Adjudicada la Torre Vitrvm de Richard Meier a GARCIA FAURA COLOMBIA - GARCIA FAURA","isPartOf":{"@id":"https:\/\/www.garciafaura.com\/fr\/#website"},"primaryImageOfPage":{"@id":"https:\/\/www.garciafaura.com\/es\/adjudicada-la-torre-vitrvm-de-richard-meier-a-garcia-faura-colombia-2\/#primaryimage"},"image":{"@id":"https:\/\/www.garciafaura.com\/es\/adjudicada-la-torre-vitrvm-de-richard-meier-a-garcia-faura-colombia-2\/#primaryimage"},"thumbnailUrl":"https:\/\/www.garciafaura.com\/wp-content\/uploads\/2018\/11\/vitrvm_00.jpg","datePublished":"2015-09-03T00:00:00+00:00","dateModified":"2019-06-03T12:07:04+00:00","description":"Arquitectura en Alumini, Inox, Ferro i Vidre","breadcrumb":{"@id":"https:\/\/www.garciafaura.com\/es\/adjudicada-la-torre-vitrvm-de-richard-meier-a-garcia-faura-colombia-2\/#breadcrumb"},"inLanguage":"es","potentialAction":[{"@type":"ReadAction","target":["https:\/\/www.garciafaura.com\/es\/adjudicada-la-torre-vitrvm-de-richard-meier-a-garcia-faura-colombia-2\/"]}]},{"@type":"ImageObject","inLanguage":"es","@id":"https:\/\/www.garciafaura.com\/es\/adjudicada-la-torre-vitrvm-de-richard-meier-a-garcia-faura-colombia-2\/#primaryimage","url":"https:\/\/www.garciafaura.com\/wp-content\/uploads\/2018\/11\/vitrvm_00.jpg","contentUrl":"https:\/\/www.garciafaura.com\/wp-content\/uploads\/2018\/11\/vitrvm_00.jpg"},{"@type":"BreadcrumbList","@id":"https:\/\/www.garciafaura.com\/es\/adjudicada-la-torre-vitrvm-de-richard-meier-a-garcia-faura-colombia-2\/#breadcrumb","itemListElement":[{"@type":"ListItem","position":1,"name":"Inici","item":"https:\/\/www.garciafaura.com\/es\/"},{"@type":"ListItem","position":2,"name":"Adjudicada la Torre Vitrvm de Richard Meier a GARCIA FAURA COLOMBIA"}]},{"@type":"WebSite","@id":"https:\/\/www.garciafaura.com\/fr\/#website","url":"https:\/\/www.garciafaura.com\/fr\/","name":"GARCIA FAURA","description":"Arquitectura en Alumini, Inox, Ferro i Vidre","publisher":{"@id":"https:\/\/www.garciafaura.com\/fr\/#organization"},"potentialAction":[{"@type":"SearchAction","target":{"@type":"EntryPoint","urlTemplate":"https:\/\/www.garciafaura.com\/fr\/?s={search_term_string}"},"query-input":{"@type":"PropertyValueSpecification","valueRequired":true,"valueName":"search_term_string"}}],"inLanguage":"es"},{"@type":"Organization","@id":"https:\/\/www.garciafaura.com\/fr\/#organization","name":"GARCIA FAURA","url":"https:\/\/www.garciafaura.com\/fr\/","logo":{"@type":"ImageObject","inLanguage":"es","@id":"https:\/\/www.garciafaura.com\/fr\/#\/schema\/logo\/image\/","url":"https:\/\/www.garciafaura.com\/wp-content\/uploads\/2018\/09\/Garcia-Faura.png","contentUrl":"https:\/\/www.garciafaura.com\/wp-content\/uploads\/2018\/09\/Garcia-Faura.png","width":512,"height":512,"caption":"GARCIA FAURA"},"image":{"@id":"https:\/\/www.garciafaura.com\/fr\/#\/schema\/logo\/image\/"},"sameAs":["https:\/\/www.youtube.com\/user\/GARCIAFAURA"]},{"@type":"Person","@id":"https:\/\/www.garciafaura.com\/fr\/#\/schema\/person\/b4b75e69b33fac3446071909bec106b0","name":"David Achell","image":{"@type":"ImageObject","inLanguage":"es","@id":"https:\/\/www.garciafaura.com\/fr\/#\/schema\/person\/image\/","url":"https:\/\/secure.gravatar.com\/avatar\/03900210afc1f61bce737bcb4a79c02e2c997f171e3eca839b5a4cbe03846c90?s=96&d=blank&r=g","contentUrl":"https:\/\/secure.gravatar.com\/avatar\/03900210afc1f61bce737bcb4a79c02e2c997f171e3eca839b5a4cbe03846c90?s=96&d=blank&r=g","caption":"David Achell"}}]}},"_links":{"self":[{"href":"https:\/\/www.garciafaura.com\/es\/wp-json\/wp\/v2\/posts\/6325","targetHints":{"allow":["GET"]}}],"collection":[{"href":"https:\/\/www.garciafaura.com\/es\/wp-json\/wp\/v2\/posts"}],"about":[{"href":"https:\/\/www.garciafaura.com\/es\/wp-json\/wp\/v2\/types\/post"}],"author":[{"embeddable":true,"href":"https:\/\/www.garciafaura.com\/es\/wp-json\/wp\/v2\/users\/3"}],"replies":[{"embeddable":true,"href":"https:\/\/www.garciafaura.com\/es\/wp-json\/wp\/v2\/comments?post=6325"}],"version-history":[{"count":2,"href":"https:\/\/www.garciafaura.com\/es\/wp-json\/wp\/v2\/posts\/6325\/revisions"}],"predecessor-version":[{"id":21569,"href":"https:\/\/www.garciafaura.com\/es\/wp-json\/wp\/v2\/posts\/6325\/revisions\/21569"}],"wp:featuredmedia":[{"embeddable":true,"href":"https:\/\/www.garciafaura.com\/es\/wp-json\/wp\/v2\/media\/6297"}],"wp:attachment":[{"href":"https:\/\/www.garciafaura.com\/es\/wp-json\/wp\/v2\/media?parent=6325"}],"wp:term":[{"taxonomy":"category","embeddable":true,"href":"https:\/\/www.garciafaura.com\/es\/wp-json\/wp\/v2\/categories?post=6325"},{"taxonomy":"post_tag","embeddable":true,"href":"https:\/\/www.garciafaura.com\/es\/wp-json\/wp\/v2\/tags?post=6325"},{"taxonomy":"post_series","embeddable":true,"href":"https:\/\/www.garciafaura.com\/es\/wp-json\/wp\/v2\/post_series?post=6325"}],"curies":[{"name":"wp","href":"https:\/\/api.w.org\/{rel}","templated":true}]}}