{"id":6293,"date":"2015-09-02T00:00:00","date_gmt":"2015-09-02T00:00:00","guid":{"rendered":"https:\/\/www.garciafaura.com\/nuevo-complejo-deportivo-podium-viladecans\/"},"modified":"2019-06-03T12:07:20","modified_gmt":"2019-06-03T12:07:20","slug":"nuevo-complejo-deportivo-podium-viladecans","status":"publish","type":"post","link":"https:\/\/www.garciafaura.com\/es\/nuevo-complejo-deportivo-podium-viladecans\/","title":{"rendered":"Nuevo complejo deportivo Podium Viladecans"},"content":{"rendered":"<p>&nbsp;<\/p>\n<p>El complejo deportivo Podium &#8211; Joan Masgrau de Viladecans dispone de tres grandes zonas: un pabell\u00f3n polideportivo, las salas de actividades dirigidas y la zona de aguas, con una piscina cubierta y otra al aire libre. Se integra en el conjunto ciudadano del parque de la Torre Roja, y est\u00e1 abierto a la pr\u00e1ctica deportiva individual y a la de los diferentes clubes y entidades de la ciudad. De hecho, una de las premisas del proyecto, era la m\u00e1xima polivalencia de los diferentes espacios, as\u00ed como la estrategia de aprovechamiento energ\u00e9tico. El proyecto del estudio Brullet &#8211; De Luna ha concebido un dise\u00f1o que permite el m\u00e1ximo aprovechamiento de la luz natural a trav\u00e9s de lucernarios, el control t\u00e9rmico favorecido por la disposici\u00f3n de espacios intermedios y el control de la radiaci\u00f3n solar mediante estructuras de <em>brise -soleils<\/em>.<\/p>\n<p>&nbsp;<\/p>\n<p><strong>GARCIA FAURA<\/strong> recibi\u00f3 el encargo de contribuir, con la fabricaci\u00f3n e instalaci\u00f3n de sus materiales, a este aprovechamiento energ\u00e9tico. De esta manera se ha procedido a la ejecuci\u00f3n de grandes m\u00f3dulos fijos corridos as\u00ed como dos grandes muros cortina para la zona de piscinas, que permiten la m\u00e1xima entrada de luz natural en el interior, a la vez que crean un continuo visual entre ambientes. Los trabajos tambi\u00e9n han permitido la incorporaci\u00f3n de m\u00e1s de 2000 metros cuadrados de cerramientos con perfiles de aluminio con rotura de puente t\u00e9rmico, que profundizan en esta sensaci\u00f3n de confort interior del usuario de manera que permiten un mayor aislamiento t\u00e9rmico entre interior y exterior.<\/p>\n<p>&nbsp;<\/p>\n<p>Al margen del edificio central, el equipamiento se ha completado con la reforma del campo de f\u00fatbol, \u200b\u200bcon nuevas gradas, y un aparcamiento subterr\u00e1neo con capacidad para 150 veh\u00edculos. Podium Viladecans ha abierto puertas este verano y se integra en la red de equipamientos deportivos de la ciudad, permitiendo su uso mediante abonos compartidos con el complejo deportivo Atrium.<\/p>\n","protected":false},"excerpt":{"rendered":"<p>El nuevo equipamiento, obra de los arquitectos Manuel Brullet y Alfonso de Luna, ya se encuentra plenamente operativo, tras meses de obras. La instalaci\u00f3n cuenta con 14.600 metros cuadrados de superficie, para los que GARCIA FAURA ha ejecutado el conjunto de cerramientos interiores y exteriores, fachadas y otros elementos que contribuyen a la estrategia energ\u00e9tica integral del equipamiento, que busca el m\u00e1ximo aprovechamiento de la luz natural.<\/p>\n","protected":false},"author":3,"featured_media":6277,"comment_status":"open","ping_status":"open","sticky":false,"template":"","format":"standard","meta":{"footnotes":""},"categories":[3],"tags":[],"post_series":[],"class_list":["post-6293","post","type-post","status-publish","format-standard","has-post-thumbnail","hentry","category-actualidad","entry","has-media"],"yoast_head":"<!-- This site is optimized with the Yoast SEO plugin v26.7 - https:\/\/yoast.com\/wordpress\/plugins\/seo\/ -->\n<title>Nuevo complejo deportivo Podium Viladecans - GARCIA FAURA<\/title>\n<meta name=\"description\" content=\"Arquitectura en Alumini, Inox, Ferro i Vidre\" \/>\n<meta name=\"robots\" content=\"index, follow, max-snippet:-1, max-image-preview:large, max-video-preview:-1\" \/>\n<link rel=\"canonical\" href=\"https:\/\/www.garciafaura.com\/es\/nuevo-complejo-deportivo-podium-viladecans\/\" \/>\n<meta property=\"og:locale\" content=\"es_ES\" \/>\n<meta property=\"og:type\" content=\"article\" \/>\n<meta property=\"og:title\" content=\"Nuevo complejo deportivo Podium Viladecans - GARCIA FAURA\" \/>\n<meta property=\"og:description\" content=\"Arquitectura en Alumini, Inox, Ferro i Vidre\" \/>\n<meta property=\"og:url\" content=\"https:\/\/www.garciafaura.com\/es\/nuevo-complejo-deportivo-podium-viladecans\/\" \/>\n<meta property=\"og:site_name\" content=\"GARCIA FAURA\" \/>\n<meta property=\"article:published_time\" content=\"2015-09-02T00:00:00+00:00\" \/>\n<meta property=\"article:modified_time\" content=\"2019-06-03T12:07:20+00:00\" \/>\n<meta property=\"og:image\" content=\"https:\/\/www.garciafaura.com\/wp-content\/uploads\/2018\/11\/podium.jpg\" \/>\n\t<meta property=\"og:image:width\" content=\"1\" \/>\n\t<meta property=\"og:image:height\" content=\"1\" \/>\n\t<meta property=\"og:image:type\" content=\"image\/jpeg\" \/>\n<meta name=\"author\" content=\"David Achell\" \/>\n<meta name=\"twitter:card\" content=\"summary_large_image\" \/>\n<meta name=\"twitter:label1\" content=\"Escrito por\" \/>\n\t<meta name=\"twitter:data1\" content=\"David Achell\" \/>\n\t<meta name=\"twitter:label2\" content=\"Tiempo de lectura\" \/>\n\t<meta name=\"twitter:data2\" content=\"2 minutos\" \/>\n<script type=\"application\/ld+json\" class=\"yoast-schema-graph\">{\"@context\":\"https:\/\/schema.org\",\"@graph\":[{\"@type\":\"Article\",\"@id\":\"https:\/\/www.garciafaura.com\/es\/nuevo-complejo-deportivo-podium-viladecans\/#article\",\"isPartOf\":{\"@id\":\"https:\/\/www.garciafaura.com\/es\/nuevo-complejo-deportivo-podium-viladecans\/\"},\"author\":{\"name\":\"David Achell\",\"@id\":\"https:\/\/www.garciafaura.com\/fr\/#\/schema\/person\/b4b75e69b33fac3446071909bec106b0\"},\"headline\":\"Nuevo complejo deportivo Podium Viladecans\",\"datePublished\":\"2015-09-02T00:00:00+00:00\",\"dateModified\":\"2019-06-03T12:07:20+00:00\",\"mainEntityOfPage\":{\"@id\":\"https:\/\/www.garciafaura.com\/es\/nuevo-complejo-deportivo-podium-viladecans\/\"},\"wordCount\":339,\"commentCount\":0,\"publisher\":{\"@id\":\"https:\/\/www.garciafaura.com\/fr\/#organization\"},\"image\":{\"@id\":\"https:\/\/www.garciafaura.com\/es\/nuevo-complejo-deportivo-podium-viladecans\/#primaryimage\"},\"thumbnailUrl\":\"https:\/\/www.garciafaura.com\/wp-content\/uploads\/2018\/11\/podium.jpg\",\"articleSection\":[\"Actualidad\"],\"inLanguage\":\"es\",\"potentialAction\":[{\"@type\":\"CommentAction\",\"name\":\"Comment\",\"target\":[\"https:\/\/www.garciafaura.com\/es\/nuevo-complejo-deportivo-podium-viladecans\/#respond\"]}]},{\"@type\":\"WebPage\",\"@id\":\"https:\/\/www.garciafaura.com\/es\/nuevo-complejo-deportivo-podium-viladecans\/\",\"url\":\"https:\/\/www.garciafaura.com\/es\/nuevo-complejo-deportivo-podium-viladecans\/\",\"name\":\"Nuevo complejo deportivo Podium Viladecans - GARCIA FAURA\",\"isPartOf\":{\"@id\":\"https:\/\/www.garciafaura.com\/fr\/#website\"},\"primaryImageOfPage\":{\"@id\":\"https:\/\/www.garciafaura.com\/es\/nuevo-complejo-deportivo-podium-viladecans\/#primaryimage\"},\"image\":{\"@id\":\"https:\/\/www.garciafaura.com\/es\/nuevo-complejo-deportivo-podium-viladecans\/#primaryimage\"},\"thumbnailUrl\":\"https:\/\/www.garciafaura.com\/wp-content\/uploads\/2018\/11\/podium.jpg\",\"datePublished\":\"2015-09-02T00:00:00+00:00\",\"dateModified\":\"2019-06-03T12:07:20+00:00\",\"description\":\"Arquitectura en Alumini, Inox, Ferro i Vidre\",\"breadcrumb\":{\"@id\":\"https:\/\/www.garciafaura.com\/es\/nuevo-complejo-deportivo-podium-viladecans\/#breadcrumb\"},\"inLanguage\":\"es\",\"potentialAction\":[{\"@type\":\"ReadAction\",\"target\":[\"https:\/\/www.garciafaura.com\/es\/nuevo-complejo-deportivo-podium-viladecans\/\"]}]},{\"@type\":\"ImageObject\",\"inLanguage\":\"es\",\"@id\":\"https:\/\/www.garciafaura.com\/es\/nuevo-complejo-deportivo-podium-viladecans\/#primaryimage\",\"url\":\"https:\/\/www.garciafaura.com\/wp-content\/uploads\/2018\/11\/podium.jpg\",\"contentUrl\":\"https:\/\/www.garciafaura.com\/wp-content\/uploads\/2018\/11\/podium.jpg\"},{\"@type\":\"BreadcrumbList\",\"@id\":\"https:\/\/www.garciafaura.com\/es\/nuevo-complejo-deportivo-podium-viladecans\/#breadcrumb\",\"itemListElement\":[{\"@type\":\"ListItem\",\"position\":1,\"name\":\"Inici\",\"item\":\"https:\/\/www.garciafaura.com\/es\/\"},{\"@type\":\"ListItem\",\"position\":2,\"name\":\"Nuevo complejo deportivo Podium Viladecans\"}]},{\"@type\":\"WebSite\",\"@id\":\"https:\/\/www.garciafaura.com\/fr\/#website\",\"url\":\"https:\/\/www.garciafaura.com\/fr\/\",\"name\":\"GARCIA FAURA\",\"description\":\"Arquitectura en Alumini, Inox, Ferro i Vidre\",\"publisher\":{\"@id\":\"https:\/\/www.garciafaura.com\/fr\/#organization\"},\"potentialAction\":[{\"@type\":\"SearchAction\",\"target\":{\"@type\":\"EntryPoint\",\"urlTemplate\":\"https:\/\/www.garciafaura.com\/fr\/?s={search_term_string}\"},\"query-input\":{\"@type\":\"PropertyValueSpecification\",\"valueRequired\":true,\"valueName\":\"search_term_string\"}}],\"inLanguage\":\"es\"},{\"@type\":\"Organization\",\"@id\":\"https:\/\/www.garciafaura.com\/fr\/#organization\",\"name\":\"GARCIA FAURA\",\"url\":\"https:\/\/www.garciafaura.com\/fr\/\",\"logo\":{\"@type\":\"ImageObject\",\"inLanguage\":\"es\",\"@id\":\"https:\/\/www.garciafaura.com\/fr\/#\/schema\/logo\/image\/\",\"url\":\"https:\/\/www.garciafaura.com\/wp-content\/uploads\/2018\/09\/Garcia-Faura.png\",\"contentUrl\":\"https:\/\/www.garciafaura.com\/wp-content\/uploads\/2018\/09\/Garcia-Faura.png\",\"width\":512,\"height\":512,\"caption\":\"GARCIA FAURA\"},\"image\":{\"@id\":\"https:\/\/www.garciafaura.com\/fr\/#\/schema\/logo\/image\/\"},\"sameAs\":[\"https:\/\/www.youtube.com\/user\/GARCIAFAURA\"]},{\"@type\":\"Person\",\"@id\":\"https:\/\/www.garciafaura.com\/fr\/#\/schema\/person\/b4b75e69b33fac3446071909bec106b0\",\"name\":\"David Achell\",\"image\":{\"@type\":\"ImageObject\",\"inLanguage\":\"es\",\"@id\":\"https:\/\/www.garciafaura.com\/fr\/#\/schema\/person\/image\/\",\"url\":\"https:\/\/secure.gravatar.com\/avatar\/03900210afc1f61bce737bcb4a79c02e2c997f171e3eca839b5a4cbe03846c90?s=96&d=blank&r=g\",\"contentUrl\":\"https:\/\/secure.gravatar.com\/avatar\/03900210afc1f61bce737bcb4a79c02e2c997f171e3eca839b5a4cbe03846c90?s=96&d=blank&r=g\",\"caption\":\"David Achell\"}}]}<\/script>\n<!-- \/ Yoast SEO plugin. -->","yoast_head_json":{"title":"Nuevo complejo deportivo Podium Viladecans - GARCIA FAURA","description":"Arquitectura en Alumini, Inox, Ferro i Vidre","robots":{"index":"index","follow":"follow","max-snippet":"max-snippet:-1","max-image-preview":"max-image-preview:large","max-video-preview":"max-video-preview:-1"},"canonical":"https:\/\/www.garciafaura.com\/es\/nuevo-complejo-deportivo-podium-viladecans\/","og_locale":"es_ES","og_type":"article","og_title":"Nuevo complejo deportivo Podium Viladecans - GARCIA FAURA","og_description":"Arquitectura en Alumini, Inox, Ferro i Vidre","og_url":"https:\/\/www.garciafaura.com\/es\/nuevo-complejo-deportivo-podium-viladecans\/","og_site_name":"GARCIA FAURA","article_published_time":"2015-09-02T00:00:00+00:00","article_modified_time":"2019-06-03T12:07:20+00:00","og_image":[{"url":"https:\/\/www.garciafaura.com\/wp-content\/uploads\/2018\/11\/podium.jpg","width":1,"height":1,"type":"image\/jpeg"}],"author":"David Achell","twitter_card":"summary_large_image","twitter_misc":{"Escrito por":"David Achell","Tiempo de lectura":"2 minutos"},"schema":{"@context":"https:\/\/schema.org","@graph":[{"@type":"Article","@id":"https:\/\/www.garciafaura.com\/es\/nuevo-complejo-deportivo-podium-viladecans\/#article","isPartOf":{"@id":"https:\/\/www.garciafaura.com\/es\/nuevo-complejo-deportivo-podium-viladecans\/"},"author":{"name":"David Achell","@id":"https:\/\/www.garciafaura.com\/fr\/#\/schema\/person\/b4b75e69b33fac3446071909bec106b0"},"headline":"Nuevo complejo deportivo Podium Viladecans","datePublished":"2015-09-02T00:00:00+00:00","dateModified":"2019-06-03T12:07:20+00:00","mainEntityOfPage":{"@id":"https:\/\/www.garciafaura.com\/es\/nuevo-complejo-deportivo-podium-viladecans\/"},"wordCount":339,"commentCount":0,"publisher":{"@id":"https:\/\/www.garciafaura.com\/fr\/#organization"},"image":{"@id":"https:\/\/www.garciafaura.com\/es\/nuevo-complejo-deportivo-podium-viladecans\/#primaryimage"},"thumbnailUrl":"https:\/\/www.garciafaura.com\/wp-content\/uploads\/2018\/11\/podium.jpg","articleSection":["Actualidad"],"inLanguage":"es","potentialAction":[{"@type":"CommentAction","name":"Comment","target":["https:\/\/www.garciafaura.com\/es\/nuevo-complejo-deportivo-podium-viladecans\/#respond"]}]},{"@type":"WebPage","@id":"https:\/\/www.garciafaura.com\/es\/nuevo-complejo-deportivo-podium-viladecans\/","url":"https:\/\/www.garciafaura.com\/es\/nuevo-complejo-deportivo-podium-viladecans\/","name":"Nuevo complejo deportivo Podium Viladecans - GARCIA FAURA","isPartOf":{"@id":"https:\/\/www.garciafaura.com\/fr\/#website"},"primaryImageOfPage":{"@id":"https:\/\/www.garciafaura.com\/es\/nuevo-complejo-deportivo-podium-viladecans\/#primaryimage"},"image":{"@id":"https:\/\/www.garciafaura.com\/es\/nuevo-complejo-deportivo-podium-viladecans\/#primaryimage"},"thumbnailUrl":"https:\/\/www.garciafaura.com\/wp-content\/uploads\/2018\/11\/podium.jpg","datePublished":"2015-09-02T00:00:00+00:00","dateModified":"2019-06-03T12:07:20+00:00","description":"Arquitectura en Alumini, Inox, Ferro i Vidre","breadcrumb":{"@id":"https:\/\/www.garciafaura.com\/es\/nuevo-complejo-deportivo-podium-viladecans\/#breadcrumb"},"inLanguage":"es","potentialAction":[{"@type":"ReadAction","target":["https:\/\/www.garciafaura.com\/es\/nuevo-complejo-deportivo-podium-viladecans\/"]}]},{"@type":"ImageObject","inLanguage":"es","@id":"https:\/\/www.garciafaura.com\/es\/nuevo-complejo-deportivo-podium-viladecans\/#primaryimage","url":"https:\/\/www.garciafaura.com\/wp-content\/uploads\/2018\/11\/podium.jpg","contentUrl":"https:\/\/www.garciafaura.com\/wp-content\/uploads\/2018\/11\/podium.jpg"},{"@type":"BreadcrumbList","@id":"https:\/\/www.garciafaura.com\/es\/nuevo-complejo-deportivo-podium-viladecans\/#breadcrumb","itemListElement":[{"@type":"ListItem","position":1,"name":"Inici","item":"https:\/\/www.garciafaura.com\/es\/"},{"@type":"ListItem","position":2,"name":"Nuevo complejo deportivo Podium Viladecans"}]},{"@type":"WebSite","@id":"https:\/\/www.garciafaura.com\/fr\/#website","url":"https:\/\/www.garciafaura.com\/fr\/","name":"GARCIA FAURA","description":"Arquitectura en Alumini, Inox, Ferro i Vidre","publisher":{"@id":"https:\/\/www.garciafaura.com\/fr\/#organization"},"potentialAction":[{"@type":"SearchAction","target":{"@type":"EntryPoint","urlTemplate":"https:\/\/www.garciafaura.com\/fr\/?s={search_term_string}"},"query-input":{"@type":"PropertyValueSpecification","valueRequired":true,"valueName":"search_term_string"}}],"inLanguage":"es"},{"@type":"Organization","@id":"https:\/\/www.garciafaura.com\/fr\/#organization","name":"GARCIA FAURA","url":"https:\/\/www.garciafaura.com\/fr\/","logo":{"@type":"ImageObject","inLanguage":"es","@id":"https:\/\/www.garciafaura.com\/fr\/#\/schema\/logo\/image\/","url":"https:\/\/www.garciafaura.com\/wp-content\/uploads\/2018\/09\/Garcia-Faura.png","contentUrl":"https:\/\/www.garciafaura.com\/wp-content\/uploads\/2018\/09\/Garcia-Faura.png","width":512,"height":512,"caption":"GARCIA FAURA"},"image":{"@id":"https:\/\/www.garciafaura.com\/fr\/#\/schema\/logo\/image\/"},"sameAs":["https:\/\/www.youtube.com\/user\/GARCIAFAURA"]},{"@type":"Person","@id":"https:\/\/www.garciafaura.com\/fr\/#\/schema\/person\/b4b75e69b33fac3446071909bec106b0","name":"David Achell","image":{"@type":"ImageObject","inLanguage":"es","@id":"https:\/\/www.garciafaura.com\/fr\/#\/schema\/person\/image\/","url":"https:\/\/secure.gravatar.com\/avatar\/03900210afc1f61bce737bcb4a79c02e2c997f171e3eca839b5a4cbe03846c90?s=96&d=blank&r=g","contentUrl":"https:\/\/secure.gravatar.com\/avatar\/03900210afc1f61bce737bcb4a79c02e2c997f171e3eca839b5a4cbe03846c90?s=96&d=blank&r=g","caption":"David Achell"}}]}},"_links":{"self":[{"href":"https:\/\/www.garciafaura.com\/es\/wp-json\/wp\/v2\/posts\/6293","targetHints":{"allow":["GET"]}}],"collection":[{"href":"https:\/\/www.garciafaura.com\/es\/wp-json\/wp\/v2\/posts"}],"about":[{"href":"https:\/\/www.garciafaura.com\/es\/wp-json\/wp\/v2\/types\/post"}],"author":[{"embeddable":true,"href":"https:\/\/www.garciafaura.com\/es\/wp-json\/wp\/v2\/users\/3"}],"replies":[{"embeddable":true,"href":"https:\/\/www.garciafaura.com\/es\/wp-json\/wp\/v2\/comments?post=6293"}],"version-history":[{"count":1,"href":"https:\/\/www.garciafaura.com\/es\/wp-json\/wp\/v2\/posts\/6293\/revisions"}],"predecessor-version":[{"id":21570,"href":"https:\/\/www.garciafaura.com\/es\/wp-json\/wp\/v2\/posts\/6293\/revisions\/21570"}],"wp:featuredmedia":[{"embeddable":true,"href":"https:\/\/www.garciafaura.com\/es\/wp-json\/wp\/v2\/media\/6277"}],"wp:attachment":[{"href":"https:\/\/www.garciafaura.com\/es\/wp-json\/wp\/v2\/media?parent=6293"}],"wp:term":[{"taxonomy":"category","embeddable":true,"href":"https:\/\/www.garciafaura.com\/es\/wp-json\/wp\/v2\/categories?post=6293"},{"taxonomy":"post_tag","embeddable":true,"href":"https:\/\/www.garciafaura.com\/es\/wp-json\/wp\/v2\/tags?post=6293"},{"taxonomy":"post_series","embeddable":true,"href":"https:\/\/www.garciafaura.com\/es\/wp-json\/wp\/v2\/post_series?post=6293"}],"curies":[{"name":"wp","href":"https:\/\/api.w.org\/{rel}","templated":true}]}}