{"id":6253,"date":"2015-07-10T00:00:00","date_gmt":"2015-07-10T00:00:00","guid":{"rendered":"https:\/\/www.garciafaura.com\/preparando-la-temporada-turistica-en-equipamientos-hoteleros\/"},"modified":"2019-06-03T12:07:53","modified_gmt":"2019-06-03T12:07:53","slug":"preparando-la-temporada-turistica-en-equipamientos-hoteleros","status":"publish","type":"post","link":"https:\/\/www.garciafaura.com\/es\/preparando-la-temporada-turistica-en-equipamientos-hoteleros\/","title":{"rendered":"Preparando la temporada tur\u00edstica en equipamientos hoteleros"},"content":{"rendered":"<p>&nbsp;<\/p>\n<p>El primer cuatrimestre del a\u00f1o suele conllevar proyectos de construcci\u00f3n o rehabilitaci\u00f3n vinculados al sector hotelero. Los establecimientos quieren ponerse a punto y lucir sus mejores galas de cara a la temporada alta de turismo que comienza con la llegada del buen tiempo. Por eso los meses previos al verano se intensifican los trabajos de reforma en establecimientos ya existentes y se aceleran los plazos en los de nueva construcci\u00f3n.<\/p>\n<p>&nbsp;<\/p>\n<p><strong>GARCIA FAURA<\/strong> trabaja en la rehabilitaci\u00f3n total del antiguo Hotel Sol de Ibiza, que pasar\u00e1 a convertirse en el nuevo Hotel Sol Beach House, referente del turismo ibicenco. Recientemente han finalizado los trabajos del nuevo Hotel Yurbban Trafalgar, en Barcelona, \u200b\u200bdonde tambi\u00e9n se trabaja en el nuevo Hotel Smart Room. En Santa Susanna se contin\u00faa remodelando el hist\u00f3rico Hotel Alhambra, referente tur\u00edstico de la costa del Maresme.<\/p>\n<p>&nbsp;<\/p>\n<p>Seg\u00fan datos de la C\u00e1mara de Comercio de Barcelona, \u200b\u200bel sector hotelero seguir\u00e1 creciendo este 2015, en parte debido al constante aumento del n\u00famero de turistas extranjeros, pero tambi\u00e9n al incremento del n\u00famero general de pernoctaciones que registra el sector. Barcelona ciudad es el reflejo m\u00e1s claro de esta tendencia. En tan s\u00f3lo 10 a\u00f1os casi se han doblado el n\u00famero de establecimientos hoteleros, a un ritmo de crecimiento, en los \u00faltimos ejercicios, de entre 20 y 30 nuevos hoteles por a\u00f1o.<\/p>\n","protected":false},"excerpt":{"rendered":"<p>GARCIA FAURA ha ejecutado -o est\u00e1 ejecutando todav\u00eda- numerosos proyectos de construcci\u00f3n o rehabilitaci\u00f3n de establecimientos hoteleros en todo el pa\u00eds. El sector prepara una esperanzadora temporada tur\u00edstica, en una muestra m\u00e1s de la efervescencia que vive, as\u00ed como de la confianza que \u00e9ste deposita en una empresa capacitada para ejecutar proyectos de calidad al servicio de las personas.<\/p>\n","protected":false},"author":3,"featured_media":6225,"comment_status":"open","ping_status":"open","sticky":false,"template":"","format":"standard","meta":{"footnotes":""},"categories":[3],"tags":[],"post_series":[],"class_list":["post-6253","post","type-post","status-publish","format-standard","has-post-thumbnail","hentry","category-actualidad","entry","has-media"],"yoast_head":"<!-- This site is optimized with the Yoast SEO plugin v26.7 - https:\/\/yoast.com\/wordpress\/plugins\/seo\/ -->\n<title>Preparando la temporada tur\u00edstica en equipamientos hoteleros - GARCIA FAURA<\/title>\n<meta name=\"description\" content=\"Arquitectura en Alumini, Inox, Ferro i Vidre\" \/>\n<meta name=\"robots\" content=\"index, follow, max-snippet:-1, max-image-preview:large, max-video-preview:-1\" \/>\n<link rel=\"canonical\" href=\"https:\/\/www.garciafaura.com\/es\/preparando-la-temporada-turistica-en-equipamientos-hoteleros\/\" \/>\n<meta property=\"og:locale\" content=\"es_ES\" \/>\n<meta property=\"og:type\" content=\"article\" \/>\n<meta property=\"og:title\" content=\"Preparando la temporada tur\u00edstica en equipamientos hoteleros - GARCIA FAURA\" \/>\n<meta property=\"og:description\" content=\"Arquitectura en Alumini, Inox, Ferro i Vidre\" \/>\n<meta property=\"og:url\" content=\"https:\/\/www.garciafaura.com\/es\/preparando-la-temporada-turistica-en-equipamientos-hoteleros\/\" \/>\n<meta property=\"og:site_name\" content=\"GARCIA FAURA\" \/>\n<meta property=\"article:published_time\" content=\"2015-07-10T00:00:00+00:00\" \/>\n<meta property=\"article:modified_time\" content=\"2019-06-03T12:07:53+00:00\" \/>\n<meta property=\"og:image\" content=\"https:\/\/www.garciafaura.com\/wp-content\/uploads\/2018\/11\/hotelsol_02.jpg\" \/>\n\t<meta property=\"og:image:width\" content=\"1\" \/>\n\t<meta property=\"og:image:height\" content=\"1\" \/>\n\t<meta property=\"og:image:type\" content=\"image\/jpeg\" \/>\n<meta name=\"author\" content=\"David Achell\" \/>\n<meta name=\"twitter:card\" content=\"summary_large_image\" \/>\n<meta name=\"twitter:label1\" content=\"Escrito por\" \/>\n\t<meta name=\"twitter:data1\" content=\"David Achell\" \/>\n\t<meta name=\"twitter:label2\" content=\"Tiempo de lectura\" \/>\n\t<meta name=\"twitter:data2\" content=\"1 minuto\" \/>\n<script type=\"application\/ld+json\" class=\"yoast-schema-graph\">{\"@context\":\"https:\/\/schema.org\",\"@graph\":[{\"@type\":\"Article\",\"@id\":\"https:\/\/www.garciafaura.com\/es\/preparando-la-temporada-turistica-en-equipamientos-hoteleros\/#article\",\"isPartOf\":{\"@id\":\"https:\/\/www.garciafaura.com\/es\/preparando-la-temporada-turistica-en-equipamientos-hoteleros\/\"},\"author\":{\"name\":\"David Achell\",\"@id\":\"https:\/\/www.garciafaura.com\/fr\/#\/schema\/person\/b4b75e69b33fac3446071909bec106b0\"},\"headline\":\"Preparando la temporada tur\u00edstica en equipamientos hoteleros\",\"datePublished\":\"2015-07-10T00:00:00+00:00\",\"dateModified\":\"2019-06-03T12:07:53+00:00\",\"mainEntityOfPage\":{\"@id\":\"https:\/\/www.garciafaura.com\/es\/preparando-la-temporada-turistica-en-equipamientos-hoteleros\/\"},\"wordCount\":245,\"commentCount\":0,\"publisher\":{\"@id\":\"https:\/\/www.garciafaura.com\/fr\/#organization\"},\"image\":{\"@id\":\"https:\/\/www.garciafaura.com\/es\/preparando-la-temporada-turistica-en-equipamientos-hoteleros\/#primaryimage\"},\"thumbnailUrl\":\"https:\/\/www.garciafaura.com\/wp-content\/uploads\/2018\/11\/hotelsol_02.jpg\",\"articleSection\":[\"Actualidad\"],\"inLanguage\":\"es\",\"potentialAction\":[{\"@type\":\"CommentAction\",\"name\":\"Comment\",\"target\":[\"https:\/\/www.garciafaura.com\/es\/preparando-la-temporada-turistica-en-equipamientos-hoteleros\/#respond\"]}]},{\"@type\":\"WebPage\",\"@id\":\"https:\/\/www.garciafaura.com\/es\/preparando-la-temporada-turistica-en-equipamientos-hoteleros\/\",\"url\":\"https:\/\/www.garciafaura.com\/es\/preparando-la-temporada-turistica-en-equipamientos-hoteleros\/\",\"name\":\"Preparando la temporada tur\u00edstica en equipamientos hoteleros - GARCIA FAURA\",\"isPartOf\":{\"@id\":\"https:\/\/www.garciafaura.com\/fr\/#website\"},\"primaryImageOfPage\":{\"@id\":\"https:\/\/www.garciafaura.com\/es\/preparando-la-temporada-turistica-en-equipamientos-hoteleros\/#primaryimage\"},\"image\":{\"@id\":\"https:\/\/www.garciafaura.com\/es\/preparando-la-temporada-turistica-en-equipamientos-hoteleros\/#primaryimage\"},\"thumbnailUrl\":\"https:\/\/www.garciafaura.com\/wp-content\/uploads\/2018\/11\/hotelsol_02.jpg\",\"datePublished\":\"2015-07-10T00:00:00+00:00\",\"dateModified\":\"2019-06-03T12:07:53+00:00\",\"description\":\"Arquitectura en Alumini, Inox, Ferro i Vidre\",\"breadcrumb\":{\"@id\":\"https:\/\/www.garciafaura.com\/es\/preparando-la-temporada-turistica-en-equipamientos-hoteleros\/#breadcrumb\"},\"inLanguage\":\"es\",\"potentialAction\":[{\"@type\":\"ReadAction\",\"target\":[\"https:\/\/www.garciafaura.com\/es\/preparando-la-temporada-turistica-en-equipamientos-hoteleros\/\"]}]},{\"@type\":\"ImageObject\",\"inLanguage\":\"es\",\"@id\":\"https:\/\/www.garciafaura.com\/es\/preparando-la-temporada-turistica-en-equipamientos-hoteleros\/#primaryimage\",\"url\":\"https:\/\/www.garciafaura.com\/wp-content\/uploads\/2018\/11\/hotelsol_02.jpg\",\"contentUrl\":\"https:\/\/www.garciafaura.com\/wp-content\/uploads\/2018\/11\/hotelsol_02.jpg\"},{\"@type\":\"BreadcrumbList\",\"@id\":\"https:\/\/www.garciafaura.com\/es\/preparando-la-temporada-turistica-en-equipamientos-hoteleros\/#breadcrumb\",\"itemListElement\":[{\"@type\":\"ListItem\",\"position\":1,\"name\":\"Inici\",\"item\":\"https:\/\/www.garciafaura.com\/es\/\"},{\"@type\":\"ListItem\",\"position\":2,\"name\":\"Preparando la temporada tur\u00edstica en equipamientos hoteleros\"}]},{\"@type\":\"WebSite\",\"@id\":\"https:\/\/www.garciafaura.com\/fr\/#website\",\"url\":\"https:\/\/www.garciafaura.com\/fr\/\",\"name\":\"GARCIA FAURA\",\"description\":\"Arquitectura en Alumini, Inox, Ferro i Vidre\",\"publisher\":{\"@id\":\"https:\/\/www.garciafaura.com\/fr\/#organization\"},\"potentialAction\":[{\"@type\":\"SearchAction\",\"target\":{\"@type\":\"EntryPoint\",\"urlTemplate\":\"https:\/\/www.garciafaura.com\/fr\/?s={search_term_string}\"},\"query-input\":{\"@type\":\"PropertyValueSpecification\",\"valueRequired\":true,\"valueName\":\"search_term_string\"}}],\"inLanguage\":\"es\"},{\"@type\":\"Organization\",\"@id\":\"https:\/\/www.garciafaura.com\/fr\/#organization\",\"name\":\"GARCIA FAURA\",\"url\":\"https:\/\/www.garciafaura.com\/fr\/\",\"logo\":{\"@type\":\"ImageObject\",\"inLanguage\":\"es\",\"@id\":\"https:\/\/www.garciafaura.com\/fr\/#\/schema\/logo\/image\/\",\"url\":\"https:\/\/www.garciafaura.com\/wp-content\/uploads\/2018\/09\/Garcia-Faura.png\",\"contentUrl\":\"https:\/\/www.garciafaura.com\/wp-content\/uploads\/2018\/09\/Garcia-Faura.png\",\"width\":512,\"height\":512,\"caption\":\"GARCIA FAURA\"},\"image\":{\"@id\":\"https:\/\/www.garciafaura.com\/fr\/#\/schema\/logo\/image\/\"},\"sameAs\":[\"https:\/\/www.youtube.com\/user\/GARCIAFAURA\"]},{\"@type\":\"Person\",\"@id\":\"https:\/\/www.garciafaura.com\/fr\/#\/schema\/person\/b4b75e69b33fac3446071909bec106b0\",\"name\":\"David Achell\",\"image\":{\"@type\":\"ImageObject\",\"inLanguage\":\"es\",\"@id\":\"https:\/\/www.garciafaura.com\/fr\/#\/schema\/person\/image\/\",\"url\":\"https:\/\/secure.gravatar.com\/avatar\/03900210afc1f61bce737bcb4a79c02e2c997f171e3eca839b5a4cbe03846c90?s=96&d=blank&r=g\",\"contentUrl\":\"https:\/\/secure.gravatar.com\/avatar\/03900210afc1f61bce737bcb4a79c02e2c997f171e3eca839b5a4cbe03846c90?s=96&d=blank&r=g\",\"caption\":\"David Achell\"}}]}<\/script>\n<!-- \/ Yoast SEO plugin. -->","yoast_head_json":{"title":"Preparando la temporada tur\u00edstica en equipamientos hoteleros - GARCIA FAURA","description":"Arquitectura en Alumini, Inox, Ferro i Vidre","robots":{"index":"index","follow":"follow","max-snippet":"max-snippet:-1","max-image-preview":"max-image-preview:large","max-video-preview":"max-video-preview:-1"},"canonical":"https:\/\/www.garciafaura.com\/es\/preparando-la-temporada-turistica-en-equipamientos-hoteleros\/","og_locale":"es_ES","og_type":"article","og_title":"Preparando la temporada tur\u00edstica en equipamientos hoteleros - GARCIA FAURA","og_description":"Arquitectura en Alumini, Inox, Ferro i Vidre","og_url":"https:\/\/www.garciafaura.com\/es\/preparando-la-temporada-turistica-en-equipamientos-hoteleros\/","og_site_name":"GARCIA FAURA","article_published_time":"2015-07-10T00:00:00+00:00","article_modified_time":"2019-06-03T12:07:53+00:00","og_image":[{"url":"https:\/\/www.garciafaura.com\/wp-content\/uploads\/2018\/11\/hotelsol_02.jpg","width":1,"height":1,"type":"image\/jpeg"}],"author":"David Achell","twitter_card":"summary_large_image","twitter_misc":{"Escrito por":"David Achell","Tiempo de lectura":"1 minuto"},"schema":{"@context":"https:\/\/schema.org","@graph":[{"@type":"Article","@id":"https:\/\/www.garciafaura.com\/es\/preparando-la-temporada-turistica-en-equipamientos-hoteleros\/#article","isPartOf":{"@id":"https:\/\/www.garciafaura.com\/es\/preparando-la-temporada-turistica-en-equipamientos-hoteleros\/"},"author":{"name":"David Achell","@id":"https:\/\/www.garciafaura.com\/fr\/#\/schema\/person\/b4b75e69b33fac3446071909bec106b0"},"headline":"Preparando la temporada tur\u00edstica en equipamientos hoteleros","datePublished":"2015-07-10T00:00:00+00:00","dateModified":"2019-06-03T12:07:53+00:00","mainEntityOfPage":{"@id":"https:\/\/www.garciafaura.com\/es\/preparando-la-temporada-turistica-en-equipamientos-hoteleros\/"},"wordCount":245,"commentCount":0,"publisher":{"@id":"https:\/\/www.garciafaura.com\/fr\/#organization"},"image":{"@id":"https:\/\/www.garciafaura.com\/es\/preparando-la-temporada-turistica-en-equipamientos-hoteleros\/#primaryimage"},"thumbnailUrl":"https:\/\/www.garciafaura.com\/wp-content\/uploads\/2018\/11\/hotelsol_02.jpg","articleSection":["Actualidad"],"inLanguage":"es","potentialAction":[{"@type":"CommentAction","name":"Comment","target":["https:\/\/www.garciafaura.com\/es\/preparando-la-temporada-turistica-en-equipamientos-hoteleros\/#respond"]}]},{"@type":"WebPage","@id":"https:\/\/www.garciafaura.com\/es\/preparando-la-temporada-turistica-en-equipamientos-hoteleros\/","url":"https:\/\/www.garciafaura.com\/es\/preparando-la-temporada-turistica-en-equipamientos-hoteleros\/","name":"Preparando la temporada tur\u00edstica en equipamientos hoteleros - GARCIA FAURA","isPartOf":{"@id":"https:\/\/www.garciafaura.com\/fr\/#website"},"primaryImageOfPage":{"@id":"https:\/\/www.garciafaura.com\/es\/preparando-la-temporada-turistica-en-equipamientos-hoteleros\/#primaryimage"},"image":{"@id":"https:\/\/www.garciafaura.com\/es\/preparando-la-temporada-turistica-en-equipamientos-hoteleros\/#primaryimage"},"thumbnailUrl":"https:\/\/www.garciafaura.com\/wp-content\/uploads\/2018\/11\/hotelsol_02.jpg","datePublished":"2015-07-10T00:00:00+00:00","dateModified":"2019-06-03T12:07:53+00:00","description":"Arquitectura en Alumini, Inox, Ferro i Vidre","breadcrumb":{"@id":"https:\/\/www.garciafaura.com\/es\/preparando-la-temporada-turistica-en-equipamientos-hoteleros\/#breadcrumb"},"inLanguage":"es","potentialAction":[{"@type":"ReadAction","target":["https:\/\/www.garciafaura.com\/es\/preparando-la-temporada-turistica-en-equipamientos-hoteleros\/"]}]},{"@type":"ImageObject","inLanguage":"es","@id":"https:\/\/www.garciafaura.com\/es\/preparando-la-temporada-turistica-en-equipamientos-hoteleros\/#primaryimage","url":"https:\/\/www.garciafaura.com\/wp-content\/uploads\/2018\/11\/hotelsol_02.jpg","contentUrl":"https:\/\/www.garciafaura.com\/wp-content\/uploads\/2018\/11\/hotelsol_02.jpg"},{"@type":"BreadcrumbList","@id":"https:\/\/www.garciafaura.com\/es\/preparando-la-temporada-turistica-en-equipamientos-hoteleros\/#breadcrumb","itemListElement":[{"@type":"ListItem","position":1,"name":"Inici","item":"https:\/\/www.garciafaura.com\/es\/"},{"@type":"ListItem","position":2,"name":"Preparando la temporada tur\u00edstica en equipamientos hoteleros"}]},{"@type":"WebSite","@id":"https:\/\/www.garciafaura.com\/fr\/#website","url":"https:\/\/www.garciafaura.com\/fr\/","name":"GARCIA FAURA","description":"Arquitectura en Alumini, Inox, Ferro i Vidre","publisher":{"@id":"https:\/\/www.garciafaura.com\/fr\/#organization"},"potentialAction":[{"@type":"SearchAction","target":{"@type":"EntryPoint","urlTemplate":"https:\/\/www.garciafaura.com\/fr\/?s={search_term_string}"},"query-input":{"@type":"PropertyValueSpecification","valueRequired":true,"valueName":"search_term_string"}}],"inLanguage":"es"},{"@type":"Organization","@id":"https:\/\/www.garciafaura.com\/fr\/#organization","name":"GARCIA FAURA","url":"https:\/\/www.garciafaura.com\/fr\/","logo":{"@type":"ImageObject","inLanguage":"es","@id":"https:\/\/www.garciafaura.com\/fr\/#\/schema\/logo\/image\/","url":"https:\/\/www.garciafaura.com\/wp-content\/uploads\/2018\/09\/Garcia-Faura.png","contentUrl":"https:\/\/www.garciafaura.com\/wp-content\/uploads\/2018\/09\/Garcia-Faura.png","width":512,"height":512,"caption":"GARCIA FAURA"},"image":{"@id":"https:\/\/www.garciafaura.com\/fr\/#\/schema\/logo\/image\/"},"sameAs":["https:\/\/www.youtube.com\/user\/GARCIAFAURA"]},{"@type":"Person","@id":"https:\/\/www.garciafaura.com\/fr\/#\/schema\/person\/b4b75e69b33fac3446071909bec106b0","name":"David Achell","image":{"@type":"ImageObject","inLanguage":"es","@id":"https:\/\/www.garciafaura.com\/fr\/#\/schema\/person\/image\/","url":"https:\/\/secure.gravatar.com\/avatar\/03900210afc1f61bce737bcb4a79c02e2c997f171e3eca839b5a4cbe03846c90?s=96&d=blank&r=g","contentUrl":"https:\/\/secure.gravatar.com\/avatar\/03900210afc1f61bce737bcb4a79c02e2c997f171e3eca839b5a4cbe03846c90?s=96&d=blank&r=g","caption":"David Achell"}}]}},"_links":{"self":[{"href":"https:\/\/www.garciafaura.com\/es\/wp-json\/wp\/v2\/posts\/6253","targetHints":{"allow":["GET"]}}],"collection":[{"href":"https:\/\/www.garciafaura.com\/es\/wp-json\/wp\/v2\/posts"}],"about":[{"href":"https:\/\/www.garciafaura.com\/es\/wp-json\/wp\/v2\/types\/post"}],"author":[{"embeddable":true,"href":"https:\/\/www.garciafaura.com\/es\/wp-json\/wp\/v2\/users\/3"}],"replies":[{"embeddable":true,"href":"https:\/\/www.garciafaura.com\/es\/wp-json\/wp\/v2\/comments?post=6253"}],"version-history":[{"count":1,"href":"https:\/\/www.garciafaura.com\/es\/wp-json\/wp\/v2\/posts\/6253\/revisions"}],"predecessor-version":[{"id":21572,"href":"https:\/\/www.garciafaura.com\/es\/wp-json\/wp\/v2\/posts\/6253\/revisions\/21572"}],"wp:featuredmedia":[{"embeddable":true,"href":"https:\/\/www.garciafaura.com\/es\/wp-json\/wp\/v2\/media\/6225"}],"wp:attachment":[{"href":"https:\/\/www.garciafaura.com\/es\/wp-json\/wp\/v2\/media?parent=6253"}],"wp:term":[{"taxonomy":"category","embeddable":true,"href":"https:\/\/www.garciafaura.com\/es\/wp-json\/wp\/v2\/categories?post=6253"},{"taxonomy":"post_tag","embeddable":true,"href":"https:\/\/www.garciafaura.com\/es\/wp-json\/wp\/v2\/tags?post=6253"},{"taxonomy":"post_series","embeddable":true,"href":"https:\/\/www.garciafaura.com\/es\/wp-json\/wp\/v2\/post_series?post=6253"}],"curies":[{"name":"wp","href":"https:\/\/api.w.org\/{rel}","templated":true}]}}