{"id":6209,"date":"2015-07-04T00:00:00","date_gmt":"2015-07-04T00:00:00","guid":{"rendered":"https:\/\/www.garciafaura.com\/levantamos-la-nueva-escuela-hamelin-internacional-laie-en-montgat\/"},"modified":"2019-06-03T12:08:27","modified_gmt":"2019-06-03T12:08:27","slug":"levantamos-la-nueva-escuela-hamelin-internacional-laie-en-montgat","status":"publish","type":"post","link":"https:\/\/www.garciafaura.com\/es\/levantamos-la-nueva-escuela-hamelin-internacional-laie-en-montgat\/","title":{"rendered":"Levantamos la nueva Escuela Hamelin &#8211; Internacional Laie en Montgat"},"content":{"rendered":"<p>&nbsp;<\/p>\n<p>La Escuela Hamelin &#8211; Internacional Laie destaca por su plan formativo triling\u00fce orientado a la obtenci\u00f3n de elevados niveles acad\u00e9micos a la vez que aboga por la formaci\u00f3n en valores de responsabilidad de sus alumnos. Desde 1989 desarrolla su labor educativa en el municipio de Alella, pero sus retos de futuro pasan por el nuevo edificio docente que se est\u00e1 construyendo en Montgat.<\/p>\n<p>&nbsp;<\/p>\n<p><strong>GARCIA FAURA<\/strong> ha proyectado para este nuevo equipamiento m\u00e1s de 2700 metros cuadrados de cerramientos de aluminio con rotura de puente t\u00e9rmico. La obra combina puertas y ventanas de apertura practicable y corredera, en funci\u00f3n de las necesidades espec\u00edficas de cada espacio. En consonancia con la est\u00e9tica general del edificio, y dando cobertura al proyecto arquitect\u00f3nico, se han fabricado los cerramientos en acabados grises y con unas prestaciones t\u00e9cnicas de acuerdo a las necesidades de aislamiento t\u00e9rmico y ac\u00fastico de su uso docente.<\/p>\n<p>&nbsp;<\/p>\n<p>El nuevo edificio escolar, de hasta seis plantas de altura, acoger\u00e1 m\u00e1s de 1000 alumnos desde cero a\u00f1os hasta el bachillerato. Adem\u00e1s, incluye un bloque para residencia de estudiantes, con capacidad de 50 habitaciones. Las nuevas instalaciones permitir\u00e1n el traslado de las actuales dependencias de Alella, de manera que el centro mejorar\u00e1 en superficie, confort y prestaciones al servicio de su tarea educativa.<\/p>\n","protected":false},"excerpt":{"rendered":"<p>GARCIA FAURA ya est\u00e1 trabajando en el nuevo complejo educativo de la Escuela Hamelin &#8211; Internacional Laie. La prestigiosa instituci\u00f3n educativa emplaza su nuevo equipamiento en el municipio de Montgat, en un edificio proyectado por el despacho de arquitectos Alonso &amp; Balaguer. El complejo tendr\u00e1 una superficie total de m\u00e1s de 15.000 metros cuadrados, para los que GARCIA FAURA fabrica e instala el conjunto de cerramientos de aluminio.<\/p>\n","protected":false},"author":3,"featured_media":6181,"comment_status":"open","ping_status":"open","sticky":false,"template":"","format":"standard","meta":{"footnotes":""},"categories":[3],"tags":[],"post_series":[],"class_list":["post-6209","post","type-post","status-publish","format-standard","has-post-thumbnail","hentry","category-actualidad","entry","has-media"],"yoast_head":"<!-- This site is optimized with the Yoast SEO plugin v26.7 - https:\/\/yoast.com\/wordpress\/plugins\/seo\/ -->\n<title>Levantamos la nueva Escuela Hamelin - Internacional Laie en Montgat - GARCIA FAURA<\/title>\n<meta name=\"description\" content=\"Arquitectura en Alumini, Inox, Ferro i Vidre\" \/>\n<meta name=\"robots\" content=\"index, follow, max-snippet:-1, max-image-preview:large, max-video-preview:-1\" \/>\n<link rel=\"canonical\" href=\"https:\/\/www.garciafaura.com\/es\/levantamos-la-nueva-escuela-hamelin-internacional-laie-en-montgat\/\" \/>\n<meta property=\"og:locale\" content=\"es_ES\" \/>\n<meta property=\"og:type\" content=\"article\" \/>\n<meta property=\"og:title\" content=\"Levantamos la nueva Escuela Hamelin - Internacional Laie en Montgat - GARCIA FAURA\" \/>\n<meta property=\"og:description\" content=\"Arquitectura en Alumini, Inox, Ferro i Vidre\" \/>\n<meta property=\"og:url\" content=\"https:\/\/www.garciafaura.com\/es\/levantamos-la-nueva-escuela-hamelin-internacional-laie-en-montgat\/\" \/>\n<meta property=\"og:site_name\" content=\"GARCIA FAURA\" \/>\n<meta property=\"article:published_time\" content=\"2015-07-04T00:00:00+00:00\" \/>\n<meta property=\"article:modified_time\" content=\"2019-06-03T12:08:27+00:00\" \/>\n<meta property=\"og:image\" content=\"https:\/\/www.garciafaura.com\/wp-content\/uploads\/2018\/11\/escola_hamelin_011.jpg\" \/>\n\t<meta property=\"og:image:width\" content=\"1\" \/>\n\t<meta property=\"og:image:height\" content=\"1\" \/>\n\t<meta property=\"og:image:type\" content=\"image\/jpeg\" \/>\n<meta name=\"author\" content=\"David Achell\" \/>\n<meta name=\"twitter:card\" content=\"summary_large_image\" \/>\n<meta name=\"twitter:label1\" content=\"Escrito por\" \/>\n\t<meta name=\"twitter:data1\" content=\"David Achell\" \/>\n\t<meta name=\"twitter:label2\" content=\"Tiempo de lectura\" \/>\n\t<meta name=\"twitter:data2\" content=\"1 minuto\" \/>\n<script type=\"application\/ld+json\" class=\"yoast-schema-graph\">{\"@context\":\"https:\/\/schema.org\",\"@graph\":[{\"@type\":\"Article\",\"@id\":\"https:\/\/www.garciafaura.com\/es\/levantamos-la-nueva-escuela-hamelin-internacional-laie-en-montgat\/#article\",\"isPartOf\":{\"@id\":\"https:\/\/www.garciafaura.com\/es\/levantamos-la-nueva-escuela-hamelin-internacional-laie-en-montgat\/\"},\"author\":{\"name\":\"David Achell\",\"@id\":\"https:\/\/www.garciafaura.com\/fr\/#\/schema\/person\/b4b75e69b33fac3446071909bec106b0\"},\"headline\":\"Levantamos la nueva Escuela Hamelin &#8211; Internacional Laie en Montgat\",\"datePublished\":\"2015-07-04T00:00:00+00:00\",\"dateModified\":\"2019-06-03T12:08:27+00:00\",\"mainEntityOfPage\":{\"@id\":\"https:\/\/www.garciafaura.com\/es\/levantamos-la-nueva-escuela-hamelin-internacional-laie-en-montgat\/\"},\"wordCount\":235,\"commentCount\":0,\"publisher\":{\"@id\":\"https:\/\/www.garciafaura.com\/fr\/#organization\"},\"image\":{\"@id\":\"https:\/\/www.garciafaura.com\/es\/levantamos-la-nueva-escuela-hamelin-internacional-laie-en-montgat\/#primaryimage\"},\"thumbnailUrl\":\"https:\/\/www.garciafaura.com\/wp-content\/uploads\/2018\/11\/escola_hamelin_011.jpg\",\"articleSection\":[\"Actualidad\"],\"inLanguage\":\"es\",\"potentialAction\":[{\"@type\":\"CommentAction\",\"name\":\"Comment\",\"target\":[\"https:\/\/www.garciafaura.com\/es\/levantamos-la-nueva-escuela-hamelin-internacional-laie-en-montgat\/#respond\"]}]},{\"@type\":\"WebPage\",\"@id\":\"https:\/\/www.garciafaura.com\/es\/levantamos-la-nueva-escuela-hamelin-internacional-laie-en-montgat\/\",\"url\":\"https:\/\/www.garciafaura.com\/es\/levantamos-la-nueva-escuela-hamelin-internacional-laie-en-montgat\/\",\"name\":\"Levantamos la nueva Escuela Hamelin - Internacional Laie en Montgat - GARCIA FAURA\",\"isPartOf\":{\"@id\":\"https:\/\/www.garciafaura.com\/fr\/#website\"},\"primaryImageOfPage\":{\"@id\":\"https:\/\/www.garciafaura.com\/es\/levantamos-la-nueva-escuela-hamelin-internacional-laie-en-montgat\/#primaryimage\"},\"image\":{\"@id\":\"https:\/\/www.garciafaura.com\/es\/levantamos-la-nueva-escuela-hamelin-internacional-laie-en-montgat\/#primaryimage\"},\"thumbnailUrl\":\"https:\/\/www.garciafaura.com\/wp-content\/uploads\/2018\/11\/escola_hamelin_011.jpg\",\"datePublished\":\"2015-07-04T00:00:00+00:00\",\"dateModified\":\"2019-06-03T12:08:27+00:00\",\"description\":\"Arquitectura en Alumini, Inox, Ferro i Vidre\",\"breadcrumb\":{\"@id\":\"https:\/\/www.garciafaura.com\/es\/levantamos-la-nueva-escuela-hamelin-internacional-laie-en-montgat\/#breadcrumb\"},\"inLanguage\":\"es\",\"potentialAction\":[{\"@type\":\"ReadAction\",\"target\":[\"https:\/\/www.garciafaura.com\/es\/levantamos-la-nueva-escuela-hamelin-internacional-laie-en-montgat\/\"]}]},{\"@type\":\"ImageObject\",\"inLanguage\":\"es\",\"@id\":\"https:\/\/www.garciafaura.com\/es\/levantamos-la-nueva-escuela-hamelin-internacional-laie-en-montgat\/#primaryimage\",\"url\":\"https:\/\/www.garciafaura.com\/wp-content\/uploads\/2018\/11\/escola_hamelin_011.jpg\",\"contentUrl\":\"https:\/\/www.garciafaura.com\/wp-content\/uploads\/2018\/11\/escola_hamelin_011.jpg\"},{\"@type\":\"BreadcrumbList\",\"@id\":\"https:\/\/www.garciafaura.com\/es\/levantamos-la-nueva-escuela-hamelin-internacional-laie-en-montgat\/#breadcrumb\",\"itemListElement\":[{\"@type\":\"ListItem\",\"position\":1,\"name\":\"Inici\",\"item\":\"https:\/\/www.garciafaura.com\/es\/\"},{\"@type\":\"ListItem\",\"position\":2,\"name\":\"Levantamos la nueva Escuela Hamelin &#8211; Internacional Laie en Montgat\"}]},{\"@type\":\"WebSite\",\"@id\":\"https:\/\/www.garciafaura.com\/fr\/#website\",\"url\":\"https:\/\/www.garciafaura.com\/fr\/\",\"name\":\"GARCIA FAURA\",\"description\":\"Arquitectura en Alumini, Inox, Ferro i Vidre\",\"publisher\":{\"@id\":\"https:\/\/www.garciafaura.com\/fr\/#organization\"},\"potentialAction\":[{\"@type\":\"SearchAction\",\"target\":{\"@type\":\"EntryPoint\",\"urlTemplate\":\"https:\/\/www.garciafaura.com\/fr\/?s={search_term_string}\"},\"query-input\":{\"@type\":\"PropertyValueSpecification\",\"valueRequired\":true,\"valueName\":\"search_term_string\"}}],\"inLanguage\":\"es\"},{\"@type\":\"Organization\",\"@id\":\"https:\/\/www.garciafaura.com\/fr\/#organization\",\"name\":\"GARCIA FAURA\",\"url\":\"https:\/\/www.garciafaura.com\/fr\/\",\"logo\":{\"@type\":\"ImageObject\",\"inLanguage\":\"es\",\"@id\":\"https:\/\/www.garciafaura.com\/fr\/#\/schema\/logo\/image\/\",\"url\":\"https:\/\/www.garciafaura.com\/wp-content\/uploads\/2018\/09\/Garcia-Faura.png\",\"contentUrl\":\"https:\/\/www.garciafaura.com\/wp-content\/uploads\/2018\/09\/Garcia-Faura.png\",\"width\":512,\"height\":512,\"caption\":\"GARCIA FAURA\"},\"image\":{\"@id\":\"https:\/\/www.garciafaura.com\/fr\/#\/schema\/logo\/image\/\"},\"sameAs\":[\"https:\/\/www.youtube.com\/user\/GARCIAFAURA\"]},{\"@type\":\"Person\",\"@id\":\"https:\/\/www.garciafaura.com\/fr\/#\/schema\/person\/b4b75e69b33fac3446071909bec106b0\",\"name\":\"David Achell\",\"image\":{\"@type\":\"ImageObject\",\"inLanguage\":\"es\",\"@id\":\"https:\/\/www.garciafaura.com\/fr\/#\/schema\/person\/image\/\",\"url\":\"https:\/\/secure.gravatar.com\/avatar\/03900210afc1f61bce737bcb4a79c02e2c997f171e3eca839b5a4cbe03846c90?s=96&d=blank&r=g\",\"contentUrl\":\"https:\/\/secure.gravatar.com\/avatar\/03900210afc1f61bce737bcb4a79c02e2c997f171e3eca839b5a4cbe03846c90?s=96&d=blank&r=g\",\"caption\":\"David Achell\"}}]}<\/script>\n<!-- \/ Yoast SEO plugin. -->","yoast_head_json":{"title":"Levantamos la nueva Escuela Hamelin - Internacional Laie en Montgat - GARCIA FAURA","description":"Arquitectura en Alumini, Inox, Ferro i Vidre","robots":{"index":"index","follow":"follow","max-snippet":"max-snippet:-1","max-image-preview":"max-image-preview:large","max-video-preview":"max-video-preview:-1"},"canonical":"https:\/\/www.garciafaura.com\/es\/levantamos-la-nueva-escuela-hamelin-internacional-laie-en-montgat\/","og_locale":"es_ES","og_type":"article","og_title":"Levantamos la nueva Escuela Hamelin - Internacional Laie en Montgat - GARCIA FAURA","og_description":"Arquitectura en Alumini, Inox, Ferro i Vidre","og_url":"https:\/\/www.garciafaura.com\/es\/levantamos-la-nueva-escuela-hamelin-internacional-laie-en-montgat\/","og_site_name":"GARCIA FAURA","article_published_time":"2015-07-04T00:00:00+00:00","article_modified_time":"2019-06-03T12:08:27+00:00","og_image":[{"url":"https:\/\/www.garciafaura.com\/wp-content\/uploads\/2018\/11\/escola_hamelin_011.jpg","width":1,"height":1,"type":"image\/jpeg"}],"author":"David Achell","twitter_card":"summary_large_image","twitter_misc":{"Escrito por":"David Achell","Tiempo de lectura":"1 minuto"},"schema":{"@context":"https:\/\/schema.org","@graph":[{"@type":"Article","@id":"https:\/\/www.garciafaura.com\/es\/levantamos-la-nueva-escuela-hamelin-internacional-laie-en-montgat\/#article","isPartOf":{"@id":"https:\/\/www.garciafaura.com\/es\/levantamos-la-nueva-escuela-hamelin-internacional-laie-en-montgat\/"},"author":{"name":"David Achell","@id":"https:\/\/www.garciafaura.com\/fr\/#\/schema\/person\/b4b75e69b33fac3446071909bec106b0"},"headline":"Levantamos la nueva Escuela Hamelin &#8211; Internacional Laie en Montgat","datePublished":"2015-07-04T00:00:00+00:00","dateModified":"2019-06-03T12:08:27+00:00","mainEntityOfPage":{"@id":"https:\/\/www.garciafaura.com\/es\/levantamos-la-nueva-escuela-hamelin-internacional-laie-en-montgat\/"},"wordCount":235,"commentCount":0,"publisher":{"@id":"https:\/\/www.garciafaura.com\/fr\/#organization"},"image":{"@id":"https:\/\/www.garciafaura.com\/es\/levantamos-la-nueva-escuela-hamelin-internacional-laie-en-montgat\/#primaryimage"},"thumbnailUrl":"https:\/\/www.garciafaura.com\/wp-content\/uploads\/2018\/11\/escola_hamelin_011.jpg","articleSection":["Actualidad"],"inLanguage":"es","potentialAction":[{"@type":"CommentAction","name":"Comment","target":["https:\/\/www.garciafaura.com\/es\/levantamos-la-nueva-escuela-hamelin-internacional-laie-en-montgat\/#respond"]}]},{"@type":"WebPage","@id":"https:\/\/www.garciafaura.com\/es\/levantamos-la-nueva-escuela-hamelin-internacional-laie-en-montgat\/","url":"https:\/\/www.garciafaura.com\/es\/levantamos-la-nueva-escuela-hamelin-internacional-laie-en-montgat\/","name":"Levantamos la nueva Escuela Hamelin - Internacional Laie en Montgat - GARCIA FAURA","isPartOf":{"@id":"https:\/\/www.garciafaura.com\/fr\/#website"},"primaryImageOfPage":{"@id":"https:\/\/www.garciafaura.com\/es\/levantamos-la-nueva-escuela-hamelin-internacional-laie-en-montgat\/#primaryimage"},"image":{"@id":"https:\/\/www.garciafaura.com\/es\/levantamos-la-nueva-escuela-hamelin-internacional-laie-en-montgat\/#primaryimage"},"thumbnailUrl":"https:\/\/www.garciafaura.com\/wp-content\/uploads\/2018\/11\/escola_hamelin_011.jpg","datePublished":"2015-07-04T00:00:00+00:00","dateModified":"2019-06-03T12:08:27+00:00","description":"Arquitectura en Alumini, Inox, Ferro i Vidre","breadcrumb":{"@id":"https:\/\/www.garciafaura.com\/es\/levantamos-la-nueva-escuela-hamelin-internacional-laie-en-montgat\/#breadcrumb"},"inLanguage":"es","potentialAction":[{"@type":"ReadAction","target":["https:\/\/www.garciafaura.com\/es\/levantamos-la-nueva-escuela-hamelin-internacional-laie-en-montgat\/"]}]},{"@type":"ImageObject","inLanguage":"es","@id":"https:\/\/www.garciafaura.com\/es\/levantamos-la-nueva-escuela-hamelin-internacional-laie-en-montgat\/#primaryimage","url":"https:\/\/www.garciafaura.com\/wp-content\/uploads\/2018\/11\/escola_hamelin_011.jpg","contentUrl":"https:\/\/www.garciafaura.com\/wp-content\/uploads\/2018\/11\/escola_hamelin_011.jpg"},{"@type":"BreadcrumbList","@id":"https:\/\/www.garciafaura.com\/es\/levantamos-la-nueva-escuela-hamelin-internacional-laie-en-montgat\/#breadcrumb","itemListElement":[{"@type":"ListItem","position":1,"name":"Inici","item":"https:\/\/www.garciafaura.com\/es\/"},{"@type":"ListItem","position":2,"name":"Levantamos la nueva Escuela Hamelin &#8211; Internacional Laie en Montgat"}]},{"@type":"WebSite","@id":"https:\/\/www.garciafaura.com\/fr\/#website","url":"https:\/\/www.garciafaura.com\/fr\/","name":"GARCIA FAURA","description":"Arquitectura en Alumini, Inox, Ferro i Vidre","publisher":{"@id":"https:\/\/www.garciafaura.com\/fr\/#organization"},"potentialAction":[{"@type":"SearchAction","target":{"@type":"EntryPoint","urlTemplate":"https:\/\/www.garciafaura.com\/fr\/?s={search_term_string}"},"query-input":{"@type":"PropertyValueSpecification","valueRequired":true,"valueName":"search_term_string"}}],"inLanguage":"es"},{"@type":"Organization","@id":"https:\/\/www.garciafaura.com\/fr\/#organization","name":"GARCIA FAURA","url":"https:\/\/www.garciafaura.com\/fr\/","logo":{"@type":"ImageObject","inLanguage":"es","@id":"https:\/\/www.garciafaura.com\/fr\/#\/schema\/logo\/image\/","url":"https:\/\/www.garciafaura.com\/wp-content\/uploads\/2018\/09\/Garcia-Faura.png","contentUrl":"https:\/\/www.garciafaura.com\/wp-content\/uploads\/2018\/09\/Garcia-Faura.png","width":512,"height":512,"caption":"GARCIA FAURA"},"image":{"@id":"https:\/\/www.garciafaura.com\/fr\/#\/schema\/logo\/image\/"},"sameAs":["https:\/\/www.youtube.com\/user\/GARCIAFAURA"]},{"@type":"Person","@id":"https:\/\/www.garciafaura.com\/fr\/#\/schema\/person\/b4b75e69b33fac3446071909bec106b0","name":"David Achell","image":{"@type":"ImageObject","inLanguage":"es","@id":"https:\/\/www.garciafaura.com\/fr\/#\/schema\/person\/image\/","url":"https:\/\/secure.gravatar.com\/avatar\/03900210afc1f61bce737bcb4a79c02e2c997f171e3eca839b5a4cbe03846c90?s=96&d=blank&r=g","contentUrl":"https:\/\/secure.gravatar.com\/avatar\/03900210afc1f61bce737bcb4a79c02e2c997f171e3eca839b5a4cbe03846c90?s=96&d=blank&r=g","caption":"David Achell"}}]}},"_links":{"self":[{"href":"https:\/\/www.garciafaura.com\/es\/wp-json\/wp\/v2\/posts\/6209","targetHints":{"allow":["GET"]}}],"collection":[{"href":"https:\/\/www.garciafaura.com\/es\/wp-json\/wp\/v2\/posts"}],"about":[{"href":"https:\/\/www.garciafaura.com\/es\/wp-json\/wp\/v2\/types\/post"}],"author":[{"embeddable":true,"href":"https:\/\/www.garciafaura.com\/es\/wp-json\/wp\/v2\/users\/3"}],"replies":[{"embeddable":true,"href":"https:\/\/www.garciafaura.com\/es\/wp-json\/wp\/v2\/comments?post=6209"}],"version-history":[{"count":1,"href":"https:\/\/www.garciafaura.com\/es\/wp-json\/wp\/v2\/posts\/6209\/revisions"}],"predecessor-version":[{"id":21574,"href":"https:\/\/www.garciafaura.com\/es\/wp-json\/wp\/v2\/posts\/6209\/revisions\/21574"}],"wp:featuredmedia":[{"embeddable":true,"href":"https:\/\/www.garciafaura.com\/es\/wp-json\/wp\/v2\/media\/6181"}],"wp:attachment":[{"href":"https:\/\/www.garciafaura.com\/es\/wp-json\/wp\/v2\/media?parent=6209"}],"wp:term":[{"taxonomy":"category","embeddable":true,"href":"https:\/\/www.garciafaura.com\/es\/wp-json\/wp\/v2\/categories?post=6209"},{"taxonomy":"post_tag","embeddable":true,"href":"https:\/\/www.garciafaura.com\/es\/wp-json\/wp\/v2\/tags?post=6209"},{"taxonomy":"post_series","embeddable":true,"href":"https:\/\/www.garciafaura.com\/es\/wp-json\/wp\/v2\/post_series?post=6209"}],"curies":[{"name":"wp","href":"https:\/\/api.w.org\/{rel}","templated":true}]}}