{"id":6161,"date":"2015-06-12T00:00:00","date_gmt":"2015-06-12T00:00:00","guid":{"rendered":"https:\/\/www.garciafaura.com\/garcia-faura-en-la-ampliacion-del-aeropuerto-internacional-el-dorado-colombia\/"},"modified":"2019-06-03T12:08:59","modified_gmt":"2019-06-03T12:08:59","slug":"garcia-faura-en-la-ampliacion-del-aeropuerto-internacional-el-dorado-colombia","status":"publish","type":"post","link":"https:\/\/www.garciafaura.com\/es\/garcia-faura-en-la-ampliacion-del-aeropuerto-internacional-el-dorado-colombia\/","title":{"rendered":"GARCIA FAURA en la ampliaci\u00f3n del Aeropuerto Internacional El Dorado (Colombia)"},"content":{"rendered":"<p>&nbsp;<\/p>\n<p>El Centro de Gesti\u00f3n Aeron\u00e1utico, junto con la nueva Torre de Control del aeropuerto, constituye una de las obras de infraestructura aeron\u00e1utica m\u00e1s importantes adjudicadas por\u00a0 la autoridad aerocivil en los \u00faltimos a\u00f1os, permiti\u00e9ndole al pa\u00eds contar con un moderno complejo de vocaci\u00f3n misional aeron\u00e1utica, acorde a las necesidades y retos futuros de la aviaci\u00f3n. El conjunto permite garantizar la expansi\u00f3n futura del aeropuerto y se convierte en un \u00edcono para Bogot\u00e1, sobre el cual girar\u00e1 la operaci\u00f3n del aeropuerto El Dorado.<\/p>\n<p>&nbsp;<\/p>\n<p><strong>GARCIA FAURA<\/strong> ha sido la empresa contratada para ejecutar los trabajos de ambas infraestructuras. El nuevo Centro de Gesti\u00f3n Aeron\u00e1utico se compone de\u00a0m\u00e1s de 1000 metros cuadrados de fachada flotante, as\u00ed como 130 metros cuadrados de fachada para lucernario. Los trabajos tambi\u00e9n incluyen la instalaci\u00f3n de casi 900 metros cuadrados de cerramientos de aluminio, con rotura de puente t\u00e9rmico y altas prestaciones t\u00e9cnicas y ac\u00fasticas. Con respecto\u00a0a la nova Torre de Control, de arquitectura singular,\u00a0se ejecutan diferentes zonas\u00a0de panel composite, cerramientos de\u00a0aluminio, lucernarios\u00a0y\u00a0varias zonas\u00a0de muro cortina convencional, inclinado\u00a0y romboidal.<\/p>\n<p>&nbsp;<\/p>\n<p>El sello de calidad de <strong>GARCIA FAURA<\/strong> permitir\u00e1 dotar a la instalaci\u00f3n de los est\u00e1ndares de confort que requiere un edificio de estas caracter\u00edsticas, llamado a convertirse en icono del desarrollo colombiano, y tarjeta de presentaci\u00f3n del pa\u00eds al mundo.<\/p>\n","protected":false},"excerpt":{"rendered":"<p>La empresa levanta la nueva Torre de Control y el Centro de Gesti\u00f3n Aeron\u00e1utico de Colombia, en la zona de ampliaci\u00f3n del Aeropuerto Internacional El Dorado, que posibilitar\u00e1 el crecimiento del tr\u00e1fico a\u00e9reo a niveles internacionales, en consonancia con los pa\u00edses de mayor desarrollo en materia de aviaci\u00f3n. GARCIA FAURA fabrica e instala el conjunto de fachadas flotantes y ventaner\u00eda de la instalaci\u00f3n.<\/p>\n","protected":false},"author":3,"featured_media":6129,"comment_status":"open","ping_status":"open","sticky":false,"template":"","format":"standard","meta":{"footnotes":""},"categories":[3],"tags":[],"post_series":[],"class_list":["post-6161","post","type-post","status-publish","format-standard","has-post-thumbnail","hentry","category-actualidad","entry","has-media"],"yoast_head":"<!-- This site is optimized with the Yoast SEO plugin v26.7 - https:\/\/yoast.com\/wordpress\/plugins\/seo\/ -->\n<title>GARCIA FAURA en la ampliaci\u00f3n del Aeropuerto Internacional El Dorado (Colombia) - GARCIA FAURA<\/title>\n<meta name=\"description\" content=\"Arquitectura en Alumini, Inox, Ferro i Vidre\" \/>\n<meta name=\"robots\" content=\"index, follow, max-snippet:-1, max-image-preview:large, max-video-preview:-1\" \/>\n<link rel=\"canonical\" href=\"https:\/\/www.garciafaura.com\/es\/garcia-faura-en-la-ampliacion-del-aeropuerto-internacional-el-dorado-colombia\/\" \/>\n<meta property=\"og:locale\" content=\"es_ES\" \/>\n<meta property=\"og:type\" content=\"article\" \/>\n<meta property=\"og:title\" content=\"GARCIA FAURA en la ampliaci\u00f3n del Aeropuerto Internacional El Dorado (Colombia) - GARCIA FAURA\" \/>\n<meta property=\"og:description\" content=\"Arquitectura en Alumini, Inox, Ferro i Vidre\" \/>\n<meta property=\"og:url\" content=\"https:\/\/www.garciafaura.com\/es\/garcia-faura-en-la-ampliacion-del-aeropuerto-internacional-el-dorado-colombia\/\" \/>\n<meta property=\"og:site_name\" content=\"GARCIA FAURA\" \/>\n<meta property=\"article:published_time\" content=\"2015-06-12T00:00:00+00:00\" \/>\n<meta property=\"article:modified_time\" content=\"2019-06-03T12:08:59+00:00\" \/>\n<meta property=\"og:image\" content=\"https:\/\/www.garciafaura.com\/wp-content\/uploads\/2018\/11\/img-20141218-wa0005.jpg\" \/>\n\t<meta property=\"og:image:width\" content=\"1\" \/>\n\t<meta property=\"og:image:height\" content=\"1\" \/>\n\t<meta property=\"og:image:type\" content=\"image\/jpeg\" \/>\n<meta name=\"author\" content=\"David Achell\" \/>\n<meta name=\"twitter:card\" content=\"summary_large_image\" \/>\n<meta name=\"twitter:label1\" content=\"Escrito por\" \/>\n\t<meta name=\"twitter:data1\" content=\"David Achell\" \/>\n\t<meta name=\"twitter:label2\" content=\"Tiempo de lectura\" \/>\n\t<meta name=\"twitter:data2\" content=\"1 minuto\" \/>\n<script type=\"application\/ld+json\" class=\"yoast-schema-graph\">{\"@context\":\"https:\/\/schema.org\",\"@graph\":[{\"@type\":\"Article\",\"@id\":\"https:\/\/www.garciafaura.com\/es\/garcia-faura-en-la-ampliacion-del-aeropuerto-internacional-el-dorado-colombia\/#article\",\"isPartOf\":{\"@id\":\"https:\/\/www.garciafaura.com\/es\/garcia-faura-en-la-ampliacion-del-aeropuerto-internacional-el-dorado-colombia\/\"},\"author\":{\"name\":\"David Achell\",\"@id\":\"https:\/\/www.garciafaura.com\/fr\/#\/schema\/person\/b4b75e69b33fac3446071909bec106b0\"},\"headline\":\"GARCIA FAURA en la ampliaci\u00f3n del Aeropuerto Internacional El Dorado (Colombia)\",\"datePublished\":\"2015-06-12T00:00:00+00:00\",\"dateModified\":\"2019-06-03T12:08:59+00:00\",\"mainEntityOfPage\":{\"@id\":\"https:\/\/www.garciafaura.com\/es\/garcia-faura-en-la-ampliacion-del-aeropuerto-internacional-el-dorado-colombia\/\"},\"wordCount\":257,\"commentCount\":0,\"publisher\":{\"@id\":\"https:\/\/www.garciafaura.com\/fr\/#organization\"},\"image\":{\"@id\":\"https:\/\/www.garciafaura.com\/es\/garcia-faura-en-la-ampliacion-del-aeropuerto-internacional-el-dorado-colombia\/#primaryimage\"},\"thumbnailUrl\":\"https:\/\/www.garciafaura.com\/wp-content\/uploads\/2018\/11\/img-20141218-wa0005.jpg\",\"articleSection\":[\"Actualidad\"],\"inLanguage\":\"es\",\"potentialAction\":[{\"@type\":\"CommentAction\",\"name\":\"Comment\",\"target\":[\"https:\/\/www.garciafaura.com\/es\/garcia-faura-en-la-ampliacion-del-aeropuerto-internacional-el-dorado-colombia\/#respond\"]}]},{\"@type\":\"WebPage\",\"@id\":\"https:\/\/www.garciafaura.com\/es\/garcia-faura-en-la-ampliacion-del-aeropuerto-internacional-el-dorado-colombia\/\",\"url\":\"https:\/\/www.garciafaura.com\/es\/garcia-faura-en-la-ampliacion-del-aeropuerto-internacional-el-dorado-colombia\/\",\"name\":\"GARCIA FAURA en la ampliaci\u00f3n del Aeropuerto Internacional El Dorado (Colombia) - GARCIA FAURA\",\"isPartOf\":{\"@id\":\"https:\/\/www.garciafaura.com\/fr\/#website\"},\"primaryImageOfPage\":{\"@id\":\"https:\/\/www.garciafaura.com\/es\/garcia-faura-en-la-ampliacion-del-aeropuerto-internacional-el-dorado-colombia\/#primaryimage\"},\"image\":{\"@id\":\"https:\/\/www.garciafaura.com\/es\/garcia-faura-en-la-ampliacion-del-aeropuerto-internacional-el-dorado-colombia\/#primaryimage\"},\"thumbnailUrl\":\"https:\/\/www.garciafaura.com\/wp-content\/uploads\/2018\/11\/img-20141218-wa0005.jpg\",\"datePublished\":\"2015-06-12T00:00:00+00:00\",\"dateModified\":\"2019-06-03T12:08:59+00:00\",\"description\":\"Arquitectura en Alumini, Inox, Ferro i Vidre\",\"breadcrumb\":{\"@id\":\"https:\/\/www.garciafaura.com\/es\/garcia-faura-en-la-ampliacion-del-aeropuerto-internacional-el-dorado-colombia\/#breadcrumb\"},\"inLanguage\":\"es\",\"potentialAction\":[{\"@type\":\"ReadAction\",\"target\":[\"https:\/\/www.garciafaura.com\/es\/garcia-faura-en-la-ampliacion-del-aeropuerto-internacional-el-dorado-colombia\/\"]}]},{\"@type\":\"ImageObject\",\"inLanguage\":\"es\",\"@id\":\"https:\/\/www.garciafaura.com\/es\/garcia-faura-en-la-ampliacion-del-aeropuerto-internacional-el-dorado-colombia\/#primaryimage\",\"url\":\"https:\/\/www.garciafaura.com\/wp-content\/uploads\/2018\/11\/img-20141218-wa0005.jpg\",\"contentUrl\":\"https:\/\/www.garciafaura.com\/wp-content\/uploads\/2018\/11\/img-20141218-wa0005.jpg\"},{\"@type\":\"BreadcrumbList\",\"@id\":\"https:\/\/www.garciafaura.com\/es\/garcia-faura-en-la-ampliacion-del-aeropuerto-internacional-el-dorado-colombia\/#breadcrumb\",\"itemListElement\":[{\"@type\":\"ListItem\",\"position\":1,\"name\":\"Inici\",\"item\":\"https:\/\/www.garciafaura.com\/es\/\"},{\"@type\":\"ListItem\",\"position\":2,\"name\":\"GARCIA FAURA en la ampliaci\u00f3n del Aeropuerto Internacional El Dorado (Colombia)\"}]},{\"@type\":\"WebSite\",\"@id\":\"https:\/\/www.garciafaura.com\/fr\/#website\",\"url\":\"https:\/\/www.garciafaura.com\/fr\/\",\"name\":\"GARCIA FAURA\",\"description\":\"Arquitectura en Alumini, Inox, Ferro i Vidre\",\"publisher\":{\"@id\":\"https:\/\/www.garciafaura.com\/fr\/#organization\"},\"potentialAction\":[{\"@type\":\"SearchAction\",\"target\":{\"@type\":\"EntryPoint\",\"urlTemplate\":\"https:\/\/www.garciafaura.com\/fr\/?s={search_term_string}\"},\"query-input\":{\"@type\":\"PropertyValueSpecification\",\"valueRequired\":true,\"valueName\":\"search_term_string\"}}],\"inLanguage\":\"es\"},{\"@type\":\"Organization\",\"@id\":\"https:\/\/www.garciafaura.com\/fr\/#organization\",\"name\":\"GARCIA FAURA\",\"url\":\"https:\/\/www.garciafaura.com\/fr\/\",\"logo\":{\"@type\":\"ImageObject\",\"inLanguage\":\"es\",\"@id\":\"https:\/\/www.garciafaura.com\/fr\/#\/schema\/logo\/image\/\",\"url\":\"https:\/\/www.garciafaura.com\/wp-content\/uploads\/2018\/09\/Garcia-Faura.png\",\"contentUrl\":\"https:\/\/www.garciafaura.com\/wp-content\/uploads\/2018\/09\/Garcia-Faura.png\",\"width\":512,\"height\":512,\"caption\":\"GARCIA FAURA\"},\"image\":{\"@id\":\"https:\/\/www.garciafaura.com\/fr\/#\/schema\/logo\/image\/\"},\"sameAs\":[\"https:\/\/www.youtube.com\/user\/GARCIAFAURA\"]},{\"@type\":\"Person\",\"@id\":\"https:\/\/www.garciafaura.com\/fr\/#\/schema\/person\/b4b75e69b33fac3446071909bec106b0\",\"name\":\"David Achell\",\"image\":{\"@type\":\"ImageObject\",\"inLanguage\":\"es\",\"@id\":\"https:\/\/www.garciafaura.com\/fr\/#\/schema\/person\/image\/\",\"url\":\"https:\/\/secure.gravatar.com\/avatar\/03900210afc1f61bce737bcb4a79c02e2c997f171e3eca839b5a4cbe03846c90?s=96&d=blank&r=g\",\"contentUrl\":\"https:\/\/secure.gravatar.com\/avatar\/03900210afc1f61bce737bcb4a79c02e2c997f171e3eca839b5a4cbe03846c90?s=96&d=blank&r=g\",\"caption\":\"David Achell\"}}]}<\/script>\n<!-- \/ Yoast SEO plugin. -->","yoast_head_json":{"title":"GARCIA FAURA en la ampliaci\u00f3n del Aeropuerto Internacional El Dorado (Colombia) - GARCIA FAURA","description":"Arquitectura en Alumini, Inox, Ferro i Vidre","robots":{"index":"index","follow":"follow","max-snippet":"max-snippet:-1","max-image-preview":"max-image-preview:large","max-video-preview":"max-video-preview:-1"},"canonical":"https:\/\/www.garciafaura.com\/es\/garcia-faura-en-la-ampliacion-del-aeropuerto-internacional-el-dorado-colombia\/","og_locale":"es_ES","og_type":"article","og_title":"GARCIA FAURA en la ampliaci\u00f3n del Aeropuerto Internacional El Dorado (Colombia) - GARCIA FAURA","og_description":"Arquitectura en Alumini, Inox, Ferro i Vidre","og_url":"https:\/\/www.garciafaura.com\/es\/garcia-faura-en-la-ampliacion-del-aeropuerto-internacional-el-dorado-colombia\/","og_site_name":"GARCIA FAURA","article_published_time":"2015-06-12T00:00:00+00:00","article_modified_time":"2019-06-03T12:08:59+00:00","og_image":[{"url":"https:\/\/www.garciafaura.com\/wp-content\/uploads\/2018\/11\/img-20141218-wa0005.jpg","width":1,"height":1,"type":"image\/jpeg"}],"author":"David Achell","twitter_card":"summary_large_image","twitter_misc":{"Escrito por":"David Achell","Tiempo de lectura":"1 minuto"},"schema":{"@context":"https:\/\/schema.org","@graph":[{"@type":"Article","@id":"https:\/\/www.garciafaura.com\/es\/garcia-faura-en-la-ampliacion-del-aeropuerto-internacional-el-dorado-colombia\/#article","isPartOf":{"@id":"https:\/\/www.garciafaura.com\/es\/garcia-faura-en-la-ampliacion-del-aeropuerto-internacional-el-dorado-colombia\/"},"author":{"name":"David Achell","@id":"https:\/\/www.garciafaura.com\/fr\/#\/schema\/person\/b4b75e69b33fac3446071909bec106b0"},"headline":"GARCIA FAURA en la ampliaci\u00f3n del Aeropuerto Internacional El Dorado (Colombia)","datePublished":"2015-06-12T00:00:00+00:00","dateModified":"2019-06-03T12:08:59+00:00","mainEntityOfPage":{"@id":"https:\/\/www.garciafaura.com\/es\/garcia-faura-en-la-ampliacion-del-aeropuerto-internacional-el-dorado-colombia\/"},"wordCount":257,"commentCount":0,"publisher":{"@id":"https:\/\/www.garciafaura.com\/fr\/#organization"},"image":{"@id":"https:\/\/www.garciafaura.com\/es\/garcia-faura-en-la-ampliacion-del-aeropuerto-internacional-el-dorado-colombia\/#primaryimage"},"thumbnailUrl":"https:\/\/www.garciafaura.com\/wp-content\/uploads\/2018\/11\/img-20141218-wa0005.jpg","articleSection":["Actualidad"],"inLanguage":"es","potentialAction":[{"@type":"CommentAction","name":"Comment","target":["https:\/\/www.garciafaura.com\/es\/garcia-faura-en-la-ampliacion-del-aeropuerto-internacional-el-dorado-colombia\/#respond"]}]},{"@type":"WebPage","@id":"https:\/\/www.garciafaura.com\/es\/garcia-faura-en-la-ampliacion-del-aeropuerto-internacional-el-dorado-colombia\/","url":"https:\/\/www.garciafaura.com\/es\/garcia-faura-en-la-ampliacion-del-aeropuerto-internacional-el-dorado-colombia\/","name":"GARCIA FAURA en la ampliaci\u00f3n del Aeropuerto Internacional El Dorado (Colombia) - GARCIA FAURA","isPartOf":{"@id":"https:\/\/www.garciafaura.com\/fr\/#website"},"primaryImageOfPage":{"@id":"https:\/\/www.garciafaura.com\/es\/garcia-faura-en-la-ampliacion-del-aeropuerto-internacional-el-dorado-colombia\/#primaryimage"},"image":{"@id":"https:\/\/www.garciafaura.com\/es\/garcia-faura-en-la-ampliacion-del-aeropuerto-internacional-el-dorado-colombia\/#primaryimage"},"thumbnailUrl":"https:\/\/www.garciafaura.com\/wp-content\/uploads\/2018\/11\/img-20141218-wa0005.jpg","datePublished":"2015-06-12T00:00:00+00:00","dateModified":"2019-06-03T12:08:59+00:00","description":"Arquitectura en Alumini, Inox, Ferro i Vidre","breadcrumb":{"@id":"https:\/\/www.garciafaura.com\/es\/garcia-faura-en-la-ampliacion-del-aeropuerto-internacional-el-dorado-colombia\/#breadcrumb"},"inLanguage":"es","potentialAction":[{"@type":"ReadAction","target":["https:\/\/www.garciafaura.com\/es\/garcia-faura-en-la-ampliacion-del-aeropuerto-internacional-el-dorado-colombia\/"]}]},{"@type":"ImageObject","inLanguage":"es","@id":"https:\/\/www.garciafaura.com\/es\/garcia-faura-en-la-ampliacion-del-aeropuerto-internacional-el-dorado-colombia\/#primaryimage","url":"https:\/\/www.garciafaura.com\/wp-content\/uploads\/2018\/11\/img-20141218-wa0005.jpg","contentUrl":"https:\/\/www.garciafaura.com\/wp-content\/uploads\/2018\/11\/img-20141218-wa0005.jpg"},{"@type":"BreadcrumbList","@id":"https:\/\/www.garciafaura.com\/es\/garcia-faura-en-la-ampliacion-del-aeropuerto-internacional-el-dorado-colombia\/#breadcrumb","itemListElement":[{"@type":"ListItem","position":1,"name":"Inici","item":"https:\/\/www.garciafaura.com\/es\/"},{"@type":"ListItem","position":2,"name":"GARCIA FAURA en la ampliaci\u00f3n del Aeropuerto Internacional El Dorado (Colombia)"}]},{"@type":"WebSite","@id":"https:\/\/www.garciafaura.com\/fr\/#website","url":"https:\/\/www.garciafaura.com\/fr\/","name":"GARCIA FAURA","description":"Arquitectura en Alumini, Inox, Ferro i Vidre","publisher":{"@id":"https:\/\/www.garciafaura.com\/fr\/#organization"},"potentialAction":[{"@type":"SearchAction","target":{"@type":"EntryPoint","urlTemplate":"https:\/\/www.garciafaura.com\/fr\/?s={search_term_string}"},"query-input":{"@type":"PropertyValueSpecification","valueRequired":true,"valueName":"search_term_string"}}],"inLanguage":"es"},{"@type":"Organization","@id":"https:\/\/www.garciafaura.com\/fr\/#organization","name":"GARCIA FAURA","url":"https:\/\/www.garciafaura.com\/fr\/","logo":{"@type":"ImageObject","inLanguage":"es","@id":"https:\/\/www.garciafaura.com\/fr\/#\/schema\/logo\/image\/","url":"https:\/\/www.garciafaura.com\/wp-content\/uploads\/2018\/09\/Garcia-Faura.png","contentUrl":"https:\/\/www.garciafaura.com\/wp-content\/uploads\/2018\/09\/Garcia-Faura.png","width":512,"height":512,"caption":"GARCIA FAURA"},"image":{"@id":"https:\/\/www.garciafaura.com\/fr\/#\/schema\/logo\/image\/"},"sameAs":["https:\/\/www.youtube.com\/user\/GARCIAFAURA"]},{"@type":"Person","@id":"https:\/\/www.garciafaura.com\/fr\/#\/schema\/person\/b4b75e69b33fac3446071909bec106b0","name":"David Achell","image":{"@type":"ImageObject","inLanguage":"es","@id":"https:\/\/www.garciafaura.com\/fr\/#\/schema\/person\/image\/","url":"https:\/\/secure.gravatar.com\/avatar\/03900210afc1f61bce737bcb4a79c02e2c997f171e3eca839b5a4cbe03846c90?s=96&d=blank&r=g","contentUrl":"https:\/\/secure.gravatar.com\/avatar\/03900210afc1f61bce737bcb4a79c02e2c997f171e3eca839b5a4cbe03846c90?s=96&d=blank&r=g","caption":"David Achell"}}]}},"_links":{"self":[{"href":"https:\/\/www.garciafaura.com\/es\/wp-json\/wp\/v2\/posts\/6161","targetHints":{"allow":["GET"]}}],"collection":[{"href":"https:\/\/www.garciafaura.com\/es\/wp-json\/wp\/v2\/posts"}],"about":[{"href":"https:\/\/www.garciafaura.com\/es\/wp-json\/wp\/v2\/types\/post"}],"author":[{"embeddable":true,"href":"https:\/\/www.garciafaura.com\/es\/wp-json\/wp\/v2\/users\/3"}],"replies":[{"embeddable":true,"href":"https:\/\/www.garciafaura.com\/es\/wp-json\/wp\/v2\/comments?post=6161"}],"version-history":[{"count":1,"href":"https:\/\/www.garciafaura.com\/es\/wp-json\/wp\/v2\/posts\/6161\/revisions"}],"predecessor-version":[{"id":21576,"href":"https:\/\/www.garciafaura.com\/es\/wp-json\/wp\/v2\/posts\/6161\/revisions\/21576"}],"wp:featuredmedia":[{"embeddable":true,"href":"https:\/\/www.garciafaura.com\/es\/wp-json\/wp\/v2\/media\/6129"}],"wp:attachment":[{"href":"https:\/\/www.garciafaura.com\/es\/wp-json\/wp\/v2\/media?parent=6161"}],"wp:term":[{"taxonomy":"category","embeddable":true,"href":"https:\/\/www.garciafaura.com\/es\/wp-json\/wp\/v2\/categories?post=6161"},{"taxonomy":"post_tag","embeddable":true,"href":"https:\/\/www.garciafaura.com\/es\/wp-json\/wp\/v2\/tags?post=6161"},{"taxonomy":"post_series","embeddable":true,"href":"https:\/\/www.garciafaura.com\/es\/wp-json\/wp\/v2\/post_series?post=6161"}],"curies":[{"name":"wp","href":"https:\/\/api.w.org\/{rel}","templated":true}]}}