{"id":6113,"date":"2014-05-03T00:00:00","date_gmt":"2014-05-03T00:00:00","guid":{"rendered":"https:\/\/www.garciafaura.com\/acabado-el-nuevo-yurbban-trafalgar-hotel\/"},"modified":"2019-06-03T12:09:30","modified_gmt":"2019-06-03T12:09:30","slug":"acabado-el-nuevo-yurbban-trafalgar-hotel","status":"publish","type":"post","link":"https:\/\/www.garciafaura.com\/es\/acabado-el-nuevo-yurbban-trafalgar-hotel\/","title":{"rendered":"Acabado el nuevo Yurbban Trafalgar Hotel"},"content":{"rendered":"<p>&nbsp;<\/p>\n<p>La cadena catalana Smart Rooms abre su primer equipamiento hotelero en el centro de Barcelona. Bajo la marca Yurbban Hotel, el establecimiento cuenta con 56 habitaciones y 3 estrellas, y se ubica en la Calle de Trafalgar, en la antigua sede de la compa\u00f1\u00eda textil Marxan. El edificio ha sido objeto de una profunda rehabilitaci\u00f3n para adaptarlo a su nuevo uso. Ha jugado a su favor la estructura moderna con que ya contaba el inmueble, de m\u00e1s de 3000 metros cuadrados, y que ofrece una renovada fachada que deviene rasgo distintivo del Hotel.<\/p>\n<p>&nbsp;<\/p>\n<p><strong>GARCIA FAURA<\/strong> ha fabricado e instalado para este nuevo equipamiento m\u00e1s de ochenta cerramientos de aluminio con rotura de puente t\u00e9rmico. Se trata de ventanas practicables y elevables de altas prestaciones t\u00e9cnicas y elevados niveles de aislamiento, garantizados por la combinaci\u00f3n de perfiler\u00eda avanzada y vidrios de baja emisividad. La empresa tambi\u00e9n ha intervenido en los 50 metros cuadrados de muro cortina que conforman la nueva fachada del edificio, as\u00ed como en el entramado de lamas que crean su apariencia exterior.<\/p>\n<p>&nbsp;<\/p>\n<p>Smart Rooms ya regentaba apartamentos y residencias, y ahora ampl\u00eda el negocio con la gesti\u00f3n directa de hoteles, como el Yurbban Trafalgar Hotel, que cuenta con habitaciones de diferentes tipolog\u00edas, piscina en la cubierta y servicios de restauraci\u00f3n. Su ubicaci\u00f3n, a caballo entre los barrios del Eixample y Ciutat Vella, dotan al equipamiento de un elevado atractivo tur\u00edstico. El establecimiento abre puertas este mismo mes.<\/p>\n","protected":false},"excerpt":{"rendered":"<p>Barcelona inaugura un nuevo hotel de dise\u00f1o cosmopolita y concepci\u00f3n urbana. Ubicado en el centro de la ciudad, el establecimiento cuenta con 60 habitaciones y servicios de restauraci\u00f3n. GARCIA FAURA ha realizado los trabajos de aluminio, vidrio y acero para rehabilitar el antiguo edificio donde se alza el hotel y dotarlo de la imagen de vanguardia que la marca quiere proyectar a sus clientes.<\/p>\n","protected":false},"author":3,"featured_media":6097,"comment_status":"open","ping_status":"open","sticky":false,"template":"","format":"standard","meta":{"footnotes":""},"categories":[3],"tags":[],"post_series":[],"class_list":["post-6113","post","type-post","status-publish","format-standard","has-post-thumbnail","hentry","category-actualidad","entry","has-media"],"yoast_head":"<!-- This site is optimized with the Yoast SEO plugin v26.7 - https:\/\/yoast.com\/wordpress\/plugins\/seo\/ -->\n<title>Acabado el nuevo Yurbban Trafalgar Hotel - GARCIA FAURA<\/title>\n<meta name=\"description\" content=\"Arquitectura en Alumini, Inox, Ferro i Vidre\" \/>\n<meta name=\"robots\" content=\"index, follow, max-snippet:-1, max-image-preview:large, max-video-preview:-1\" \/>\n<link rel=\"canonical\" href=\"https:\/\/www.garciafaura.com\/es\/acabado-el-nuevo-yurbban-trafalgar-hotel\/\" \/>\n<meta property=\"og:locale\" content=\"es_ES\" \/>\n<meta property=\"og:type\" content=\"article\" \/>\n<meta property=\"og:title\" content=\"Acabado el nuevo Yurbban Trafalgar Hotel - GARCIA FAURA\" \/>\n<meta property=\"og:description\" content=\"Arquitectura en Alumini, Inox, Ferro i Vidre\" \/>\n<meta property=\"og:url\" content=\"https:\/\/www.garciafaura.com\/es\/acabado-el-nuevo-yurbban-trafalgar-hotel\/\" \/>\n<meta property=\"og:site_name\" content=\"GARCIA FAURA\" \/>\n<meta property=\"article:published_time\" content=\"2014-05-03T00:00:00+00:00\" \/>\n<meta property=\"article:modified_time\" content=\"2019-06-03T12:09:30+00:00\" \/>\n<meta property=\"og:image\" content=\"https:\/\/www.garciafaura.com\/wp-content\/uploads\/2018\/11\/hotel_trafalgar_01.jpg\" \/>\n\t<meta property=\"og:image:width\" content=\"1\" \/>\n\t<meta property=\"og:image:height\" content=\"1\" \/>\n\t<meta property=\"og:image:type\" content=\"image\/jpeg\" \/>\n<meta name=\"author\" content=\"David Achell\" \/>\n<meta name=\"twitter:card\" content=\"summary_large_image\" \/>\n<meta name=\"twitter:label1\" content=\"Escrito por\" \/>\n\t<meta name=\"twitter:data1\" content=\"David Achell\" \/>\n\t<meta name=\"twitter:label2\" content=\"Tiempo de lectura\" \/>\n\t<meta name=\"twitter:data2\" content=\"1 minuto\" \/>\n<script type=\"application\/ld+json\" class=\"yoast-schema-graph\">{\"@context\":\"https:\/\/schema.org\",\"@graph\":[{\"@type\":\"Article\",\"@id\":\"https:\/\/www.garciafaura.com\/es\/acabado-el-nuevo-yurbban-trafalgar-hotel\/#article\",\"isPartOf\":{\"@id\":\"https:\/\/www.garciafaura.com\/es\/acabado-el-nuevo-yurbban-trafalgar-hotel\/\"},\"author\":{\"name\":\"David Achell\",\"@id\":\"https:\/\/www.garciafaura.com\/fr\/#\/schema\/person\/b4b75e69b33fac3446071909bec106b0\"},\"headline\":\"Acabado el nuevo Yurbban Trafalgar Hotel\",\"datePublished\":\"2014-05-03T00:00:00+00:00\",\"dateModified\":\"2019-06-03T12:09:30+00:00\",\"mainEntityOfPage\":{\"@id\":\"https:\/\/www.garciafaura.com\/es\/acabado-el-nuevo-yurbban-trafalgar-hotel\/\"},\"wordCount\":259,\"commentCount\":0,\"publisher\":{\"@id\":\"https:\/\/www.garciafaura.com\/fr\/#organization\"},\"image\":{\"@id\":\"https:\/\/www.garciafaura.com\/es\/acabado-el-nuevo-yurbban-trafalgar-hotel\/#primaryimage\"},\"thumbnailUrl\":\"https:\/\/www.garciafaura.com\/wp-content\/uploads\/2018\/11\/hotel_trafalgar_01.jpg\",\"articleSection\":[\"Actualidad\"],\"inLanguage\":\"es\",\"potentialAction\":[{\"@type\":\"CommentAction\",\"name\":\"Comment\",\"target\":[\"https:\/\/www.garciafaura.com\/es\/acabado-el-nuevo-yurbban-trafalgar-hotel\/#respond\"]}]},{\"@type\":\"WebPage\",\"@id\":\"https:\/\/www.garciafaura.com\/es\/acabado-el-nuevo-yurbban-trafalgar-hotel\/\",\"url\":\"https:\/\/www.garciafaura.com\/es\/acabado-el-nuevo-yurbban-trafalgar-hotel\/\",\"name\":\"Acabado el nuevo Yurbban Trafalgar Hotel - GARCIA FAURA\",\"isPartOf\":{\"@id\":\"https:\/\/www.garciafaura.com\/fr\/#website\"},\"primaryImageOfPage\":{\"@id\":\"https:\/\/www.garciafaura.com\/es\/acabado-el-nuevo-yurbban-trafalgar-hotel\/#primaryimage\"},\"image\":{\"@id\":\"https:\/\/www.garciafaura.com\/es\/acabado-el-nuevo-yurbban-trafalgar-hotel\/#primaryimage\"},\"thumbnailUrl\":\"https:\/\/www.garciafaura.com\/wp-content\/uploads\/2018\/11\/hotel_trafalgar_01.jpg\",\"datePublished\":\"2014-05-03T00:00:00+00:00\",\"dateModified\":\"2019-06-03T12:09:30+00:00\",\"description\":\"Arquitectura en Alumini, Inox, Ferro i Vidre\",\"breadcrumb\":{\"@id\":\"https:\/\/www.garciafaura.com\/es\/acabado-el-nuevo-yurbban-trafalgar-hotel\/#breadcrumb\"},\"inLanguage\":\"es\",\"potentialAction\":[{\"@type\":\"ReadAction\",\"target\":[\"https:\/\/www.garciafaura.com\/es\/acabado-el-nuevo-yurbban-trafalgar-hotel\/\"]}]},{\"@type\":\"ImageObject\",\"inLanguage\":\"es\",\"@id\":\"https:\/\/www.garciafaura.com\/es\/acabado-el-nuevo-yurbban-trafalgar-hotel\/#primaryimage\",\"url\":\"https:\/\/www.garciafaura.com\/wp-content\/uploads\/2018\/11\/hotel_trafalgar_01.jpg\",\"contentUrl\":\"https:\/\/www.garciafaura.com\/wp-content\/uploads\/2018\/11\/hotel_trafalgar_01.jpg\"},{\"@type\":\"BreadcrumbList\",\"@id\":\"https:\/\/www.garciafaura.com\/es\/acabado-el-nuevo-yurbban-trafalgar-hotel\/#breadcrumb\",\"itemListElement\":[{\"@type\":\"ListItem\",\"position\":1,\"name\":\"Inici\",\"item\":\"https:\/\/www.garciafaura.com\/es\/\"},{\"@type\":\"ListItem\",\"position\":2,\"name\":\"Acabado el nuevo Yurbban Trafalgar Hotel\"}]},{\"@type\":\"WebSite\",\"@id\":\"https:\/\/www.garciafaura.com\/fr\/#website\",\"url\":\"https:\/\/www.garciafaura.com\/fr\/\",\"name\":\"GARCIA FAURA\",\"description\":\"Arquitectura en Alumini, Inox, Ferro i Vidre\",\"publisher\":{\"@id\":\"https:\/\/www.garciafaura.com\/fr\/#organization\"},\"potentialAction\":[{\"@type\":\"SearchAction\",\"target\":{\"@type\":\"EntryPoint\",\"urlTemplate\":\"https:\/\/www.garciafaura.com\/fr\/?s={search_term_string}\"},\"query-input\":{\"@type\":\"PropertyValueSpecification\",\"valueRequired\":true,\"valueName\":\"search_term_string\"}}],\"inLanguage\":\"es\"},{\"@type\":\"Organization\",\"@id\":\"https:\/\/www.garciafaura.com\/fr\/#organization\",\"name\":\"GARCIA FAURA\",\"url\":\"https:\/\/www.garciafaura.com\/fr\/\",\"logo\":{\"@type\":\"ImageObject\",\"inLanguage\":\"es\",\"@id\":\"https:\/\/www.garciafaura.com\/fr\/#\/schema\/logo\/image\/\",\"url\":\"https:\/\/www.garciafaura.com\/wp-content\/uploads\/2018\/09\/Garcia-Faura.png\",\"contentUrl\":\"https:\/\/www.garciafaura.com\/wp-content\/uploads\/2018\/09\/Garcia-Faura.png\",\"width\":512,\"height\":512,\"caption\":\"GARCIA FAURA\"},\"image\":{\"@id\":\"https:\/\/www.garciafaura.com\/fr\/#\/schema\/logo\/image\/\"},\"sameAs\":[\"https:\/\/www.youtube.com\/user\/GARCIAFAURA\"]},{\"@type\":\"Person\",\"@id\":\"https:\/\/www.garciafaura.com\/fr\/#\/schema\/person\/b4b75e69b33fac3446071909bec106b0\",\"name\":\"David Achell\",\"image\":{\"@type\":\"ImageObject\",\"inLanguage\":\"es\",\"@id\":\"https:\/\/www.garciafaura.com\/fr\/#\/schema\/person\/image\/\",\"url\":\"https:\/\/secure.gravatar.com\/avatar\/03900210afc1f61bce737bcb4a79c02e2c997f171e3eca839b5a4cbe03846c90?s=96&d=blank&r=g\",\"contentUrl\":\"https:\/\/secure.gravatar.com\/avatar\/03900210afc1f61bce737bcb4a79c02e2c997f171e3eca839b5a4cbe03846c90?s=96&d=blank&r=g\",\"caption\":\"David Achell\"}}]}<\/script>\n<!-- \/ Yoast SEO plugin. -->","yoast_head_json":{"title":"Acabado el nuevo Yurbban Trafalgar Hotel - GARCIA FAURA","description":"Arquitectura en Alumini, Inox, Ferro i Vidre","robots":{"index":"index","follow":"follow","max-snippet":"max-snippet:-1","max-image-preview":"max-image-preview:large","max-video-preview":"max-video-preview:-1"},"canonical":"https:\/\/www.garciafaura.com\/es\/acabado-el-nuevo-yurbban-trafalgar-hotel\/","og_locale":"es_ES","og_type":"article","og_title":"Acabado el nuevo Yurbban Trafalgar Hotel - GARCIA FAURA","og_description":"Arquitectura en Alumini, Inox, Ferro i Vidre","og_url":"https:\/\/www.garciafaura.com\/es\/acabado-el-nuevo-yurbban-trafalgar-hotel\/","og_site_name":"GARCIA FAURA","article_published_time":"2014-05-03T00:00:00+00:00","article_modified_time":"2019-06-03T12:09:30+00:00","og_image":[{"url":"https:\/\/www.garciafaura.com\/wp-content\/uploads\/2018\/11\/hotel_trafalgar_01.jpg","width":1,"height":1,"type":"image\/jpeg"}],"author":"David Achell","twitter_card":"summary_large_image","twitter_misc":{"Escrito por":"David Achell","Tiempo de lectura":"1 minuto"},"schema":{"@context":"https:\/\/schema.org","@graph":[{"@type":"Article","@id":"https:\/\/www.garciafaura.com\/es\/acabado-el-nuevo-yurbban-trafalgar-hotel\/#article","isPartOf":{"@id":"https:\/\/www.garciafaura.com\/es\/acabado-el-nuevo-yurbban-trafalgar-hotel\/"},"author":{"name":"David Achell","@id":"https:\/\/www.garciafaura.com\/fr\/#\/schema\/person\/b4b75e69b33fac3446071909bec106b0"},"headline":"Acabado el nuevo Yurbban Trafalgar Hotel","datePublished":"2014-05-03T00:00:00+00:00","dateModified":"2019-06-03T12:09:30+00:00","mainEntityOfPage":{"@id":"https:\/\/www.garciafaura.com\/es\/acabado-el-nuevo-yurbban-trafalgar-hotel\/"},"wordCount":259,"commentCount":0,"publisher":{"@id":"https:\/\/www.garciafaura.com\/fr\/#organization"},"image":{"@id":"https:\/\/www.garciafaura.com\/es\/acabado-el-nuevo-yurbban-trafalgar-hotel\/#primaryimage"},"thumbnailUrl":"https:\/\/www.garciafaura.com\/wp-content\/uploads\/2018\/11\/hotel_trafalgar_01.jpg","articleSection":["Actualidad"],"inLanguage":"es","potentialAction":[{"@type":"CommentAction","name":"Comment","target":["https:\/\/www.garciafaura.com\/es\/acabado-el-nuevo-yurbban-trafalgar-hotel\/#respond"]}]},{"@type":"WebPage","@id":"https:\/\/www.garciafaura.com\/es\/acabado-el-nuevo-yurbban-trafalgar-hotel\/","url":"https:\/\/www.garciafaura.com\/es\/acabado-el-nuevo-yurbban-trafalgar-hotel\/","name":"Acabado el nuevo Yurbban Trafalgar Hotel - GARCIA FAURA","isPartOf":{"@id":"https:\/\/www.garciafaura.com\/fr\/#website"},"primaryImageOfPage":{"@id":"https:\/\/www.garciafaura.com\/es\/acabado-el-nuevo-yurbban-trafalgar-hotel\/#primaryimage"},"image":{"@id":"https:\/\/www.garciafaura.com\/es\/acabado-el-nuevo-yurbban-trafalgar-hotel\/#primaryimage"},"thumbnailUrl":"https:\/\/www.garciafaura.com\/wp-content\/uploads\/2018\/11\/hotel_trafalgar_01.jpg","datePublished":"2014-05-03T00:00:00+00:00","dateModified":"2019-06-03T12:09:30+00:00","description":"Arquitectura en Alumini, Inox, Ferro i Vidre","breadcrumb":{"@id":"https:\/\/www.garciafaura.com\/es\/acabado-el-nuevo-yurbban-trafalgar-hotel\/#breadcrumb"},"inLanguage":"es","potentialAction":[{"@type":"ReadAction","target":["https:\/\/www.garciafaura.com\/es\/acabado-el-nuevo-yurbban-trafalgar-hotel\/"]}]},{"@type":"ImageObject","inLanguage":"es","@id":"https:\/\/www.garciafaura.com\/es\/acabado-el-nuevo-yurbban-trafalgar-hotel\/#primaryimage","url":"https:\/\/www.garciafaura.com\/wp-content\/uploads\/2018\/11\/hotel_trafalgar_01.jpg","contentUrl":"https:\/\/www.garciafaura.com\/wp-content\/uploads\/2018\/11\/hotel_trafalgar_01.jpg"},{"@type":"BreadcrumbList","@id":"https:\/\/www.garciafaura.com\/es\/acabado-el-nuevo-yurbban-trafalgar-hotel\/#breadcrumb","itemListElement":[{"@type":"ListItem","position":1,"name":"Inici","item":"https:\/\/www.garciafaura.com\/es\/"},{"@type":"ListItem","position":2,"name":"Acabado el nuevo Yurbban Trafalgar Hotel"}]},{"@type":"WebSite","@id":"https:\/\/www.garciafaura.com\/fr\/#website","url":"https:\/\/www.garciafaura.com\/fr\/","name":"GARCIA FAURA","description":"Arquitectura en Alumini, Inox, Ferro i Vidre","publisher":{"@id":"https:\/\/www.garciafaura.com\/fr\/#organization"},"potentialAction":[{"@type":"SearchAction","target":{"@type":"EntryPoint","urlTemplate":"https:\/\/www.garciafaura.com\/fr\/?s={search_term_string}"},"query-input":{"@type":"PropertyValueSpecification","valueRequired":true,"valueName":"search_term_string"}}],"inLanguage":"es"},{"@type":"Organization","@id":"https:\/\/www.garciafaura.com\/fr\/#organization","name":"GARCIA FAURA","url":"https:\/\/www.garciafaura.com\/fr\/","logo":{"@type":"ImageObject","inLanguage":"es","@id":"https:\/\/www.garciafaura.com\/fr\/#\/schema\/logo\/image\/","url":"https:\/\/www.garciafaura.com\/wp-content\/uploads\/2018\/09\/Garcia-Faura.png","contentUrl":"https:\/\/www.garciafaura.com\/wp-content\/uploads\/2018\/09\/Garcia-Faura.png","width":512,"height":512,"caption":"GARCIA FAURA"},"image":{"@id":"https:\/\/www.garciafaura.com\/fr\/#\/schema\/logo\/image\/"},"sameAs":["https:\/\/www.youtube.com\/user\/GARCIAFAURA"]},{"@type":"Person","@id":"https:\/\/www.garciafaura.com\/fr\/#\/schema\/person\/b4b75e69b33fac3446071909bec106b0","name":"David Achell","image":{"@type":"ImageObject","inLanguage":"es","@id":"https:\/\/www.garciafaura.com\/fr\/#\/schema\/person\/image\/","url":"https:\/\/secure.gravatar.com\/avatar\/03900210afc1f61bce737bcb4a79c02e2c997f171e3eca839b5a4cbe03846c90?s=96&d=blank&r=g","contentUrl":"https:\/\/secure.gravatar.com\/avatar\/03900210afc1f61bce737bcb4a79c02e2c997f171e3eca839b5a4cbe03846c90?s=96&d=blank&r=g","caption":"David Achell"}}]}},"_links":{"self":[{"href":"https:\/\/www.garciafaura.com\/es\/wp-json\/wp\/v2\/posts\/6113","targetHints":{"allow":["GET"]}}],"collection":[{"href":"https:\/\/www.garciafaura.com\/es\/wp-json\/wp\/v2\/posts"}],"about":[{"href":"https:\/\/www.garciafaura.com\/es\/wp-json\/wp\/v2\/types\/post"}],"author":[{"embeddable":true,"href":"https:\/\/www.garciafaura.com\/es\/wp-json\/wp\/v2\/users\/3"}],"replies":[{"embeddable":true,"href":"https:\/\/www.garciafaura.com\/es\/wp-json\/wp\/v2\/comments?post=6113"}],"version-history":[{"count":1,"href":"https:\/\/www.garciafaura.com\/es\/wp-json\/wp\/v2\/posts\/6113\/revisions"}],"predecessor-version":[{"id":21578,"href":"https:\/\/www.garciafaura.com\/es\/wp-json\/wp\/v2\/posts\/6113\/revisions\/21578"}],"wp:featuredmedia":[{"embeddable":true,"href":"https:\/\/www.garciafaura.com\/es\/wp-json\/wp\/v2\/media\/6097"}],"wp:attachment":[{"href":"https:\/\/www.garciafaura.com\/es\/wp-json\/wp\/v2\/media?parent=6113"}],"wp:term":[{"taxonomy":"category","embeddable":true,"href":"https:\/\/www.garciafaura.com\/es\/wp-json\/wp\/v2\/categories?post=6113"},{"taxonomy":"post_tag","embeddable":true,"href":"https:\/\/www.garciafaura.com\/es\/wp-json\/wp\/v2\/tags?post=6113"},{"taxonomy":"post_series","embeddable":true,"href":"https:\/\/www.garciafaura.com\/es\/wp-json\/wp\/v2\/post_series?post=6113"}],"curies":[{"name":"wp","href":"https:\/\/api.w.org\/{rel}","templated":true}]}}